{"id":867,"date":"2010-08-05T19:41:18","date_gmt":"2010-08-05T17:41:18","guid":{"rendered":"http:\/\/www.veevcom.com\/v2\/?p=142"},"modified":"2019-06-20T16:44:48","modified_gmt":"2019-06-20T14:44:48","slug":"anofela-lenfant-prodigue-de-cote-divoire","status":"publish","type":"post","link":"https:\/\/veevcom.com\/es\/anofela-lenfant-prodigue-de-cote-divoire\/","title":{"rendered":"Anofela, el ni\u00f1o prodigioso de Costa de Marfil"},"content":{"rendered":"<p class=\"qtranxs-available-languages-message qtranxs-available-languages-message-es\">Disculpa, pero esta entrada est\u00e1 disponible s\u00f3lo en <a href=\"https:\/\/veevcom.com\/fr\/wp-json\/wp\/v2\/posts\/867\" class=\"qtranxs-available-language-link qtranxs-available-language-link-fr\" title=\"FR\">FR<\/a>.<\/p><p><strong>Anofela<\/strong> est un artiste d&#8217;<strong>afro\/ hip-hop<\/strong> n\u00e9 en <strong>C\u00f4te d\u2019Ivoire<\/strong>. Auteur, interpr\u00e8te et&nbsp; compositeur, il a notamment \u00e9crit et r\u00e9alis\u00e9, en 2007, en collaboration avec <strong>Kaysha<\/strong> et <strong>Kamnouze<\/strong>, l\u2019album du jeune trio f\u00e9minin, <strong>Les D\u00e9esses<\/strong>, intitul\u00e9 \u00ab&nbsp;Saveurs exotiques&nbsp;\u00bb. Il participera activement \u00e9galement \u00e0 l\u2019\u00e9laboration de l\u2019album \u00ab&nbsp;Avec ou sans toi&nbsp;\u00bb de <strong>Lylah<\/strong>, la leader du groupe, sorti en 2009 chez <strong>Nouvelle Donne<\/strong>.<\/p>\n<p>En avant-go\u00fbt de son album solo tant attendu, <strong>The Blackprez<\/strong> nous livre une v\u00e9ritable p\u00e9pite avec sa blackmixtape \u00ab&nbsp;<strong>The Jaypre\u2019z&nbsp;<\/strong>\u00bb, sortie en ao\u00fbt 2010. Ce projet rencontre d\u00e9j\u00e0 un \u00e9norme succ\u00e8s aupr\u00e8s de la communaut\u00e9 afro-antillaise internationale, notamment avec \u00ab&nbsp;<strong>Empire State of Blackprez<\/strong>&nbsp;\u00bb. Son <strong>album<\/strong> qu\u2019il pr\u00e9pare entre Paris, Abidjan et les Etats-Unis et qui s\u2019annonce tr\u00e8s \u00e9clectique, sortira au <strong>printemps 2012<\/strong>. Il sera teint\u00e9 de ses influences musicales et de ses convictions politiques et sociales. <strong>Anofela<\/strong> est \u00ab&nbsp;un homme du peuple, dans le peuple et toujours pour le peuple&nbsp;\u00bb, comme il aime \u00e0 se d\u00e9finir. D\u2019o\u00f9 son titre de <strong>Blackprez<\/strong>, le pr\u00e9sident noir, tel que se nommait lui-m\u00eame le grand <strong>Fela Kuti<\/strong>, sa r\u00e9f\u00e9rence, son inspiration. <strong>Anofela The Blackprez<\/strong> n\u2019a pas fini de faire parler de lui&nbsp;!<\/p>\n<p>&nbsp;<\/p>\n<p>*****<\/p>\n<p><strong>Myspace<\/strong> : <a href=\"http:\/\/www.myspace.com\/anofela\">www.myspace.com\/anofela<\/a><\/p>\n<p><strong>You Tube<\/strong> : <a href=\"http:\/\/www.youtube.com\/user\/anofela\">www.youtube.com\/user\/anofela<\/a><\/p>","protected":false},"excerpt":{"rendered":"<p>Disculpa, pero esta entrada est\u00e1 disponible s\u00f3lo en FR.Anofela est un artiste d&#8217;afro\/ hip-hop n\u00e9 en C\u00f4te d\u2019Ivoire. Auteur, interpr\u00e8te et&nbsp; compositeur, il a notamment \u00e9crit et r\u00e9alis\u00e9, en 2007, en collaboration avec Kaysha et Kamnouze, l\u2019album du jeune trio f\u00e9minin, Les D\u00e9esses, intitul\u00e9 \u00ab&nbsp;Saveurs exotiques&nbsp;\u00bb. Il participera activement \u00e9galement \u00e0 l\u2019\u00e9laboration de l\u2019album \u00ab&nbsp;Avec [&hellip;]<\/p>\n","protected":false},"author":1,"featured_media":9749,"comment_status":"closed","ping_status":"open","sticky":false,"template":"","format":"standard","meta":{"_acf_changed":false,"footnotes":""},"categories":[1],"tags":[17,18,19,20,21,22,23],"class_list":["post-867","post","type-post","status-publish","format-standard","has-post-thumbnail","hentry","category-non-classe","tag-africain","tag-afro","tag-anofela","tag-artiste","tag-biographie","tag-blackprez","tag-hip-hop"],"acf":[],"yoast_head":"<!-- This site is optimized with the Yoast SEO plugin v27.4 - https:\/\/yoast.com\/product\/yoast-seo-wordpress\/ -->\n<title>Anofela, el ni\u00f1o prodigioso de Costa de Marfil - VeevCom<\/title>\n<meta name=\"robots\" content=\"index, follow, max-snippet:-1, max-image-preview:large, max-video-preview:-1\" \/>\n<link rel=\"canonical\" href=\"https:\/\/veevcom.com\/es\/anofela-lenfant-prodigue-de-cote-divoire\/\" \/>\n<meta property=\"og:locale\" content=\"es_ES\" \/>\n<meta property=\"og:type\" content=\"article\" \/>\n<meta property=\"og:title\" content=\"Anofela, el ni\u00f1o prodigioso de Costa de Marfil - VeevCom\" \/>\n<meta property=\"og:description\" content=\"Disculpa, pero esta entrada est\u00e1 disponible s\u00f3lo en FR.Anofela est un artiste d&#8217;afro\/ hip-hop n\u00e9 en C\u00f4te d\u2019Ivoire. Auteur, interpr\u00e8te et&nbsp; compositeur, il a notamment \u00e9crit et r\u00e9alis\u00e9, en 2007, en collaboration avec Kaysha et Kamnouze, l\u2019album du jeune trio f\u00e9minin, Les D\u00e9esses, intitul\u00e9 \u00ab&nbsp;Saveurs exotiques&nbsp;\u00bb. Il participera activement \u00e9galement \u00e0 l\u2019\u00e9laboration de l\u2019album \u00ab&nbsp;Avec [&hellip;]\" \/>\n<meta property=\"og:url\" content=\"https:\/\/veevcom.com\/es\/anofela-lenfant-prodigue-de-cote-divoire\/\" \/>\n<meta property=\"og:site_name\" content=\"VeevCom\" \/>\n<meta property=\"article:published_time\" content=\"2010-08-05T17:41:18+00:00\" \/>\n<meta property=\"article:modified_time\" content=\"2019-06-20T14:44:48+00:00\" \/>\n<meta property=\"og:image\" content=\"https:\/\/veevcom.com\/wp-content\/uploads\/2015\/05\/jayprezimageWeb1.jpg\" \/>\n\t<meta property=\"og:image:width\" content=\"800\" \/>\n\t<meta property=\"og:image:height\" content=\"800\" \/>\n\t<meta property=\"og:image:type\" content=\"image\/jpeg\" \/>\n<meta name=\"author\" content=\"amelie.guillou@gmail.com\" \/>\n<meta name=\"twitter:card\" content=\"summary_large_image\" \/>\n<meta name=\"twitter:label1\" content=\"Escrito por\" \/>\n\t<meta name=\"twitter:data1\" content=\"amelie.guillou@gmail.com\" \/>\n\t<meta name=\"twitter:label2\" content=\"Tiempo de lectura\" \/>\n\t<meta name=\"twitter:data2\" content=\"1 minuto\" \/>\n<script type=\"application\/ld+json\" class=\"yoast-schema-graph\">{\"@context\":\"https:\\\/\\\/schema.org\",\"@graph\":[{\"@type\":\"Article\",\"@id\":\"https:\\\/\\\/veevcom.com\\\/es\\\/anofela-lenfant-prodigue-de-cote-divoire\\\/#article\",\"isPartOf\":{\"@id\":\"https:\\\/\\\/veevcom.com\\\/es\\\/anofela-lenfant-prodigue-de-cote-divoire\\\/\"},\"author\":{\"name\":\"amelie.guillou@gmail.com\",\"@id\":\"https:\\\/\\\/veevcom.com\\\/#\\\/schema\\\/person\\\/acce7eb05b93ee6153de98032612d20e\"},\"headline\":\"Anofela, el ni\u00f1o prodigioso de Costa de Marfil\",\"datePublished\":\"2010-08-05T17:41:18+00:00\",\"dateModified\":\"2019-06-20T14:44:48+00:00\",\"mainEntityOfPage\":{\"@id\":\"https:\\\/\\\/veevcom.com\\\/es\\\/anofela-lenfant-prodigue-de-cote-divoire\\\/\"},\"wordCount\":267,\"image\":{\"@id\":\"https:\\\/\\\/veevcom.com\\\/es\\\/anofela-lenfant-prodigue-de-cote-divoire\\\/#primaryimage\"},\"thumbnailUrl\":\"https:\\\/\\\/veevcom.com\\\/wp-content\\\/uploads\\\/2015\\\/05\\\/jayprezimageWeb1.jpg\",\"keywords\":[\"africain\",\"afro\",\"anofela\",\"artiste\",\"biographie\",\"blackprez\",\"hip-hop\"],\"articleSection\":[\"Actualidad\"],\"inLanguage\":\"es\"},{\"@type\":\"WebPage\",\"@id\":\"https:\\\/\\\/veevcom.com\\\/es\\\/anofela-lenfant-prodigue-de-cote-divoire\\\/\",\"url\":\"https:\\\/\\\/veevcom.com\\\/es\\\/anofela-lenfant-prodigue-de-cote-divoire\\\/\",\"name\":\"Anofela, el ni\u00f1o prodigioso de Costa de Marfil - VeevCom\",\"isPartOf\":{\"@id\":\"https:\\\/\\\/veevcom.com\\\/es\\\/#website\"},\"primaryImageOfPage\":{\"@id\":\"https:\\\/\\\/veevcom.com\\\/es\\\/anofela-lenfant-prodigue-de-cote-divoire\\\/#primaryimage\"},\"image\":{\"@id\":\"https:\\\/\\\/veevcom.com\\\/es\\\/anofela-lenfant-prodigue-de-cote-divoire\\\/#primaryimage\"},\"thumbnailUrl\":\"https:\\\/\\\/veevcom.com\\\/wp-content\\\/uploads\\\/2015\\\/05\\\/jayprezimageWeb1.jpg\",\"datePublished\":\"2010-08-05T17:41:18+00:00\",\"dateModified\":\"2019-06-20T14:44:48+00:00\",\"author\":{\"@id\":\"https:\\\/\\\/veevcom.com\\\/#\\\/schema\\\/person\\\/acce7eb05b93ee6153de98032612d20e\"},\"breadcrumb\":{\"@id\":\"https:\\\/\\\/veevcom.com\\\/es\\\/anofela-lenfant-prodigue-de-cote-divoire\\\/#breadcrumb\"},\"inLanguage\":\"es\",\"potentialAction\":[{\"@type\":\"ReadAction\",\"target\":[[\"https:\\\/\\\/veevcom.com\\\/es\\\/anofela-lenfant-prodigue-de-cote-divoire\\\/\"]]}]},{\"@type\":\"ImageObject\",\"inLanguage\":\"es\",\"@id\":\"https:\\\/\\\/veevcom.com\\\/es\\\/anofela-lenfant-prodigue-de-cote-divoire\\\/#primaryimage\",\"url\":\"https:\\\/\\\/veevcom.com\\\/wp-content\\\/uploads\\\/2015\\\/05\\\/jayprezimageWeb1.jpg\",\"contentUrl\":\"https:\\\/\\\/veevcom.com\\\/wp-content\\\/uploads\\\/2015\\\/05\\\/jayprezimageWeb1.jpg\",\"width\":800,\"height\":800},{\"@type\":\"BreadcrumbList\",\"@id\":\"https:\\\/\\\/veevcom.com\\\/es\\\/anofela-lenfant-prodigue-de-cote-divoire\\\/#breadcrumb\",\"itemListElement\":[{\"@type\":\"ListItem\",\"position\":1,\"name\":\"Accueil\",\"item\":\"https:\\\/\\\/veevcom.com\\\/es\\\/\"},{\"@type\":\"ListItem\",\"position\":2,\"name\":\"Anofela, el ni\u00f1o prodigioso de Costa de Marfil\"}]},{\"@type\":\"WebSite\",\"@id\":\"https:\\\/\\\/veevcom.com\\\/es\\\/#website\",\"url\":\"https:\\\/\\\/veevcom.com\\\/es\\\/\",\"name\":\"VeevCom\",\"description\":\"Public Relations and Communication in the Music Industry\",\"potentialAction\":[{\"@type\":\"SearchAction\",\"target\":{\"@type\":\"EntryPoint\",\"urlTemplate\":\"https:\\\/\\\/veevcom.com\\\/es\\\/?s={search_term_string}\"},\"query-input\":{\"@type\":\"PropertyValueSpecification\",\"valueRequired\":true,\"valueName\":\"search_term_string\"}}],\"inLanguage\":\"es\"},{\"@type\":\"Person\",\"@id\":\"https:\\\/\\\/veevcom.com\\\/#\\\/schema\\\/person\\\/acce7eb05b93ee6153de98032612d20e\",\"name\":\"amelie.guillou@gmail.com\",\"image\":{\"@type\":\"ImageObject\",\"inLanguage\":\"es\",\"@id\":\"https:\\\/\\\/secure.gravatar.com\\\/avatar\\\/c36004dd2c117bcbd7357336bf1c1c6dd3f122af296268b85c1ae958e98be141?s=96&d=mm&r=g\",\"url\":\"https:\\\/\\\/secure.gravatar.com\\\/avatar\\\/c36004dd2c117bcbd7357336bf1c1c6dd3f122af296268b85c1ae958e98be141?s=96&d=mm&r=g\",\"contentUrl\":\"https:\\\/\\\/secure.gravatar.com\\\/avatar\\\/c36004dd2c117bcbd7357336bf1c1c6dd3f122af296268b85c1ae958e98be141?s=96&d=mm&r=g\",\"caption\":\"amelie.guillou@gmail.com\"}}]}<\/script>\n<!-- \/ Yoast SEO plugin. -->","yoast_head_json":{"title":"Anofela, el ni\u00f1o prodigioso de Costa de Marfil - VeevCom","robots":{"index":"index","follow":"follow","max-snippet":"max-snippet:-1","max-image-preview":"max-image-preview:large","max-video-preview":"max-video-preview:-1"},"canonical":"https:\/\/veevcom.com\/es\/anofela-lenfant-prodigue-de-cote-divoire\/","og_locale":"es_ES","og_type":"article","og_title":"Anofela, el ni\u00f1o prodigioso de Costa de Marfil - VeevCom","og_description":"Disculpa, pero esta entrada est\u00e1 disponible s\u00f3lo en FR.Anofela est un artiste d&#8217;afro\/ hip-hop n\u00e9 en C\u00f4te d\u2019Ivoire. Auteur, interpr\u00e8te et&nbsp; compositeur, il a notamment \u00e9crit et r\u00e9alis\u00e9, en 2007, en collaboration avec Kaysha et Kamnouze, l\u2019album du jeune trio f\u00e9minin, Les D\u00e9esses, intitul\u00e9 \u00ab&nbsp;Saveurs exotiques&nbsp;\u00bb. Il participera activement \u00e9galement \u00e0 l\u2019\u00e9laboration de l\u2019album \u00ab&nbsp;Avec [&hellip;]","og_url":"https:\/\/veevcom.com\/es\/anofela-lenfant-prodigue-de-cote-divoire\/","og_site_name":"VeevCom","article_published_time":"2010-08-05T17:41:18+00:00","article_modified_time":"2019-06-20T14:44:48+00:00","og_image":[{"width":800,"height":800,"url":"https:\/\/veevcom.com\/wp-content\/uploads\/2015\/05\/jayprezimageWeb1.jpg","type":"image\/jpeg"}],"author":"amelie.guillou@gmail.com","twitter_card":"summary_large_image","twitter_misc":{"Escrito por":"amelie.guillou@gmail.com","Tiempo de lectura":"1 minuto"},"schema":{"@context":"https:\/\/schema.org","@graph":[{"@type":"Article","@id":"https:\/\/veevcom.com\/es\/anofela-lenfant-prodigue-de-cote-divoire\/#article","isPartOf":{"@id":"https:\/\/veevcom.com\/es\/anofela-lenfant-prodigue-de-cote-divoire\/"},"author":{"name":"amelie.guillou@gmail.com","@id":"https:\/\/veevcom.com\/#\/schema\/person\/acce7eb05b93ee6153de98032612d20e"},"headline":"Anofela, el ni\u00f1o prodigioso de Costa de Marfil","datePublished":"2010-08-05T17:41:18+00:00","dateModified":"2019-06-20T14:44:48+00:00","mainEntityOfPage":{"@id":"https:\/\/veevcom.com\/es\/anofela-lenfant-prodigue-de-cote-divoire\/"},"wordCount":267,"image":{"@id":"https:\/\/veevcom.com\/es\/anofela-lenfant-prodigue-de-cote-divoire\/#primaryimage"},"thumbnailUrl":"https:\/\/veevcom.com\/wp-content\/uploads\/2015\/05\/jayprezimageWeb1.jpg","keywords":["africain","afro","anofela","artiste","biographie","blackprez","hip-hop"],"articleSection":["Actualidad"],"inLanguage":"es"},{"@type":"WebPage","@id":"https:\/\/veevcom.com\/es\/anofela-lenfant-prodigue-de-cote-divoire\/","url":"https:\/\/veevcom.com\/es\/anofela-lenfant-prodigue-de-cote-divoire\/","name":"Anofela, el ni\u00f1o prodigioso de Costa de Marfil - VeevCom","isPartOf":{"@id":"https:\/\/veevcom.com\/es\/#website"},"primaryImageOfPage":{"@id":"https:\/\/veevcom.com\/es\/anofela-lenfant-prodigue-de-cote-divoire\/#primaryimage"},"image":{"@id":"https:\/\/veevcom.com\/es\/anofela-lenfant-prodigue-de-cote-divoire\/#primaryimage"},"thumbnailUrl":"https:\/\/veevcom.com\/wp-content\/uploads\/2015\/05\/jayprezimageWeb1.jpg","datePublished":"2010-08-05T17:41:18+00:00","dateModified":"2019-06-20T14:44:48+00:00","author":{"@id":"https:\/\/veevcom.com\/#\/schema\/person\/acce7eb05b93ee6153de98032612d20e"},"breadcrumb":{"@id":"https:\/\/veevcom.com\/es\/anofela-lenfant-prodigue-de-cote-divoire\/#breadcrumb"},"inLanguage":"es","potentialAction":[{"@type":"ReadAction","target":[["https:\/\/veevcom.com\/es\/anofela-lenfant-prodigue-de-cote-divoire\/"]]}]},{"@type":"ImageObject","inLanguage":"es","@id":"https:\/\/veevcom.com\/es\/anofela-lenfant-prodigue-de-cote-divoire\/#primaryimage","url":"https:\/\/veevcom.com\/wp-content\/uploads\/2015\/05\/jayprezimageWeb1.jpg","contentUrl":"https:\/\/veevcom.com\/wp-content\/uploads\/2015\/05\/jayprezimageWeb1.jpg","width":800,"height":800},{"@type":"BreadcrumbList","@id":"https:\/\/veevcom.com\/es\/anofela-lenfant-prodigue-de-cote-divoire\/#breadcrumb","itemListElement":[{"@type":"ListItem","position":1,"name":"Accueil","item":"https:\/\/veevcom.com\/es\/"},{"@type":"ListItem","position":2,"name":"Anofela, el ni\u00f1o prodigioso de Costa de Marfil"}]},{"@type":"WebSite","@id":"https:\/\/veevcom.com\/es\/#website","url":"https:\/\/veevcom.com\/es\/","name":"VeevCom","description":"Public Relations and Communication in the Music Industry","potentialAction":[{"@type":"SearchAction","target":{"@type":"EntryPoint","urlTemplate":"https:\/\/veevcom.com\/es\/?s={search_term_string}"},"query-input":{"@type":"PropertyValueSpecification","valueRequired":true,"valueName":"search_term_string"}}],"inLanguage":"es"},{"@type":"Person","@id":"https:\/\/veevcom.com\/#\/schema\/person\/acce7eb05b93ee6153de98032612d20e","name":"amelie.guillou@gmail.com","image":{"@type":"ImageObject","inLanguage":"es","@id":"https:\/\/secure.gravatar.com\/avatar\/c36004dd2c117bcbd7357336bf1c1c6dd3f122af296268b85c1ae958e98be141?s=96&d=mm&r=g","url":"https:\/\/secure.gravatar.com\/avatar\/c36004dd2c117bcbd7357336bf1c1c6dd3f122af296268b85c1ae958e98be141?s=96&d=mm&r=g","contentUrl":"https:\/\/secure.gravatar.com\/avatar\/c36004dd2c117bcbd7357336bf1c1c6dd3f122af296268b85c1ae958e98be141?s=96&d=mm&r=g","caption":"amelie.guillou@gmail.com"}}]}},"_links":{"self":[{"href":"https:\/\/veevcom.com\/es\/wp-json\/wp\/v2\/posts\/867","targetHints":{"allow":["GET"]}}],"collection":[{"href":"https:\/\/veevcom.com\/es\/wp-json\/wp\/v2\/posts"}],"about":[{"href":"https:\/\/veevcom.com\/es\/wp-json\/wp\/v2\/types\/post"}],"author":[{"embeddable":true,"href":"https:\/\/veevcom.com\/es\/wp-json\/wp\/v2\/users\/1"}],"replies":[{"embeddable":true,"href":"https:\/\/veevcom.com\/es\/wp-json\/wp\/v2\/comments?post=867"}],"version-history":[{"count":4,"href":"https:\/\/veevcom.com\/es\/wp-json\/wp\/v2\/posts\/867\/revisions"}],"predecessor-version":[{"id":10321,"href":"https:\/\/veevcom.com\/es\/wp-json\/wp\/v2\/posts\/867\/revisions\/10321"}],"wp:featuredmedia":[{"embeddable":true,"href":"https:\/\/veevcom.com\/es\/wp-json\/wp\/v2\/media\/9749"}],"wp:attachment":[{"href":"https:\/\/veevcom.com\/es\/wp-json\/wp\/v2\/media?parent=867"}],"wp:term":[{"taxonomy":"category","embeddable":true,"href":"https:\/\/veevcom.com\/es\/wp-json\/wp\/v2\/categories?post=867"},{"taxonomy":"post_tag","embeddable":true,"href":"https:\/\/veevcom.com\/es\/wp-json\/wp\/v2\/tags?post=867"}],"curies":[{"name":"wp","href":"https:\/\/api.w.org\/{rel}","templated":true}]}}