{"id":76782,"date":"2026-04-24T16:57:26","date_gmt":"2026-04-24T14:57:26","guid":{"rendered":"https:\/\/veevcom.com\/?p=76782"},"modified":"2026-04-28T11:44:51","modified_gmt":"2026-04-28T09:44:51","slug":"lalo-zanelli-presente-solar","status":"publish","type":"post","link":"https:\/\/veevcom.com\/es\/lalo-zanelli-presente-solar\/","title":{"rendered":"Lalo Zanelli presenta \u00abSolar\u00bb"},"content":{"rendered":"<p class=\"qtranxs-available-languages-message qtranxs-available-languages-message-es\">Disculpa, pero esta entrada est\u00e1 disponible s\u00f3lo en <a href=\"https:\/\/veevcom.com\/fr\/wp-json\/wp\/v2\/posts\/76782\" class=\"qtranxs-available-language-link qtranxs-available-language-link-fr\" title=\"FR\">FR<\/a> y <a href=\"https:\/\/veevcom.com\/en\/wp-json\/wp\/v2\/posts\/76782\" class=\"qtranxs-available-language-link qtranxs-available-language-link-en\" title=\"EN\">EN<\/a>.<\/p><p>Le compositeur, pianiste et arrangeur argentin, <strong>Lalo Zanelli<\/strong> vient de r\u00e9v\u00e9ler \u00ab<strong>Solar<\/strong>\u00bb son 4e album sous son nom, \u00e0 l&#8217;occasion de sa sortie (CD et digitale) <strong>le 13 mars 2026<\/strong> chez <strong>Buda Musique \/ Socadisc.<\/strong><\/p>\n<p><i>\u00ab J\u2019ai appel\u00e9 cet album <strong>Solar<\/strong>, du nom d\u2019un des titres. <strong>Solar<\/strong>, comme l\u2019espoir, la lumi\u00e8re qui revient toujours, qui nous guide \u00e0 travers la vie. J\u2019aimerais le d\u00e9dier \u00e0 cela, \u00e0 l\u2019espoir d\u2019un monde meilleur. L\u2019album est un ensemble de microcosmes, \u00e9crit depuis 4 ou 5 ans. Ces pi\u00e8ces sont fid\u00e8les \u00e0 mon univers, o\u00f9 je m\u00eale les musiques qui me sont ch\u00e8res, qui m\u2019inspirent naturellement et qui m\u2019ont accompagn\u00e9 tout au long de ces ann\u00e9es.<\/i><\/p>\n<p><i>M\u00eame si j\u2019ai baign\u00e9 dans les musiques de ma terre natale, le <strong>tango et le folklore argentin<\/strong>, en tant que pr\u00e9-adolescent musicien \u00e0 <strong>Buenos Aires<\/strong>, j\u2019ai plong\u00e9 dans le <strong>rock<\/strong>. \u00c0 mon arriv\u00e9e \u00e0 <strong>Paris<\/strong> en <strong>1983<\/strong>, je d\u00e9couvre le <strong>jazz<\/strong>, que je n\u2019ai jamais quitt\u00e9 depuis. Puis, je red\u00e9couvre le <strong>tango<\/strong>,&nbsp;\u00ab&nbsp;<strong>\u00e0 Paris!<\/strong>&nbsp;\u00bb, les musiques <strong>folkloriques argentines et les musiques et rythmes du monde<\/strong>. Parall\u00e8lement, mes \u00e9tudes m\u2019ont immerg\u00e9 dans <strong>l\u2019\u00e9criture orchestrale pour la musique de film.<\/strong><\/i><\/p>\n<p><i>Mes exp\u00e9riences en tant que <strong>pianiste<\/strong>, <strong>arrangeur<\/strong> et <strong>compositeur<\/strong> ont \u00e9t\u00e9 enrichissantes, avec d\u2019innombrables artistes d\u2019univers aussi vari\u00e9s que <strong>Gotan Project, Fran\u00e7ois Beranger, Daniel Melingo, Alfredo Arias<\/strong>&#8230;et bien d\u2019autres dans le monde du <strong>jazz<\/strong>. Toutes ces exp\u00e9riences se refl\u00e8tent dans cet album, que je d\u00e9finis comme <strong>binaire<\/strong> : entre <strong>action<\/strong> <strong>et<\/strong> <strong>contemplation<\/strong>, entre <strong>rage<\/strong> <strong>et<\/strong> <strong>introspection<\/strong>, entre \u00ab <strong>nuages et soleil<\/strong> \u00bb, comme illustr\u00e9 sur la pochette.<\/i><\/p>\n<p><i>J\u2019ai pu r\u00e9aliser ces musiques gr\u00e2ce \u00e0 la participation de certains de mes vieux amis musiciens, que j\u2019appelle <strong>La Orquesta Modulable la Buena Uni\u00f3n<\/strong>, que j\u2019ai l\u2019honneur de pr\u00e9senter : <strong>(Magic) Malik Mezzadri, Minino Garay, Didier Ithursarry, Simon Drappier, Javier Estrella, Leandro Guffanti, Diego Lipy, No\u00e9 Codjia et Fabrizio Colombo<\/strong>. Mais aussi gr\u00e2ce \u00e0 la participation de mes deux filles, <strong>Ma\u00ebla et Margo Zanelli<\/strong>. \u00bb<\/i><\/p>\n<p>Lalo Zanelli<\/p>\n<p>&nbsp;<\/p>\n<p>Sur ce nouvel opus, <strong>Lalo Zanelli<\/strong> (piano, chant, percussions) est accompagn\u00e9 des musiciens suivants:<br \/>\n<strong>Didier Ithursarry<\/strong> &#8211; accord\u00e9on<br \/>\n<strong>Diego Lipy<\/strong> &#8211; guitare classique, guitare \u00e9lectrique<br \/>\n<strong>Fabrizio Colombo<\/strong> &#8211; bandon\u00e9on<br \/>\n<strong>Javier Estrella<\/strong> &#8211; batterie, percussions<br \/>\n<strong>Leandro Guffanti<\/strong> &#8211; saxophone t\u00e9nor et soprano<br \/>\n<strong>No\u00e9 Codjia<\/strong> &#8211; trompette<br \/>\n<strong>Simon Drappier<\/strong> &#8211; contrebasse, basse \u00e9lectrique<br \/>\n<strong>Malik Mezzadri<\/strong> &#8211; fl\u00fbte<br \/>\n<strong>Minino Garay<\/strong> &#8211; batterie, percussions<br \/>\n<strong>Margo Zanelli<\/strong> &#8211; chant, pandeiro<br \/>\n<strong>Ma\u00ebla Zanelli<\/strong> &#8211; chant<\/p>\n<p>&nbsp;<\/p>\n<p><strong>Biographie Lalo Zanelli :<\/strong><\/p>\n<p>Compositeur, pianiste et arrangeur, <strong>Lalo Zanelli<\/strong> est n\u00e9 \u00e0 <strong>Buenos Aires<\/strong> en 1959 et vit en <strong>France<\/strong> depuis 1983.<\/p>\n<p>\u00c0 <strong>Buenos Aires<\/strong>, il apprend la guitare tr\u00e8s t\u00f4t en autodidacte. Pour ses premiers concerts \u00e0 13 ans, il est plong\u00e9 dans le rock sous ses diverse formes. Plus tard, il \u00e9tudie le piano et la composition avec <strong>Luis Maria Corallini.<\/strong><\/p>\n<p>\u00c0 <strong>Paris<\/strong>, il d\u00e9couvre le <strong>jazz<\/strong> et \u00ab red\u00e9couvre \u00bb le <strong>tango<\/strong>. Il est \u00e9l\u00e8ve de <strong>Gustavo Beytelman<\/strong>, <strong>Bernard Maury<\/strong>, <strong>Fran\u00e7ois Jeanneau<\/strong>\u2026De 1984 \u00e0 1986, il suit les <strong>Cours de Composition de Musique de Film<\/strong>, dirig\u00e9 par <strong>Laurent Petit Girard<\/strong> \u00e0 l\u2019<strong>\u00c9cole Normal de Musique<\/strong>, o\u00f9 il obtient le <strong>Premier Prix \u00e0 l\u2019Unanimit\u00e9<\/strong>.<\/p>\n<p>Il partage son activit\u00e9 entre la sc\u00e8ne et l\u2019\u00e9criture.<\/p>\n<p><strong>Lalo Zanelli<\/strong> cr\u00e9e le septette, puis quintette OMB\u00da en 1993, vecteur de son langage propre et original o\u00f9 s&#8217;expriment ses nombreuses influences avec qui il enregistre trois albums.<\/p>\n<p>Son quatri\u00e8me album soliste \u00ab <strong>Solar<\/strong> \u00bb vient de para\u00eetre chez <strong>Buda Musique<\/strong>. Cette fois il s\u2019entoure de certains de ses vieux amis musiciens pour former un ensemble in\u00e9dit pour une palette sonore plus vari\u00e9e : <strong>La Orquesta Modulable la Buena Uni\u00f3n<\/strong>.<\/p>\n<p>Ses compositions, sont r\u00e9-enregistr\u00e9es et interpr\u00e9t\u00e9es par divers artistes tels que <strong>Fran\u00e7ois Beranger, Minino Garay, Daniel Mille, Fabrice Allemand, Pierre Bertrand, Mandy Lerouge, Martin Bruhn, Fernando Fiszbein\u2026<\/strong><\/p>\n<p>Actuellement, suite \u00e0 une commande de <strong>l\u2019Auditorium<\/strong> et <strong>Centre de cr\u00e9ation Arsonic<\/strong>, \u00e0 <strong>Mons en Belgique<\/strong>, il \u00e9crit des orchestrations et arrangements de ses oeuvres pour une <strong>Orchestre de Chambre<\/strong> de 9 musiciens. Une cr\u00e9ation pour une repr\u00e9sentation unique pr\u00e9vu le <strong>07 juillet 2026<\/strong>.<\/p>\n<p>&nbsp;<\/p>\n<p>Il a partag\u00e9 des projets avec des artistes d\u2019univers vari\u00e9s :<\/p>\n<p>Pianiste et arrangeur (2001-2011) de <strong>Gotan Project<\/strong>, avec qui il a parcouru le monde en jouant dans les plus prestigieux festivals et salles de concerts. (<strong>Hollywood Bowl de Los Angeles, Opera House de Sydney\u2026<\/strong>).<\/p>\n<p>Il a \u00e9t\u00e9 le pianiste arrangeur et compositeur de <strong>Fran\u00e7ois Beranger<\/strong> avec qui il enregistre ses 3 derni\u00e8res albums (1996-2003).<\/p>\n<p>Il a travaill\u00e9 comme pianiste compositeur et arrangeur avec <strong>Minino Garay<\/strong> sur plusieurs albums, <strong>Try\u00f6<\/strong> (Ce que l\u2019on s\u00e8me), <strong>Mandy Lerouge<\/strong> en 2018 lui confie les arrangements et le piano pour <strong>\u00abLa Madrugada\u00bb<\/strong>, <strong>Daniel Melingo<\/strong> pour ses tourn\u00e9es europ\u00e9ennes, <strong>Francis Lalanne, Lulendo, Raul Paz\u2026<\/strong><\/p>\n<p><strong>Lalo Zanelli<\/strong> est aussi compositeur de musiques de films : <strong>\u00abMa place au soleil\u00bb <\/strong>(2007) avec <strong>Andr\u00e9 Dussollier, Nicole Garcia, Jacques Dutronc<\/strong> ; \u00ab<strong>Cherche fianc\u00e9 tout frais pay\u00e9\u00bb<\/strong>&nbsp;(2008) avec <strong>Claudia Lamy, Bruno Salomone, Claudia Cardinale.<\/strong><\/p>\n<p>Il travaille pour le th\u00e9\u00e2tre pour <strong>Alfredo Arias<\/strong> (\u00ab <strong>Mortadela<\/strong> \u00bb, <strong>Moli\u00e8re 1993<\/strong>, \u00ab <strong>Fous de Folies<\/strong> \u00bb aux <strong>Folies Berg\u00e8res<\/strong>, en 1995 et \u00ab <strong>Le Faust Argentin<\/strong> \u00bb, 1996\u2026) et a compos\u00e9 de nombreuses musiques pour des pi\u00e8ces de th\u00e9\u00e2tre et des court-m\u00e9trages.<\/p>","protected":false},"excerpt":{"rendered":"<p>Disculpa, pero esta entrada est\u00e1 disponible s\u00f3lo en FR y EN.Le compositeur, pianiste et arrangeur argentin, Lalo Zanelli vient de r\u00e9v\u00e9ler \u00abSolar\u00bb son 4e album sous son nom, \u00e0 l&#8217;occasion de sa sortie (CD et digitale) le 13 mars 2026 chez Buda Musique \/ Socadisc. \u00ab J\u2019ai appel\u00e9 cet album Solar, du nom d\u2019un des [&hellip;]<\/p>\n","protected":false},"author":3,"featured_media":76794,"comment_status":"closed","ping_status":"closed","sticky":false,"template":"","format":"standard","meta":{"_acf_changed":false,"footnotes":""},"categories":[1],"tags":[],"class_list":["post-76782","post","type-post","status-publish","format-standard","has-post-thumbnail","hentry","category-non-classe"],"acf":[],"yoast_head":"<!-- This site is optimized with the Yoast SEO plugin v27.4 - https:\/\/yoast.com\/product\/yoast-seo-wordpress\/ -->\n<title>Lalo Zanelli presenta &quot;Solar&quot; - VeevCom<\/title>\n<meta name=\"robots\" content=\"index, follow, max-snippet:-1, max-image-preview:large, max-video-preview:-1\" \/>\n<link rel=\"canonical\" href=\"https:\/\/veevcom.com\/es\/lalo-zanelli-presente-solar\/\" \/>\n<meta property=\"og:locale\" content=\"es_ES\" \/>\n<meta property=\"og:type\" content=\"article\" \/>\n<meta property=\"og:title\" content=\"Lalo Zanelli presenta &quot;Solar&quot; - VeevCom\" \/>\n<meta property=\"og:description\" content=\"Disculpa, pero esta entrada est\u00e1 disponible s\u00f3lo en FR y EN.Le compositeur, pianiste et arrangeur argentin, Lalo Zanelli vient de r\u00e9v\u00e9ler \u00abSolar\u00bb son 4e album sous son nom, \u00e0 l&#8217;occasion de sa sortie (CD et digitale) le 13 mars 2026 chez Buda Musique \/ Socadisc. \u00ab J\u2019ai appel\u00e9 cet album Solar, du nom d\u2019un des [&hellip;]\" \/>\n<meta property=\"og:url\" content=\"https:\/\/veevcom.com\/es\/lalo-zanelli-presente-solar\/\" \/>\n<meta property=\"og:site_name\" content=\"VeevCom\" \/>\n<meta property=\"article:published_time\" content=\"2026-04-24T14:57:26+00:00\" \/>\n<meta property=\"article:modified_time\" content=\"2026-04-28T09:44:51+00:00\" \/>\n<meta property=\"og:image\" content=\"http:\/\/veevcom.com\/wp-content\/uploads\/2026\/04\/Solar_PochetteCD_1\u00a9Arielle-Viotti.jpg\" \/>\n\t<meta property=\"og:image:width\" content=\"1630\" \/>\n\t<meta property=\"og:image:height\" content=\"1482\" \/>\n\t<meta property=\"og:image:type\" content=\"image\/jpeg\" \/>\n<meta name=\"author\" content=\"severine\" \/>\n<meta name=\"twitter:card\" content=\"summary_large_image\" \/>\n<meta name=\"twitter:label1\" content=\"Escrito por\" \/>\n\t<meta name=\"twitter:data1\" content=\"severine\" \/>\n\t<meta name=\"twitter:label2\" content=\"Tiempo de lectura\" \/>\n\t<meta name=\"twitter:data2\" content=\"5 minutos\" \/>\n<script type=\"application\/ld+json\" class=\"yoast-schema-graph\">{\"@context\":\"https:\\\/\\\/schema.org\",\"@graph\":[{\"@type\":\"Article\",\"@id\":\"https:\\\/\\\/veevcom.com\\\/lalo-zanelli-presente-solar\\\/#article\",\"isPartOf\":{\"@id\":\"https:\\\/\\\/veevcom.com\\\/lalo-zanelli-presente-solar\\\/\"},\"author\":{\"name\":\"severine\",\"@id\":\"https:\\\/\\\/veevcom.com\\\/#\\\/schema\\\/person\\\/754f1f5a030d278766b52cf0e0c62e8b\"},\"headline\":\"Lalo Zanelli presenta \u00abSolar\u00bb\",\"datePublished\":\"2026-04-24T14:57:26+00:00\",\"dateModified\":\"2026-04-28T09:44:51+00:00\",\"mainEntityOfPage\":{\"@id\":\"https:\\\/\\\/veevcom.com\\\/lalo-zanelli-presente-solar\\\/\"},\"wordCount\":1756,\"image\":{\"@id\":\"https:\\\/\\\/veevcom.com\\\/lalo-zanelli-presente-solar\\\/#primaryimage\"},\"thumbnailUrl\":\"https:\\\/\\\/veevcom.com\\\/wp-content\\\/uploads\\\/2026\\\/04\\\/Solar_PochetteCD_1\u00a9Arielle-Viotti.jpg\",\"articleSection\":[\"Actualidad\"],\"inLanguage\":\"es\"},{\"@type\":\"WebPage\",\"@id\":\"https:\\\/\\\/veevcom.com\\\/es\\\/lalo-zanelli-presente-solar\\\/\",\"url\":\"https:\\\/\\\/veevcom.com\\\/es\\\/lalo-zanelli-presente-solar\\\/\",\"name\":\"Lalo Zanelli presenta \\\"Solar\\\" - VeevCom\",\"isPartOf\":{\"@id\":\"https:\\\/\\\/veevcom.com\\\/es\\\/#website\"},\"primaryImageOfPage\":{\"@id\":\"https:\\\/\\\/veevcom.com\\\/es\\\/lalo-zanelli-presente-solar\\\/#primaryimage\"},\"image\":{\"@id\":\"https:\\\/\\\/veevcom.com\\\/lalo-zanelli-presente-solar\\\/#primaryimage\"},\"thumbnailUrl\":\"https:\\\/\\\/veevcom.com\\\/wp-content\\\/uploads\\\/2026\\\/04\\\/Solar_PochetteCD_1\u00a9Arielle-Viotti.jpg\",\"datePublished\":\"2026-04-24T14:57:26+00:00\",\"dateModified\":\"2026-04-28T09:44:51+00:00\",\"author\":{\"@id\":\"https:\\\/\\\/veevcom.com\\\/#\\\/schema\\\/person\\\/754f1f5a030d278766b52cf0e0c62e8b\"},\"breadcrumb\":{\"@id\":\"https:\\\/\\\/veevcom.com\\\/es\\\/lalo-zanelli-presente-solar\\\/#breadcrumb\"},\"inLanguage\":\"es\",\"potentialAction\":[{\"@type\":\"ReadAction\",\"target\":[[\"https:\\\/\\\/veevcom.com\\\/es\\\/lalo-zanelli-presente-solar\\\/\"]]}]},{\"@type\":\"ImageObject\",\"inLanguage\":\"es\",\"@id\":\"https:\\\/\\\/veevcom.com\\\/es\\\/lalo-zanelli-presente-solar\\\/#primaryimage\",\"url\":\"https:\\\/\\\/veevcom.com\\\/wp-content\\\/uploads\\\/2026\\\/04\\\/Solar_PochetteCD_1\u00a9Arielle-Viotti.jpg\",\"contentUrl\":\"https:\\\/\\\/veevcom.com\\\/wp-content\\\/uploads\\\/2026\\\/04\\\/Solar_PochetteCD_1\u00a9Arielle-Viotti.jpg\",\"width\":1630,\"height\":1482},{\"@type\":\"BreadcrumbList\",\"@id\":\"https:\\\/\\\/veevcom.com\\\/es\\\/lalo-zanelli-presente-solar\\\/#breadcrumb\",\"itemListElement\":[{\"@type\":\"ListItem\",\"position\":1,\"name\":\"Accueil\",\"item\":\"https:\\\/\\\/veevcom.com\\\/es\\\/\"},{\"@type\":\"ListItem\",\"position\":2,\"name\":\"Lalo Zanelli pr\u00e9sente \u00ab\u00a0Solar\u00a0\u00bb\"}]},{\"@type\":\"WebSite\",\"@id\":\"https:\\\/\\\/veevcom.com\\\/es\\\/#website\",\"url\":\"https:\\\/\\\/veevcom.com\\\/es\\\/\",\"name\":\"VeevCom\",\"description\":\"Public Relations and Communication in the Music Industry\",\"potentialAction\":[{\"@type\":\"SearchAction\",\"target\":{\"@type\":\"EntryPoint\",\"urlTemplate\":\"https:\\\/\\\/veevcom.com\\\/es\\\/?s={search_term_string}\"},\"query-input\":{\"@type\":\"PropertyValueSpecification\",\"valueRequired\":true,\"valueName\":\"search_term_string\"}}],\"inLanguage\":\"es\"},{\"@type\":\"Person\",\"@id\":\"https:\\\/\\\/veevcom.com\\\/#\\\/schema\\\/person\\\/754f1f5a030d278766b52cf0e0c62e8b\",\"name\":\"severine\",\"image\":{\"@type\":\"ImageObject\",\"inLanguage\":\"es\",\"@id\":\"https:\\\/\\\/secure.gravatar.com\\\/avatar\\\/ba307ed472519f403589981b25bf62b4089c1f82b837eaae855dd05633adf22c?s=96&d=mm&r=g\",\"url\":\"https:\\\/\\\/secure.gravatar.com\\\/avatar\\\/ba307ed472519f403589981b25bf62b4089c1f82b837eaae855dd05633adf22c?s=96&d=mm&r=g\",\"contentUrl\":\"https:\\\/\\\/secure.gravatar.com\\\/avatar\\\/ba307ed472519f403589981b25bf62b4089c1f82b837eaae855dd05633adf22c?s=96&d=mm&r=g\",\"caption\":\"severine\"}}]}<\/script>\n<!-- \/ Yoast SEO plugin. -->","yoast_head_json":{"title":"Lalo Zanelli presenta \"Solar\" - VeevCom","robots":{"index":"index","follow":"follow","max-snippet":"max-snippet:-1","max-image-preview":"max-image-preview:large","max-video-preview":"max-video-preview:-1"},"canonical":"https:\/\/veevcom.com\/es\/lalo-zanelli-presente-solar\/","og_locale":"es_ES","og_type":"article","og_title":"Lalo Zanelli presenta \"Solar\" - VeevCom","og_description":"Disculpa, pero esta entrada est\u00e1 disponible s\u00f3lo en FR y EN.Le compositeur, pianiste et arrangeur argentin, Lalo Zanelli vient de r\u00e9v\u00e9ler \u00abSolar\u00bb son 4e album sous son nom, \u00e0 l&#8217;occasion de sa sortie (CD et digitale) le 13 mars 2026 chez Buda Musique \/ Socadisc. \u00ab J\u2019ai appel\u00e9 cet album Solar, du nom d\u2019un des [&hellip;]","og_url":"https:\/\/veevcom.com\/es\/lalo-zanelli-presente-solar\/","og_site_name":"VeevCom","article_published_time":"2026-04-24T14:57:26+00:00","article_modified_time":"2026-04-28T09:44:51+00:00","og_image":[{"width":1630,"height":1482,"url":"http:\/\/veevcom.com\/wp-content\/uploads\/2026\/04\/Solar_PochetteCD_1\u00a9Arielle-Viotti.jpg","type":"image\/jpeg"}],"author":"severine","twitter_card":"summary_large_image","twitter_misc":{"Escrito por":"severine","Tiempo de lectura":"5 minutos"},"schema":{"@context":"https:\/\/schema.org","@graph":[{"@type":"Article","@id":"https:\/\/veevcom.com\/lalo-zanelli-presente-solar\/#article","isPartOf":{"@id":"https:\/\/veevcom.com\/lalo-zanelli-presente-solar\/"},"author":{"name":"severine","@id":"https:\/\/veevcom.com\/#\/schema\/person\/754f1f5a030d278766b52cf0e0c62e8b"},"headline":"Lalo Zanelli presenta \u00abSolar\u00bb","datePublished":"2026-04-24T14:57:26+00:00","dateModified":"2026-04-28T09:44:51+00:00","mainEntityOfPage":{"@id":"https:\/\/veevcom.com\/lalo-zanelli-presente-solar\/"},"wordCount":1756,"image":{"@id":"https:\/\/veevcom.com\/lalo-zanelli-presente-solar\/#primaryimage"},"thumbnailUrl":"https:\/\/veevcom.com\/wp-content\/uploads\/2026\/04\/Solar_PochetteCD_1\u00a9Arielle-Viotti.jpg","articleSection":["Actualidad"],"inLanguage":"es"},{"@type":"WebPage","@id":"https:\/\/veevcom.com\/es\/lalo-zanelli-presente-solar\/","url":"https:\/\/veevcom.com\/es\/lalo-zanelli-presente-solar\/","name":"Lalo Zanelli presenta \"Solar\" - VeevCom","isPartOf":{"@id":"https:\/\/veevcom.com\/es\/#website"},"primaryImageOfPage":{"@id":"https:\/\/veevcom.com\/es\/lalo-zanelli-presente-solar\/#primaryimage"},"image":{"@id":"https:\/\/veevcom.com\/lalo-zanelli-presente-solar\/#primaryimage"},"thumbnailUrl":"https:\/\/veevcom.com\/wp-content\/uploads\/2026\/04\/Solar_PochetteCD_1\u00a9Arielle-Viotti.jpg","datePublished":"2026-04-24T14:57:26+00:00","dateModified":"2026-04-28T09:44:51+00:00","author":{"@id":"https:\/\/veevcom.com\/#\/schema\/person\/754f1f5a030d278766b52cf0e0c62e8b"},"breadcrumb":{"@id":"https:\/\/veevcom.com\/es\/lalo-zanelli-presente-solar\/#breadcrumb"},"inLanguage":"es","potentialAction":[{"@type":"ReadAction","target":[["https:\/\/veevcom.com\/es\/lalo-zanelli-presente-solar\/"]]}]},{"@type":"ImageObject","inLanguage":"es","@id":"https:\/\/veevcom.com\/es\/lalo-zanelli-presente-solar\/#primaryimage","url":"https:\/\/veevcom.com\/wp-content\/uploads\/2026\/04\/Solar_PochetteCD_1\u00a9Arielle-Viotti.jpg","contentUrl":"https:\/\/veevcom.com\/wp-content\/uploads\/2026\/04\/Solar_PochetteCD_1\u00a9Arielle-Viotti.jpg","width":1630,"height":1482},{"@type":"BreadcrumbList","@id":"https:\/\/veevcom.com\/es\/lalo-zanelli-presente-solar\/#breadcrumb","itemListElement":[{"@type":"ListItem","position":1,"name":"Accueil","item":"https:\/\/veevcom.com\/es\/"},{"@type":"ListItem","position":2,"name":"Lalo Zanelli pr\u00e9sente \u00ab\u00a0Solar\u00a0\u00bb"}]},{"@type":"WebSite","@id":"https:\/\/veevcom.com\/es\/#website","url":"https:\/\/veevcom.com\/es\/","name":"VeevCom","description":"Public Relations and Communication in the Music Industry","potentialAction":[{"@type":"SearchAction","target":{"@type":"EntryPoint","urlTemplate":"https:\/\/veevcom.com\/es\/?s={search_term_string}"},"query-input":{"@type":"PropertyValueSpecification","valueRequired":true,"valueName":"search_term_string"}}],"inLanguage":"es"},{"@type":"Person","@id":"https:\/\/veevcom.com\/#\/schema\/person\/754f1f5a030d278766b52cf0e0c62e8b","name":"severine","image":{"@type":"ImageObject","inLanguage":"es","@id":"https:\/\/secure.gravatar.com\/avatar\/ba307ed472519f403589981b25bf62b4089c1f82b837eaae855dd05633adf22c?s=96&d=mm&r=g","url":"https:\/\/secure.gravatar.com\/avatar\/ba307ed472519f403589981b25bf62b4089c1f82b837eaae855dd05633adf22c?s=96&d=mm&r=g","contentUrl":"https:\/\/secure.gravatar.com\/avatar\/ba307ed472519f403589981b25bf62b4089c1f82b837eaae855dd05633adf22c?s=96&d=mm&r=g","caption":"severine"}}]}},"_links":{"self":[{"href":"https:\/\/veevcom.com\/es\/wp-json\/wp\/v2\/posts\/76782","targetHints":{"allow":["GET"]}}],"collection":[{"href":"https:\/\/veevcom.com\/es\/wp-json\/wp\/v2\/posts"}],"about":[{"href":"https:\/\/veevcom.com\/es\/wp-json\/wp\/v2\/types\/post"}],"author":[{"embeddable":true,"href":"https:\/\/veevcom.com\/es\/wp-json\/wp\/v2\/users\/3"}],"replies":[{"embeddable":true,"href":"https:\/\/veevcom.com\/es\/wp-json\/wp\/v2\/comments?post=76782"}],"version-history":[{"count":19,"href":"https:\/\/veevcom.com\/es\/wp-json\/wp\/v2\/posts\/76782\/revisions"}],"predecessor-version":[{"id":76814,"href":"https:\/\/veevcom.com\/es\/wp-json\/wp\/v2\/posts\/76782\/revisions\/76814"}],"wp:featuredmedia":[{"embeddable":true,"href":"https:\/\/veevcom.com\/es\/wp-json\/wp\/v2\/media\/76794"}],"wp:attachment":[{"href":"https:\/\/veevcom.com\/es\/wp-json\/wp\/v2\/media?parent=76782"}],"wp:term":[{"taxonomy":"category","embeddable":true,"href":"https:\/\/veevcom.com\/es\/wp-json\/wp\/v2\/categories?post=76782"},{"taxonomy":"post_tag","embeddable":true,"href":"https:\/\/veevcom.com\/es\/wp-json\/wp\/v2\/tags?post=76782"}],"curies":[{"name":"wp","href":"https:\/\/api.w.org\/{rel}","templated":true}]}}