{"id":70378,"date":"2026-02-04T18:01:34","date_gmt":"2026-02-04T17:01:34","guid":{"rendered":"https:\/\/veevcom.com\/?p=70378"},"modified":"2026-02-04T18:01:34","modified_gmt":"2026-02-04T17:01:34","slug":"francois-moity-presente-alone-together","status":"publish","type":"post","link":"https:\/\/veevcom.com\/es\/francois-moity-presente-alone-together\/","title":{"rendered":"Fran\u00e7ois Moity presenta \u00abAlone together\u00bb"},"content":{"rendered":"<p class=\"qtranxs-available-languages-message qtranxs-available-languages-message-es\">Disculpa, pero esta entrada est\u00e1 disponible s\u00f3lo en <a href=\"https:\/\/veevcom.com\/fr\/wp-json\/wp\/v2\/posts\/70378\" class=\"qtranxs-available-language-link qtranxs-available-language-link-fr\" title=\"FR\">FR<\/a> y <a href=\"https:\/\/veevcom.com\/en\/wp-json\/wp\/v2\/posts\/70378\" class=\"qtranxs-available-language-link qtranxs-available-language-link-en\" title=\"EN\">EN<\/a>.<\/p><p><\/p>\n<div>Le pianiste et compositeur <strong>Fran\u00e7ois Moity<\/strong>&nbsp;vient de r\u00e9v\u00e9ler&nbsp;\u00ab<strong>Alone together<\/strong>\u00bb&nbsp; son <strong>10e&nbsp;album au format&nbsp;LP vinyle,<\/strong>&nbsp; \u00e0&nbsp;l&#8217;occasion de sa sortie&nbsp;le <strong>16 janvier 2026<\/strong>&nbsp;chez<strong>&nbsp;Buda Musique \/ Socadisc.<\/strong><\/div>\n<div>Ce nouvel opus est \u00e9galement disponible en <strong>digital<\/strong> sur toutes les <strong>plateformes<\/strong>.<br \/>\n&nbsp;<\/div>\n<div>\n<p>Apr\u00e8s une premi\u00e8re carri\u00e8re de musicien de sc\u00e8ne puis une seconde \u00e0 composer pour l\u2019image ou la publicit\u00e9, <strong>Fran\u00e7ois Moity <\/strong>revient aux sources -seul au piano- pour partager quelques titres in\u00e9dits et nous offrir une nouvelle lecture de purs joyaux venus du classique, du cin\u00e9ma ou de la chanson.<\/p>\n<p>\u00ab<em>&nbsp;Ces merveilles m\u2019accompagnant depuis toujours, il \u00e9tait donc temps, avec cet album, de rendre un simple et juste hommage \u00e0 leurs cr\u00e9ateurs<\/em> \u00bb (Fran\u00e7ois Moity)<\/p>\n<p><strong>BIOGRAPHIE<\/strong><br \/>\n&nbsp;<\/p>\n<p>Passe\u0301 &#8211; tardivement &#8211; par le conservatoire, Franc\u0327ois se de\u0301crit avant tout comme musicien autodidacte.<\/p>\n<p>Ne\u0301 en 1961 a\u0300 Paris, il fait ses premie\u0300res armes professionnelles a\u0300 l\u2019ore\u0301e des anne\u0301es 80 au studio CBE, sous le regard bienveillant de <strong>Bernard Estardy<\/strong>, a\u0300 l\u2019e\u0301poque inge\u0301nieur du son-re\u0301alisateur majeur de la musique de varie\u0301te\u0301 franc\u0327aise.<\/p>\n<p>Apre\u0300s plusieurs anne\u0301es a\u0300 \u00ab se faire les mains \u00bb dans de modestes ou mythiques studios parisiens, il de\u0301couvre les joies du concert et l\u2019ambiance grisante des tourne\u0301es internationales au contact du le\u0301gendaire bluesman <strong>Luther Allison<\/strong>. Il y fera tre\u0300s vite de nombreuses et riches rencontres et sera remarque\u0301 par la sce\u0300ne africaine, alors en pleine effervescence. Joignant sa passion a\u0300 son gou\u0302t pour le voyage, il collabore, pre\u0300s de deux de\u0301cennies, avec des artistes tels que <strong>Pierre Akendengue<\/strong>, <strong>Alberto \u00ab Teta \u00bb Lando<\/strong>, <strong>Mory Kante<\/strong> et bien su\u0302r <strong>Manu Dibango<\/strong> avec lequel il tournera a\u0300 travers le monde pendant pre\u0300s de cinq anne\u0301es.<\/p>\n<p>Puis, son besoin de composer et sa sensibilite\u0301 personnelle pour l\u2019image le poussent vers de nouveaux horizons. Apre\u0300s un rapide crochet par la musique de librairie, il fait ses vrais de\u0301buts comme compositeur de musique a\u0300 l\u2019image et enchaine biento\u0302t court- me\u0301trages, documentaires, habillages TV et surtout spots publicitaires. Tout au long des anne\u0301es 2000, il sera tre\u0300s sollicite\u0301 et signera notamment les identite\u0301s musicales des grands groupes institutionnels &#8211; Gaz de France, EDF et Ve\u0301olia &#8211; ou de marques prestigieuses comme Guerlain, Saab, Adidas ou encore Marlboro Classics&#8230;<\/p>\n<p>Insatiable curieux, il illustrera me\u0302me bon nombre de \u00ab grands projets d\u2019architectes \u00bb, re\u0301alise\u0301s en images de synthe\u0300se tout en menant de front la re\u0301alisation d\u2019albums instrumentaux (plus rarement, chante\u0301s), sortes de bandes son de films imaginaires.<\/p>\n<p>Cine\u0301phile dans l\u2019a\u0302me et grand amoureux du rapport qu\u2019entretiennent musique et image, Franc\u0327ois nous fait partager cette passion depuis ses tous premiers albums.<\/p>\n<p>Re\u0301sident au <strong>Studio Ferber<\/strong> depuis de nombreuses anne\u0301es, il y a notamment cre\u0301e\u0301 et enregistre\u0301 en compagnie de ses complices et amis <strong>David Menke<\/strong> (e\u0301galement compositeur, multi-instrumentiste) et <strong>Guillaume Bongiraud<\/strong> (violoncelliste) le Cine\u0301m4tik Project; formation en trio qui revisite les grandes partitions du cine\u0301ma international du sie\u0300cle dernier.<\/p>\n<p>2026 marque le retour aux sources avec un nouvel opus, \u00ab <strong>Alone Together<\/strong> \u00bb re\u0301alise\u0301 seul au piano, face a\u0300 ses mai\u0302tres musicaux de toujours.<\/p>\n<p>Et cette nouvelle anne\u0301e promet d\u2019e\u0302tre foisonnante avec un second Cine\u0301m4tik en pre\u0301paration et un hommage &#8211; pianistique toujours &#8211; aux magnifiques pages de la musique classique orchestrale.<br \/>\nIl se murmure me\u0302me qu\u2019un recueil de chansons, en gestation, pourrait comple\u0301ter ce joli programme&#8230;<\/p>\n<\/div>\n<p><\/p>","protected":false},"excerpt":{"rendered":"<p>Disculpa, pero esta entrada est\u00e1 disponible s\u00f3lo en FR y EN. Le pianiste et compositeur Fran\u00e7ois Moity&nbsp;vient de r\u00e9v\u00e9ler&nbsp;\u00abAlone together\u00bb&nbsp; son 10e&nbsp;album au format&nbsp;LP vinyle,&nbsp; \u00e0&nbsp;l&#8217;occasion de sa sortie&nbsp;le 16 janvier 2026&nbsp;chez&nbsp;Buda Musique \/ Socadisc. Ce nouvel opus est \u00e9galement disponible en digital sur toutes les plateformes. &nbsp; Apr\u00e8s une premi\u00e8re carri\u00e8re de musicien de [&hellip;]<\/p>\n","protected":false},"author":3,"featured_media":70379,"comment_status":"closed","ping_status":"closed","sticky":false,"template":"","format":"standard","meta":{"_acf_changed":false,"footnotes":""},"categories":[1],"tags":[],"class_list":["post-70378","post","type-post","status-publish","format-standard","has-post-thumbnail","hentry","category-non-classe"],"acf":[],"yoast_head":"<!-- This site is optimized with the Yoast SEO plugin v27.4 - https:\/\/yoast.com\/product\/yoast-seo-wordpress\/ -->\n<title>Fran\u00e7ois Moity presenta &quot;Alone together&quot; - VeevCom<\/title>\n<meta name=\"robots\" content=\"index, follow, max-snippet:-1, max-image-preview:large, max-video-preview:-1\" \/>\n<link rel=\"canonical\" href=\"https:\/\/veevcom.com\/es\/francois-moity-presente-alone-together\/\" \/>\n<meta property=\"og:locale\" content=\"es_ES\" \/>\n<meta property=\"og:type\" content=\"article\" \/>\n<meta property=\"og:title\" content=\"Fran\u00e7ois Moity presenta &quot;Alone together&quot; - VeevCom\" \/>\n<meta property=\"og:description\" content=\"Disculpa, pero esta entrada est\u00e1 disponible s\u00f3lo en FR y EN. Le pianiste et compositeur Fran\u00e7ois Moity&nbsp;vient de r\u00e9v\u00e9ler&nbsp;\u00abAlone together\u00bb&nbsp; son 10e&nbsp;album au format&nbsp;LP vinyle,&nbsp; \u00e0&nbsp;l&#8217;occasion de sa sortie&nbsp;le 16 janvier 2026&nbsp;chez&nbsp;Buda Musique \/ Socadisc. Ce nouvel opus est \u00e9galement disponible en digital sur toutes les plateformes. &nbsp; Apr\u00e8s une premi\u00e8re carri\u00e8re de musicien de [&hellip;]\" \/>\n<meta property=\"og:url\" content=\"https:\/\/veevcom.com\/es\/francois-moity-presente-alone-together\/\" \/>\n<meta property=\"og:site_name\" content=\"VeevCom\" \/>\n<meta property=\"article:published_time\" content=\"2026-02-04T17:01:34+00:00\" \/>\n<meta property=\"og:image\" content=\"http:\/\/veevcom.com\/wp-content\/uploads\/2026\/02\/Pochette-recto-RVB\u00a9-Dont-Forget-Us-Ebru-Sidar-Trevillion-Images-Bruno-Boussard-scaled.jpg\" \/>\n\t<meta property=\"og:image:width\" content=\"2560\" \/>\n\t<meta property=\"og:image:height\" content=\"2536\" \/>\n\t<meta property=\"og:image:type\" content=\"image\/jpeg\" \/>\n<meta name=\"author\" content=\"severine\" \/>\n<meta name=\"twitter:card\" content=\"summary_large_image\" \/>\n<meta name=\"twitter:label1\" content=\"Escrito por\" \/>\n\t<meta name=\"twitter:data1\" content=\"severine\" \/>\n\t<meta name=\"twitter:label2\" content=\"Tiempo de lectura\" \/>\n\t<meta name=\"twitter:data2\" content=\"1 minuto\" \/>\n<script type=\"application\/ld+json\" class=\"yoast-schema-graph\">{\"@context\":\"https:\\\/\\\/schema.org\",\"@graph\":[{\"@type\":\"Article\",\"@id\":\"https:\\\/\\\/veevcom.com\\\/francois-moity-presente-alone-together\\\/#article\",\"isPartOf\":{\"@id\":\"https:\\\/\\\/veevcom.com\\\/francois-moity-presente-alone-together\\\/\"},\"author\":{\"name\":\"severine\",\"@id\":\"https:\\\/\\\/veevcom.com\\\/#\\\/schema\\\/person\\\/754f1f5a030d278766b52cf0e0c62e8b\"},\"headline\":\"Fran\u00e7ois Moity presenta \u00abAlone together\u00bb\",\"datePublished\":\"2026-02-04T17:01:34+00:00\",\"mainEntityOfPage\":{\"@id\":\"https:\\\/\\\/veevcom.com\\\/francois-moity-presente-alone-together\\\/\"},\"wordCount\":782,\"image\":{\"@id\":\"https:\\\/\\\/veevcom.com\\\/francois-moity-presente-alone-together\\\/#primaryimage\"},\"thumbnailUrl\":\"https:\\\/\\\/veevcom.com\\\/wp-content\\\/uploads\\\/2026\\\/02\\\/Pochette-recto-RVB\u00a9-Dont-Forget-Us-Ebru-Sidar-Trevillion-Images-Bruno-Boussard-scaled.jpg\",\"articleSection\":[\"Actualidad\"],\"inLanguage\":\"es\"},{\"@type\":\"WebPage\",\"@id\":\"https:\\\/\\\/veevcom.com\\\/es\\\/francois-moity-presente-alone-together\\\/\",\"url\":\"https:\\\/\\\/veevcom.com\\\/es\\\/francois-moity-presente-alone-together\\\/\",\"name\":\"Fran\u00e7ois Moity presenta \\\"Alone together\\\" - VeevCom\",\"isPartOf\":{\"@id\":\"https:\\\/\\\/veevcom.com\\\/es\\\/#website\"},\"primaryImageOfPage\":{\"@id\":\"https:\\\/\\\/veevcom.com\\\/es\\\/francois-moity-presente-alone-together\\\/#primaryimage\"},\"image\":{\"@id\":\"https:\\\/\\\/veevcom.com\\\/francois-moity-presente-alone-together\\\/#primaryimage\"},\"thumbnailUrl\":\"https:\\\/\\\/veevcom.com\\\/wp-content\\\/uploads\\\/2026\\\/02\\\/Pochette-recto-RVB\u00a9-Dont-Forget-Us-Ebru-Sidar-Trevillion-Images-Bruno-Boussard-scaled.jpg\",\"datePublished\":\"2026-02-04T17:01:34+00:00\",\"author\":{\"@id\":\"https:\\\/\\\/veevcom.com\\\/#\\\/schema\\\/person\\\/754f1f5a030d278766b52cf0e0c62e8b\"},\"breadcrumb\":{\"@id\":\"https:\\\/\\\/veevcom.com\\\/es\\\/francois-moity-presente-alone-together\\\/#breadcrumb\"},\"inLanguage\":\"es\",\"potentialAction\":[{\"@type\":\"ReadAction\",\"target\":[[\"https:\\\/\\\/veevcom.com\\\/es\\\/francois-moity-presente-alone-together\\\/\"]]}]},{\"@type\":\"ImageObject\",\"inLanguage\":\"es\",\"@id\":\"https:\\\/\\\/veevcom.com\\\/es\\\/francois-moity-presente-alone-together\\\/#primaryimage\",\"url\":\"https:\\\/\\\/veevcom.com\\\/wp-content\\\/uploads\\\/2026\\\/02\\\/Pochette-recto-RVB\u00a9-Dont-Forget-Us-Ebru-Sidar-Trevillion-Images-Bruno-Boussard-scaled.jpg\",\"contentUrl\":\"https:\\\/\\\/veevcom.com\\\/wp-content\\\/uploads\\\/2026\\\/02\\\/Pochette-recto-RVB\u00a9-Dont-Forget-Us-Ebru-Sidar-Trevillion-Images-Bruno-Boussard-scaled.jpg\",\"width\":2560,\"height\":2536},{\"@type\":\"BreadcrumbList\",\"@id\":\"https:\\\/\\\/veevcom.com\\\/es\\\/francois-moity-presente-alone-together\\\/#breadcrumb\",\"itemListElement\":[{\"@type\":\"ListItem\",\"position\":1,\"name\":\"Accueil\",\"item\":\"https:\\\/\\\/veevcom.com\\\/es\\\/\"},{\"@type\":\"ListItem\",\"position\":2,\"name\":\"Fran\u00e7ois Moity pr\u00e9sente \u00ab\u00a0Alone together\u00a0\u00bb\"}]},{\"@type\":\"WebSite\",\"@id\":\"https:\\\/\\\/veevcom.com\\\/es\\\/#website\",\"url\":\"https:\\\/\\\/veevcom.com\\\/es\\\/\",\"name\":\"VeevCom\",\"description\":\"Public Relations and Communication in the Music Industry\",\"potentialAction\":[{\"@type\":\"SearchAction\",\"target\":{\"@type\":\"EntryPoint\",\"urlTemplate\":\"https:\\\/\\\/veevcom.com\\\/es\\\/?s={search_term_string}\"},\"query-input\":{\"@type\":\"PropertyValueSpecification\",\"valueRequired\":true,\"valueName\":\"search_term_string\"}}],\"inLanguage\":\"es\"},{\"@type\":\"Person\",\"@id\":\"https:\\\/\\\/veevcom.com\\\/#\\\/schema\\\/person\\\/754f1f5a030d278766b52cf0e0c62e8b\",\"name\":\"severine\",\"image\":{\"@type\":\"ImageObject\",\"inLanguage\":\"es\",\"@id\":\"https:\\\/\\\/secure.gravatar.com\\\/avatar\\\/ba307ed472519f403589981b25bf62b4089c1f82b837eaae855dd05633adf22c?s=96&d=mm&r=g\",\"url\":\"https:\\\/\\\/secure.gravatar.com\\\/avatar\\\/ba307ed472519f403589981b25bf62b4089c1f82b837eaae855dd05633adf22c?s=96&d=mm&r=g\",\"contentUrl\":\"https:\\\/\\\/secure.gravatar.com\\\/avatar\\\/ba307ed472519f403589981b25bf62b4089c1f82b837eaae855dd05633adf22c?s=96&d=mm&r=g\",\"caption\":\"severine\"}}]}<\/script>\n<!-- \/ Yoast SEO plugin. -->","yoast_head_json":{"title":"Fran\u00e7ois Moity presenta \"Alone together\" - VeevCom","robots":{"index":"index","follow":"follow","max-snippet":"max-snippet:-1","max-image-preview":"max-image-preview:large","max-video-preview":"max-video-preview:-1"},"canonical":"https:\/\/veevcom.com\/es\/francois-moity-presente-alone-together\/","og_locale":"es_ES","og_type":"article","og_title":"Fran\u00e7ois Moity presenta \"Alone together\" - VeevCom","og_description":"Disculpa, pero esta entrada est\u00e1 disponible s\u00f3lo en FR y EN. Le pianiste et compositeur Fran\u00e7ois Moity&nbsp;vient de r\u00e9v\u00e9ler&nbsp;\u00abAlone together\u00bb&nbsp; son 10e&nbsp;album au format&nbsp;LP vinyle,&nbsp; \u00e0&nbsp;l&#8217;occasion de sa sortie&nbsp;le 16 janvier 2026&nbsp;chez&nbsp;Buda Musique \/ Socadisc. Ce nouvel opus est \u00e9galement disponible en digital sur toutes les plateformes. &nbsp; Apr\u00e8s une premi\u00e8re carri\u00e8re de musicien de [&hellip;]","og_url":"https:\/\/veevcom.com\/es\/francois-moity-presente-alone-together\/","og_site_name":"VeevCom","article_published_time":"2026-02-04T17:01:34+00:00","og_image":[{"width":2560,"height":2536,"url":"http:\/\/veevcom.com\/wp-content\/uploads\/2026\/02\/Pochette-recto-RVB\u00a9-Dont-Forget-Us-Ebru-Sidar-Trevillion-Images-Bruno-Boussard-scaled.jpg","type":"image\/jpeg"}],"author":"severine","twitter_card":"summary_large_image","twitter_misc":{"Escrito por":"severine","Tiempo de lectura":"1 minuto"},"schema":{"@context":"https:\/\/schema.org","@graph":[{"@type":"Article","@id":"https:\/\/veevcom.com\/francois-moity-presente-alone-together\/#article","isPartOf":{"@id":"https:\/\/veevcom.com\/francois-moity-presente-alone-together\/"},"author":{"name":"severine","@id":"https:\/\/veevcom.com\/#\/schema\/person\/754f1f5a030d278766b52cf0e0c62e8b"},"headline":"Fran\u00e7ois Moity presenta \u00abAlone together\u00bb","datePublished":"2026-02-04T17:01:34+00:00","mainEntityOfPage":{"@id":"https:\/\/veevcom.com\/francois-moity-presente-alone-together\/"},"wordCount":782,"image":{"@id":"https:\/\/veevcom.com\/francois-moity-presente-alone-together\/#primaryimage"},"thumbnailUrl":"https:\/\/veevcom.com\/wp-content\/uploads\/2026\/02\/Pochette-recto-RVB\u00a9-Dont-Forget-Us-Ebru-Sidar-Trevillion-Images-Bruno-Boussard-scaled.jpg","articleSection":["Actualidad"],"inLanguage":"es"},{"@type":"WebPage","@id":"https:\/\/veevcom.com\/es\/francois-moity-presente-alone-together\/","url":"https:\/\/veevcom.com\/es\/francois-moity-presente-alone-together\/","name":"Fran\u00e7ois Moity presenta \"Alone together\" - VeevCom","isPartOf":{"@id":"https:\/\/veevcom.com\/es\/#website"},"primaryImageOfPage":{"@id":"https:\/\/veevcom.com\/es\/francois-moity-presente-alone-together\/#primaryimage"},"image":{"@id":"https:\/\/veevcom.com\/francois-moity-presente-alone-together\/#primaryimage"},"thumbnailUrl":"https:\/\/veevcom.com\/wp-content\/uploads\/2026\/02\/Pochette-recto-RVB\u00a9-Dont-Forget-Us-Ebru-Sidar-Trevillion-Images-Bruno-Boussard-scaled.jpg","datePublished":"2026-02-04T17:01:34+00:00","author":{"@id":"https:\/\/veevcom.com\/#\/schema\/person\/754f1f5a030d278766b52cf0e0c62e8b"},"breadcrumb":{"@id":"https:\/\/veevcom.com\/es\/francois-moity-presente-alone-together\/#breadcrumb"},"inLanguage":"es","potentialAction":[{"@type":"ReadAction","target":[["https:\/\/veevcom.com\/es\/francois-moity-presente-alone-together\/"]]}]},{"@type":"ImageObject","inLanguage":"es","@id":"https:\/\/veevcom.com\/es\/francois-moity-presente-alone-together\/#primaryimage","url":"https:\/\/veevcom.com\/wp-content\/uploads\/2026\/02\/Pochette-recto-RVB\u00a9-Dont-Forget-Us-Ebru-Sidar-Trevillion-Images-Bruno-Boussard-scaled.jpg","contentUrl":"https:\/\/veevcom.com\/wp-content\/uploads\/2026\/02\/Pochette-recto-RVB\u00a9-Dont-Forget-Us-Ebru-Sidar-Trevillion-Images-Bruno-Boussard-scaled.jpg","width":2560,"height":2536},{"@type":"BreadcrumbList","@id":"https:\/\/veevcom.com\/es\/francois-moity-presente-alone-together\/#breadcrumb","itemListElement":[{"@type":"ListItem","position":1,"name":"Accueil","item":"https:\/\/veevcom.com\/es\/"},{"@type":"ListItem","position":2,"name":"Fran\u00e7ois Moity pr\u00e9sente \u00ab\u00a0Alone together\u00a0\u00bb"}]},{"@type":"WebSite","@id":"https:\/\/veevcom.com\/es\/#website","url":"https:\/\/veevcom.com\/es\/","name":"VeevCom","description":"Public Relations and Communication in the Music Industry","potentialAction":[{"@type":"SearchAction","target":{"@type":"EntryPoint","urlTemplate":"https:\/\/veevcom.com\/es\/?s={search_term_string}"},"query-input":{"@type":"PropertyValueSpecification","valueRequired":true,"valueName":"search_term_string"}}],"inLanguage":"es"},{"@type":"Person","@id":"https:\/\/veevcom.com\/#\/schema\/person\/754f1f5a030d278766b52cf0e0c62e8b","name":"severine","image":{"@type":"ImageObject","inLanguage":"es","@id":"https:\/\/secure.gravatar.com\/avatar\/ba307ed472519f403589981b25bf62b4089c1f82b837eaae855dd05633adf22c?s=96&d=mm&r=g","url":"https:\/\/secure.gravatar.com\/avatar\/ba307ed472519f403589981b25bf62b4089c1f82b837eaae855dd05633adf22c?s=96&d=mm&r=g","contentUrl":"https:\/\/secure.gravatar.com\/avatar\/ba307ed472519f403589981b25bf62b4089c1f82b837eaae855dd05633adf22c?s=96&d=mm&r=g","caption":"severine"}}]}},"_links":{"self":[{"href":"https:\/\/veevcom.com\/es\/wp-json\/wp\/v2\/posts\/70378","targetHints":{"allow":["GET"]}}],"collection":[{"href":"https:\/\/veevcom.com\/es\/wp-json\/wp\/v2\/posts"}],"about":[{"href":"https:\/\/veevcom.com\/es\/wp-json\/wp\/v2\/types\/post"}],"author":[{"embeddable":true,"href":"https:\/\/veevcom.com\/es\/wp-json\/wp\/v2\/users\/3"}],"replies":[{"embeddable":true,"href":"https:\/\/veevcom.com\/es\/wp-json\/wp\/v2\/comments?post=70378"}],"version-history":[{"count":3,"href":"https:\/\/veevcom.com\/es\/wp-json\/wp\/v2\/posts\/70378\/revisions"}],"predecessor-version":[{"id":70382,"href":"https:\/\/veevcom.com\/es\/wp-json\/wp\/v2\/posts\/70378\/revisions\/70382"}],"wp:featuredmedia":[{"embeddable":true,"href":"https:\/\/veevcom.com\/es\/wp-json\/wp\/v2\/media\/70379"}],"wp:attachment":[{"href":"https:\/\/veevcom.com\/es\/wp-json\/wp\/v2\/media?parent=70378"}],"wp:term":[{"taxonomy":"category","embeddable":true,"href":"https:\/\/veevcom.com\/es\/wp-json\/wp\/v2\/categories?post=70378"},{"taxonomy":"post_tag","embeddable":true,"href":"https:\/\/veevcom.com\/es\/wp-json\/wp\/v2\/tags?post=70378"}],"curies":[{"name":"wp","href":"https:\/\/api.w.org\/{rel}","templated":true}]}}