{"id":70365,"date":"2026-01-23T17:34:15","date_gmt":"2026-01-23T16:34:15","guid":{"rendered":"https:\/\/veevcom.com\/?p=70365"},"modified":"2026-02-05T16:55:08","modified_gmt":"2026-02-05T15:55:08","slug":"cesaria-evora-orchestra-poursuit-sa-tournee-en-france","status":"publish","type":"post","link":"https:\/\/veevcom.com\/es\/cesaria-evora-orchestra-poursuit-sa-tournee-en-france\/","title":{"rendered":"Ces\u00e1ria \u00c9vora contin\u00faa su gira por Francia"},"content":{"rendered":"<p class=\"qtranxs-available-languages-message qtranxs-available-languages-message-es\">Disculpa, pero esta entrada est\u00e1 disponible s\u00f3lo en <a href=\"https:\/\/veevcom.com\/fr\/wp-json\/wp\/v2\/posts\/70365\" class=\"qtranxs-available-language-link qtranxs-available-language-link-fr\" title=\"FR\">FR<\/a>.<\/p><p>Apr\u00e8s le succ\u00e8s de sa tourn\u00e9e en France en 2025 (La Marbrerie, Musiques M\u00e9tisses, Africolor&#8230;), le <strong>Ces\u00e1ria \u00c9vora Orchestra<\/strong> poursuit sa route \u00e0 la rencontre de son public pour c\u00e9l\u00e9brer Ces\u00e1ria \u00c9vora, en r\u00e9unissant sur sc\u00e8ne la cr\u00e8me des musiciens capverdiens et quelques-unes des plus grandes voix actuelles : <strong>Elida Almeida, Lucibela, T\u00e9ofilo Chantre et Ceuzany.<\/strong><\/p>\n<p>Voici les <strong>premi\u00e8res dates<\/strong> de la <strong>tourn\u00e9e<\/strong> \u00e0 venir en <strong>France<\/strong> et en <strong>Europe<\/strong> pour <strong>2026<\/strong> (d&#8217;autres seront annonc\u00e9es prochainement ) :<\/p>\n<ul class=\"ul1\">\n<li class=\"li1\">18\/03\/2026 : <b>Le Colis\u00e9e<\/b>, Lens (62)<\/li>\n<li class=\"li1\">19\/03\/2026 :<b> Rocher de Palmer<\/b>, Cenon (33)<\/li>\n<li class=\"li1\">20\/03\/2026 : festival <b>D\u00e9tours de Babel<\/b>, L\u2019Heure Bleue, Saint-Martin d\u2019H\u00e8res (38)<\/li>\n<li class=\"li1\">21\/03\/2026 : <b>L\u2019Arsenal<\/b>, Metz (57)<\/li>\n<li class=\"li1\">12\/06\/2026 : <strong>Les<\/strong> <b>Nuits de Fourvi\u00e8res<\/b>, Lyon (69) \/\/ invit\u00e9e : Mayra Andrade<\/li>\n<li class=\"li1\">13\/06\/2026 : <b>Barbican<\/b>,&nbsp;Londres (UK) \/\/ invit\u00e9e :&nbsp;Mayra Andrade<\/li>\n<li class=\"li1\">17\/07\/2026 : <strong>Verbier Festival<\/strong>, Vevey (CH)<\/li>\n<\/ul>\n<p>La formation actuelle est compos\u00e9e de la cr\u00e8me des artistes de la sc\u00e8ne cap-verdienne d&#8217;aujourd&#8217;hui : <strong>Ceuzany, Elida Almeida, Lucibela et Teofilo Chantre.<\/strong><\/p>\n<p>La disparition soudaine de<strong> Ces\u00e1ria \u00c9vora<\/strong> le 17 d\u00e9cembre 2011 suscita une grande \u00e9motion parmi ses fans qui se r\u00e9unirent par milliers, en 2012, pour honorer sa m\u00e9moire lors de concerts m\u00e9morables, notamment \u00e0 Toulouse, Lisbonne, Amsterdam et Paris.<br \/>\nAutour des musiciens qui accompagnaient habituellement la chanteuse, les plus grandes voix des musiques du monde sont venus rendre un ultime hommage \u00e0 celle que l\u2019on surnommait La Diva aux pieds nus \u2013 parmi elles Bonga, Ang\u00e9lique Kidjo, Lura, Isma\u00ebl L\u00f4, Mayra Andrade, Bernard Lavilliers, Tito Paris pour n\u2019en citer que quelques-unes.<br \/>\nApr\u00e8s ces grandes messes, les musiciens n\u2019ont eu qu\u2019une envie : continuer \u00e0 faire vivre le r\u00e9pertoire de Cesaria qui avait enchant\u00e9 le public sur les sc\u00e8nes du monde entier. C\u2019est ainsi qu\u2019ils se r\u00e9unirent sous le nom de <strong>Ces\u00e1ria \u00c9vora Orchestra<\/strong> pour un premier concert, en 2014 au Kriol Jazz Festival \u00e0 Praia (Cap-Vert), en hommage \u00e0 l\u2019ic\u00f4ne des musiques du monde et \u00e0 son action, notamment en tant qu\u2019Ambassadrice de la musique cap-<br \/>\nverdienne.<\/p>\n<p>Depuis cette date, le <strong>Ces\u00e1ria \u00c9vora Orchestra<\/strong> se produit r\u00e9guli\u00e8rement dans le monde pour c\u00e9l\u00e9brer<strong> Ces\u00e1ria \u00c9vora.<\/strong><\/p>","protected":false},"excerpt":{"rendered":"<p>Disculpa, pero esta entrada est\u00e1 disponible s\u00f3lo en FR.Apr\u00e8s le succ\u00e8s de sa tourn\u00e9e en France en 2025 (La Marbrerie, Musiques M\u00e9tisses, Africolor&#8230;), le Ces\u00e1ria \u00c9vora Orchestra poursuit sa route \u00e0 la rencontre de son public pour c\u00e9l\u00e9brer Ces\u00e1ria \u00c9vora, en r\u00e9unissant sur sc\u00e8ne la cr\u00e8me des musiciens capverdiens et quelques-unes des plus grandes voix [&hellip;]<\/p>\n","protected":false},"author":3,"featured_media":70366,"comment_status":"closed","ping_status":"closed","sticky":false,"template":"","format":"standard","meta":{"_acf_changed":false,"footnotes":""},"categories":[1],"tags":[],"class_list":["post-70365","post","type-post","status-publish","format-standard","has-post-thumbnail","hentry","category-non-classe"],"acf":[],"yoast_head":"<!-- This site is optimized with the Yoast SEO plugin v27.4 - https:\/\/yoast.com\/product\/yoast-seo-wordpress\/ -->\n<title>Ces\u00e1ria \u00c9vora contin\u00faa su gira por Francia - VeevCom<\/title>\n<meta name=\"robots\" content=\"index, follow, max-snippet:-1, max-image-preview:large, max-video-preview:-1\" \/>\n<link rel=\"canonical\" href=\"https:\/\/veevcom.com\/es\/cesaria-evora-orchestra-poursuit-sa-tournee-en-france\/\" \/>\n<meta property=\"og:locale\" content=\"es_ES\" \/>\n<meta property=\"og:type\" content=\"article\" \/>\n<meta property=\"og:title\" content=\"Ces\u00e1ria \u00c9vora contin\u00faa su gira por Francia - VeevCom\" \/>\n<meta property=\"og:description\" content=\"Disculpa, pero esta entrada est\u00e1 disponible s\u00f3lo en FR.Apr\u00e8s le succ\u00e8s de sa tourn\u00e9e en France en 2025 (La Marbrerie, Musiques M\u00e9tisses, Africolor&#8230;), le Ces\u00e1ria \u00c9vora Orchestra poursuit sa route \u00e0 la rencontre de son public pour c\u00e9l\u00e9brer Ces\u00e1ria \u00c9vora, en r\u00e9unissant sur sc\u00e8ne la cr\u00e8me des musiciens capverdiens et quelques-unes des plus grandes voix [&hellip;]\" \/>\n<meta property=\"og:url\" content=\"https:\/\/veevcom.com\/es\/cesaria-evora-orchestra-poursuit-sa-tournee-en-france\/\" \/>\n<meta property=\"og:site_name\" content=\"VeevCom\" \/>\n<meta property=\"article:published_time\" content=\"2026-01-23T16:34:15+00:00\" \/>\n<meta property=\"article:modified_time\" content=\"2026-02-05T15:55:08+00:00\" \/>\n<meta property=\"og:image\" content=\"http:\/\/veevcom.com\/wp-content\/uploads\/2026\/01\/Cesaria@300\u00a9Photo-Joe-Wuerfel-_-Lusafrica.jpg\" \/>\n\t<meta property=\"og:image:width\" content=\"300\" \/>\n\t<meta property=\"og:image:height\" content=\"300\" \/>\n\t<meta property=\"og:image:type\" content=\"image\/jpeg\" \/>\n<meta name=\"author\" content=\"severine\" \/>\n<meta name=\"twitter:card\" content=\"summary_large_image\" \/>\n<meta name=\"twitter:label1\" content=\"Escrito por\" \/>\n\t<meta name=\"twitter:data1\" content=\"severine\" \/>\n\t<meta name=\"twitter:label2\" content=\"Tiempo de lectura\" \/>\n\t<meta name=\"twitter:data2\" content=\"2 minutos\" \/>\n<script type=\"application\/ld+json\" class=\"yoast-schema-graph\">{\"@context\":\"https:\\\/\\\/schema.org\",\"@graph\":[{\"@type\":\"Article\",\"@id\":\"https:\\\/\\\/veevcom.com\\\/cesaria-evora-orchestra-poursuit-sa-tournee-en-france\\\/#article\",\"isPartOf\":{\"@id\":\"https:\\\/\\\/veevcom.com\\\/cesaria-evora-orchestra-poursuit-sa-tournee-en-france\\\/\"},\"author\":{\"name\":\"severine\",\"@id\":\"https:\\\/\\\/veevcom.com\\\/#\\\/schema\\\/person\\\/754f1f5a030d278766b52cf0e0c62e8b\"},\"headline\":\"Ces\u00e1ria \u00c9vora contin\u00faa su gira por Francia\",\"datePublished\":\"2026-01-23T16:34:15+00:00\",\"dateModified\":\"2026-02-05T15:55:08+00:00\",\"mainEntityOfPage\":{\"@id\":\"https:\\\/\\\/veevcom.com\\\/cesaria-evora-orchestra-poursuit-sa-tournee-en-france\\\/\"},\"wordCount\":391,\"image\":{\"@id\":\"https:\\\/\\\/veevcom.com\\\/cesaria-evora-orchestra-poursuit-sa-tournee-en-france\\\/#primaryimage\"},\"thumbnailUrl\":\"https:\\\/\\\/veevcom.com\\\/wp-content\\\/uploads\\\/2026\\\/01\\\/Cesaria@300\u00a9Photo-Joe-Wuerfel-_-Lusafrica.jpg\",\"articleSection\":[\"Actualidad\"],\"inLanguage\":\"es\"},{\"@type\":\"WebPage\",\"@id\":\"https:\\\/\\\/veevcom.com\\\/es\\\/cesaria-evora-orchestra-poursuit-sa-tournee-en-france\\\/\",\"url\":\"https:\\\/\\\/veevcom.com\\\/es\\\/cesaria-evora-orchestra-poursuit-sa-tournee-en-france\\\/\",\"name\":\"Ces\u00e1ria \u00c9vora contin\u00faa su gira por Francia - VeevCom\",\"isPartOf\":{\"@id\":\"https:\\\/\\\/veevcom.com\\\/es\\\/#website\"},\"primaryImageOfPage\":{\"@id\":\"https:\\\/\\\/veevcom.com\\\/es\\\/cesaria-evora-orchestra-poursuit-sa-tournee-en-france\\\/#primaryimage\"},\"image\":{\"@id\":\"https:\\\/\\\/veevcom.com\\\/cesaria-evora-orchestra-poursuit-sa-tournee-en-france\\\/#primaryimage\"},\"thumbnailUrl\":\"https:\\\/\\\/veevcom.com\\\/wp-content\\\/uploads\\\/2026\\\/01\\\/Cesaria@300\u00a9Photo-Joe-Wuerfel-_-Lusafrica.jpg\",\"datePublished\":\"2026-01-23T16:34:15+00:00\",\"dateModified\":\"2026-02-05T15:55:08+00:00\",\"author\":{\"@id\":\"https:\\\/\\\/veevcom.com\\\/#\\\/schema\\\/person\\\/754f1f5a030d278766b52cf0e0c62e8b\"},\"breadcrumb\":{\"@id\":\"https:\\\/\\\/veevcom.com\\\/es\\\/cesaria-evora-orchestra-poursuit-sa-tournee-en-france\\\/#breadcrumb\"},\"inLanguage\":\"es\",\"potentialAction\":[{\"@type\":\"ReadAction\",\"target\":[[\"https:\\\/\\\/veevcom.com\\\/es\\\/cesaria-evora-orchestra-poursuit-sa-tournee-en-france\\\/\"]]}]},{\"@type\":\"ImageObject\",\"inLanguage\":\"es\",\"@id\":\"https:\\\/\\\/veevcom.com\\\/es\\\/cesaria-evora-orchestra-poursuit-sa-tournee-en-france\\\/#primaryimage\",\"url\":\"https:\\\/\\\/veevcom.com\\\/wp-content\\\/uploads\\\/2026\\\/01\\\/Cesaria@300\u00a9Photo-Joe-Wuerfel-_-Lusafrica.jpg\",\"contentUrl\":\"https:\\\/\\\/veevcom.com\\\/wp-content\\\/uploads\\\/2026\\\/01\\\/Cesaria@300\u00a9Photo-Joe-Wuerfel-_-Lusafrica.jpg\",\"width\":300,\"height\":300},{\"@type\":\"BreadcrumbList\",\"@id\":\"https:\\\/\\\/veevcom.com\\\/es\\\/cesaria-evora-orchestra-poursuit-sa-tournee-en-france\\\/#breadcrumb\",\"itemListElement\":[{\"@type\":\"ListItem\",\"position\":1,\"name\":\"Accueil\",\"item\":\"https:\\\/\\\/veevcom.com\\\/es\\\/\"},{\"@type\":\"ListItem\",\"position\":2,\"name\":\"Ces\u00e1ria \u00c9vora Orchestra poursuit sa tourn\u00e9e en France\"}]},{\"@type\":\"WebSite\",\"@id\":\"https:\\\/\\\/veevcom.com\\\/es\\\/#website\",\"url\":\"https:\\\/\\\/veevcom.com\\\/es\\\/\",\"name\":\"VeevCom\",\"description\":\"Public Relations and Communication in the Music Industry\",\"potentialAction\":[{\"@type\":\"SearchAction\",\"target\":{\"@type\":\"EntryPoint\",\"urlTemplate\":\"https:\\\/\\\/veevcom.com\\\/es\\\/?s={search_term_string}\"},\"query-input\":{\"@type\":\"PropertyValueSpecification\",\"valueRequired\":true,\"valueName\":\"search_term_string\"}}],\"inLanguage\":\"es\"},{\"@type\":\"Person\",\"@id\":\"https:\\\/\\\/veevcom.com\\\/#\\\/schema\\\/person\\\/754f1f5a030d278766b52cf0e0c62e8b\",\"name\":\"severine\",\"image\":{\"@type\":\"ImageObject\",\"inLanguage\":\"es\",\"@id\":\"https:\\\/\\\/secure.gravatar.com\\\/avatar\\\/ba307ed472519f403589981b25bf62b4089c1f82b837eaae855dd05633adf22c?s=96&d=mm&r=g\",\"url\":\"https:\\\/\\\/secure.gravatar.com\\\/avatar\\\/ba307ed472519f403589981b25bf62b4089c1f82b837eaae855dd05633adf22c?s=96&d=mm&r=g\",\"contentUrl\":\"https:\\\/\\\/secure.gravatar.com\\\/avatar\\\/ba307ed472519f403589981b25bf62b4089c1f82b837eaae855dd05633adf22c?s=96&d=mm&r=g\",\"caption\":\"severine\"}}]}<\/script>\n<!-- \/ Yoast SEO plugin. -->","yoast_head_json":{"title":"Ces\u00e1ria \u00c9vora contin\u00faa su gira por Francia - VeevCom","robots":{"index":"index","follow":"follow","max-snippet":"max-snippet:-1","max-image-preview":"max-image-preview:large","max-video-preview":"max-video-preview:-1"},"canonical":"https:\/\/veevcom.com\/es\/cesaria-evora-orchestra-poursuit-sa-tournee-en-france\/","og_locale":"es_ES","og_type":"article","og_title":"Ces\u00e1ria \u00c9vora contin\u00faa su gira por Francia - VeevCom","og_description":"Disculpa, pero esta entrada est\u00e1 disponible s\u00f3lo en FR.Apr\u00e8s le succ\u00e8s de sa tourn\u00e9e en France en 2025 (La Marbrerie, Musiques M\u00e9tisses, Africolor&#8230;), le Ces\u00e1ria \u00c9vora Orchestra poursuit sa route \u00e0 la rencontre de son public pour c\u00e9l\u00e9brer Ces\u00e1ria \u00c9vora, en r\u00e9unissant sur sc\u00e8ne la cr\u00e8me des musiciens capverdiens et quelques-unes des plus grandes voix [&hellip;]","og_url":"https:\/\/veevcom.com\/es\/cesaria-evora-orchestra-poursuit-sa-tournee-en-france\/","og_site_name":"VeevCom","article_published_time":"2026-01-23T16:34:15+00:00","article_modified_time":"2026-02-05T15:55:08+00:00","og_image":[{"width":300,"height":300,"url":"http:\/\/veevcom.com\/wp-content\/uploads\/2026\/01\/Cesaria@300\u00a9Photo-Joe-Wuerfel-_-Lusafrica.jpg","type":"image\/jpeg"}],"author":"severine","twitter_card":"summary_large_image","twitter_misc":{"Escrito por":"severine","Tiempo de lectura":"2 minutos"},"schema":{"@context":"https:\/\/schema.org","@graph":[{"@type":"Article","@id":"https:\/\/veevcom.com\/cesaria-evora-orchestra-poursuit-sa-tournee-en-france\/#article","isPartOf":{"@id":"https:\/\/veevcom.com\/cesaria-evora-orchestra-poursuit-sa-tournee-en-france\/"},"author":{"name":"severine","@id":"https:\/\/veevcom.com\/#\/schema\/person\/754f1f5a030d278766b52cf0e0c62e8b"},"headline":"Ces\u00e1ria \u00c9vora contin\u00faa su gira por Francia","datePublished":"2026-01-23T16:34:15+00:00","dateModified":"2026-02-05T15:55:08+00:00","mainEntityOfPage":{"@id":"https:\/\/veevcom.com\/cesaria-evora-orchestra-poursuit-sa-tournee-en-france\/"},"wordCount":391,"image":{"@id":"https:\/\/veevcom.com\/cesaria-evora-orchestra-poursuit-sa-tournee-en-france\/#primaryimage"},"thumbnailUrl":"https:\/\/veevcom.com\/wp-content\/uploads\/2026\/01\/Cesaria@300\u00a9Photo-Joe-Wuerfel-_-Lusafrica.jpg","articleSection":["Actualidad"],"inLanguage":"es"},{"@type":"WebPage","@id":"https:\/\/veevcom.com\/es\/cesaria-evora-orchestra-poursuit-sa-tournee-en-france\/","url":"https:\/\/veevcom.com\/es\/cesaria-evora-orchestra-poursuit-sa-tournee-en-france\/","name":"Ces\u00e1ria \u00c9vora contin\u00faa su gira por Francia - VeevCom","isPartOf":{"@id":"https:\/\/veevcom.com\/es\/#website"},"primaryImageOfPage":{"@id":"https:\/\/veevcom.com\/es\/cesaria-evora-orchestra-poursuit-sa-tournee-en-france\/#primaryimage"},"image":{"@id":"https:\/\/veevcom.com\/cesaria-evora-orchestra-poursuit-sa-tournee-en-france\/#primaryimage"},"thumbnailUrl":"https:\/\/veevcom.com\/wp-content\/uploads\/2026\/01\/Cesaria@300\u00a9Photo-Joe-Wuerfel-_-Lusafrica.jpg","datePublished":"2026-01-23T16:34:15+00:00","dateModified":"2026-02-05T15:55:08+00:00","author":{"@id":"https:\/\/veevcom.com\/#\/schema\/person\/754f1f5a030d278766b52cf0e0c62e8b"},"breadcrumb":{"@id":"https:\/\/veevcom.com\/es\/cesaria-evora-orchestra-poursuit-sa-tournee-en-france\/#breadcrumb"},"inLanguage":"es","potentialAction":[{"@type":"ReadAction","target":[["https:\/\/veevcom.com\/es\/cesaria-evora-orchestra-poursuit-sa-tournee-en-france\/"]]}]},{"@type":"ImageObject","inLanguage":"es","@id":"https:\/\/veevcom.com\/es\/cesaria-evora-orchestra-poursuit-sa-tournee-en-france\/#primaryimage","url":"https:\/\/veevcom.com\/wp-content\/uploads\/2026\/01\/Cesaria@300\u00a9Photo-Joe-Wuerfel-_-Lusafrica.jpg","contentUrl":"https:\/\/veevcom.com\/wp-content\/uploads\/2026\/01\/Cesaria@300\u00a9Photo-Joe-Wuerfel-_-Lusafrica.jpg","width":300,"height":300},{"@type":"BreadcrumbList","@id":"https:\/\/veevcom.com\/es\/cesaria-evora-orchestra-poursuit-sa-tournee-en-france\/#breadcrumb","itemListElement":[{"@type":"ListItem","position":1,"name":"Accueil","item":"https:\/\/veevcom.com\/es\/"},{"@type":"ListItem","position":2,"name":"Ces\u00e1ria \u00c9vora Orchestra poursuit sa tourn\u00e9e en France"}]},{"@type":"WebSite","@id":"https:\/\/veevcom.com\/es\/#website","url":"https:\/\/veevcom.com\/es\/","name":"VeevCom","description":"Public Relations and Communication in the Music Industry","potentialAction":[{"@type":"SearchAction","target":{"@type":"EntryPoint","urlTemplate":"https:\/\/veevcom.com\/es\/?s={search_term_string}"},"query-input":{"@type":"PropertyValueSpecification","valueRequired":true,"valueName":"search_term_string"}}],"inLanguage":"es"},{"@type":"Person","@id":"https:\/\/veevcom.com\/#\/schema\/person\/754f1f5a030d278766b52cf0e0c62e8b","name":"severine","image":{"@type":"ImageObject","inLanguage":"es","@id":"https:\/\/secure.gravatar.com\/avatar\/ba307ed472519f403589981b25bf62b4089c1f82b837eaae855dd05633adf22c?s=96&d=mm&r=g","url":"https:\/\/secure.gravatar.com\/avatar\/ba307ed472519f403589981b25bf62b4089c1f82b837eaae855dd05633adf22c?s=96&d=mm&r=g","contentUrl":"https:\/\/secure.gravatar.com\/avatar\/ba307ed472519f403589981b25bf62b4089c1f82b837eaae855dd05633adf22c?s=96&d=mm&r=g","caption":"severine"}}]}},"_links":{"self":[{"href":"https:\/\/veevcom.com\/es\/wp-json\/wp\/v2\/posts\/70365","targetHints":{"allow":["GET"]}}],"collection":[{"href":"https:\/\/veevcom.com\/es\/wp-json\/wp\/v2\/posts"}],"about":[{"href":"https:\/\/veevcom.com\/es\/wp-json\/wp\/v2\/types\/post"}],"author":[{"embeddable":true,"href":"https:\/\/veevcom.com\/es\/wp-json\/wp\/v2\/users\/3"}],"replies":[{"embeddable":true,"href":"https:\/\/veevcom.com\/es\/wp-json\/wp\/v2\/comments?post=70365"}],"version-history":[{"count":6,"href":"https:\/\/veevcom.com\/es\/wp-json\/wp\/v2\/posts\/70365\/revisions"}],"predecessor-version":[{"id":70385,"href":"https:\/\/veevcom.com\/es\/wp-json\/wp\/v2\/posts\/70365\/revisions\/70385"}],"wp:featuredmedia":[{"embeddable":true,"href":"https:\/\/veevcom.com\/es\/wp-json\/wp\/v2\/media\/70366"}],"wp:attachment":[{"href":"https:\/\/veevcom.com\/es\/wp-json\/wp\/v2\/media?parent=70365"}],"wp:term":[{"taxonomy":"category","embeddable":true,"href":"https:\/\/veevcom.com\/es\/wp-json\/wp\/v2\/categories?post=70365"},{"taxonomy":"post_tag","embeddable":true,"href":"https:\/\/veevcom.com\/es\/wp-json\/wp\/v2\/tags?post=70365"}],"curies":[{"name":"wp","href":"https:\/\/api.w.org\/{rel}","templated":true}]}}