{"id":70331,"date":"2025-12-19T18:04:26","date_gmt":"2025-12-19T17:04:26","guid":{"rendered":"https:\/\/veevcom.com\/?p=70331"},"modified":"2025-12-19T18:04:26","modified_gmt":"2025-12-19T17:04:26","slug":"ana-crisman-arpa-flamenca-presente-arpaora","status":"publish","type":"post","link":"https:\/\/veevcom.com\/es\/ana-crisman-arpa-flamenca-presente-arpaora\/","title":{"rendered":"Ana Crism\u00e1n Arpa Flamenca presenta \u00ab Arpaora \u00bb"},"content":{"rendered":"<p><strong>Ana Crism\u00e1n Arpa Flamenca<\/strong>, arpista espa\u00f1ola originaria de Andaluc\u00eda, presentar\u00e1 su nuevo \u00e1lbum \u00ab<strong>Arpaora<\/strong>\u00bb, que saldr\u00e1 a la venta el<strong> 20\/02\/2026<\/strong> en CD (Francia) con el sello <strong>Andalouse Alhambra \/ InOu\u00efe Distribution<\/strong>. El \u00e1lbum \u00ab<strong>Arpaora<\/strong>\u00bb es el <strong>primer disco de arpa flamenca de la<\/strong><br \/>\n<strong>historia de la m\u00fasica.<\/strong> Tras su lanzamiento en Espa\u00f1a en formato digital el 28\/03\/2025, fue <strong>ampliamente aclamado por la cr\u00edtica<\/strong>:<br \/>\n<em>\u00ab Ana Crism\u00e1n, la artista que ha convertido el arpa en un instrumento flamenco<\/em>. \u00bb<strong> EL PA\u00cdS<\/strong><br \/>\n<em>\u00ab Pionera y \u00fanica en el mundo en el uso del arpa para flamenco. \u00bb<\/em> <strong>RTVE<\/strong><br \/>\n<em>\u00ab Ella va a ser la pr\u00f3xima revoluci\u00f3n en el Flamenco. \u00bb<\/em> <strong>Jos\u00e9 Merc\u00e9<\/strong> (artista flamenco)<\/p>\n<p><strong>Ana Crism\u00e1n Arpa Flamenca<\/strong> y <strong>Luis de la Carrasca<\/strong> (artista invitado) presentar\u00e1n esta nueva obra en el escenario del <strong>Studio de L&#8217;Ermitage<\/strong> con motivo de un concierto de lanzamiento excepcional el <strong>18\/03\/2026,<\/strong> cuyo cartel es el siguiente: <strong>Ana Crism\u00e1n Arpa Flamenca<\/strong> (arpa flamenca), <strong>Luis de la Carrasca<\/strong> (cante flamenco), <strong>Juan Luis Fern\u00e1ndez<\/strong> (percusi\u00f3n) y <strong>C\u00e9line Daussan \u00abLa Rosa Negra\u00bb<\/strong> (baile).<\/p>\n<p>En este \u00e1lbum, <strong>Ana Crism\u00e1n Arpa Flamenca<\/strong> se ha rodeado de: <strong>Jes\u00fas M\u00e9ndez:<\/strong> voz; <strong>Javier Ktumba<\/strong>: percusi\u00f3n y palmas; <strong>Vicente Soto Sordera<\/strong>: voz; <strong>Pedro Navarro<\/strong>: percusi\u00f3n; <strong>M. <\/strong><strong>Cantarote:<\/strong> palmas; <strong>Jos\u00e9 Valencia<\/strong>: voz; <strong>Juan Diego Valencia Vargas<\/strong>: palmas; <strong>Jorge Pardo<\/strong>: artista colaborador de metales; <strong>Rosa G\u00f3mez:<\/strong> coros, voz; <strong>Rosario Heredia:<\/strong> coros, voz; <strong>Tomasa \u00abLa Macanita\u00bb:<\/strong> voz.<\/p>\n<p>&nbsp;<\/p>\n<p><strong>ARPAORA : el primer disco de arpa flamenca de la historia de la m\u00fasica<\/strong><\/p>\n<p>Con la presentaci\u00f3n del EP en el World Music Festival de Chicago en octubre de 2024 y la presentaci\u00f3n del \u00e1lbum completo en el Festival de Flamenco de Jerez en 2025, <strong>Arpaora<\/strong> nos trae, adem\u00e1s del primer \u00e1lbum de arpa flamenca, una figura innovadora y absolutamente original en el universo del flamenco: la figura del <strong>Arpaora<\/strong>, es decir, de la persona que expresa flamenco a trav\u00e9s de un arpa.<\/p>\n<p>El \u00e1lbum <strong>Arpaora<\/strong> se convierte en la primera fuente y referencia en la historia de la m\u00fasica del Flamenco, donde el arpa adquiere un lenguaje, discurso y c\u00f3digos puramente flamencos. Nacida en la cuna del arte flamenco, Jerez de la Frontera, <strong>Ana Crism\u00e1n<\/strong> se adentra en un terreno no explorado e investiga la sonoridad infinita del arpa, tray\u00e9ndola al territorio flamenco. Al igual que precursores como <strong>Paco de Luc\u00eda<\/strong>, que enriquecieron la expresi\u00f3n del flamenco, Ana capacita a este instrumento para expresar todos los estilos de este g\u00e9nero con la personalidad y el sello del arpa.<\/p>\n<p><strong>Crism\u00e1n<\/strong> nos invita a compartir su primer \u00e1lbum debut <strong>Arpaora<\/strong>, un recorrido de composiciones propias que se inicia con una zambra y se extiende por los estilos flamencos m\u00e1s representativos, tray\u00e9ndonos innovaci\u00f3n y voz flamenca propias.<br \/>\nEn 2025 presenta su \u00e1lbum <strong>Arpaora<\/strong> en Espa\u00f1a y luego emprende una gira internacional, llevando el sonido \u00fanico de su arpa flamenca a los escenarios de todo el mundo.<br \/>\n<strong>Ana Crism\u00e1n<\/strong>, que ha colaborado con leyendas del flamenco y el jazz como <strong>Miguel Poveda<\/strong> y <strong>Jorge Pardo<\/strong>, redefine el flamenco y ampl\u00eda el papel del arpa en la m\u00fasica moderna.<\/p>","protected":false},"excerpt":{"rendered":"<p>Ana Crism\u00e1n Arpa Flamenca, arpista espa\u00f1ola originaria de Andaluc\u00eda, presentar\u00e1 su nuevo \u00e1lbum \u00abArpaora\u00bb, que saldr\u00e1 a la venta el 20\/02\/2026 en CD (Francia) con el sello Andalouse Alhambra \/ InOu\u00efe Distribution. El \u00e1lbum \u00abArpaora\u00bb es el primer disco de arpa flamenca de la historia de la m\u00fasica. Tras su lanzamiento en Espa\u00f1a en formato [&hellip;]<\/p>\n","protected":false},"author":3,"featured_media":70333,"comment_status":"closed","ping_status":"closed","sticky":false,"template":"","format":"standard","meta":{"_acf_changed":false,"footnotes":""},"categories":[1],"tags":[],"class_list":["post-70331","post","type-post","status-publish","format-standard","has-post-thumbnail","hentry","category-non-classe"],"acf":[],"yoast_head":"<!-- This site is optimized with the Yoast SEO plugin v27.4 - https:\/\/yoast.com\/product\/yoast-seo-wordpress\/ -->\n<title>Ana Crism\u00e1n Arpa Flamenca presenta \u00ab Arpaora \u00bb - VeevCom<\/title>\n<meta name=\"robots\" content=\"index, follow, max-snippet:-1, max-image-preview:large, max-video-preview:-1\" \/>\n<link rel=\"canonical\" href=\"https:\/\/veevcom.com\/es\/ana-crisman-arpa-flamenca-presente-arpaora\/\" \/>\n<meta property=\"og:locale\" content=\"es_ES\" \/>\n<meta property=\"og:type\" content=\"article\" \/>\n<meta property=\"og:title\" content=\"Ana Crism\u00e1n Arpa Flamenca presenta \u00ab Arpaora \u00bb - VeevCom\" \/>\n<meta property=\"og:description\" content=\"Ana Crism\u00e1n Arpa Flamenca, arpista espa\u00f1ola originaria de Andaluc\u00eda, presentar\u00e1 su nuevo \u00e1lbum \u00abArpaora\u00bb, que saldr\u00e1 a la venta el 20\/02\/2026 en CD (Francia) con el sello Andalouse Alhambra \/ InOu\u00efe Distribution. El \u00e1lbum \u00abArpaora\u00bb es el primer disco de arpa flamenca de la historia de la m\u00fasica. Tras su lanzamiento en Espa\u00f1a en formato [&hellip;]\" \/>\n<meta property=\"og:url\" content=\"https:\/\/veevcom.com\/es\/ana-crisman-arpa-flamenca-presente-arpaora\/\" \/>\n<meta property=\"og:site_name\" content=\"VeevCom\" \/>\n<meta property=\"article:published_time\" content=\"2025-12-19T17:04:26+00:00\" \/>\n<meta property=\"og:image\" content=\"http:\/\/veevcom.com\/wp-content\/uploads\/2025\/12\/anverso-rgb\u00a9Irene-Sanchez-Gonzalez.jpg\" \/>\n\t<meta property=\"og:image:width\" content=\"1513\" \/>\n\t<meta property=\"og:image:height\" content=\"1513\" \/>\n\t<meta property=\"og:image:type\" content=\"image\/jpeg\" \/>\n<meta name=\"author\" content=\"severine\" \/>\n<meta name=\"twitter:card\" content=\"summary_large_image\" \/>\n<meta name=\"twitter:label1\" content=\"Escrito por\" \/>\n\t<meta name=\"twitter:data1\" content=\"severine\" \/>\n\t<meta name=\"twitter:label2\" content=\"Tiempo de lectura\" \/>\n\t<meta name=\"twitter:data2\" content=\"3 minutos\" \/>\n<script type=\"application\/ld+json\" class=\"yoast-schema-graph\">{\"@context\":\"https:\\\/\\\/schema.org\",\"@graph\":[{\"@type\":\"Article\",\"@id\":\"https:\\\/\\\/veevcom.com\\\/ana-crisman-arpa-flamenca-presente-arpaora\\\/#article\",\"isPartOf\":{\"@id\":\"https:\\\/\\\/veevcom.com\\\/ana-crisman-arpa-flamenca-presente-arpaora\\\/\"},\"author\":{\"name\":\"severine\",\"@id\":\"https:\\\/\\\/veevcom.com\\\/#\\\/schema\\\/person\\\/754f1f5a030d278766b52cf0e0c62e8b\"},\"headline\":\"Ana Crism\u00e1n Arpa Flamenca presenta \u00ab Arpaora \u00bb\",\"datePublished\":\"2025-12-19T17:04:26+00:00\",\"mainEntityOfPage\":{\"@id\":\"https:\\\/\\\/veevcom.com\\\/ana-crisman-arpa-flamenca-presente-arpaora\\\/\"},\"wordCount\":1641,\"image\":{\"@id\":\"https:\\\/\\\/veevcom.com\\\/ana-crisman-arpa-flamenca-presente-arpaora\\\/#primaryimage\"},\"thumbnailUrl\":\"https:\\\/\\\/veevcom.com\\\/wp-content\\\/uploads\\\/2025\\\/12\\\/anverso-rgb\u00a9Irene-Sanchez-Gonzalez.jpg\",\"articleSection\":[\"Actualidad\"],\"inLanguage\":\"es\"},{\"@type\":\"WebPage\",\"@id\":\"https:\\\/\\\/veevcom.com\\\/es\\\/ana-crisman-arpa-flamenca-presente-arpaora\\\/\",\"url\":\"https:\\\/\\\/veevcom.com\\\/es\\\/ana-crisman-arpa-flamenca-presente-arpaora\\\/\",\"name\":\"Ana Crism\u00e1n Arpa Flamenca presenta \u00ab Arpaora \u00bb - VeevCom\",\"isPartOf\":{\"@id\":\"https:\\\/\\\/veevcom.com\\\/es\\\/#website\"},\"primaryImageOfPage\":{\"@id\":\"https:\\\/\\\/veevcom.com\\\/es\\\/ana-crisman-arpa-flamenca-presente-arpaora\\\/#primaryimage\"},\"image\":{\"@id\":\"https:\\\/\\\/veevcom.com\\\/ana-crisman-arpa-flamenca-presente-arpaora\\\/#primaryimage\"},\"thumbnailUrl\":\"https:\\\/\\\/veevcom.com\\\/wp-content\\\/uploads\\\/2025\\\/12\\\/anverso-rgb\u00a9Irene-Sanchez-Gonzalez.jpg\",\"datePublished\":\"2025-12-19T17:04:26+00:00\",\"author\":{\"@id\":\"https:\\\/\\\/veevcom.com\\\/#\\\/schema\\\/person\\\/754f1f5a030d278766b52cf0e0c62e8b\"},\"breadcrumb\":{\"@id\":\"https:\\\/\\\/veevcom.com\\\/es\\\/ana-crisman-arpa-flamenca-presente-arpaora\\\/#breadcrumb\"},\"inLanguage\":\"es\",\"potentialAction\":[{\"@type\":\"ReadAction\",\"target\":[[\"https:\\\/\\\/veevcom.com\\\/es\\\/ana-crisman-arpa-flamenca-presente-arpaora\\\/\"]]}]},{\"@type\":\"ImageObject\",\"inLanguage\":\"es\",\"@id\":\"https:\\\/\\\/veevcom.com\\\/es\\\/ana-crisman-arpa-flamenca-presente-arpaora\\\/#primaryimage\",\"url\":\"https:\\\/\\\/veevcom.com\\\/wp-content\\\/uploads\\\/2025\\\/12\\\/anverso-rgb\u00a9Irene-Sanchez-Gonzalez.jpg\",\"contentUrl\":\"https:\\\/\\\/veevcom.com\\\/wp-content\\\/uploads\\\/2025\\\/12\\\/anverso-rgb\u00a9Irene-Sanchez-Gonzalez.jpg\",\"width\":1513,\"height\":1513,\"caption\":\"Pochette Arpaora d'Ana Crism\u00e1n Arpa Flamenca\"},{\"@type\":\"BreadcrumbList\",\"@id\":\"https:\\\/\\\/veevcom.com\\\/es\\\/ana-crisman-arpa-flamenca-presente-arpaora\\\/#breadcrumb\",\"itemListElement\":[{\"@type\":\"ListItem\",\"position\":1,\"name\":\"Accueil\",\"item\":\"https:\\\/\\\/veevcom.com\\\/es\\\/\"},{\"@type\":\"ListItem\",\"position\":2,\"name\":\"Ana Crism\u00e1n Arpa Flamenca pr\u00e9sente \u00ab Arpaora \u00bb\"}]},{\"@type\":\"WebSite\",\"@id\":\"https:\\\/\\\/veevcom.com\\\/es\\\/#website\",\"url\":\"https:\\\/\\\/veevcom.com\\\/es\\\/\",\"name\":\"VeevCom\",\"description\":\"Public Relations and Communication in the Music Industry\",\"potentialAction\":[{\"@type\":\"SearchAction\",\"target\":{\"@type\":\"EntryPoint\",\"urlTemplate\":\"https:\\\/\\\/veevcom.com\\\/es\\\/?s={search_term_string}\"},\"query-input\":{\"@type\":\"PropertyValueSpecification\",\"valueRequired\":true,\"valueName\":\"search_term_string\"}}],\"inLanguage\":\"es\"},{\"@type\":\"Person\",\"@id\":\"https:\\\/\\\/veevcom.com\\\/#\\\/schema\\\/person\\\/754f1f5a030d278766b52cf0e0c62e8b\",\"name\":\"severine\",\"image\":{\"@type\":\"ImageObject\",\"inLanguage\":\"es\",\"@id\":\"https:\\\/\\\/secure.gravatar.com\\\/avatar\\\/ba307ed472519f403589981b25bf62b4089c1f82b837eaae855dd05633adf22c?s=96&d=mm&r=g\",\"url\":\"https:\\\/\\\/secure.gravatar.com\\\/avatar\\\/ba307ed472519f403589981b25bf62b4089c1f82b837eaae855dd05633adf22c?s=96&d=mm&r=g\",\"contentUrl\":\"https:\\\/\\\/secure.gravatar.com\\\/avatar\\\/ba307ed472519f403589981b25bf62b4089c1f82b837eaae855dd05633adf22c?s=96&d=mm&r=g\",\"caption\":\"severine\"}}]}<\/script>\n<!-- \/ Yoast SEO plugin. -->","yoast_head_json":{"title":"Ana Crism\u00e1n Arpa Flamenca presenta \u00ab Arpaora \u00bb - VeevCom","robots":{"index":"index","follow":"follow","max-snippet":"max-snippet:-1","max-image-preview":"max-image-preview:large","max-video-preview":"max-video-preview:-1"},"canonical":"https:\/\/veevcom.com\/es\/ana-crisman-arpa-flamenca-presente-arpaora\/","og_locale":"es_ES","og_type":"article","og_title":"Ana Crism\u00e1n Arpa Flamenca presenta \u00ab Arpaora \u00bb - VeevCom","og_description":"Ana Crism\u00e1n Arpa Flamenca, arpista espa\u00f1ola originaria de Andaluc\u00eda, presentar\u00e1 su nuevo \u00e1lbum \u00abArpaora\u00bb, que saldr\u00e1 a la venta el 20\/02\/2026 en CD (Francia) con el sello Andalouse Alhambra \/ InOu\u00efe Distribution. El \u00e1lbum \u00abArpaora\u00bb es el primer disco de arpa flamenca de la historia de la m\u00fasica. Tras su lanzamiento en Espa\u00f1a en formato [&hellip;]","og_url":"https:\/\/veevcom.com\/es\/ana-crisman-arpa-flamenca-presente-arpaora\/","og_site_name":"VeevCom","article_published_time":"2025-12-19T17:04:26+00:00","og_image":[{"width":1513,"height":1513,"url":"http:\/\/veevcom.com\/wp-content\/uploads\/2025\/12\/anverso-rgb\u00a9Irene-Sanchez-Gonzalez.jpg","type":"image\/jpeg"}],"author":"severine","twitter_card":"summary_large_image","twitter_misc":{"Escrito por":"severine","Tiempo de lectura":"3 minutos"},"schema":{"@context":"https:\/\/schema.org","@graph":[{"@type":"Article","@id":"https:\/\/veevcom.com\/ana-crisman-arpa-flamenca-presente-arpaora\/#article","isPartOf":{"@id":"https:\/\/veevcom.com\/ana-crisman-arpa-flamenca-presente-arpaora\/"},"author":{"name":"severine","@id":"https:\/\/veevcom.com\/#\/schema\/person\/754f1f5a030d278766b52cf0e0c62e8b"},"headline":"Ana Crism\u00e1n Arpa Flamenca presenta \u00ab Arpaora \u00bb","datePublished":"2025-12-19T17:04:26+00:00","mainEntityOfPage":{"@id":"https:\/\/veevcom.com\/ana-crisman-arpa-flamenca-presente-arpaora\/"},"wordCount":1641,"image":{"@id":"https:\/\/veevcom.com\/ana-crisman-arpa-flamenca-presente-arpaora\/#primaryimage"},"thumbnailUrl":"https:\/\/veevcom.com\/wp-content\/uploads\/2025\/12\/anverso-rgb\u00a9Irene-Sanchez-Gonzalez.jpg","articleSection":["Actualidad"],"inLanguage":"es"},{"@type":"WebPage","@id":"https:\/\/veevcom.com\/es\/ana-crisman-arpa-flamenca-presente-arpaora\/","url":"https:\/\/veevcom.com\/es\/ana-crisman-arpa-flamenca-presente-arpaora\/","name":"Ana Crism\u00e1n Arpa Flamenca presenta \u00ab Arpaora \u00bb - VeevCom","isPartOf":{"@id":"https:\/\/veevcom.com\/es\/#website"},"primaryImageOfPage":{"@id":"https:\/\/veevcom.com\/es\/ana-crisman-arpa-flamenca-presente-arpaora\/#primaryimage"},"image":{"@id":"https:\/\/veevcom.com\/ana-crisman-arpa-flamenca-presente-arpaora\/#primaryimage"},"thumbnailUrl":"https:\/\/veevcom.com\/wp-content\/uploads\/2025\/12\/anverso-rgb\u00a9Irene-Sanchez-Gonzalez.jpg","datePublished":"2025-12-19T17:04:26+00:00","author":{"@id":"https:\/\/veevcom.com\/#\/schema\/person\/754f1f5a030d278766b52cf0e0c62e8b"},"breadcrumb":{"@id":"https:\/\/veevcom.com\/es\/ana-crisman-arpa-flamenca-presente-arpaora\/#breadcrumb"},"inLanguage":"es","potentialAction":[{"@type":"ReadAction","target":[["https:\/\/veevcom.com\/es\/ana-crisman-arpa-flamenca-presente-arpaora\/"]]}]},{"@type":"ImageObject","inLanguage":"es","@id":"https:\/\/veevcom.com\/es\/ana-crisman-arpa-flamenca-presente-arpaora\/#primaryimage","url":"https:\/\/veevcom.com\/wp-content\/uploads\/2025\/12\/anverso-rgb\u00a9Irene-Sanchez-Gonzalez.jpg","contentUrl":"https:\/\/veevcom.com\/wp-content\/uploads\/2025\/12\/anverso-rgb\u00a9Irene-Sanchez-Gonzalez.jpg","width":1513,"height":1513,"caption":"Pochette Arpaora d'Ana Crism\u00e1n Arpa Flamenca"},{"@type":"BreadcrumbList","@id":"https:\/\/veevcom.com\/es\/ana-crisman-arpa-flamenca-presente-arpaora\/#breadcrumb","itemListElement":[{"@type":"ListItem","position":1,"name":"Accueil","item":"https:\/\/veevcom.com\/es\/"},{"@type":"ListItem","position":2,"name":"Ana Crism\u00e1n Arpa Flamenca pr\u00e9sente \u00ab Arpaora \u00bb"}]},{"@type":"WebSite","@id":"https:\/\/veevcom.com\/es\/#website","url":"https:\/\/veevcom.com\/es\/","name":"VeevCom","description":"Public Relations and Communication in the Music Industry","potentialAction":[{"@type":"SearchAction","target":{"@type":"EntryPoint","urlTemplate":"https:\/\/veevcom.com\/es\/?s={search_term_string}"},"query-input":{"@type":"PropertyValueSpecification","valueRequired":true,"valueName":"search_term_string"}}],"inLanguage":"es"},{"@type":"Person","@id":"https:\/\/veevcom.com\/#\/schema\/person\/754f1f5a030d278766b52cf0e0c62e8b","name":"severine","image":{"@type":"ImageObject","inLanguage":"es","@id":"https:\/\/secure.gravatar.com\/avatar\/ba307ed472519f403589981b25bf62b4089c1f82b837eaae855dd05633adf22c?s=96&d=mm&r=g","url":"https:\/\/secure.gravatar.com\/avatar\/ba307ed472519f403589981b25bf62b4089c1f82b837eaae855dd05633adf22c?s=96&d=mm&r=g","contentUrl":"https:\/\/secure.gravatar.com\/avatar\/ba307ed472519f403589981b25bf62b4089c1f82b837eaae855dd05633adf22c?s=96&d=mm&r=g","caption":"severine"}}]}},"_links":{"self":[{"href":"https:\/\/veevcom.com\/es\/wp-json\/wp\/v2\/posts\/70331","targetHints":{"allow":["GET"]}}],"collection":[{"href":"https:\/\/veevcom.com\/es\/wp-json\/wp\/v2\/posts"}],"about":[{"href":"https:\/\/veevcom.com\/es\/wp-json\/wp\/v2\/types\/post"}],"author":[{"embeddable":true,"href":"https:\/\/veevcom.com\/es\/wp-json\/wp\/v2\/users\/3"}],"replies":[{"embeddable":true,"href":"https:\/\/veevcom.com\/es\/wp-json\/wp\/v2\/comments?post=70331"}],"version-history":[{"count":6,"href":"https:\/\/veevcom.com\/es\/wp-json\/wp\/v2\/posts\/70331\/revisions"}],"predecessor-version":[{"id":70338,"href":"https:\/\/veevcom.com\/es\/wp-json\/wp\/v2\/posts\/70331\/revisions\/70338"}],"wp:featuredmedia":[{"embeddable":true,"href":"https:\/\/veevcom.com\/es\/wp-json\/wp\/v2\/media\/70333"}],"wp:attachment":[{"href":"https:\/\/veevcom.com\/es\/wp-json\/wp\/v2\/media?parent=70331"}],"wp:term":[{"taxonomy":"category","embeddable":true,"href":"https:\/\/veevcom.com\/es\/wp-json\/wp\/v2\/categories?post=70331"},{"taxonomy":"post_tag","embeddable":true,"href":"https:\/\/veevcom.com\/es\/wp-json\/wp\/v2\/tags?post=70331"}],"curies":[{"name":"wp","href":"https:\/\/api.w.org\/{rel}","templated":true}]}}