{"id":69631,"date":"2025-12-05T18:02:44","date_gmt":"2025-12-05T17:02:44","guid":{"rendered":"https:\/\/veevcom.com\/?p=69631"},"modified":"2025-12-05T18:02:44","modified_gmt":"2025-12-05T17:02:44","slug":"tram-presente-alligator","status":"publish","type":"post","link":"https:\/\/veevcom.com\/es\/tram-presente-alligator\/","title":{"rendered":"TRAM presenta \u00abAlligator\u00bb"},"content":{"rendered":"<p class=\"qtranxs-available-languages-message qtranxs-available-languages-message-es\">Disculpa, pero esta entrada est\u00e1 disponible s\u00f3lo en <a href=\"https:\/\/veevcom.com\/fr\/wp-json\/wp\/v2\/posts\/69631\" class=\"qtranxs-available-language-link qtranxs-available-language-link-fr\" title=\"FR\">FR<\/a> y <a href=\"https:\/\/veevcom.com\/en\/wp-json\/wp\/v2\/posts\/69631\" class=\"qtranxs-available-language-link qtranxs-available-language-link-en\" title=\"EN\">EN<\/a>.<\/p><p><\/p>\n<div>Le groupe&nbsp;<strong>TRAM<\/strong> (pr\u00e9c\u00e9demment connu sous Tram des Balkans)&nbsp;f\u00eate ses <strong>25 ans de carri\u00e8re<\/strong>, et r\u00e9v\u00e8lera&nbsp;\u00ab<strong>Alligator<\/strong>\u00bb son <strong>septi\u00e8me<\/strong>&nbsp;album,&nbsp;\u00e0&nbsp;l&#8217;occasion de sa sortie le&nbsp;<strong>27<\/strong>&nbsp;<strong>f\u00e9vrier&nbsp;2026<\/strong>&nbsp;(digital, CD et vinyle) chez<strong>&nbsp;<\/strong><strong>Les Ent\u00eat\u00e9s&nbsp;<\/strong>\/ <strong>L&#8217;Autre Distribution<\/strong>. Cet opus sera pr\u00e9sent\u00e9 le <strong>jeudi 19&nbsp;mars&nbsp;2026&nbsp;<\/strong>sur la sc\u00e8ne du <strong>Studio de L&#8217;Ermitage<\/strong>&nbsp;(Paris, 20e)&nbsp;lors d&#8217;un<strong>&nbsp;concert de&nbsp;lancement<\/strong> exceptionnel en co-plateau avec&nbsp; <strong>Joulik<\/strong>, et<strong>&nbsp;<\/strong>le<strong> vendredi&nbsp;20 mars 2026<\/strong>&nbsp;au&nbsp;<strong>To\u00ef To\u00ef<\/strong> <strong>Le Zinc<\/strong> \u00e0 Villeurbanne (69).<br \/>\n&nbsp;<\/div>\n<div>Le nouveau single &nbsp;\u00ab<strong>L&#8217;encendido<\/strong>\u00bb sera disponible sur toutes les plateformes \u00e0 compter de&nbsp;<strong>fin janvier 2026<\/strong>. D&#8217;ici l\u00e0, (re)d\u00e9couvrez leurs pr\u00e9c\u00e9dents singles, d\u00e9j\u00e0 publi\u00e9es sur toutes les <strong>plateformes<\/strong>,&nbsp;dont le <strong>clip<\/strong> du titre <strong>Alligator<\/strong>.<\/div>\n<div>&nbsp;<\/div>\n<div><strong>TRAM<\/strong>, c&#8217;est une dizaine de cre\u0301ations originales sur sce\u0300ne, 7 albums et plus de 1200 concerts. Les 5 musiciens-chanteurs continuent a\u0300 creuser leur sillon singulier fait d&#8217;une appropriation de\u0301complexe\u0301e de diverses traditions musicales : Europe Centrale, musique klezmer, mais aussi folk nordique ou polyrythmies re\u0301unionnaises. L&#8217;unite\u0301 est garantie par l&#8217;immense complicite\u0301 qui soude les membres du groupe, leur curiosite\u0301 joyeuse. L&#8217;e\u0301nergie pop&#8217;n&#8217;trad des de\u0301buts est intacte, faisant parfois place a\u0300 une touche rock bienvenue.<\/div>\n<div>&nbsp;<\/div>\n<div><strong>TRAM<\/strong> est compos\u00e9 de :<\/div>\n<ul>\n<li><strong>Vincent Gaffet<\/strong> :&nbsp; chant, accorde\u0301on, guimbarde, harmonica<\/li>\n<li><strong>Vincent Westphal <\/strong>: chant, clarinette, clarinette basse<\/li>\n<li><strong>Diego Meymarian<\/strong> : chant, violon, cistre, banjo, mandoline<\/li>\n<li><strong>Mathieu Cervera<\/strong> : batterie, percussions, chant<\/li>\n<li><strong>Nicolas Canavaggia<\/strong> : contrebasse, basse e\u0301lectrique, chant<\/li>\n<\/ul>\n<div>\n<p>&nbsp;<\/p>\n<p><strong>HISTOIRE(S) D&#8217;UN ALBUM : l<\/strong><strong>a gene\u0300se<\/strong><\/p>\n<p><strong>Alligator<\/strong> est l&#8217;histoire d&#8217;un renouveau et d&#8217;une lente maturation pour le groupe. Le pre\u0301ce\u0301dent projet, <strong>En cavale<\/strong> (cre\u0301e\u0301 en 2022, toujours en tourne\u0301e), a vu <strong>TRAM<\/strong> convier la chanteuse <strong>Me\u0301lissa Zantman<\/strong> sur un re\u0301pertoire intime et acoustique, assez centre\u0301 sur des airs traditionnels et polyphonies d&#8217;Europe centrale.<\/p>\n<p>Pour la cre\u0301ation suivante le groupe a de\u0301cide\u0301 de jouer le contraste et de travailler sur la dure\u0301e : deux ans a\u0300 tester de nouvelles pistes, se laisser porter une nouvelle fois par les influences et propositions de chacun des musiciens.<\/p>\n<p>Il s&#8217;agissait aussi de passer le cap des 25 ans du groupe sans tomber dans la nostalgie ou l&#8217;auto-ce\u0301le\u0301bration, mais sans renier son parcours.<\/p>\n<p>Il en sort un album marque\u0301 par la varie\u0301te\u0301 des timbres et des voix, mene\u0301 tambour battant par un groupe toujours partant pour faire danser les frontie\u0300res. Un style pop&#8217;n trad assume\u0301 plus que jamais, une musique ludique et chaleureuse, toujours abordable mais ne ce\u0301dant jamais a\u0300 la facilite\u0301.<\/p>\n<\/div>\n<p><\/p>","protected":false},"excerpt":{"rendered":"<p>Disculpa, pero esta entrada est\u00e1 disponible s\u00f3lo en FR y EN. Le groupe&nbsp;TRAM (pr\u00e9c\u00e9demment connu sous Tram des Balkans)&nbsp;f\u00eate ses 25 ans de carri\u00e8re, et r\u00e9v\u00e8lera&nbsp;\u00abAlligator\u00bb son septi\u00e8me&nbsp;album,&nbsp;\u00e0&nbsp;l&#8217;occasion de sa sortie le&nbsp;27&nbsp;f\u00e9vrier&nbsp;2026&nbsp;(digital, CD et vinyle) chez&nbsp;Les Ent\u00eat\u00e9s&nbsp;\/ L&#8217;Autre Distribution. Cet opus sera pr\u00e9sent\u00e9 le jeudi 19&nbsp;mars&nbsp;2026&nbsp;sur la sc\u00e8ne du Studio de L&#8217;Ermitage&nbsp;(Paris, 20e)&nbsp;lors d&#8217;un&nbsp;concert de&nbsp;lancement [&hellip;]<\/p>\n","protected":false},"author":3,"featured_media":69634,"comment_status":"closed","ping_status":"closed","sticky":false,"template":"","format":"standard","meta":{"_acf_changed":false,"footnotes":""},"categories":[1],"tags":[],"class_list":["post-69631","post","type-post","status-publish","format-standard","has-post-thumbnail","hentry","category-non-classe"],"acf":[],"yoast_head":"<!-- This site is optimized with the Yoast SEO plugin v27.4 - https:\/\/yoast.com\/product\/yoast-seo-wordpress\/ -->\n<title>TRAM presenta &quot;Alligator&quot; - VeevCom<\/title>\n<meta name=\"robots\" content=\"index, follow, max-snippet:-1, max-image-preview:large, max-video-preview:-1\" \/>\n<link rel=\"canonical\" href=\"https:\/\/veevcom.com\/es\/tram-presente-alligator\/\" \/>\n<meta property=\"og:locale\" content=\"es_ES\" \/>\n<meta property=\"og:type\" content=\"article\" \/>\n<meta property=\"og:title\" content=\"TRAM presenta &quot;Alligator&quot; - VeevCom\" \/>\n<meta property=\"og:description\" content=\"Disculpa, pero esta entrada est\u00e1 disponible s\u00f3lo en FR y EN. Le groupe&nbsp;TRAM (pr\u00e9c\u00e9demment connu sous Tram des Balkans)&nbsp;f\u00eate ses 25 ans de carri\u00e8re, et r\u00e9v\u00e8lera&nbsp;\u00abAlligator\u00bb son septi\u00e8me&nbsp;album,&nbsp;\u00e0&nbsp;l&#8217;occasion de sa sortie le&nbsp;27&nbsp;f\u00e9vrier&nbsp;2026&nbsp;(digital, CD et vinyle) chez&nbsp;Les Ent\u00eat\u00e9s&nbsp;\/ L&#8217;Autre Distribution. Cet opus sera pr\u00e9sent\u00e9 le jeudi 19&nbsp;mars&nbsp;2026&nbsp;sur la sc\u00e8ne du Studio de L&#8217;Ermitage&nbsp;(Paris, 20e)&nbsp;lors d&#8217;un&nbsp;concert de&nbsp;lancement [&hellip;]\" \/>\n<meta property=\"og:url\" content=\"https:\/\/veevcom.com\/es\/tram-presente-alligator\/\" \/>\n<meta property=\"og:site_name\" content=\"VeevCom\" \/>\n<meta property=\"article:published_time\" content=\"2025-12-05T17:02:44+00:00\" \/>\n<meta property=\"og:image\" content=\"http:\/\/veevcom.com\/wp-content\/uploads\/2025\/12\/RECTO-ALBUM-HD-RVB-300DPI\u00a9Servane-Tranchant-1024x1024.jpg\" \/>\n\t<meta property=\"og:image:width\" content=\"1024\" \/>\n\t<meta property=\"og:image:height\" content=\"1024\" \/>\n\t<meta property=\"og:image:type\" content=\"image\/jpeg\" \/>\n<meta name=\"author\" content=\"severine\" \/>\n<meta name=\"twitter:card\" content=\"summary_large_image\" \/>\n<meta name=\"twitter:label1\" content=\"Escrito por\" \/>\n\t<meta name=\"twitter:data1\" content=\"severine\" \/>\n\t<meta name=\"twitter:label2\" content=\"Tiempo de lectura\" \/>\n\t<meta name=\"twitter:data2\" content=\"4 minutos\" \/>\n<script type=\"application\/ld+json\" class=\"yoast-schema-graph\">{\"@context\":\"https:\\\/\\\/schema.org\",\"@graph\":[{\"@type\":\"Article\",\"@id\":\"https:\\\/\\\/veevcom.com\\\/tram-presente-alligator\\\/#article\",\"isPartOf\":{\"@id\":\"https:\\\/\\\/veevcom.com\\\/tram-presente-alligator\\\/\"},\"author\":{\"name\":\"severine\",\"@id\":\"https:\\\/\\\/veevcom.com\\\/#\\\/schema\\\/person\\\/754f1f5a030d278766b52cf0e0c62e8b\"},\"headline\":\"TRAM presenta \u00abAlligator\u00bb\",\"datePublished\":\"2025-12-05T17:02:44+00:00\",\"mainEntityOfPage\":{\"@id\":\"https:\\\/\\\/veevcom.com\\\/tram-presente-alligator\\\/\"},\"wordCount\":846,\"image\":{\"@id\":\"https:\\\/\\\/veevcom.com\\\/tram-presente-alligator\\\/#primaryimage\"},\"thumbnailUrl\":\"https:\\\/\\\/veevcom.com\\\/wp-content\\\/uploads\\\/2025\\\/12\\\/RECTO-ALBUM-HD-RVB-300DPI\u00a9Servane-Tranchant.jpg\",\"articleSection\":[\"Actualidad\"],\"inLanguage\":\"es\"},{\"@type\":\"WebPage\",\"@id\":\"https:\\\/\\\/veevcom.com\\\/es\\\/tram-presente-alligator\\\/\",\"url\":\"https:\\\/\\\/veevcom.com\\\/es\\\/tram-presente-alligator\\\/\",\"name\":\"TRAM presenta \\\"Alligator\\\" - VeevCom\",\"isPartOf\":{\"@id\":\"https:\\\/\\\/veevcom.com\\\/es\\\/#website\"},\"primaryImageOfPage\":{\"@id\":\"https:\\\/\\\/veevcom.com\\\/es\\\/tram-presente-alligator\\\/#primaryimage\"},\"image\":{\"@id\":\"https:\\\/\\\/veevcom.com\\\/tram-presente-alligator\\\/#primaryimage\"},\"thumbnailUrl\":\"https:\\\/\\\/veevcom.com\\\/wp-content\\\/uploads\\\/2025\\\/12\\\/RECTO-ALBUM-HD-RVB-300DPI\u00a9Servane-Tranchant.jpg\",\"datePublished\":\"2025-12-05T17:02:44+00:00\",\"author\":{\"@id\":\"https:\\\/\\\/veevcom.com\\\/#\\\/schema\\\/person\\\/754f1f5a030d278766b52cf0e0c62e8b\"},\"breadcrumb\":{\"@id\":\"https:\\\/\\\/veevcom.com\\\/es\\\/tram-presente-alligator\\\/#breadcrumb\"},\"inLanguage\":\"es\",\"potentialAction\":[{\"@type\":\"ReadAction\",\"target\":[[\"https:\\\/\\\/veevcom.com\\\/es\\\/tram-presente-alligator\\\/\"]]}]},{\"@type\":\"ImageObject\",\"inLanguage\":\"es\",\"@id\":\"https:\\\/\\\/veevcom.com\\\/es\\\/tram-presente-alligator\\\/#primaryimage\",\"url\":\"https:\\\/\\\/veevcom.com\\\/wp-content\\\/uploads\\\/2025\\\/12\\\/RECTO-ALBUM-HD-RVB-300DPI\u00a9Servane-Tranchant.jpg\",\"contentUrl\":\"https:\\\/\\\/veevcom.com\\\/wp-content\\\/uploads\\\/2025\\\/12\\\/RECTO-ALBUM-HD-RVB-300DPI\u00a9Servane-Tranchant.jpg\",\"width\":1440,\"height\":1440,\"caption\":\"Pochette album Alligator de TRAM\"},{\"@type\":\"BreadcrumbList\",\"@id\":\"https:\\\/\\\/veevcom.com\\\/es\\\/tram-presente-alligator\\\/#breadcrumb\",\"itemListElement\":[{\"@type\":\"ListItem\",\"position\":1,\"name\":\"Accueil\",\"item\":\"https:\\\/\\\/veevcom.com\\\/es\\\/\"},{\"@type\":\"ListItem\",\"position\":2,\"name\":\"TRAM pr\u00e9sente \u00ab\u00a0Alligator\u00a0\u00bb\"}]},{\"@type\":\"WebSite\",\"@id\":\"https:\\\/\\\/veevcom.com\\\/es\\\/#website\",\"url\":\"https:\\\/\\\/veevcom.com\\\/es\\\/\",\"name\":\"VeevCom\",\"description\":\"Public Relations and Communication in the Music Industry\",\"potentialAction\":[{\"@type\":\"SearchAction\",\"target\":{\"@type\":\"EntryPoint\",\"urlTemplate\":\"https:\\\/\\\/veevcom.com\\\/es\\\/?s={search_term_string}\"},\"query-input\":{\"@type\":\"PropertyValueSpecification\",\"valueRequired\":true,\"valueName\":\"search_term_string\"}}],\"inLanguage\":\"es\"},{\"@type\":\"Person\",\"@id\":\"https:\\\/\\\/veevcom.com\\\/#\\\/schema\\\/person\\\/754f1f5a030d278766b52cf0e0c62e8b\",\"name\":\"severine\",\"image\":{\"@type\":\"ImageObject\",\"inLanguage\":\"es\",\"@id\":\"https:\\\/\\\/secure.gravatar.com\\\/avatar\\\/ba307ed472519f403589981b25bf62b4089c1f82b837eaae855dd05633adf22c?s=96&d=mm&r=g\",\"url\":\"https:\\\/\\\/secure.gravatar.com\\\/avatar\\\/ba307ed472519f403589981b25bf62b4089c1f82b837eaae855dd05633adf22c?s=96&d=mm&r=g\",\"contentUrl\":\"https:\\\/\\\/secure.gravatar.com\\\/avatar\\\/ba307ed472519f403589981b25bf62b4089c1f82b837eaae855dd05633adf22c?s=96&d=mm&r=g\",\"caption\":\"severine\"}}]}<\/script>\n<!-- \/ Yoast SEO plugin. -->","yoast_head_json":{"title":"TRAM presenta \"Alligator\" - VeevCom","robots":{"index":"index","follow":"follow","max-snippet":"max-snippet:-1","max-image-preview":"max-image-preview:large","max-video-preview":"max-video-preview:-1"},"canonical":"https:\/\/veevcom.com\/es\/tram-presente-alligator\/","og_locale":"es_ES","og_type":"article","og_title":"TRAM presenta \"Alligator\" - VeevCom","og_description":"Disculpa, pero esta entrada est\u00e1 disponible s\u00f3lo en FR y EN. Le groupe&nbsp;TRAM (pr\u00e9c\u00e9demment connu sous Tram des Balkans)&nbsp;f\u00eate ses 25 ans de carri\u00e8re, et r\u00e9v\u00e8lera&nbsp;\u00abAlligator\u00bb son septi\u00e8me&nbsp;album,&nbsp;\u00e0&nbsp;l&#8217;occasion de sa sortie le&nbsp;27&nbsp;f\u00e9vrier&nbsp;2026&nbsp;(digital, CD et vinyle) chez&nbsp;Les Ent\u00eat\u00e9s&nbsp;\/ L&#8217;Autre Distribution. Cet opus sera pr\u00e9sent\u00e9 le jeudi 19&nbsp;mars&nbsp;2026&nbsp;sur la sc\u00e8ne du Studio de L&#8217;Ermitage&nbsp;(Paris, 20e)&nbsp;lors d&#8217;un&nbsp;concert de&nbsp;lancement [&hellip;]","og_url":"https:\/\/veevcom.com\/es\/tram-presente-alligator\/","og_site_name":"VeevCom","article_published_time":"2025-12-05T17:02:44+00:00","og_image":[{"width":1024,"height":1024,"url":"http:\/\/veevcom.com\/wp-content\/uploads\/2025\/12\/RECTO-ALBUM-HD-RVB-300DPI\u00a9Servane-Tranchant-1024x1024.jpg","type":"image\/jpeg"}],"author":"severine","twitter_card":"summary_large_image","twitter_misc":{"Escrito por":"severine","Tiempo de lectura":"4 minutos"},"schema":{"@context":"https:\/\/schema.org","@graph":[{"@type":"Article","@id":"https:\/\/veevcom.com\/tram-presente-alligator\/#article","isPartOf":{"@id":"https:\/\/veevcom.com\/tram-presente-alligator\/"},"author":{"name":"severine","@id":"https:\/\/veevcom.com\/#\/schema\/person\/754f1f5a030d278766b52cf0e0c62e8b"},"headline":"TRAM presenta \u00abAlligator\u00bb","datePublished":"2025-12-05T17:02:44+00:00","mainEntityOfPage":{"@id":"https:\/\/veevcom.com\/tram-presente-alligator\/"},"wordCount":846,"image":{"@id":"https:\/\/veevcom.com\/tram-presente-alligator\/#primaryimage"},"thumbnailUrl":"https:\/\/veevcom.com\/wp-content\/uploads\/2025\/12\/RECTO-ALBUM-HD-RVB-300DPI\u00a9Servane-Tranchant.jpg","articleSection":["Actualidad"],"inLanguage":"es"},{"@type":"WebPage","@id":"https:\/\/veevcom.com\/es\/tram-presente-alligator\/","url":"https:\/\/veevcom.com\/es\/tram-presente-alligator\/","name":"TRAM presenta \"Alligator\" - VeevCom","isPartOf":{"@id":"https:\/\/veevcom.com\/es\/#website"},"primaryImageOfPage":{"@id":"https:\/\/veevcom.com\/es\/tram-presente-alligator\/#primaryimage"},"image":{"@id":"https:\/\/veevcom.com\/tram-presente-alligator\/#primaryimage"},"thumbnailUrl":"https:\/\/veevcom.com\/wp-content\/uploads\/2025\/12\/RECTO-ALBUM-HD-RVB-300DPI\u00a9Servane-Tranchant.jpg","datePublished":"2025-12-05T17:02:44+00:00","author":{"@id":"https:\/\/veevcom.com\/#\/schema\/person\/754f1f5a030d278766b52cf0e0c62e8b"},"breadcrumb":{"@id":"https:\/\/veevcom.com\/es\/tram-presente-alligator\/#breadcrumb"},"inLanguage":"es","potentialAction":[{"@type":"ReadAction","target":[["https:\/\/veevcom.com\/es\/tram-presente-alligator\/"]]}]},{"@type":"ImageObject","inLanguage":"es","@id":"https:\/\/veevcom.com\/es\/tram-presente-alligator\/#primaryimage","url":"https:\/\/veevcom.com\/wp-content\/uploads\/2025\/12\/RECTO-ALBUM-HD-RVB-300DPI\u00a9Servane-Tranchant.jpg","contentUrl":"https:\/\/veevcom.com\/wp-content\/uploads\/2025\/12\/RECTO-ALBUM-HD-RVB-300DPI\u00a9Servane-Tranchant.jpg","width":1440,"height":1440,"caption":"Pochette album Alligator de TRAM"},{"@type":"BreadcrumbList","@id":"https:\/\/veevcom.com\/es\/tram-presente-alligator\/#breadcrumb","itemListElement":[{"@type":"ListItem","position":1,"name":"Accueil","item":"https:\/\/veevcom.com\/es\/"},{"@type":"ListItem","position":2,"name":"TRAM pr\u00e9sente \u00ab\u00a0Alligator\u00a0\u00bb"}]},{"@type":"WebSite","@id":"https:\/\/veevcom.com\/es\/#website","url":"https:\/\/veevcom.com\/es\/","name":"VeevCom","description":"Public Relations and Communication in the Music Industry","potentialAction":[{"@type":"SearchAction","target":{"@type":"EntryPoint","urlTemplate":"https:\/\/veevcom.com\/es\/?s={search_term_string}"},"query-input":{"@type":"PropertyValueSpecification","valueRequired":true,"valueName":"search_term_string"}}],"inLanguage":"es"},{"@type":"Person","@id":"https:\/\/veevcom.com\/#\/schema\/person\/754f1f5a030d278766b52cf0e0c62e8b","name":"severine","image":{"@type":"ImageObject","inLanguage":"es","@id":"https:\/\/secure.gravatar.com\/avatar\/ba307ed472519f403589981b25bf62b4089c1f82b837eaae855dd05633adf22c?s=96&d=mm&r=g","url":"https:\/\/secure.gravatar.com\/avatar\/ba307ed472519f403589981b25bf62b4089c1f82b837eaae855dd05633adf22c?s=96&d=mm&r=g","contentUrl":"https:\/\/secure.gravatar.com\/avatar\/ba307ed472519f403589981b25bf62b4089c1f82b837eaae855dd05633adf22c?s=96&d=mm&r=g","caption":"severine"}}]}},"_links":{"self":[{"href":"https:\/\/veevcom.com\/es\/wp-json\/wp\/v2\/posts\/69631","targetHints":{"allow":["GET"]}}],"collection":[{"href":"https:\/\/veevcom.com\/es\/wp-json\/wp\/v2\/posts"}],"about":[{"href":"https:\/\/veevcom.com\/es\/wp-json\/wp\/v2\/types\/post"}],"author":[{"embeddable":true,"href":"https:\/\/veevcom.com\/es\/wp-json\/wp\/v2\/users\/3"}],"replies":[{"embeddable":true,"href":"https:\/\/veevcom.com\/es\/wp-json\/wp\/v2\/comments?post=69631"}],"version-history":[{"count":8,"href":"https:\/\/veevcom.com\/es\/wp-json\/wp\/v2\/posts\/69631\/revisions"}],"predecessor-version":[{"id":69640,"href":"https:\/\/veevcom.com\/es\/wp-json\/wp\/v2\/posts\/69631\/revisions\/69640"}],"wp:featuredmedia":[{"embeddable":true,"href":"https:\/\/veevcom.com\/es\/wp-json\/wp\/v2\/media\/69634"}],"wp:attachment":[{"href":"https:\/\/veevcom.com\/es\/wp-json\/wp\/v2\/media?parent=69631"}],"wp:term":[{"taxonomy":"category","embeddable":true,"href":"https:\/\/veevcom.com\/es\/wp-json\/wp\/v2\/categories?post=69631"},{"taxonomy":"post_tag","embeddable":true,"href":"https:\/\/veevcom.com\/es\/wp-json\/wp\/v2\/tags?post=69631"}],"curies":[{"name":"wp","href":"https:\/\/api.w.org\/{rel}","templated":true}]}}