{"id":69616,"date":"2025-11-28T18:09:08","date_gmt":"2025-11-28T17:09:08","guid":{"rendered":"https:\/\/veevcom.com\/?p=69616"},"modified":"2025-11-28T18:09:08","modified_gmt":"2025-11-28T17:09:08","slug":"victoria-alexanyan-presente-vishap","status":"publish","type":"post","link":"https:\/\/veevcom.com\/es\/victoria-alexanyan-presente-vishap\/","title":{"rendered":"Victoria Alexanyan presenta \u00abVishap\u00bb"},"content":{"rendered":"<p class=\"qtranxs-available-languages-message qtranxs-available-languages-message-es\">Disculpa, pero esta entrada est\u00e1 disponible s\u00f3lo en <a href=\"https:\/\/veevcom.com\/fr\/wp-json\/wp\/v2\/posts\/69616\" class=\"qtranxs-available-language-link qtranxs-available-language-link-fr\" title=\"FR\">FR<\/a> y <a href=\"https:\/\/veevcom.com\/en\/wp-json\/wp\/v2\/posts\/69616\" class=\"qtranxs-available-language-link qtranxs-available-language-link-en\" title=\"EN\">EN<\/a>.<\/p><p><\/p>\n<div><strong>Victoria Alexanyan&nbsp;<\/strong>r\u00e9v\u00e8lera&nbsp;\u00ab<strong>Vishap<\/strong>\u00bb son nouvel album \u00e0 l&#8217;occasion de sa sortie le <strong>06<\/strong>&nbsp;<strong>f\u00e9vrier&nbsp;2026<\/strong>&nbsp;(digital, CD et vinyle) chez<strong>&nbsp;<\/strong><strong>Musiques en balade <\/strong>\/ <strong>InOu\u00efe Distribution<\/strong>. Cet opus sera pr\u00e9sent\u00e9 :<\/div>\n<ul>\n<li>le <strong>mercredi 18 f\u00e9vrier&nbsp;2026&nbsp;<\/strong>sur la sc\u00e8ne du <strong>360<\/strong>&nbsp;(Paris, 18e)&nbsp;lors d&#8217;un<strong> concert de&nbsp;lancement&nbsp;<\/strong>exceptionnel<\/li>\n<li>et en avant-premi\u00e8re <strong>lyonnaise&nbsp;<\/strong>le<strong> vendredi 30 janvier 2026<\/strong>&nbsp;\u00e0 <strong>L&#8217;Op\u00e9ra Underground&nbsp;<\/strong>(invit\u00e9e exceptionnelle : <strong>Le\u00efla Martial<\/strong>).<\/li>\n<\/ul>\n<p>Le single &nbsp;\u00ab<strong>D\u00e9sordre nouveau<\/strong>\u00bb est d\u00e9j\u00e0 disponible sur toutes les plateformes.&nbsp;<\/p>\n<div>\n<div>\n<p>Lorsque <strong>Victoria Alexanyan<\/strong> a de\u0301cide\u0301 de quitter son Arme\u0301nie natale pour s\u2019installer en France, elle n\u2019imaginait pas que ce serait un re\u0301ve\u0301lateur si puissant de la culture ancestrale qui l\u2019habitait. A\u0300 travers sa musique, elle n\u2019e\u0301voque pas seulement l\u2019histoire tourmente\u0301e de l\u2019Arme\u0301nie, transformant la cole\u0300re en poe\u0301sie ; mais e\u0301galement son rapport sensible au monde, e\u0301pris de liberte\u0301 et d\u2019universalite\u0301.&nbsp;Ses compositions, a\u0300 la fois inte\u0301rieures et politiques, sont marque\u0301es d\u2019une re\u0301volte profonde contre l\u2019injustice qu\u2019elle de\u0301clame avec une de\u0301licatesse particulie\u0300re.&nbsp;<\/p>\n<p>Dans son premier album en 5tet : \u00ab <strong>Vishap<\/strong> \u00bb (dragon), elle re\u0301veille cette cre\u0301ature mythique et ambig\u00fce&nbsp;qui hante l\u2019imaginaire arme\u0301nien. Enfoui sous les rochers et les lacs, il est porteur d\u2019une me\u0301moire ancienne et immuable. <strong>Vishap<\/strong> devient alors un chant, une incantation porte\u0301e par les vents des montagnes arme\u0301niennes. La musique serpente entre myste\u0300re et e\u0301clats, impr\u00e9gne\u0301e d\u2019une \u00e9nergie fe\u0301minine et rebelle. Me\u0301triques complexes, improvisations et influences modales s\u2019entrelacent, donnant naissance a\u0300 un univers sonore indomptable, a\u0300 l\u2019image du dragon.<\/p>\n<p><strong>Line-up :<\/strong><\/p>\n<ul>\n<li><strong>Victoria Alexanyan<\/strong> : chant, composition<\/li>\n<li><strong>Amin Al Aiedy <\/strong>: oud, nay, co-composition<\/li>\n<li><strong>Vincent Forestier<\/strong> : piano, co-composition<\/li>\n<li><strong>Yann Phayphet<\/strong> : contrebasse<\/li>\n<li><strong>Matheo Ciesla<\/strong> : batterie, choeur<\/li>\n<\/ul>\n<\/div>\n<p>&nbsp;<\/p>\n<p><strong>Biographie Victoria Alexanyan<\/strong><\/p>\n<p>Ne\u0301e en 1995 en Arme\u0301nie, diplo\u0302me\u0301e du Conservatoire d&#8217;E\u0301tat d\u2019Erevan, elle a e\u0301te\u0301 initie\u0301e au jazz par le pianiste <strong>Vahagn Hayrapetyan<\/strong>, mentor de <strong>Tigran Hamasyan<\/strong>. Passionne\u0301e de la langue et de la musique franc\u0327aise, elle s\u2019installe <strong>en 2018 en France<\/strong> pour poursuivre ses e\u0301tudes au <strong>Conservatoire de Lyon<\/strong>. La\u0300, elle s&#8217;immerge dans divers projets artistiques, allant du jazz a\u0300 la chanson franc\u0327aise, sans oublier la musique traditionnelle arme\u0301nienne.<\/p>\n<p><strong>Victoria cre\u0301e son propre projet en 2020<\/strong>. Ce projet est accueilli chaleureusement dans plusieurs festivals, menant a\u0300 une premie\u0300re tourne\u0301e en Arme\u0301nie en 2022. En 2023, Victoria remporte le <strong>2e prix du concours Crest Jazz Vocal<\/strong>.<br \/>\nDe\u0301but 2025 elle obtient la bourse de compagnonnage de l\u2019<strong>Adami et Jazz Sous Les Pommiers<\/strong>, qui lui permet d\u2019e\u0302tre accompagne\u0301e par la vocaliste <strong>Lei\u0308la Martial<\/strong>. Cette rencontre ouvre une nouvelle page dans sa vie artistique.<\/p>\n<p>En septembre 2025, Victoria est laure\u0301ate de <strong>Women in Jazz <\/strong>se\u0301lectionne\u0301e par <strong>Anne Paceo<\/strong>, <strong>Les Ge\u0301meaux (Sce\u0300ne Nationale)<\/strong> &amp; <strong>Jazz Sous Les Pommiers<\/strong>.<\/p>\n<p>Paralle\u0300lement a\u0300 la musique, Victoria nourrit sa passion pour le <strong>the\u0301a\u0302tre<\/strong>. Elle se forme a\u0300 l\u2019E\u0301cole de la Respiration Sandra-Romond a\u0300 Paris. Aujourd&#8217;hui, elle collabore a\u0300 \u00ab T.A.M.A. Paris \u00bb et au Cours Myriade a\u0300 Lyon, ou\u0300 elle e\u0301crit et met en sce\u0300ne sa premie\u0300re pie\u0300ce de the\u0301a\u0302tre, \u00ab <strong>Le monde s\u2019est bouche\u0301 les oreilles<\/strong> \u00bb.<\/p>\n<\/div>\n<p><\/p>","protected":false},"excerpt":{"rendered":"<p>Disculpa, pero esta entrada est\u00e1 disponible s\u00f3lo en FR y EN. Victoria Alexanyan&nbsp;r\u00e9v\u00e8lera&nbsp;\u00abVishap\u00bb son nouvel album \u00e0 l&#8217;occasion de sa sortie le 06&nbsp;f\u00e9vrier&nbsp;2026&nbsp;(digital, CD et vinyle) chez&nbsp;Musiques en balade \/ InOu\u00efe Distribution. Cet opus sera pr\u00e9sent\u00e9 : le mercredi 18 f\u00e9vrier&nbsp;2026&nbsp;sur la sc\u00e8ne du 360&nbsp;(Paris, 18e)&nbsp;lors d&#8217;un concert de&nbsp;lancement&nbsp;exceptionnel et en avant-premi\u00e8re lyonnaise&nbsp;le vendredi 30 [&hellip;]<\/p>\n","protected":false},"author":3,"featured_media":69617,"comment_status":"closed","ping_status":"closed","sticky":false,"template":"","format":"standard","meta":{"_acf_changed":false,"footnotes":""},"categories":[1],"tags":[],"class_list":["post-69616","post","type-post","status-publish","format-standard","has-post-thumbnail","hentry","category-non-classe"],"acf":[],"yoast_head":"<!-- This site is optimized with the Yoast SEO plugin v27.4 - https:\/\/yoast.com\/product\/yoast-seo-wordpress\/ -->\n<title>Victoria Alexanyan presenta &quot;Vishap&quot; - VeevCom<\/title>\n<meta name=\"robots\" content=\"index, follow, max-snippet:-1, max-image-preview:large, max-video-preview:-1\" \/>\n<link rel=\"canonical\" href=\"https:\/\/veevcom.com\/es\/victoria-alexanyan-presente-vishap\/\" \/>\n<meta property=\"og:locale\" content=\"es_ES\" \/>\n<meta property=\"og:type\" content=\"article\" \/>\n<meta property=\"og:title\" content=\"Victoria Alexanyan presenta &quot;Vishap&quot; - VeevCom\" \/>\n<meta property=\"og:description\" content=\"Disculpa, pero esta entrada est\u00e1 disponible s\u00f3lo en FR y EN. Victoria Alexanyan&nbsp;r\u00e9v\u00e8lera&nbsp;\u00abVishap\u00bb son nouvel album \u00e0 l&#8217;occasion de sa sortie le 06&nbsp;f\u00e9vrier&nbsp;2026&nbsp;(digital, CD et vinyle) chez&nbsp;Musiques en balade \/ InOu\u00efe Distribution. Cet opus sera pr\u00e9sent\u00e9 : le mercredi 18 f\u00e9vrier&nbsp;2026&nbsp;sur la sc\u00e8ne du 360&nbsp;(Paris, 18e)&nbsp;lors d&#8217;un concert de&nbsp;lancement&nbsp;exceptionnel et en avant-premi\u00e8re lyonnaise&nbsp;le vendredi 30 [&hellip;]\" \/>\n<meta property=\"og:url\" content=\"https:\/\/veevcom.com\/es\/victoria-alexanyan-presente-vishap\/\" \/>\n<meta property=\"og:site_name\" content=\"VeevCom\" \/>\n<meta property=\"article:published_time\" content=\"2025-11-28T17:09:08+00:00\" \/>\n<meta property=\"og:image\" content=\"http:\/\/veevcom.com\/wp-content\/uploads\/2025\/11\/Visuel_CD_Vishap-Cop_Anne-Laure_Etienne-RVB-SD-100DPI.jpg\" \/>\n\t<meta property=\"og:image:width\" content=\"566\" \/>\n\t<meta property=\"og:image:height\" content=\"511\" \/>\n\t<meta property=\"og:image:type\" content=\"image\/jpeg\" \/>\n<meta name=\"author\" content=\"severine\" \/>\n<meta name=\"twitter:card\" content=\"summary_large_image\" \/>\n<meta name=\"twitter:label1\" content=\"Escrito por\" \/>\n\t<meta name=\"twitter:data1\" content=\"severine\" \/>\n\t<meta name=\"twitter:label2\" content=\"Tiempo de lectura\" \/>\n\t<meta name=\"twitter:data2\" content=\"5 minutos\" \/>\n<script type=\"application\/ld+json\" class=\"yoast-schema-graph\">{\"@context\":\"https:\\\/\\\/schema.org\",\"@graph\":[{\"@type\":\"Article\",\"@id\":\"https:\\\/\\\/veevcom.com\\\/victoria-alexanyan-presente-vishap\\\/#article\",\"isPartOf\":{\"@id\":\"https:\\\/\\\/veevcom.com\\\/victoria-alexanyan-presente-vishap\\\/\"},\"author\":{\"name\":\"severine\",\"@id\":\"https:\\\/\\\/veevcom.com\\\/#\\\/schema\\\/person\\\/754f1f5a030d278766b52cf0e0c62e8b\"},\"headline\":\"Victoria Alexanyan presenta \u00abVishap\u00bb\",\"datePublished\":\"2025-11-28T17:09:08+00:00\",\"mainEntityOfPage\":{\"@id\":\"https:\\\/\\\/veevcom.com\\\/victoria-alexanyan-presente-vishap\\\/\"},\"wordCount\":1062,\"image\":{\"@id\":\"https:\\\/\\\/veevcom.com\\\/victoria-alexanyan-presente-vishap\\\/#primaryimage\"},\"thumbnailUrl\":\"https:\\\/\\\/veevcom.com\\\/wp-content\\\/uploads\\\/2025\\\/11\\\/Visuel_CD_Vishap-Cop_Anne-Laure_Etienne-RVB-SD-100DPI.jpg\",\"articleSection\":[\"Actualidad\"],\"inLanguage\":\"es\"},{\"@type\":\"WebPage\",\"@id\":\"https:\\\/\\\/veevcom.com\\\/es\\\/victoria-alexanyan-presente-vishap\\\/\",\"url\":\"https:\\\/\\\/veevcom.com\\\/es\\\/victoria-alexanyan-presente-vishap\\\/\",\"name\":\"Victoria Alexanyan presenta \\\"Vishap\\\" - VeevCom\",\"isPartOf\":{\"@id\":\"https:\\\/\\\/veevcom.com\\\/es\\\/#website\"},\"primaryImageOfPage\":{\"@id\":\"https:\\\/\\\/veevcom.com\\\/es\\\/victoria-alexanyan-presente-vishap\\\/#primaryimage\"},\"image\":{\"@id\":\"https:\\\/\\\/veevcom.com\\\/victoria-alexanyan-presente-vishap\\\/#primaryimage\"},\"thumbnailUrl\":\"https:\\\/\\\/veevcom.com\\\/wp-content\\\/uploads\\\/2025\\\/11\\\/Visuel_CD_Vishap-Cop_Anne-Laure_Etienne-RVB-SD-100DPI.jpg\",\"datePublished\":\"2025-11-28T17:09:08+00:00\",\"author\":{\"@id\":\"https:\\\/\\\/veevcom.com\\\/#\\\/schema\\\/person\\\/754f1f5a030d278766b52cf0e0c62e8b\"},\"breadcrumb\":{\"@id\":\"https:\\\/\\\/veevcom.com\\\/es\\\/victoria-alexanyan-presente-vishap\\\/#breadcrumb\"},\"inLanguage\":\"es\",\"potentialAction\":[{\"@type\":\"ReadAction\",\"target\":[[\"https:\\\/\\\/veevcom.com\\\/es\\\/victoria-alexanyan-presente-vishap\\\/\"]]}]},{\"@type\":\"ImageObject\",\"inLanguage\":\"es\",\"@id\":\"https:\\\/\\\/veevcom.com\\\/es\\\/victoria-alexanyan-presente-vishap\\\/#primaryimage\",\"url\":\"https:\\\/\\\/veevcom.com\\\/wp-content\\\/uploads\\\/2025\\\/11\\\/Visuel_CD_Vishap-Cop_Anne-Laure_Etienne-RVB-SD-100DPI.jpg\",\"contentUrl\":\"https:\\\/\\\/veevcom.com\\\/wp-content\\\/uploads\\\/2025\\\/11\\\/Visuel_CD_Vishap-Cop_Anne-Laure_Etienne-RVB-SD-100DPI.jpg\",\"width\":566,\"height\":511,\"caption\":\"Pochette album Vishap de Victoria Alexanyan\"},{\"@type\":\"BreadcrumbList\",\"@id\":\"https:\\\/\\\/veevcom.com\\\/es\\\/victoria-alexanyan-presente-vishap\\\/#breadcrumb\",\"itemListElement\":[{\"@type\":\"ListItem\",\"position\":1,\"name\":\"Accueil\",\"item\":\"https:\\\/\\\/veevcom.com\\\/es\\\/\"},{\"@type\":\"ListItem\",\"position\":2,\"name\":\"Victoria Alexanyan pr\u00e9sente \u00ab\u00a0Vishap\u00a0\u00bb\"}]},{\"@type\":\"WebSite\",\"@id\":\"https:\\\/\\\/veevcom.com\\\/es\\\/#website\",\"url\":\"https:\\\/\\\/veevcom.com\\\/es\\\/\",\"name\":\"VeevCom\",\"description\":\"Public Relations and Communication in the Music Industry\",\"potentialAction\":[{\"@type\":\"SearchAction\",\"target\":{\"@type\":\"EntryPoint\",\"urlTemplate\":\"https:\\\/\\\/veevcom.com\\\/es\\\/?s={search_term_string}\"},\"query-input\":{\"@type\":\"PropertyValueSpecification\",\"valueRequired\":true,\"valueName\":\"search_term_string\"}}],\"inLanguage\":\"es\"},{\"@type\":\"Person\",\"@id\":\"https:\\\/\\\/veevcom.com\\\/#\\\/schema\\\/person\\\/754f1f5a030d278766b52cf0e0c62e8b\",\"name\":\"severine\",\"image\":{\"@type\":\"ImageObject\",\"inLanguage\":\"es\",\"@id\":\"https:\\\/\\\/secure.gravatar.com\\\/avatar\\\/ba307ed472519f403589981b25bf62b4089c1f82b837eaae855dd05633adf22c?s=96&d=mm&r=g\",\"url\":\"https:\\\/\\\/secure.gravatar.com\\\/avatar\\\/ba307ed472519f403589981b25bf62b4089c1f82b837eaae855dd05633adf22c?s=96&d=mm&r=g\",\"contentUrl\":\"https:\\\/\\\/secure.gravatar.com\\\/avatar\\\/ba307ed472519f403589981b25bf62b4089c1f82b837eaae855dd05633adf22c?s=96&d=mm&r=g\",\"caption\":\"severine\"}}]}<\/script>\n<!-- \/ Yoast SEO plugin. -->","yoast_head_json":{"title":"Victoria Alexanyan presenta \"Vishap\" - VeevCom","robots":{"index":"index","follow":"follow","max-snippet":"max-snippet:-1","max-image-preview":"max-image-preview:large","max-video-preview":"max-video-preview:-1"},"canonical":"https:\/\/veevcom.com\/es\/victoria-alexanyan-presente-vishap\/","og_locale":"es_ES","og_type":"article","og_title":"Victoria Alexanyan presenta \"Vishap\" - VeevCom","og_description":"Disculpa, pero esta entrada est\u00e1 disponible s\u00f3lo en FR y EN. Victoria Alexanyan&nbsp;r\u00e9v\u00e8lera&nbsp;\u00abVishap\u00bb son nouvel album \u00e0 l&#8217;occasion de sa sortie le 06&nbsp;f\u00e9vrier&nbsp;2026&nbsp;(digital, CD et vinyle) chez&nbsp;Musiques en balade \/ InOu\u00efe Distribution. Cet opus sera pr\u00e9sent\u00e9 : le mercredi 18 f\u00e9vrier&nbsp;2026&nbsp;sur la sc\u00e8ne du 360&nbsp;(Paris, 18e)&nbsp;lors d&#8217;un concert de&nbsp;lancement&nbsp;exceptionnel et en avant-premi\u00e8re lyonnaise&nbsp;le vendredi 30 [&hellip;]","og_url":"https:\/\/veevcom.com\/es\/victoria-alexanyan-presente-vishap\/","og_site_name":"VeevCom","article_published_time":"2025-11-28T17:09:08+00:00","og_image":[{"width":566,"height":511,"url":"http:\/\/veevcom.com\/wp-content\/uploads\/2025\/11\/Visuel_CD_Vishap-Cop_Anne-Laure_Etienne-RVB-SD-100DPI.jpg","type":"image\/jpeg"}],"author":"severine","twitter_card":"summary_large_image","twitter_misc":{"Escrito por":"severine","Tiempo de lectura":"5 minutos"},"schema":{"@context":"https:\/\/schema.org","@graph":[{"@type":"Article","@id":"https:\/\/veevcom.com\/victoria-alexanyan-presente-vishap\/#article","isPartOf":{"@id":"https:\/\/veevcom.com\/victoria-alexanyan-presente-vishap\/"},"author":{"name":"severine","@id":"https:\/\/veevcom.com\/#\/schema\/person\/754f1f5a030d278766b52cf0e0c62e8b"},"headline":"Victoria Alexanyan presenta \u00abVishap\u00bb","datePublished":"2025-11-28T17:09:08+00:00","mainEntityOfPage":{"@id":"https:\/\/veevcom.com\/victoria-alexanyan-presente-vishap\/"},"wordCount":1062,"image":{"@id":"https:\/\/veevcom.com\/victoria-alexanyan-presente-vishap\/#primaryimage"},"thumbnailUrl":"https:\/\/veevcom.com\/wp-content\/uploads\/2025\/11\/Visuel_CD_Vishap-Cop_Anne-Laure_Etienne-RVB-SD-100DPI.jpg","articleSection":["Actualidad"],"inLanguage":"es"},{"@type":"WebPage","@id":"https:\/\/veevcom.com\/es\/victoria-alexanyan-presente-vishap\/","url":"https:\/\/veevcom.com\/es\/victoria-alexanyan-presente-vishap\/","name":"Victoria Alexanyan presenta \"Vishap\" - VeevCom","isPartOf":{"@id":"https:\/\/veevcom.com\/es\/#website"},"primaryImageOfPage":{"@id":"https:\/\/veevcom.com\/es\/victoria-alexanyan-presente-vishap\/#primaryimage"},"image":{"@id":"https:\/\/veevcom.com\/victoria-alexanyan-presente-vishap\/#primaryimage"},"thumbnailUrl":"https:\/\/veevcom.com\/wp-content\/uploads\/2025\/11\/Visuel_CD_Vishap-Cop_Anne-Laure_Etienne-RVB-SD-100DPI.jpg","datePublished":"2025-11-28T17:09:08+00:00","author":{"@id":"https:\/\/veevcom.com\/#\/schema\/person\/754f1f5a030d278766b52cf0e0c62e8b"},"breadcrumb":{"@id":"https:\/\/veevcom.com\/es\/victoria-alexanyan-presente-vishap\/#breadcrumb"},"inLanguage":"es","potentialAction":[{"@type":"ReadAction","target":[["https:\/\/veevcom.com\/es\/victoria-alexanyan-presente-vishap\/"]]}]},{"@type":"ImageObject","inLanguage":"es","@id":"https:\/\/veevcom.com\/es\/victoria-alexanyan-presente-vishap\/#primaryimage","url":"https:\/\/veevcom.com\/wp-content\/uploads\/2025\/11\/Visuel_CD_Vishap-Cop_Anne-Laure_Etienne-RVB-SD-100DPI.jpg","contentUrl":"https:\/\/veevcom.com\/wp-content\/uploads\/2025\/11\/Visuel_CD_Vishap-Cop_Anne-Laure_Etienne-RVB-SD-100DPI.jpg","width":566,"height":511,"caption":"Pochette album Vishap de Victoria Alexanyan"},{"@type":"BreadcrumbList","@id":"https:\/\/veevcom.com\/es\/victoria-alexanyan-presente-vishap\/#breadcrumb","itemListElement":[{"@type":"ListItem","position":1,"name":"Accueil","item":"https:\/\/veevcom.com\/es\/"},{"@type":"ListItem","position":2,"name":"Victoria Alexanyan pr\u00e9sente \u00ab\u00a0Vishap\u00a0\u00bb"}]},{"@type":"WebSite","@id":"https:\/\/veevcom.com\/es\/#website","url":"https:\/\/veevcom.com\/es\/","name":"VeevCom","description":"Public Relations and Communication in the Music Industry","potentialAction":[{"@type":"SearchAction","target":{"@type":"EntryPoint","urlTemplate":"https:\/\/veevcom.com\/es\/?s={search_term_string}"},"query-input":{"@type":"PropertyValueSpecification","valueRequired":true,"valueName":"search_term_string"}}],"inLanguage":"es"},{"@type":"Person","@id":"https:\/\/veevcom.com\/#\/schema\/person\/754f1f5a030d278766b52cf0e0c62e8b","name":"severine","image":{"@type":"ImageObject","inLanguage":"es","@id":"https:\/\/secure.gravatar.com\/avatar\/ba307ed472519f403589981b25bf62b4089c1f82b837eaae855dd05633adf22c?s=96&d=mm&r=g","url":"https:\/\/secure.gravatar.com\/avatar\/ba307ed472519f403589981b25bf62b4089c1f82b837eaae855dd05633adf22c?s=96&d=mm&r=g","contentUrl":"https:\/\/secure.gravatar.com\/avatar\/ba307ed472519f403589981b25bf62b4089c1f82b837eaae855dd05633adf22c?s=96&d=mm&r=g","caption":"severine"}}]}},"_links":{"self":[{"href":"https:\/\/veevcom.com\/es\/wp-json\/wp\/v2\/posts\/69616","targetHints":{"allow":["GET"]}}],"collection":[{"href":"https:\/\/veevcom.com\/es\/wp-json\/wp\/v2\/posts"}],"about":[{"href":"https:\/\/veevcom.com\/es\/wp-json\/wp\/v2\/types\/post"}],"author":[{"embeddable":true,"href":"https:\/\/veevcom.com\/es\/wp-json\/wp\/v2\/users\/3"}],"replies":[{"embeddable":true,"href":"https:\/\/veevcom.com\/es\/wp-json\/wp\/v2\/comments?post=69616"}],"version-history":[{"count":9,"href":"https:\/\/veevcom.com\/es\/wp-json\/wp\/v2\/posts\/69616\/revisions"}],"predecessor-version":[{"id":69627,"href":"https:\/\/veevcom.com\/es\/wp-json\/wp\/v2\/posts\/69616\/revisions\/69627"}],"wp:featuredmedia":[{"embeddable":true,"href":"https:\/\/veevcom.com\/es\/wp-json\/wp\/v2\/media\/69617"}],"wp:attachment":[{"href":"https:\/\/veevcom.com\/es\/wp-json\/wp\/v2\/media?parent=69616"}],"wp:term":[{"taxonomy":"category","embeddable":true,"href":"https:\/\/veevcom.com\/es\/wp-json\/wp\/v2\/categories?post=69616"},{"taxonomy":"post_tag","embeddable":true,"href":"https:\/\/veevcom.com\/es\/wp-json\/wp\/v2\/tags?post=69616"}],"curies":[{"name":"wp","href":"https:\/\/api.w.org\/{rel}","templated":true}]}}