{"id":69585,"date":"2025-11-17T17:33:33","date_gmt":"2025-11-17T16:33:33","guid":{"rendered":"https:\/\/veevcom.com\/?p=69585"},"modified":"2025-11-17T17:33:33","modified_gmt":"2025-11-17T16:33:33","slug":"la-cumbia-chicharra-presente-quinto-mundo","status":"publish","type":"post","link":"https:\/\/veevcom.com\/es\/la-cumbia-chicharra-presente-quinto-mundo\/","title":{"rendered":"La Cumbia Chicharra presentan \u00abQuinto Mundo\u00bb"},"content":{"rendered":"<p class=\"qtranxs-available-languages-message qtranxs-available-languages-message-es\">Disculpa, pero esta entrada est\u00e1 disponible s\u00f3lo en <a href=\"https:\/\/veevcom.com\/fr\/wp-json\/wp\/v2\/posts\/69585\" class=\"qtranxs-available-language-link qtranxs-available-language-link-fr\" title=\"FR\">FR<\/a> y <a href=\"https:\/\/veevcom.com\/en\/wp-json\/wp\/v2\/posts\/69585\" class=\"qtranxs-available-language-link qtranxs-available-language-link-en\" title=\"EN\">EN<\/a>.<\/p><p><\/p>\n<div>\n<p><strong>La Cumbia Chicharra&nbsp;<\/strong>r\u00e9v\u00e8lera&nbsp;\u00ab<strong>Quinto Mundo<\/strong>\u00bb son cinqui\u00e8me album, \u00e0 l&#8217;occasion de sa sortie le <strong>12 d\u00e9cembre 2025<\/strong> (digital, CD et vinyle) chez<strong>&nbsp;<\/strong><strong>Music Box Publishing&nbsp;<\/strong>\/ <strong>L&#8217;Autre Distribution<\/strong>. Cet opus sera pr\u00e9sent\u00e9 le <strong>vendredi&nbsp;09&nbsp;janvier 2026&nbsp;<\/strong>sur la sc\u00e8ne du <strong>Studio de L&#8217;Ermitage<\/strong>&nbsp;(Paris, 20e)&nbsp;lors d&#8217;un<strong>&nbsp;concert de&nbsp;lancement<\/strong> exceptionnel&nbsp;avec<strong> DJ Amazonita<\/strong> et en <strong>avant-premi\u00e8re marseillaise <\/strong>le<strong> jeudi&nbsp;13 novembre 2025<\/strong> au&nbsp;<strong>Makeda<\/strong>&nbsp;avec <strong>Chu chi cha<\/strong> en 1\u02b3\u1d49 partie.<\/p>\n<p>Le single &nbsp;\u00ab<strong>Sue\u00f1o de Domingo<\/strong>\u00bb &#8211; d\u00e9j\u00e0 disponible sur toutes les plateformes &#8211; est accompagn\u00e9 d&#8217;un <strong>clip<\/strong> disponible sur Youtube.<\/p>\n<\/div>\n<div>\n<div>\n<p><strong>La Cumbia Chicharra<\/strong> (France\/ Chili) propage avec ferveur la cumbia a\u0300 sa fac\u0327on : puissante, aventureuse, sensible et partageuse. Elle danse avec beaucoup de styles : cumbia et traditionnels sud ame\u0301ricains, plena, afrobeat, dub, funk, hip hop, balkan, electro&#8230; La fusion devient une re\u0301jouissante fuse\u0301e, quand une bonne dose de cumbia lui donne son e\u0301quilibre et sa pulsation. La bande de 8 musicienn\u2022ne\u2022s est devenue en 5 albums une des familles pre\u0301ponde\u0301rantes des musiques afro-latines en Europe.<\/p>\n<p><strong>La Cumbia Chicharra<\/strong> est compos\u00e9 de :<br \/>\n<strong>Pati Gajardo<\/strong> : chant<br \/>\n<strong>Romain Davidico <\/strong>: chant, trombone<br \/>\n<strong>C\u00e9sar Bouteau <\/strong>: congas, tumba, tambor alegre<br \/>\n<strong>Olivier Boyer <\/strong>: chant, guira, campanas, shekere, cymbales<br \/>\n<strong>Maxime Marach\u00e9lian <\/strong>: batterie, timbales<br \/>\n<strong>Benjamin Charras<\/strong> : basse, guitare<br \/>\n<strong>S\u00e9bastien Ruiz Levy <\/strong>: bugle, cornet<br \/>\n<strong>Fran\u00e7ois Escojido <\/strong>: claviers, accord\u00e9on&nbsp;<\/p>\n<p>Apre\u0300s plus de 15 anne\u0301es passe\u0301es entre sce\u0300nes et studio, la <strong>Cumbia Chicharra<\/strong> pre\u0301sente en cet automne 2025 son cinquie\u0300me album <strong>Quinto Mundo<\/strong>.<\/p>\n<\/div>\n<p>Ses 8 musicien\u2022ne\u2022s forment une e\u0301quipe fide\u0300le qui s\u2019offre le luxe de jouer ce qui lui plai\u0302t, ce qui leur plai\u0302t, ici et maintenant.<\/p>\n<p>Enregistre\u0301 sans artifices pre\u0300s de Marseille, interpre\u0301te\u0301 en prises directes, mixe\u0301 sur place en collectif et gra\u0302ce aux magiciens du Studio K, ce disque rassemble huit nouvelles compositions et une version transe\u0301e de la ce\u0301le\u0300bre \u00ab Tonada de luna llena \u00bb de Simon Diaz.<\/p>\n<p><strong>Quinto Mundo<\/strong>, c\u2019est un cinquie\u0300me monde, une plane\u0300te musicale que la <strong>Cumbia Chicharra<\/strong> a voulu invoquer, maelstrom de tant de styles, de tant d\u2019influences internes et externes. Un monde aux lisie\u0300res du re\u0302ve (Suen\u0303o de domingo, Yacumama), traverse\u0301 de poe\u0301sie et de contemplation (Tonada de luna llena). <strong>Quinto Mundo<\/strong>, c\u2019est un espace commun, tisse\u0301 d\u2019interactions et de petits pas (El gusto, Lunatica, Le train de Toulouse), avec en filigranes les luttes et la de\u0301termination (El estallido), l\u2019amour en mouvement (Esa manera, La chica que no te deja dormir).<\/p>\n<p>Dans ce cinquie\u0300me monde musical, il est naturel d\u2019entendre e\u0301merger, dans une vague de tambours ternaires colombiens une ente\u0302tante sonorite\u0301 de synthe\u0301 oriental (Tonada de luna llena), ou d\u2019e\u0301prouver comment l\u2019afrobeat re\u0301sonne jusqu\u2019aux barricades du Chili (El estallido), comment une cumbia d\u2019accorde\u0301on en hommages aux maestros et maestras colombiennes (El gusto) peut restituer le gou\u0302t des rues de Marseille, ou comment un chachacha psyche\u0301delique (La chica que no te deja dormir) peut nous emmener aux frontie\u0300res de la Jamai\u0308que et du de\u0301lire&#8230; \u00ab Viejo me voy, ya te quiero tanto \u00bb (Lunatica), ne jamais s\u2019asseoir, rester en mouvement, la <strong>Cumbia Chicharra<\/strong> ne peut agir autrement.<\/p>\n<p><strong>Quinto Mundo <\/strong>: une plane\u0300te qui danse, un monde qui re\u0301sout ses paradoxes, et qui enfin s\u2019embrasse en une grande famille de sonorite\u0301s, voici ce qu\u2019a\u0300 voulu offrir la <strong>Cumbia Chicharra <\/strong>dans son 5e album.<\/p>\n<\/div>\n<p><\/p>","protected":false},"excerpt":{"rendered":"<p>Disculpa, pero esta entrada est\u00e1 disponible s\u00f3lo en FR y EN. La Cumbia Chicharra&nbsp;r\u00e9v\u00e8lera&nbsp;\u00abQuinto Mundo\u00bb son cinqui\u00e8me album, \u00e0 l&#8217;occasion de sa sortie le 12 d\u00e9cembre 2025 (digital, CD et vinyle) chez&nbsp;Music Box Publishing&nbsp;\/ L&#8217;Autre Distribution. Cet opus sera pr\u00e9sent\u00e9 le vendredi&nbsp;09&nbsp;janvier 2026&nbsp;sur la sc\u00e8ne du Studio de L&#8217;Ermitage&nbsp;(Paris, 20e)&nbsp;lors d&#8217;un&nbsp;concert de&nbsp;lancement exceptionnel&nbsp;avec DJ Amazonita [&hellip;]<\/p>\n","protected":false},"author":3,"featured_media":69588,"comment_status":"closed","ping_status":"closed","sticky":false,"template":"","format":"standard","meta":{"_acf_changed":false,"footnotes":""},"categories":[1],"tags":[],"class_list":["post-69585","post","type-post","status-publish","format-standard","has-post-thumbnail","hentry","category-non-classe"],"acf":[],"yoast_head":"<!-- This site is optimized with the Yoast SEO plugin v27.4 - https:\/\/yoast.com\/product\/yoast-seo-wordpress\/ -->\n<title>La Cumbia Chicharra presentan &quot;Quinto Mundo&quot;  - VeevCom<\/title>\n<meta name=\"robots\" content=\"index, follow, max-snippet:-1, max-image-preview:large, max-video-preview:-1\" \/>\n<link rel=\"canonical\" href=\"https:\/\/veevcom.com\/es\/la-cumbia-chicharra-presente-quinto-mundo\/\" \/>\n<meta property=\"og:locale\" content=\"es_ES\" \/>\n<meta property=\"og:type\" content=\"article\" \/>\n<meta property=\"og:title\" content=\"La Cumbia Chicharra presentan &quot;Quinto Mundo&quot;  - VeevCom\" \/>\n<meta property=\"og:description\" content=\"Disculpa, pero esta entrada est\u00e1 disponible s\u00f3lo en FR y EN. La Cumbia Chicharra&nbsp;r\u00e9v\u00e8lera&nbsp;\u00abQuinto Mundo\u00bb son cinqui\u00e8me album, \u00e0 l&#8217;occasion de sa sortie le 12 d\u00e9cembre 2025 (digital, CD et vinyle) chez&nbsp;Music Box Publishing&nbsp;\/ L&#8217;Autre Distribution. Cet opus sera pr\u00e9sent\u00e9 le vendredi&nbsp;09&nbsp;janvier 2026&nbsp;sur la sc\u00e8ne du Studio de L&#8217;Ermitage&nbsp;(Paris, 20e)&nbsp;lors d&#8217;un&nbsp;concert de&nbsp;lancement exceptionnel&nbsp;avec DJ Amazonita [&hellip;]\" \/>\n<meta property=\"og:url\" content=\"https:\/\/veevcom.com\/es\/la-cumbia-chicharra-presente-quinto-mundo\/\" \/>\n<meta property=\"og:site_name\" content=\"VeevCom\" \/>\n<meta property=\"article:published_time\" content=\"2025-11-17T16:33:33+00:00\" \/>\n<meta property=\"og:image\" content=\"http:\/\/veevcom.com\/wp-content\/uploads\/2025\/11\/cover\u00a9Clementine-Candela-_Guillaume-Parent-RVB.jpg\" \/>\n\t<meta property=\"og:image:width\" content=\"1570\" \/>\n\t<meta property=\"og:image:height\" content=\"1463\" \/>\n\t<meta property=\"og:image:type\" content=\"image\/jpeg\" \/>\n<meta name=\"author\" content=\"severine\" \/>\n<meta name=\"twitter:card\" content=\"summary_large_image\" \/>\n<meta name=\"twitter:label1\" content=\"Escrito por\" \/>\n\t<meta name=\"twitter:data1\" content=\"severine\" \/>\n\t<meta name=\"twitter:label2\" content=\"Tiempo de lectura\" \/>\n\t<meta name=\"twitter:data2\" content=\"5 minutos\" \/>\n<script type=\"application\/ld+json\" class=\"yoast-schema-graph\">{\"@context\":\"https:\\\/\\\/schema.org\",\"@graph\":[{\"@type\":\"Article\",\"@id\":\"https:\\\/\\\/veevcom.com\\\/la-cumbia-chicharra-presente-quinto-mundo\\\/#article\",\"isPartOf\":{\"@id\":\"https:\\\/\\\/veevcom.com\\\/la-cumbia-chicharra-presente-quinto-mundo\\\/\"},\"author\":{\"name\":\"severine\",\"@id\":\"https:\\\/\\\/veevcom.com\\\/#\\\/schema\\\/person\\\/754f1f5a030d278766b52cf0e0c62e8b\"},\"headline\":\"La Cumbia Chicharra presentan \u00abQuinto Mundo\u00bb\",\"datePublished\":\"2025-11-17T16:33:33+00:00\",\"mainEntityOfPage\":{\"@id\":\"https:\\\/\\\/veevcom.com\\\/la-cumbia-chicharra-presente-quinto-mundo\\\/\"},\"wordCount\":1105,\"image\":{\"@id\":\"https:\\\/\\\/veevcom.com\\\/la-cumbia-chicharra-presente-quinto-mundo\\\/#primaryimage\"},\"thumbnailUrl\":\"https:\\\/\\\/veevcom.com\\\/wp-content\\\/uploads\\\/2025\\\/11\\\/cover\u00a9Clementine-Candela-_Guillaume-Parent-RVB.jpg\",\"articleSection\":[\"Actualidad\"],\"inLanguage\":\"es\"},{\"@type\":\"WebPage\",\"@id\":\"https:\\\/\\\/veevcom.com\\\/es\\\/la-cumbia-chicharra-presente-quinto-mundo\\\/\",\"url\":\"https:\\\/\\\/veevcom.com\\\/es\\\/la-cumbia-chicharra-presente-quinto-mundo\\\/\",\"name\":\"La Cumbia Chicharra presentan \\\"Quinto Mundo\\\"  - VeevCom\",\"isPartOf\":{\"@id\":\"https:\\\/\\\/veevcom.com\\\/es\\\/#website\"},\"primaryImageOfPage\":{\"@id\":\"https:\\\/\\\/veevcom.com\\\/es\\\/la-cumbia-chicharra-presente-quinto-mundo\\\/#primaryimage\"},\"image\":{\"@id\":\"https:\\\/\\\/veevcom.com\\\/la-cumbia-chicharra-presente-quinto-mundo\\\/#primaryimage\"},\"thumbnailUrl\":\"https:\\\/\\\/veevcom.com\\\/wp-content\\\/uploads\\\/2025\\\/11\\\/cover\u00a9Clementine-Candela-_Guillaume-Parent-RVB.jpg\",\"datePublished\":\"2025-11-17T16:33:33+00:00\",\"author\":{\"@id\":\"https:\\\/\\\/veevcom.com\\\/#\\\/schema\\\/person\\\/754f1f5a030d278766b52cf0e0c62e8b\"},\"breadcrumb\":{\"@id\":\"https:\\\/\\\/veevcom.com\\\/es\\\/la-cumbia-chicharra-presente-quinto-mundo\\\/#breadcrumb\"},\"inLanguage\":\"es\",\"potentialAction\":[{\"@type\":\"ReadAction\",\"target\":[[\"https:\\\/\\\/veevcom.com\\\/es\\\/la-cumbia-chicharra-presente-quinto-mundo\\\/\"]]}]},{\"@type\":\"ImageObject\",\"inLanguage\":\"es\",\"@id\":\"https:\\\/\\\/veevcom.com\\\/es\\\/la-cumbia-chicharra-presente-quinto-mundo\\\/#primaryimage\",\"url\":\"https:\\\/\\\/veevcom.com\\\/wp-content\\\/uploads\\\/2025\\\/11\\\/cover\u00a9Clementine-Candela-_Guillaume-Parent-RVB.jpg\",\"contentUrl\":\"https:\\\/\\\/veevcom.com\\\/wp-content\\\/uploads\\\/2025\\\/11\\\/cover\u00a9Clementine-Candela-_Guillaume-Parent-RVB.jpg\",\"width\":1570,\"height\":1463,\"caption\":\"Pochette album Quinto Mundo de La Cumbia Chicharra\"},{\"@type\":\"BreadcrumbList\",\"@id\":\"https:\\\/\\\/veevcom.com\\\/es\\\/la-cumbia-chicharra-presente-quinto-mundo\\\/#breadcrumb\",\"itemListElement\":[{\"@type\":\"ListItem\",\"position\":1,\"name\":\"Accueil\",\"item\":\"https:\\\/\\\/veevcom.com\\\/es\\\/\"},{\"@type\":\"ListItem\",\"position\":2,\"name\":\"La Cumbia Chicharra pr\u00e9sente \u00ab\u00a0Quinto Mundo\u00a0\u00bb\"}]},{\"@type\":\"WebSite\",\"@id\":\"https:\\\/\\\/veevcom.com\\\/es\\\/#website\",\"url\":\"https:\\\/\\\/veevcom.com\\\/es\\\/\",\"name\":\"VeevCom\",\"description\":\"Public Relations and Communication in the Music Industry\",\"potentialAction\":[{\"@type\":\"SearchAction\",\"target\":{\"@type\":\"EntryPoint\",\"urlTemplate\":\"https:\\\/\\\/veevcom.com\\\/es\\\/?s={search_term_string}\"},\"query-input\":{\"@type\":\"PropertyValueSpecification\",\"valueRequired\":true,\"valueName\":\"search_term_string\"}}],\"inLanguage\":\"es\"},{\"@type\":\"Person\",\"@id\":\"https:\\\/\\\/veevcom.com\\\/#\\\/schema\\\/person\\\/754f1f5a030d278766b52cf0e0c62e8b\",\"name\":\"severine\",\"image\":{\"@type\":\"ImageObject\",\"inLanguage\":\"es\",\"@id\":\"https:\\\/\\\/secure.gravatar.com\\\/avatar\\\/ba307ed472519f403589981b25bf62b4089c1f82b837eaae855dd05633adf22c?s=96&d=mm&r=g\",\"url\":\"https:\\\/\\\/secure.gravatar.com\\\/avatar\\\/ba307ed472519f403589981b25bf62b4089c1f82b837eaae855dd05633adf22c?s=96&d=mm&r=g\",\"contentUrl\":\"https:\\\/\\\/secure.gravatar.com\\\/avatar\\\/ba307ed472519f403589981b25bf62b4089c1f82b837eaae855dd05633adf22c?s=96&d=mm&r=g\",\"caption\":\"severine\"}}]}<\/script>\n<!-- \/ Yoast SEO plugin. -->","yoast_head_json":{"title":"La Cumbia Chicharra presentan \"Quinto Mundo\"  - VeevCom","robots":{"index":"index","follow":"follow","max-snippet":"max-snippet:-1","max-image-preview":"max-image-preview:large","max-video-preview":"max-video-preview:-1"},"canonical":"https:\/\/veevcom.com\/es\/la-cumbia-chicharra-presente-quinto-mundo\/","og_locale":"es_ES","og_type":"article","og_title":"La Cumbia Chicharra presentan \"Quinto Mundo\"  - VeevCom","og_description":"Disculpa, pero esta entrada est\u00e1 disponible s\u00f3lo en FR y EN. La Cumbia Chicharra&nbsp;r\u00e9v\u00e8lera&nbsp;\u00abQuinto Mundo\u00bb son cinqui\u00e8me album, \u00e0 l&#8217;occasion de sa sortie le 12 d\u00e9cembre 2025 (digital, CD et vinyle) chez&nbsp;Music Box Publishing&nbsp;\/ L&#8217;Autre Distribution. Cet opus sera pr\u00e9sent\u00e9 le vendredi&nbsp;09&nbsp;janvier 2026&nbsp;sur la sc\u00e8ne du Studio de L&#8217;Ermitage&nbsp;(Paris, 20e)&nbsp;lors d&#8217;un&nbsp;concert de&nbsp;lancement exceptionnel&nbsp;avec DJ Amazonita [&hellip;]","og_url":"https:\/\/veevcom.com\/es\/la-cumbia-chicharra-presente-quinto-mundo\/","og_site_name":"VeevCom","article_published_time":"2025-11-17T16:33:33+00:00","og_image":[{"width":1570,"height":1463,"url":"http:\/\/veevcom.com\/wp-content\/uploads\/2025\/11\/cover\u00a9Clementine-Candela-_Guillaume-Parent-RVB.jpg","type":"image\/jpeg"}],"author":"severine","twitter_card":"summary_large_image","twitter_misc":{"Escrito por":"severine","Tiempo de lectura":"5 minutos"},"schema":{"@context":"https:\/\/schema.org","@graph":[{"@type":"Article","@id":"https:\/\/veevcom.com\/la-cumbia-chicharra-presente-quinto-mundo\/#article","isPartOf":{"@id":"https:\/\/veevcom.com\/la-cumbia-chicharra-presente-quinto-mundo\/"},"author":{"name":"severine","@id":"https:\/\/veevcom.com\/#\/schema\/person\/754f1f5a030d278766b52cf0e0c62e8b"},"headline":"La Cumbia Chicharra presentan \u00abQuinto Mundo\u00bb","datePublished":"2025-11-17T16:33:33+00:00","mainEntityOfPage":{"@id":"https:\/\/veevcom.com\/la-cumbia-chicharra-presente-quinto-mundo\/"},"wordCount":1105,"image":{"@id":"https:\/\/veevcom.com\/la-cumbia-chicharra-presente-quinto-mundo\/#primaryimage"},"thumbnailUrl":"https:\/\/veevcom.com\/wp-content\/uploads\/2025\/11\/cover\u00a9Clementine-Candela-_Guillaume-Parent-RVB.jpg","articleSection":["Actualidad"],"inLanguage":"es"},{"@type":"WebPage","@id":"https:\/\/veevcom.com\/es\/la-cumbia-chicharra-presente-quinto-mundo\/","url":"https:\/\/veevcom.com\/es\/la-cumbia-chicharra-presente-quinto-mundo\/","name":"La Cumbia Chicharra presentan \"Quinto Mundo\"  - VeevCom","isPartOf":{"@id":"https:\/\/veevcom.com\/es\/#website"},"primaryImageOfPage":{"@id":"https:\/\/veevcom.com\/es\/la-cumbia-chicharra-presente-quinto-mundo\/#primaryimage"},"image":{"@id":"https:\/\/veevcom.com\/la-cumbia-chicharra-presente-quinto-mundo\/#primaryimage"},"thumbnailUrl":"https:\/\/veevcom.com\/wp-content\/uploads\/2025\/11\/cover\u00a9Clementine-Candela-_Guillaume-Parent-RVB.jpg","datePublished":"2025-11-17T16:33:33+00:00","author":{"@id":"https:\/\/veevcom.com\/#\/schema\/person\/754f1f5a030d278766b52cf0e0c62e8b"},"breadcrumb":{"@id":"https:\/\/veevcom.com\/es\/la-cumbia-chicharra-presente-quinto-mundo\/#breadcrumb"},"inLanguage":"es","potentialAction":[{"@type":"ReadAction","target":[["https:\/\/veevcom.com\/es\/la-cumbia-chicharra-presente-quinto-mundo\/"]]}]},{"@type":"ImageObject","inLanguage":"es","@id":"https:\/\/veevcom.com\/es\/la-cumbia-chicharra-presente-quinto-mundo\/#primaryimage","url":"https:\/\/veevcom.com\/wp-content\/uploads\/2025\/11\/cover\u00a9Clementine-Candela-_Guillaume-Parent-RVB.jpg","contentUrl":"https:\/\/veevcom.com\/wp-content\/uploads\/2025\/11\/cover\u00a9Clementine-Candela-_Guillaume-Parent-RVB.jpg","width":1570,"height":1463,"caption":"Pochette album Quinto Mundo de La Cumbia Chicharra"},{"@type":"BreadcrumbList","@id":"https:\/\/veevcom.com\/es\/la-cumbia-chicharra-presente-quinto-mundo\/#breadcrumb","itemListElement":[{"@type":"ListItem","position":1,"name":"Accueil","item":"https:\/\/veevcom.com\/es\/"},{"@type":"ListItem","position":2,"name":"La Cumbia Chicharra pr\u00e9sente \u00ab\u00a0Quinto Mundo\u00a0\u00bb"}]},{"@type":"WebSite","@id":"https:\/\/veevcom.com\/es\/#website","url":"https:\/\/veevcom.com\/es\/","name":"VeevCom","description":"Public Relations and Communication in the Music Industry","potentialAction":[{"@type":"SearchAction","target":{"@type":"EntryPoint","urlTemplate":"https:\/\/veevcom.com\/es\/?s={search_term_string}"},"query-input":{"@type":"PropertyValueSpecification","valueRequired":true,"valueName":"search_term_string"}}],"inLanguage":"es"},{"@type":"Person","@id":"https:\/\/veevcom.com\/#\/schema\/person\/754f1f5a030d278766b52cf0e0c62e8b","name":"severine","image":{"@type":"ImageObject","inLanguage":"es","@id":"https:\/\/secure.gravatar.com\/avatar\/ba307ed472519f403589981b25bf62b4089c1f82b837eaae855dd05633adf22c?s=96&d=mm&r=g","url":"https:\/\/secure.gravatar.com\/avatar\/ba307ed472519f403589981b25bf62b4089c1f82b837eaae855dd05633adf22c?s=96&d=mm&r=g","contentUrl":"https:\/\/secure.gravatar.com\/avatar\/ba307ed472519f403589981b25bf62b4089c1f82b837eaae855dd05633adf22c?s=96&d=mm&r=g","caption":"severine"}}]}},"_links":{"self":[{"href":"https:\/\/veevcom.com\/es\/wp-json\/wp\/v2\/posts\/69585","targetHints":{"allow":["GET"]}}],"collection":[{"href":"https:\/\/veevcom.com\/es\/wp-json\/wp\/v2\/posts"}],"about":[{"href":"https:\/\/veevcom.com\/es\/wp-json\/wp\/v2\/types\/post"}],"author":[{"embeddable":true,"href":"https:\/\/veevcom.com\/es\/wp-json\/wp\/v2\/users\/3"}],"replies":[{"embeddable":true,"href":"https:\/\/veevcom.com\/es\/wp-json\/wp\/v2\/comments?post=69585"}],"version-history":[{"count":9,"href":"https:\/\/veevcom.com\/es\/wp-json\/wp\/v2\/posts\/69585\/revisions"}],"predecessor-version":[{"id":69597,"href":"https:\/\/veevcom.com\/es\/wp-json\/wp\/v2\/posts\/69585\/revisions\/69597"}],"wp:featuredmedia":[{"embeddable":true,"href":"https:\/\/veevcom.com\/es\/wp-json\/wp\/v2\/media\/69588"}],"wp:attachment":[{"href":"https:\/\/veevcom.com\/es\/wp-json\/wp\/v2\/media?parent=69585"}],"wp:term":[{"taxonomy":"category","embeddable":true,"href":"https:\/\/veevcom.com\/es\/wp-json\/wp\/v2\/categories?post=69585"},{"taxonomy":"post_tag","embeddable":true,"href":"https:\/\/veevcom.com\/es\/wp-json\/wp\/v2\/tags?post=69585"}],"curies":[{"name":"wp","href":"https:\/\/api.w.org\/{rel}","templated":true}]}}