{"id":62715,"date":"2025-11-07T16:41:34","date_gmt":"2025-11-07T15:41:34","guid":{"rendered":"https:\/\/veevcom.com\/?p=62715"},"modified":"2025-11-28T11:42:09","modified_gmt":"2025-11-28T10:42:09","slug":"jeremy-rollando-presente-zef","status":"publish","type":"post","link":"https:\/\/veevcom.com\/es\/jeremy-rollando-presente-zef\/","title":{"rendered":"J\u00e9r\u00e9my Rollando presenta \u00abZef\u00bb"},"content":{"rendered":"<p class=\"qtranxs-available-languages-message qtranxs-available-languages-message-es\">Disculpa, pero esta entrada est\u00e1 disponible s\u00f3lo en <a href=\"https:\/\/veevcom.com\/fr\/wp-json\/wp\/v2\/posts\/62715\" class=\"qtranxs-available-language-link qtranxs-available-language-link-fr\" title=\"FR\">FR<\/a> y <a href=\"https:\/\/veevcom.com\/en\/wp-json\/wp\/v2\/posts\/62715\" class=\"qtranxs-available-language-link qtranxs-available-language-link-en\" title=\"EN\">EN<\/a>.<\/p><p><strong>J\u00e9r\u00e9my Rollando<\/strong> r\u00e9v\u00e8lera \u00ab<strong>Zef<\/strong>\u00bb , son deuxi\u00e8me album, \u00e0 l&#8217;occasion de sa sortie <b>digitale<\/b> le&nbsp;<b>09<\/b>&nbsp;<b>janvier 2026<\/b>&nbsp;et en <b>CD<\/b> le <b>06 f\u00e9vrier 2026<\/b> chez<b>&nbsp;Label Montgolfi\u00e8re \/ InOu\u00efe Distribution<\/b>. Cet opus sera pr\u00e9sent\u00e9 le jeudi <strong>05 f\u00e9vrier 2026<\/strong> sur la sc\u00e8ne du <strong>Caf\u00e9 de la Danse<\/strong> (Paris, 11e) lors d&#8217;un concert de lancement exceptionnel.<\/p>\n<p>Le single \u00ab<strong>Ben Armor<\/strong>\u00ab, premier extrait de cet album, est disponible depuis le <strong>24 octobre 2025<\/strong> sur toutes les plateformes.<\/p>\n<p>\u00ab<em>Ce deuxie\u0300me album marque une e\u0301tape de maturation artistique, mais aussi un ve\u0301ritable projet de structuration professionnelle. Il s\u2019inscrit dans la continuite\u0301 de mon travail avec mon e\u0301quipage &#8211; <strong>Pascal Rollando, Jean-Luc Amestoy, Emmanuel Forster<\/strong> &#8211; tout en s\u2019ouvrant a\u0300 de nouveaux univers, avec la participation de pre\u0301cieux invite\u0301(e)s : <strong>Bernardo Sandoval, Serge Lopez, Cuarteto Tafi, Pablo Fagundes, Guillaume Lopez<\/strong>, et le quatuor a\u0300 cordes <strong>Les Impromptueuses<\/strong>.<\/em>\u00bb (<strong>J\u00e9r\u00e9my Rollando<\/strong>)<\/p>\n<p>Sur ce nouvel album, <strong>J\u00e9r\u00e9my Rollando<\/strong> (guitares, composition, arrangements, r\u00e9alisation, direction artistique) est accompagn\u00e9 de :<\/p>\n<ul>\n<li><strong>Pascal Rollando<\/strong> : percussions, prises de son, r\u00e9alisation<\/li>\n<li><strong>Jean-Luc Amestoy<\/strong> : piano, accord\u00e9on<\/li>\n<li><strong>Emmanuel Forster<\/strong> : contrebasse<\/li>\n<\/ul>\n<p>Et ses invit\u00e9s : <strong>Bernardo Sandoval<\/strong> (voix) ; <strong>Gabriel Sandoval<\/strong> (texte : \u00abLa Victoria\u00bb) ; <strong>Serge Lopez<\/strong> (guitares) ; <strong>Elsa Lopez<\/strong>, <strong>Luce Lopez<\/strong>, <strong>Victoria<\/strong> (voix : \u00abTio Sergio\u00bb) ; <strong>Estelle Besingrand<\/strong>, <strong>Camille Antona<\/strong>, <strong>\u00c9dith Feytel<\/strong> (Trio cordes : \u00abTabarly\u00bb et \u00abZef\u00bb) ; <strong>Guillaume Lopez<\/strong> (fl\u00fbtes et voix : \u00abD\u00e9sert Bleu\u00bb et \u00abTabarly\u00bb) ; <strong>Leo<\/strong> (voix), <strong>Ludo<\/strong> (bouzouki), <strong>Mateito<\/strong> (oud), <strong>Fred<\/strong> (voix) du <strong>Cuarteto Tafi<\/strong> : \u00abTafi\u00bb ; <strong>Jos\u00e9 Montealegre<\/strong>, <strong>Victoria<\/strong>, <strong>Famille Lopez<\/strong> (voix : \u00abPremier Souffle\u00bb) ; <strong>Pablo Fagundes<\/strong> (harmonica : \u00abDerni\u00e8re Balade ?\u00bb) ; Choeurs d&#8217;ami(e)s : \u00abL&#8217;Amandier\u00bb.<\/p>\n<p>Originaire de la re\u0301gion toulousaine, <strong>Je\u0301re\u0301my Rollando <\/strong>est un guitariste et compositeur singulier, nourri de\u0300s l\u2019enfance par un riche he\u0301ritage musical. Fils du percussionniste <strong>Pascal Rollando<\/strong>, il grandit au contact d\u2019artistes comme <strong>Bernardo Sandoval<\/strong>, <strong>Serge Lopez,<\/strong> <strong>Renaud Garcia Fons<\/strong> ou <strong>Kiko Ruiz<\/strong>, figures emble\u0301matiques des musiques du monde et du flamenco. Tre\u0300s to\u0302t attire\u0301 par la guitare, Je\u0301re\u0301my de\u0301veloppe un jeu personnel, alliant fougue et d\u00e9licatesse. Autodidacte, il affine son langage musical en inte\u0301grant en 2014 le cycle professionnel de l\u2019e\u0301cole Music\u2019Halle a\u0300 Toulouse. Il y fonde le groupe <strong>Terranga<\/strong>, avec lequel il sort l\u2019album <em>Couleurs Nomades<\/em> (2017).<\/p>\n<p>Artiste curieux et ge\u0301ne\u0301reux, il multiplie les collaborations et enregistrements aux co\u0302te\u0301s d\u2019<strong>Agne\u0300s Jaoui<\/strong>, <strong>Francis Cabrel<\/strong>, <strong>Jean-Pierre Mader &amp; Richard Seff<\/strong>, <strong>Naima Chemoul<\/strong>, <strong>Sylvain Cazalbou<\/strong> <strong>Alsina<\/strong>, ou encore au sein du <strong>label<\/strong> <strong>Baboo Music<\/strong> (<strong>Aure\u0301lie Cabrel<\/strong>, <strong>Esthen Dehut<\/strong>). Il intervient e\u0301galement comme arrangeur et guitariste sur de nombreux projets me\u0302lant chanson, jazz, musiques latines ou traditionnelles.<\/p>\n<p>En 2022, il rec\u0327oit le <strong>Prix Nougaro \u2013 Re\u0301gion Occitanie<\/strong> dans la cate\u0301gorie Musique instrumentale pour sa pie\u0300ce \u00abAltitude\u00bb. En mars 2023, il publie son premier album en son nom, <em>La Montgolfie\u0300re<\/em>, un univers sensible et voyageur, me\u0302lant jazz, flamenco, musique classique et influences me\u0301diterrane\u0301ennes. Il s\u2019entoure d\u2019un trio de musiciens incontournable de la sce\u0300ne Toulousaine : <strong>Jean-Luc Amestoy<\/strong> (accorde\u0301on, piano), <strong>Pascal Rollando<\/strong> (percussions) et <strong>Emmanuel Forster<\/strong> (contrebasse).<\/p>\n<p>Son nouvel album, <em>ZEF<\/em>, prolonge cette aventure musicale. En plus de son fide\u0300le e\u0301quipage, il invite des artistes prestigieux : <strong>Bernardo Sandoval<\/strong>, <strong>Serge Lopez<\/strong>, <strong>Cuarteto Tafi<\/strong>, <strong>Guillaume Lopez<\/strong>, <strong>Pablo Fagundes<\/strong> et le quatuor a\u0300 cordes <strong>Les Impromptueuses<\/strong>.<\/p>","protected":false},"excerpt":{"rendered":"<p>Disculpa, pero esta entrada est\u00e1 disponible s\u00f3lo en FR y EN.J\u00e9r\u00e9my Rollando r\u00e9v\u00e8lera \u00abZef\u00bb , son deuxi\u00e8me album, \u00e0 l&#8217;occasion de sa sortie digitale le&nbsp;09&nbsp;janvier 2026&nbsp;et en CD le 06 f\u00e9vrier 2026 chez&nbsp;Label Montgolfi\u00e8re \/ InOu\u00efe Distribution. Cet opus sera pr\u00e9sent\u00e9 le jeudi 05 f\u00e9vrier 2026 sur la sc\u00e8ne du Caf\u00e9 de la Danse (Paris, [&hellip;]<\/p>\n","protected":false},"author":3,"featured_media":62719,"comment_status":"closed","ping_status":"closed","sticky":false,"template":"","format":"standard","meta":{"_acf_changed":false,"footnotes":""},"categories":[1],"tags":[],"class_list":["post-62715","post","type-post","status-publish","format-standard","has-post-thumbnail","hentry","category-non-classe"],"acf":[],"yoast_head":"<!-- This site is optimized with the Yoast SEO plugin v27.4 - https:\/\/yoast.com\/product\/yoast-seo-wordpress\/ -->\n<title>J\u00e9r\u00e9my Rollando presenta &quot;Zef&quot; - VeevCom<\/title>\n<meta name=\"robots\" content=\"index, follow, max-snippet:-1, max-image-preview:large, max-video-preview:-1\" \/>\n<link rel=\"canonical\" href=\"https:\/\/veevcom.com\/es\/jeremy-rollando-presente-zef\/\" \/>\n<meta property=\"og:locale\" content=\"es_ES\" \/>\n<meta property=\"og:type\" content=\"article\" \/>\n<meta property=\"og:title\" content=\"J\u00e9r\u00e9my Rollando presenta &quot;Zef&quot; - VeevCom\" \/>\n<meta property=\"og:description\" content=\"Disculpa, pero esta entrada est\u00e1 disponible s\u00f3lo en FR y EN.J\u00e9r\u00e9my Rollando r\u00e9v\u00e8lera \u00abZef\u00bb , son deuxi\u00e8me album, \u00e0 l&#8217;occasion de sa sortie digitale le&nbsp;09&nbsp;janvier 2026&nbsp;et en CD le 06 f\u00e9vrier 2026 chez&nbsp;Label Montgolfi\u00e8re \/ InOu\u00efe Distribution. Cet opus sera pr\u00e9sent\u00e9 le jeudi 05 f\u00e9vrier 2026 sur la sc\u00e8ne du Caf\u00e9 de la Danse (Paris, [&hellip;]\" \/>\n<meta property=\"og:url\" content=\"https:\/\/veevcom.com\/es\/jeremy-rollando-presente-zef\/\" \/>\n<meta property=\"og:site_name\" content=\"VeevCom\" \/>\n<meta property=\"article:published_time\" content=\"2025-11-07T15:41:34+00:00\" \/>\n<meta property=\"article:modified_time\" content=\"2025-11-28T10:42:09+00:00\" \/>\n<meta property=\"og:image\" content=\"http:\/\/veevcom.com\/wp-content\/uploads\/2025\/11\/Album-Zef\u00a9Jeremy-Averbuj.png\" \/>\n\t<meta property=\"og:image:width\" content=\"1654\" \/>\n\t<meta property=\"og:image:height\" content=\"1417\" \/>\n\t<meta property=\"og:image:type\" content=\"image\/png\" \/>\n<meta name=\"author\" content=\"severine\" \/>\n<meta name=\"twitter:card\" content=\"summary_large_image\" \/>\n<meta name=\"twitter:label1\" content=\"Escrito por\" \/>\n\t<meta name=\"twitter:data1\" content=\"severine\" \/>\n\t<meta name=\"twitter:label2\" content=\"Tiempo de lectura\" \/>\n\t<meta name=\"twitter:data2\" content=\"5 minutos\" \/>\n<script type=\"application\/ld+json\" class=\"yoast-schema-graph\">{\"@context\":\"https:\\\/\\\/schema.org\",\"@graph\":[{\"@type\":\"Article\",\"@id\":\"https:\\\/\\\/veevcom.com\\\/jeremy-rollando-presente-zef\\\/#article\",\"isPartOf\":{\"@id\":\"https:\\\/\\\/veevcom.com\\\/jeremy-rollando-presente-zef\\\/\"},\"author\":{\"name\":\"severine\",\"@id\":\"https:\\\/\\\/veevcom.com\\\/#\\\/schema\\\/person\\\/754f1f5a030d278766b52cf0e0c62e8b\"},\"headline\":\"J\u00e9r\u00e9my Rollando presenta \u00abZef\u00bb\",\"datePublished\":\"2025-11-07T15:41:34+00:00\",\"dateModified\":\"2025-11-28T10:42:09+00:00\",\"mainEntityOfPage\":{\"@id\":\"https:\\\/\\\/veevcom.com\\\/jeremy-rollando-presente-zef\\\/\"},\"wordCount\":1096,\"image\":{\"@id\":\"https:\\\/\\\/veevcom.com\\\/jeremy-rollando-presente-zef\\\/#primaryimage\"},\"thumbnailUrl\":\"https:\\\/\\\/veevcom.com\\\/wp-content\\\/uploads\\\/2025\\\/11\\\/Album-Zef\u00a9Jeremy-Averbuj.png\",\"articleSection\":[\"Actualidad\"],\"inLanguage\":\"es\"},{\"@type\":\"WebPage\",\"@id\":\"https:\\\/\\\/veevcom.com\\\/es\\\/jeremy-rollando-presente-zef\\\/\",\"url\":\"https:\\\/\\\/veevcom.com\\\/es\\\/jeremy-rollando-presente-zef\\\/\",\"name\":\"J\u00e9r\u00e9my Rollando presenta \\\"Zef\\\" - VeevCom\",\"isPartOf\":{\"@id\":\"https:\\\/\\\/veevcom.com\\\/es\\\/#website\"},\"primaryImageOfPage\":{\"@id\":\"https:\\\/\\\/veevcom.com\\\/es\\\/jeremy-rollando-presente-zef\\\/#primaryimage\"},\"image\":{\"@id\":\"https:\\\/\\\/veevcom.com\\\/jeremy-rollando-presente-zef\\\/#primaryimage\"},\"thumbnailUrl\":\"https:\\\/\\\/veevcom.com\\\/wp-content\\\/uploads\\\/2025\\\/11\\\/Album-Zef\u00a9Jeremy-Averbuj.png\",\"datePublished\":\"2025-11-07T15:41:34+00:00\",\"dateModified\":\"2025-11-28T10:42:09+00:00\",\"author\":{\"@id\":\"https:\\\/\\\/veevcom.com\\\/#\\\/schema\\\/person\\\/754f1f5a030d278766b52cf0e0c62e8b\"},\"breadcrumb\":{\"@id\":\"https:\\\/\\\/veevcom.com\\\/es\\\/jeremy-rollando-presente-zef\\\/#breadcrumb\"},\"inLanguage\":\"es\",\"potentialAction\":[{\"@type\":\"ReadAction\",\"target\":[[\"https:\\\/\\\/veevcom.com\\\/es\\\/jeremy-rollando-presente-zef\\\/\"]]}]},{\"@type\":\"ImageObject\",\"inLanguage\":\"es\",\"@id\":\"https:\\\/\\\/veevcom.com\\\/es\\\/jeremy-rollando-presente-zef\\\/#primaryimage\",\"url\":\"https:\\\/\\\/veevcom.com\\\/wp-content\\\/uploads\\\/2025\\\/11\\\/Album-Zef\u00a9Jeremy-Averbuj.png\",\"contentUrl\":\"https:\\\/\\\/veevcom.com\\\/wp-content\\\/uploads\\\/2025\\\/11\\\/Album-Zef\u00a9Jeremy-Averbuj.png\",\"width\":1654,\"height\":1417,\"caption\":\"Pochette album \\\"Zef\\\" de J\u00e9r\u00e9my Rollando\"},{\"@type\":\"BreadcrumbList\",\"@id\":\"https:\\\/\\\/veevcom.com\\\/es\\\/jeremy-rollando-presente-zef\\\/#breadcrumb\",\"itemListElement\":[{\"@type\":\"ListItem\",\"position\":1,\"name\":\"Accueil\",\"item\":\"https:\\\/\\\/veevcom.com\\\/es\\\/\"},{\"@type\":\"ListItem\",\"position\":2,\"name\":\"J\u00e9r\u00e9my Rollando pr\u00e9sente \u00ab\u00a0Zef\u00a0\u00bb\"}]},{\"@type\":\"WebSite\",\"@id\":\"https:\\\/\\\/veevcom.com\\\/es\\\/#website\",\"url\":\"https:\\\/\\\/veevcom.com\\\/es\\\/\",\"name\":\"VeevCom\",\"description\":\"Public Relations and Communication in the Music Industry\",\"potentialAction\":[{\"@type\":\"SearchAction\",\"target\":{\"@type\":\"EntryPoint\",\"urlTemplate\":\"https:\\\/\\\/veevcom.com\\\/es\\\/?s={search_term_string}\"},\"query-input\":{\"@type\":\"PropertyValueSpecification\",\"valueRequired\":true,\"valueName\":\"search_term_string\"}}],\"inLanguage\":\"es\"},{\"@type\":\"Person\",\"@id\":\"https:\\\/\\\/veevcom.com\\\/#\\\/schema\\\/person\\\/754f1f5a030d278766b52cf0e0c62e8b\",\"name\":\"severine\",\"image\":{\"@type\":\"ImageObject\",\"inLanguage\":\"es\",\"@id\":\"https:\\\/\\\/secure.gravatar.com\\\/avatar\\\/ba307ed472519f403589981b25bf62b4089c1f82b837eaae855dd05633adf22c?s=96&d=mm&r=g\",\"url\":\"https:\\\/\\\/secure.gravatar.com\\\/avatar\\\/ba307ed472519f403589981b25bf62b4089c1f82b837eaae855dd05633adf22c?s=96&d=mm&r=g\",\"contentUrl\":\"https:\\\/\\\/secure.gravatar.com\\\/avatar\\\/ba307ed472519f403589981b25bf62b4089c1f82b837eaae855dd05633adf22c?s=96&d=mm&r=g\",\"caption\":\"severine\"}}]}<\/script>\n<!-- \/ Yoast SEO plugin. -->","yoast_head_json":{"title":"J\u00e9r\u00e9my Rollando presenta \"Zef\" - VeevCom","robots":{"index":"index","follow":"follow","max-snippet":"max-snippet:-1","max-image-preview":"max-image-preview:large","max-video-preview":"max-video-preview:-1"},"canonical":"https:\/\/veevcom.com\/es\/jeremy-rollando-presente-zef\/","og_locale":"es_ES","og_type":"article","og_title":"J\u00e9r\u00e9my Rollando presenta \"Zef\" - VeevCom","og_description":"Disculpa, pero esta entrada est\u00e1 disponible s\u00f3lo en FR y EN.J\u00e9r\u00e9my Rollando r\u00e9v\u00e8lera \u00abZef\u00bb , son deuxi\u00e8me album, \u00e0 l&#8217;occasion de sa sortie digitale le&nbsp;09&nbsp;janvier 2026&nbsp;et en CD le 06 f\u00e9vrier 2026 chez&nbsp;Label Montgolfi\u00e8re \/ InOu\u00efe Distribution. Cet opus sera pr\u00e9sent\u00e9 le jeudi 05 f\u00e9vrier 2026 sur la sc\u00e8ne du Caf\u00e9 de la Danse (Paris, [&hellip;]","og_url":"https:\/\/veevcom.com\/es\/jeremy-rollando-presente-zef\/","og_site_name":"VeevCom","article_published_time":"2025-11-07T15:41:34+00:00","article_modified_time":"2025-11-28T10:42:09+00:00","og_image":[{"width":1654,"height":1417,"url":"http:\/\/veevcom.com\/wp-content\/uploads\/2025\/11\/Album-Zef\u00a9Jeremy-Averbuj.png","type":"image\/png"}],"author":"severine","twitter_card":"summary_large_image","twitter_misc":{"Escrito por":"severine","Tiempo de lectura":"5 minutos"},"schema":{"@context":"https:\/\/schema.org","@graph":[{"@type":"Article","@id":"https:\/\/veevcom.com\/jeremy-rollando-presente-zef\/#article","isPartOf":{"@id":"https:\/\/veevcom.com\/jeremy-rollando-presente-zef\/"},"author":{"name":"severine","@id":"https:\/\/veevcom.com\/#\/schema\/person\/754f1f5a030d278766b52cf0e0c62e8b"},"headline":"J\u00e9r\u00e9my Rollando presenta \u00abZef\u00bb","datePublished":"2025-11-07T15:41:34+00:00","dateModified":"2025-11-28T10:42:09+00:00","mainEntityOfPage":{"@id":"https:\/\/veevcom.com\/jeremy-rollando-presente-zef\/"},"wordCount":1096,"image":{"@id":"https:\/\/veevcom.com\/jeremy-rollando-presente-zef\/#primaryimage"},"thumbnailUrl":"https:\/\/veevcom.com\/wp-content\/uploads\/2025\/11\/Album-Zef\u00a9Jeremy-Averbuj.png","articleSection":["Actualidad"],"inLanguage":"es"},{"@type":"WebPage","@id":"https:\/\/veevcom.com\/es\/jeremy-rollando-presente-zef\/","url":"https:\/\/veevcom.com\/es\/jeremy-rollando-presente-zef\/","name":"J\u00e9r\u00e9my Rollando presenta \"Zef\" - VeevCom","isPartOf":{"@id":"https:\/\/veevcom.com\/es\/#website"},"primaryImageOfPage":{"@id":"https:\/\/veevcom.com\/es\/jeremy-rollando-presente-zef\/#primaryimage"},"image":{"@id":"https:\/\/veevcom.com\/jeremy-rollando-presente-zef\/#primaryimage"},"thumbnailUrl":"https:\/\/veevcom.com\/wp-content\/uploads\/2025\/11\/Album-Zef\u00a9Jeremy-Averbuj.png","datePublished":"2025-11-07T15:41:34+00:00","dateModified":"2025-11-28T10:42:09+00:00","author":{"@id":"https:\/\/veevcom.com\/#\/schema\/person\/754f1f5a030d278766b52cf0e0c62e8b"},"breadcrumb":{"@id":"https:\/\/veevcom.com\/es\/jeremy-rollando-presente-zef\/#breadcrumb"},"inLanguage":"es","potentialAction":[{"@type":"ReadAction","target":[["https:\/\/veevcom.com\/es\/jeremy-rollando-presente-zef\/"]]}]},{"@type":"ImageObject","inLanguage":"es","@id":"https:\/\/veevcom.com\/es\/jeremy-rollando-presente-zef\/#primaryimage","url":"https:\/\/veevcom.com\/wp-content\/uploads\/2025\/11\/Album-Zef\u00a9Jeremy-Averbuj.png","contentUrl":"https:\/\/veevcom.com\/wp-content\/uploads\/2025\/11\/Album-Zef\u00a9Jeremy-Averbuj.png","width":1654,"height":1417,"caption":"Pochette album \"Zef\" de J\u00e9r\u00e9my Rollando"},{"@type":"BreadcrumbList","@id":"https:\/\/veevcom.com\/es\/jeremy-rollando-presente-zef\/#breadcrumb","itemListElement":[{"@type":"ListItem","position":1,"name":"Accueil","item":"https:\/\/veevcom.com\/es\/"},{"@type":"ListItem","position":2,"name":"J\u00e9r\u00e9my Rollando pr\u00e9sente \u00ab\u00a0Zef\u00a0\u00bb"}]},{"@type":"WebSite","@id":"https:\/\/veevcom.com\/es\/#website","url":"https:\/\/veevcom.com\/es\/","name":"VeevCom","description":"Public Relations and Communication in the Music Industry","potentialAction":[{"@type":"SearchAction","target":{"@type":"EntryPoint","urlTemplate":"https:\/\/veevcom.com\/es\/?s={search_term_string}"},"query-input":{"@type":"PropertyValueSpecification","valueRequired":true,"valueName":"search_term_string"}}],"inLanguage":"es"},{"@type":"Person","@id":"https:\/\/veevcom.com\/#\/schema\/person\/754f1f5a030d278766b52cf0e0c62e8b","name":"severine","image":{"@type":"ImageObject","inLanguage":"es","@id":"https:\/\/secure.gravatar.com\/avatar\/ba307ed472519f403589981b25bf62b4089c1f82b837eaae855dd05633adf22c?s=96&d=mm&r=g","url":"https:\/\/secure.gravatar.com\/avatar\/ba307ed472519f403589981b25bf62b4089c1f82b837eaae855dd05633adf22c?s=96&d=mm&r=g","contentUrl":"https:\/\/secure.gravatar.com\/avatar\/ba307ed472519f403589981b25bf62b4089c1f82b837eaae855dd05633adf22c?s=96&d=mm&r=g","caption":"severine"}}]}},"_links":{"self":[{"href":"https:\/\/veevcom.com\/es\/wp-json\/wp\/v2\/posts\/62715","targetHints":{"allow":["GET"]}}],"collection":[{"href":"https:\/\/veevcom.com\/es\/wp-json\/wp\/v2\/posts"}],"about":[{"href":"https:\/\/veevcom.com\/es\/wp-json\/wp\/v2\/types\/post"}],"author":[{"embeddable":true,"href":"https:\/\/veevcom.com\/es\/wp-json\/wp\/v2\/users\/3"}],"replies":[{"embeddable":true,"href":"https:\/\/veevcom.com\/es\/wp-json\/wp\/v2\/comments?post=62715"}],"version-history":[{"count":14,"href":"https:\/\/veevcom.com\/es\/wp-json\/wp\/v2\/posts\/62715\/revisions"}],"predecessor-version":[{"id":69612,"href":"https:\/\/veevcom.com\/es\/wp-json\/wp\/v2\/posts\/62715\/revisions\/69612"}],"wp:featuredmedia":[{"embeddable":true,"href":"https:\/\/veevcom.com\/es\/wp-json\/wp\/v2\/media\/62719"}],"wp:attachment":[{"href":"https:\/\/veevcom.com\/es\/wp-json\/wp\/v2\/media?parent=62715"}],"wp:term":[{"taxonomy":"category","embeddable":true,"href":"https:\/\/veevcom.com\/es\/wp-json\/wp\/v2\/categories?post=62715"},{"taxonomy":"post_tag","embeddable":true,"href":"https:\/\/veevcom.com\/es\/wp-json\/wp\/v2\/tags?post=62715"}],"curies":[{"name":"wp","href":"https:\/\/api.w.org\/{rel}","templated":true}]}}