{"id":62692,"date":"2025-10-30T16:42:12","date_gmt":"2025-10-30T15:42:12","guid":{"rendered":"https:\/\/veevcom.com\/?p=62692"},"modified":"2025-10-30T16:42:12","modified_gmt":"2025-10-30T15:42:12","slug":"saodaj-presente-loder-la-vi","status":"publish","type":"post","link":"https:\/\/veevcom.com\/es\/saodaj-presente-loder-la-vi\/","title":{"rendered":"Saodaj presenta \u00abLod\u00e8r la vi\u00bb"},"content":{"rendered":"<p class=\"qtranxs-available-languages-message qtranxs-available-languages-message-es\">Disculpa, pero esta entrada est\u00e1 disponible s\u00f3lo en <a href=\"https:\/\/veevcom.com\/fr\/wp-json\/wp\/v2\/posts\/62692\" class=\"qtranxs-available-language-link qtranxs-available-language-link-fr\" title=\"FR\">FR<\/a> y <a href=\"https:\/\/veevcom.com\/en\/wp-json\/wp\/v2\/posts\/62692\" class=\"qtranxs-available-language-link qtranxs-available-language-link-en\" title=\"EN\">EN<\/a>.<\/p><p>Le groupe r\u00e9unionnais <strong>Saodaj<\/strong> r\u00e9v\u00e8lera <strong>\u00abLod\u00e8r la vi\u00bb<\/strong> son<strong> 2e album<\/strong>, \u00e0 l&#8217;occasion de sa sortie le <strong>07 novembre 2025<\/strong> chez <strong>Buda Musique \/ Socadisc<\/strong>.<\/p>\n<p><strong>Saodaj<\/strong>, c\u2019est l\u2019image d\u2019un pays pluriel, vaste, infini : <strong>La R\u00e9union<\/strong>. \u00ab Une musique amoureuse du <strong>Maloya<\/strong>, \u00e9mancip\u00e9e et vagabonde. En cr\u00e9ole, en fran\u00e7ais, leurs textes s\u2019\u00e9l\u00e8vent et s\u2019indignent, cherchant la beaut\u00e9 dans la noirceur du monde. <strong>Saodaj<\/strong> trace sa route depuis une d\u00e9cennie entre tradition et modernit\u00e9, l\u00e0 o\u00f9 le rock alternatif des cordes satur\u00e9es fait corps avec les polyrythmies percussives. \u00bb<\/p>\n<p>Le groupe sera en <strong>tourn\u00e9e<\/strong> (Wax Booking) en <strong>Europe<\/strong> cet automne aux dates suivantes :<br \/>\n&#8211; 20\/11 : <strong>Concert Rocher de Palmer<\/strong>, Cenon (33)<br \/>\n&#8211; 21\/11 : <strong>Art\u2019Cade<\/strong>, Sainte-Croix-Volvestre (09)<br \/>\n&#8211; 22\/11 : <strong>Atelier du N\u00e9ez<\/strong>, Juran\u00e7on (64)<br \/>\n&#8211; 23\/11 : <strong>La Grotte<\/strong>, Limousis (11)<br \/>\n&#8211; 26\/11 : <strong>Cave aux Po\u00e8tes<\/strong>, Roubaix (59)<br \/>\n&#8211; 27\/11 : <strong>Le Tamanoir<\/strong>, Gennevilliers (92)<br \/>\n&#8211; 28\/11 : <strong>The Faculty<\/strong>, Anderlecht (BE)<br \/>\n&#8211; 29\/11 : <strong>Cave \u00e0 Musique<\/strong>, M\u00e2con (71)<br \/>\n&#8211; 04\/12 : <strong>La Luciole<\/strong>, Alen\u00e7on (61)<br \/>\n&#8211; 05\/12 : <strong>Espace Brassens<\/strong>, Mantes-la-Jolie (78)<br \/>\n&#8211; 06\/12 : <strong>Gueulard Plus<\/strong>, Nilvange (57)<\/p>\n<p><strong>Saodaj<\/strong> est compos\u00e9 de :<br \/>\n&#8211; <strong>Marie LANFROY<\/strong> &#8211; Chant, Bobr&#8217;, Kayamb, Tarlon<br \/>\n&#8211; <strong>Jonathan IT\u00c9MA<\/strong> &#8211; Chant, Roul\u00e8r, Sati-pik\u00e8r, Bobr, Morlon, Triangle<br \/>\n&#8211; <strong>M\u00e9lanie BADAL<\/strong> &#8211; Violoncelle, Chant<br \/>\n&#8211; <strong>Frederick CIPRIANO<\/strong> &#8211; Sati-pik\u00e8r, Triangle, Kayamb<br \/>\n&#8211; <strong>Blaise CADENET<\/strong> &#8211; Guitare, Percussions<br \/>\n&#8211; <strong>Z\u00e9lito DELIRON<\/strong> &#8211; Percussions, Fl\u00fbte ethnique, Roul\u00e8r, Chant<br \/>\n&#8211;<strong> Olivier DIGUET dit Peak<\/strong> &#8211; R\u00e9gisseur son<\/p>\n<p>Une musique amoureuse du <strong>Maloya<\/strong>, \u00e9mancip\u00e9e et vagabonde. En cr\u00e9ole, en fran\u00e7ais, leurs textes s\u2019\u00e9l\u00e8vent et s\u2019indignent, cherchant la beaut\u00e9 dans la noirceur du monde. <strong>Saodaj<\/strong> trace sa route depuis une d\u00e9cennie entre tradition et modernit\u00e9, l\u00e0 o\u00f9 le rock alternatif des cordes satur\u00e9es fait corps avec les polyrythmies percussives.<\/p>\n<p>A travers l\u2019album \u00ab <strong>Lod\u00e8r la vi<\/strong> \u00bb (Parfum de la vie) le groupe ose de nouveaux paysages sonores. Une ode aux naissances qui nous m\u00e9tamorphosent, aux voyages hors des sentiers battus, \u00e0 nos vivants et nos morts, l\u2019amour toujours en ligne de mire.<\/p>\n<p><strong>Saodaj<\/strong> incarne une musique actuelle et engag\u00e9e, qui fusionne avec \u00e9l\u00e9gance les \u00e9l\u00e9ments de la modernit\u00e9 et les racines profondes des traditions. \u00c0 travers leur art, <strong>Marie Lanfroy<\/strong>, <strong>Jonathan It\u00e9ma<\/strong> et leur groupe offrent une interpr\u00e9tation unique du monde. <strong>Saodaj<\/strong> continue de charmer et de sensibiliser avec une musique qui touche \u00e0 l\u2019\u00e2me, rappelant \u00e0 chacun l\u2019importance de nos racines tout en embrassant le changement et l\u2019\u00e9volution.<\/p>","protected":false},"excerpt":{"rendered":"<p>Disculpa, pero esta entrada est\u00e1 disponible s\u00f3lo en FR y EN.Le groupe r\u00e9unionnais Saodaj r\u00e9v\u00e8lera \u00abLod\u00e8r la vi\u00bb son 2e album, \u00e0 l&#8217;occasion de sa sortie le 07 novembre 2025 chez Buda Musique \/ Socadisc. Saodaj, c\u2019est l\u2019image d\u2019un pays pluriel, vaste, infini : La R\u00e9union. \u00ab Une musique amoureuse du Maloya, \u00e9mancip\u00e9e et vagabonde. [&hellip;]<\/p>\n","protected":false},"author":3,"featured_media":62694,"comment_status":"closed","ping_status":"closed","sticky":false,"template":"","format":"standard","meta":{"_acf_changed":false,"footnotes":""},"categories":[1],"tags":[],"class_list":["post-62692","post","type-post","status-publish","format-standard","has-post-thumbnail","hentry","category-non-classe"],"acf":[],"yoast_head":"<!-- This site is optimized with the Yoast SEO plugin v27.4 - https:\/\/yoast.com\/product\/yoast-seo-wordpress\/ -->\n<title>Saodaj presenta &quot;Lod\u00e8r la vi&quot; - VeevCom<\/title>\n<meta name=\"robots\" content=\"index, follow, max-snippet:-1, max-image-preview:large, max-video-preview:-1\" \/>\n<link rel=\"canonical\" href=\"https:\/\/veevcom.com\/es\/saodaj-presente-loder-la-vi\/\" \/>\n<meta property=\"og:locale\" content=\"es_ES\" \/>\n<meta property=\"og:type\" content=\"article\" \/>\n<meta property=\"og:title\" content=\"Saodaj presenta &quot;Lod\u00e8r la vi&quot; - VeevCom\" \/>\n<meta property=\"og:description\" content=\"Disculpa, pero esta entrada est\u00e1 disponible s\u00f3lo en FR y EN.Le groupe r\u00e9unionnais Saodaj r\u00e9v\u00e8lera \u00abLod\u00e8r la vi\u00bb son 2e album, \u00e0 l&#8217;occasion de sa sortie le 07 novembre 2025 chez Buda Musique \/ Socadisc. Saodaj, c\u2019est l\u2019image d\u2019un pays pluriel, vaste, infini : La R\u00e9union. \u00ab Une musique amoureuse du Maloya, \u00e9mancip\u00e9e et vagabonde. [&hellip;]\" \/>\n<meta property=\"og:url\" content=\"https:\/\/veevcom.com\/es\/saodaj-presente-loder-la-vi\/\" \/>\n<meta property=\"og:site_name\" content=\"VeevCom\" \/>\n<meta property=\"article:published_time\" content=\"2025-10-30T15:42:12+00:00\" \/>\n<meta property=\"og:image\" content=\"http:\/\/veevcom.com\/wp-content\/uploads\/2025\/10\/POCHETTE-LODER-LA-VI\u00a9Laurent-de-Gebhardt-_Nathalie-Vindevogel_RVB_72dpi-scaled.jpg\" \/>\n\t<meta property=\"og:image:width\" content=\"2560\" \/>\n\t<meta property=\"og:image:height\" content=\"2560\" \/>\n\t<meta property=\"og:image:type\" content=\"image\/jpeg\" \/>\n<meta name=\"author\" content=\"severine\" \/>\n<meta name=\"twitter:card\" content=\"summary_large_image\" \/>\n<meta name=\"twitter:label1\" content=\"Escrito por\" \/>\n\t<meta name=\"twitter:data1\" content=\"severine\" \/>\n\t<meta name=\"twitter:label2\" content=\"Tiempo de lectura\" \/>\n\t<meta name=\"twitter:data2\" content=\"3 minutos\" \/>\n<script type=\"application\/ld+json\" class=\"yoast-schema-graph\">{\"@context\":\"https:\\\/\\\/schema.org\",\"@graph\":[{\"@type\":\"Article\",\"@id\":\"https:\\\/\\\/veevcom.com\\\/saodaj-presente-loder-la-vi\\\/#article\",\"isPartOf\":{\"@id\":\"https:\\\/\\\/veevcom.com\\\/saodaj-presente-loder-la-vi\\\/\"},\"author\":{\"name\":\"severine\",\"@id\":\"https:\\\/\\\/veevcom.com\\\/#\\\/schema\\\/person\\\/754f1f5a030d278766b52cf0e0c62e8b\"},\"headline\":\"Saodaj presenta \u00abLod\u00e8r la vi\u00bb\",\"datePublished\":\"2025-10-30T15:42:12+00:00\",\"mainEntityOfPage\":{\"@id\":\"https:\\\/\\\/veevcom.com\\\/saodaj-presente-loder-la-vi\\\/\"},\"wordCount\":586,\"image\":{\"@id\":\"https:\\\/\\\/veevcom.com\\\/saodaj-presente-loder-la-vi\\\/#primaryimage\"},\"thumbnailUrl\":\"https:\\\/\\\/veevcom.com\\\/wp-content\\\/uploads\\\/2025\\\/10\\\/POCHETTE-LODER-LA-VI\u00a9Laurent-de-Gebhardt-_Nathalie-Vindevogel_RVB_72dpi-scaled.jpg\",\"articleSection\":[\"Actualidad\"],\"inLanguage\":\"es\"},{\"@type\":\"WebPage\",\"@id\":\"https:\\\/\\\/veevcom.com\\\/es\\\/saodaj-presente-loder-la-vi\\\/\",\"url\":\"https:\\\/\\\/veevcom.com\\\/es\\\/saodaj-presente-loder-la-vi\\\/\",\"name\":\"Saodaj presenta \\\"Lod\u00e8r la vi\\\" - VeevCom\",\"isPartOf\":{\"@id\":\"https:\\\/\\\/veevcom.com\\\/es\\\/#website\"},\"primaryImageOfPage\":{\"@id\":\"https:\\\/\\\/veevcom.com\\\/es\\\/saodaj-presente-loder-la-vi\\\/#primaryimage\"},\"image\":{\"@id\":\"https:\\\/\\\/veevcom.com\\\/saodaj-presente-loder-la-vi\\\/#primaryimage\"},\"thumbnailUrl\":\"https:\\\/\\\/veevcom.com\\\/wp-content\\\/uploads\\\/2025\\\/10\\\/POCHETTE-LODER-LA-VI\u00a9Laurent-de-Gebhardt-_Nathalie-Vindevogel_RVB_72dpi-scaled.jpg\",\"datePublished\":\"2025-10-30T15:42:12+00:00\",\"author\":{\"@id\":\"https:\\\/\\\/veevcom.com\\\/#\\\/schema\\\/person\\\/754f1f5a030d278766b52cf0e0c62e8b\"},\"breadcrumb\":{\"@id\":\"https:\\\/\\\/veevcom.com\\\/es\\\/saodaj-presente-loder-la-vi\\\/#breadcrumb\"},\"inLanguage\":\"es\",\"potentialAction\":[{\"@type\":\"ReadAction\",\"target\":[[\"https:\\\/\\\/veevcom.com\\\/es\\\/saodaj-presente-loder-la-vi\\\/\"]]}]},{\"@type\":\"ImageObject\",\"inLanguage\":\"es\",\"@id\":\"https:\\\/\\\/veevcom.com\\\/es\\\/saodaj-presente-loder-la-vi\\\/#primaryimage\",\"url\":\"https:\\\/\\\/veevcom.com\\\/wp-content\\\/uploads\\\/2025\\\/10\\\/POCHETTE-LODER-LA-VI\u00a9Laurent-de-Gebhardt-_Nathalie-Vindevogel_RVB_72dpi-scaled.jpg\",\"contentUrl\":\"https:\\\/\\\/veevcom.com\\\/wp-content\\\/uploads\\\/2025\\\/10\\\/POCHETTE-LODER-LA-VI\u00a9Laurent-de-Gebhardt-_Nathalie-Vindevogel_RVB_72dpi-scaled.jpg\",\"width\":2560,\"height\":2560,\"caption\":\"Pochette Lod\u00e8r la vi de Saodaj\"},{\"@type\":\"BreadcrumbList\",\"@id\":\"https:\\\/\\\/veevcom.com\\\/es\\\/saodaj-presente-loder-la-vi\\\/#breadcrumb\",\"itemListElement\":[{\"@type\":\"ListItem\",\"position\":1,\"name\":\"Accueil\",\"item\":\"https:\\\/\\\/veevcom.com\\\/es\\\/\"},{\"@type\":\"ListItem\",\"position\":2,\"name\":\"Saodaj pr\u00e9sente \u00ab\u00a0Lod\u00e8r la vi\u00a0\u00bb\"}]},{\"@type\":\"WebSite\",\"@id\":\"https:\\\/\\\/veevcom.com\\\/es\\\/#website\",\"url\":\"https:\\\/\\\/veevcom.com\\\/es\\\/\",\"name\":\"VeevCom\",\"description\":\"Public Relations and Communication in the Music Industry\",\"potentialAction\":[{\"@type\":\"SearchAction\",\"target\":{\"@type\":\"EntryPoint\",\"urlTemplate\":\"https:\\\/\\\/veevcom.com\\\/es\\\/?s={search_term_string}\"},\"query-input\":{\"@type\":\"PropertyValueSpecification\",\"valueRequired\":true,\"valueName\":\"search_term_string\"}}],\"inLanguage\":\"es\"},{\"@type\":\"Person\",\"@id\":\"https:\\\/\\\/veevcom.com\\\/#\\\/schema\\\/person\\\/754f1f5a030d278766b52cf0e0c62e8b\",\"name\":\"severine\",\"image\":{\"@type\":\"ImageObject\",\"inLanguage\":\"es\",\"@id\":\"https:\\\/\\\/secure.gravatar.com\\\/avatar\\\/ba307ed472519f403589981b25bf62b4089c1f82b837eaae855dd05633adf22c?s=96&d=mm&r=g\",\"url\":\"https:\\\/\\\/secure.gravatar.com\\\/avatar\\\/ba307ed472519f403589981b25bf62b4089c1f82b837eaae855dd05633adf22c?s=96&d=mm&r=g\",\"contentUrl\":\"https:\\\/\\\/secure.gravatar.com\\\/avatar\\\/ba307ed472519f403589981b25bf62b4089c1f82b837eaae855dd05633adf22c?s=96&d=mm&r=g\",\"caption\":\"severine\"}}]}<\/script>\n<!-- \/ Yoast SEO plugin. -->","yoast_head_json":{"title":"Saodaj presenta \"Lod\u00e8r la vi\" - VeevCom","robots":{"index":"index","follow":"follow","max-snippet":"max-snippet:-1","max-image-preview":"max-image-preview:large","max-video-preview":"max-video-preview:-1"},"canonical":"https:\/\/veevcom.com\/es\/saodaj-presente-loder-la-vi\/","og_locale":"es_ES","og_type":"article","og_title":"Saodaj presenta \"Lod\u00e8r la vi\" - VeevCom","og_description":"Disculpa, pero esta entrada est\u00e1 disponible s\u00f3lo en FR y EN.Le groupe r\u00e9unionnais Saodaj r\u00e9v\u00e8lera \u00abLod\u00e8r la vi\u00bb son 2e album, \u00e0 l&#8217;occasion de sa sortie le 07 novembre 2025 chez Buda Musique \/ Socadisc. Saodaj, c\u2019est l\u2019image d\u2019un pays pluriel, vaste, infini : La R\u00e9union. \u00ab Une musique amoureuse du Maloya, \u00e9mancip\u00e9e et vagabonde. [&hellip;]","og_url":"https:\/\/veevcom.com\/es\/saodaj-presente-loder-la-vi\/","og_site_name":"VeevCom","article_published_time":"2025-10-30T15:42:12+00:00","og_image":[{"width":2560,"height":2560,"url":"http:\/\/veevcom.com\/wp-content\/uploads\/2025\/10\/POCHETTE-LODER-LA-VI\u00a9Laurent-de-Gebhardt-_Nathalie-Vindevogel_RVB_72dpi-scaled.jpg","type":"image\/jpeg"}],"author":"severine","twitter_card":"summary_large_image","twitter_misc":{"Escrito por":"severine","Tiempo de lectura":"3 minutos"},"schema":{"@context":"https:\/\/schema.org","@graph":[{"@type":"Article","@id":"https:\/\/veevcom.com\/saodaj-presente-loder-la-vi\/#article","isPartOf":{"@id":"https:\/\/veevcom.com\/saodaj-presente-loder-la-vi\/"},"author":{"name":"severine","@id":"https:\/\/veevcom.com\/#\/schema\/person\/754f1f5a030d278766b52cf0e0c62e8b"},"headline":"Saodaj presenta \u00abLod\u00e8r la vi\u00bb","datePublished":"2025-10-30T15:42:12+00:00","mainEntityOfPage":{"@id":"https:\/\/veevcom.com\/saodaj-presente-loder-la-vi\/"},"wordCount":586,"image":{"@id":"https:\/\/veevcom.com\/saodaj-presente-loder-la-vi\/#primaryimage"},"thumbnailUrl":"https:\/\/veevcom.com\/wp-content\/uploads\/2025\/10\/POCHETTE-LODER-LA-VI\u00a9Laurent-de-Gebhardt-_Nathalie-Vindevogel_RVB_72dpi-scaled.jpg","articleSection":["Actualidad"],"inLanguage":"es"},{"@type":"WebPage","@id":"https:\/\/veevcom.com\/es\/saodaj-presente-loder-la-vi\/","url":"https:\/\/veevcom.com\/es\/saodaj-presente-loder-la-vi\/","name":"Saodaj presenta \"Lod\u00e8r la vi\" - VeevCom","isPartOf":{"@id":"https:\/\/veevcom.com\/es\/#website"},"primaryImageOfPage":{"@id":"https:\/\/veevcom.com\/es\/saodaj-presente-loder-la-vi\/#primaryimage"},"image":{"@id":"https:\/\/veevcom.com\/saodaj-presente-loder-la-vi\/#primaryimage"},"thumbnailUrl":"https:\/\/veevcom.com\/wp-content\/uploads\/2025\/10\/POCHETTE-LODER-LA-VI\u00a9Laurent-de-Gebhardt-_Nathalie-Vindevogel_RVB_72dpi-scaled.jpg","datePublished":"2025-10-30T15:42:12+00:00","author":{"@id":"https:\/\/veevcom.com\/#\/schema\/person\/754f1f5a030d278766b52cf0e0c62e8b"},"breadcrumb":{"@id":"https:\/\/veevcom.com\/es\/saodaj-presente-loder-la-vi\/#breadcrumb"},"inLanguage":"es","potentialAction":[{"@type":"ReadAction","target":[["https:\/\/veevcom.com\/es\/saodaj-presente-loder-la-vi\/"]]}]},{"@type":"ImageObject","inLanguage":"es","@id":"https:\/\/veevcom.com\/es\/saodaj-presente-loder-la-vi\/#primaryimage","url":"https:\/\/veevcom.com\/wp-content\/uploads\/2025\/10\/POCHETTE-LODER-LA-VI\u00a9Laurent-de-Gebhardt-_Nathalie-Vindevogel_RVB_72dpi-scaled.jpg","contentUrl":"https:\/\/veevcom.com\/wp-content\/uploads\/2025\/10\/POCHETTE-LODER-LA-VI\u00a9Laurent-de-Gebhardt-_Nathalie-Vindevogel_RVB_72dpi-scaled.jpg","width":2560,"height":2560,"caption":"Pochette Lod\u00e8r la vi de Saodaj"},{"@type":"BreadcrumbList","@id":"https:\/\/veevcom.com\/es\/saodaj-presente-loder-la-vi\/#breadcrumb","itemListElement":[{"@type":"ListItem","position":1,"name":"Accueil","item":"https:\/\/veevcom.com\/es\/"},{"@type":"ListItem","position":2,"name":"Saodaj pr\u00e9sente \u00ab\u00a0Lod\u00e8r la vi\u00a0\u00bb"}]},{"@type":"WebSite","@id":"https:\/\/veevcom.com\/es\/#website","url":"https:\/\/veevcom.com\/es\/","name":"VeevCom","description":"Public Relations and Communication in the Music Industry","potentialAction":[{"@type":"SearchAction","target":{"@type":"EntryPoint","urlTemplate":"https:\/\/veevcom.com\/es\/?s={search_term_string}"},"query-input":{"@type":"PropertyValueSpecification","valueRequired":true,"valueName":"search_term_string"}}],"inLanguage":"es"},{"@type":"Person","@id":"https:\/\/veevcom.com\/#\/schema\/person\/754f1f5a030d278766b52cf0e0c62e8b","name":"severine","image":{"@type":"ImageObject","inLanguage":"es","@id":"https:\/\/secure.gravatar.com\/avatar\/ba307ed472519f403589981b25bf62b4089c1f82b837eaae855dd05633adf22c?s=96&d=mm&r=g","url":"https:\/\/secure.gravatar.com\/avatar\/ba307ed472519f403589981b25bf62b4089c1f82b837eaae855dd05633adf22c?s=96&d=mm&r=g","contentUrl":"https:\/\/secure.gravatar.com\/avatar\/ba307ed472519f403589981b25bf62b4089c1f82b837eaae855dd05633adf22c?s=96&d=mm&r=g","caption":"severine"}}]}},"_links":{"self":[{"href":"https:\/\/veevcom.com\/es\/wp-json\/wp\/v2\/posts\/62692","targetHints":{"allow":["GET"]}}],"collection":[{"href":"https:\/\/veevcom.com\/es\/wp-json\/wp\/v2\/posts"}],"about":[{"href":"https:\/\/veevcom.com\/es\/wp-json\/wp\/v2\/types\/post"}],"author":[{"embeddable":true,"href":"https:\/\/veevcom.com\/es\/wp-json\/wp\/v2\/users\/3"}],"replies":[{"embeddable":true,"href":"https:\/\/veevcom.com\/es\/wp-json\/wp\/v2\/comments?post=62692"}],"version-history":[{"count":13,"href":"https:\/\/veevcom.com\/es\/wp-json\/wp\/v2\/posts\/62692\/revisions"}],"predecessor-version":[{"id":62706,"href":"https:\/\/veevcom.com\/es\/wp-json\/wp\/v2\/posts\/62692\/revisions\/62706"}],"wp:featuredmedia":[{"embeddable":true,"href":"https:\/\/veevcom.com\/es\/wp-json\/wp\/v2\/media\/62694"}],"wp:attachment":[{"href":"https:\/\/veevcom.com\/es\/wp-json\/wp\/v2\/media?parent=62692"}],"wp:term":[{"taxonomy":"category","embeddable":true,"href":"https:\/\/veevcom.com\/es\/wp-json\/wp\/v2\/categories?post=62692"},{"taxonomy":"post_tag","embeddable":true,"href":"https:\/\/veevcom.com\/es\/wp-json\/wp\/v2\/tags?post=62692"}],"curies":[{"name":"wp","href":"https:\/\/api.w.org\/{rel}","templated":true}]}}