{"id":62668,"date":"2025-10-17T15:36:07","date_gmt":"2025-10-17T13:36:07","guid":{"rendered":"https:\/\/veevcom.com\/?p=62668"},"modified":"2025-10-17T15:36:07","modified_gmt":"2025-10-17T13:36:07","slug":"le-vent-du-nord-presente-voisinages","status":"publish","type":"post","link":"https:\/\/veevcom.com\/es\/le-vent-du-nord-presente-voisinages\/","title":{"rendered":"Le Vent du Nord presenta \u00abVoisinages\u00bb"},"content":{"rendered":"<p class=\"qtranxs-available-languages-message qtranxs-available-languages-message-es\">Disculpa, pero esta entrada est\u00e1 disponible s\u00f3lo en <a href=\"https:\/\/veevcom.com\/fr\/wp-json\/wp\/v2\/posts\/62668\" class=\"qtranxs-available-language-link qtranxs-available-language-link-fr\" title=\"FR\">FR<\/a> y <a href=\"https:\/\/veevcom.com\/en\/wp-json\/wp\/v2\/posts\/62668\" class=\"qtranxs-available-language-link qtranxs-available-language-link-en\" title=\"EN\">EN<\/a>.<\/p><p>Le <strong>Vent du Nord<\/strong>, quintette qu\u00e9b\u00e9cois de renomm\u00e9e internationale, vient de finaliser avec succ\u00e8s sa tourn\u00e9e sp\u00e9ciale 20e anniversaire et est de retour avec son 13e album \u00ab<strong>Voisinages<\/strong>\u00bb qui sortira le <strong>10\/10\/2025<\/strong> en digital (Monde) et le <strong>31\/10\/2025<\/strong> en CD (France) chez <strong>La Compagnie du Nord<\/strong> \/ <strong>Absilone<\/strong> \/ <strong>Socadisc<\/strong>.<br \/>\nL&#8217;album \u00ab<strong>Voisinages<\/strong>\u00bb est en pr\u00e9-commande sur toutes les plate-formes. Leur 1er single \/ clip \u00ab<strong>Sur le pont<\/strong>\u00bb est d&#8217;ores et d\u00e9j\u00e0 disponible.<\/p>\n<p>Ce nouvel opus aborde le th\u00e8me des voisinages. Les voisinages et m\u00e9tissages des musiques traditionnelles qui ont enrichi le r\u00e9pertoire du Qu\u00e9bec : l\u2019irlandais l\u2019\u00e9cossais, le folk am\u00e9ricain, autant que les chants de l\u2019Acadie et des francophones d\u2019Am\u00e9rique. Les 12 pi\u00e8ces de l\u2019album sont<br \/>\naussi inspir\u00e9es par le pays, ses rivi\u00e8res, ses histoires de guerre, de paix, de souffrances et d\u2019espoir autant que d\u2019amours et d\u2019amiti\u00e9s. Une invitation \u00e0 d\u00e9couvrir un monde d\u2019humanit\u00e9s ! Le Vent du Nord groupe de cr\u00e9ation, de Chanson francophone et Musiques du monde est compos\u00e9 de :<\/p>\n<p>&#8211; <strong>Andr\u00e9 (D\u00e9d\u00e9) Gagn\u00e9<\/strong> : voix, bouzouki et guitare<br \/>\n&#8211; <strong>Nicolas Boulerice<\/strong> : voix, piano, vielle \u00e0 roue et clochettes<br \/>\n&#8211; <strong>Andr\u00e9 Brunet<\/strong> : violon, pieds et voix<br \/>\n&#8211; <strong>R\u00e9jean Brunet<\/strong> : basse, accord\u00e9on diatonique, piano, bombarde et voix<br \/>\n&#8211; <strong>Olivier Demers<\/strong> : violon, pieds, mandoline, guitare, tom basse, grosse caisse et voix<\/p>\n<p>Avec la sortie de son 13e album, intitule\u0301 <strong>Voisinages<\/strong> et disponible le 10 octobre prochain, <strong>Le Vent du Nord <\/strong>aborde le the\u0300me des voisinages, sources d\u2019inspirations universelles. Notamment, des voisinages musicaux, qui enrichissent son re\u0301pertoire depuis toujours : ceux des Irlandais, des E\u0301cossais, des Ame\u0301ricains ou des Acadiens, pour ne nommer que ceux-la\u0300. Ce sont aussi les voisinages avec nos rivie\u0300res et nos fleuves, te\u0301moins de l\u2019histoire : les batailles gagne\u0301es ou perdues, les abus, les pertes, les amitie\u0301s et, surtout, les amours.<\/p>\n<p>\u00ab <em>A\u0300 travers tout l\u2019album, on voulait bien su\u0302r de\u0301cliner l\u2019ide\u0301e du voisinage sur tous les angles, mais on l\u2019a aussi pense\u0301 comme un appel a\u0300 l\u2019ouverture et a\u0300 la re\u0301conciliation. C\u2019est une invitation a\u0300 cre\u0301er des voisinages heureux \u00bb, <\/em>explique <strong>Nicolas Boulerice<\/strong>.<em> \u00ab On avait commence\u0301 ce mouvement sur Territoires, aujourd\u2019hui, on se centre davantage sur les humains qui les habitent<\/em> \u00bb.<\/p>\n<p>Si <strong>20 Printemps<\/strong> se voulait un album place\u0301 sous le signe de la fe\u0302te et de la joie, pour <strong>Voisinages<\/strong>, le groupe s\u2019est permis quelques ballades me\u0301lancoliques. \u00ab <em>On y retrouve aussi des chansons plus litte\u0301raires, tout en gardant un pied dans la tradition. Avec l\u2019arrive\u0301e d\u2019Andre\u0301 Gagne\u0301, qui a un jeu et une voix bien a\u0300 lui, cela nous a amene\u0301s ailleurs et c\u0327a nous a donne\u0301 le gou\u0302t d\u2019essayer des choses, de nous lancer des de\u0301fis. Re\u0301sultat : on est&nbsp;<\/em><em>particulie\u0300rement fiers de cet album, qui s\u2019est cre\u0301e\u0301 dans le bonheur de la cre\u0301ation, renouvele\u0301, me\u0302me apre\u0300s 23 ans de tourne\u0301es<\/em> \u00bb, ajoute <strong>Nicolas Boulerice<\/strong>.<\/p>","protected":false},"excerpt":{"rendered":"<p>Disculpa, pero esta entrada est\u00e1 disponible s\u00f3lo en FR y EN.Le Vent du Nord, quintette qu\u00e9b\u00e9cois de renomm\u00e9e internationale, vient de finaliser avec succ\u00e8s sa tourn\u00e9e sp\u00e9ciale 20e anniversaire et est de retour avec son 13e album \u00abVoisinages\u00bb qui sortira le 10\/10\/2025 en digital (Monde) et le 31\/10\/2025 en CD (France) chez La Compagnie du [&hellip;]<\/p>\n","protected":false},"author":3,"featured_media":62671,"comment_status":"closed","ping_status":"closed","sticky":false,"template":"","format":"standard","meta":{"_acf_changed":false,"footnotes":""},"categories":[1],"tags":[],"class_list":["post-62668","post","type-post","status-publish","format-standard","has-post-thumbnail","hentry","category-non-classe"],"acf":[],"yoast_head":"<!-- This site is optimized with the Yoast SEO plugin v27.4 - https:\/\/yoast.com\/product\/yoast-seo-wordpress\/ -->\n<title>Le Vent du Nord presenta &quot;Voisinages&quot; - VeevCom<\/title>\n<meta name=\"robots\" content=\"index, follow, max-snippet:-1, max-image-preview:large, max-video-preview:-1\" \/>\n<link rel=\"canonical\" href=\"https:\/\/veevcom.com\/es\/le-vent-du-nord-presente-voisinages\/\" \/>\n<meta property=\"og:locale\" content=\"es_ES\" \/>\n<meta property=\"og:type\" content=\"article\" \/>\n<meta property=\"og:title\" content=\"Le Vent du Nord presenta &quot;Voisinages&quot; - VeevCom\" \/>\n<meta property=\"og:description\" content=\"Disculpa, pero esta entrada est\u00e1 disponible s\u00f3lo en FR y EN.Le Vent du Nord, quintette qu\u00e9b\u00e9cois de renomm\u00e9e internationale, vient de finaliser avec succ\u00e8s sa tourn\u00e9e sp\u00e9ciale 20e anniversaire et est de retour avec son 13e album \u00abVoisinages\u00bb qui sortira le 10\/10\/2025 en digital (Monde) et le 31\/10\/2025 en CD (France) chez La Compagnie du [&hellip;]\" \/>\n<meta property=\"og:url\" content=\"https:\/\/veevcom.com\/es\/le-vent-du-nord-presente-voisinages\/\" \/>\n<meta property=\"og:site_name\" content=\"VeevCom\" \/>\n<meta property=\"article:published_time\" content=\"2025-10-17T13:36:07+00:00\" \/>\n<meta property=\"og:image\" content=\"http:\/\/veevcom.com\/wp-content\/uploads\/2025\/10\/Copy-of-VDN-Voisinages-Pochette-2000px\u00a9Olivier-Menard-Relief-Creation-_-Annie-Diotte.jpg\" \/>\n\t<meta property=\"og:image:width\" content=\"2000\" \/>\n\t<meta property=\"og:image:height\" content=\"2000\" \/>\n\t<meta property=\"og:image:type\" content=\"image\/jpeg\" \/>\n<meta name=\"author\" content=\"severine\" \/>\n<meta name=\"twitter:card\" content=\"summary_large_image\" \/>\n<meta name=\"twitter:label1\" content=\"Escrito por\" \/>\n\t<meta name=\"twitter:data1\" content=\"severine\" \/>\n\t<meta name=\"twitter:label2\" content=\"Tiempo de lectura\" \/>\n\t<meta name=\"twitter:data2\" content=\"5 minutos\" \/>\n<script type=\"application\/ld+json\" class=\"yoast-schema-graph\">{\"@context\":\"https:\\\/\\\/schema.org\",\"@graph\":[{\"@type\":\"Article\",\"@id\":\"https:\\\/\\\/veevcom.com\\\/le-vent-du-nord-presente-voisinages\\\/#article\",\"isPartOf\":{\"@id\":\"https:\\\/\\\/veevcom.com\\\/le-vent-du-nord-presente-voisinages\\\/\"},\"author\":{\"name\":\"severine\",\"@id\":\"https:\\\/\\\/veevcom.com\\\/#\\\/schema\\\/person\\\/754f1f5a030d278766b52cf0e0c62e8b\"},\"headline\":\"Le Vent du Nord presenta \u00abVoisinages\u00bb\",\"datePublished\":\"2025-10-17T13:36:07+00:00\",\"mainEntityOfPage\":{\"@id\":\"https:\\\/\\\/veevcom.com\\\/le-vent-du-nord-presente-voisinages\\\/\"},\"wordCount\":959,\"image\":{\"@id\":\"https:\\\/\\\/veevcom.com\\\/le-vent-du-nord-presente-voisinages\\\/#primaryimage\"},\"thumbnailUrl\":\"https:\\\/\\\/veevcom.com\\\/wp-content\\\/uploads\\\/2025\\\/10\\\/Copy-of-VDN-Voisinages-Pochette-2000px\u00a9Olivier-Menard-Relief-Creation-_-Annie-Diotte.jpg\",\"articleSection\":[\"Actualidad\"],\"inLanguage\":\"es\"},{\"@type\":\"WebPage\",\"@id\":\"https:\\\/\\\/veevcom.com\\\/es\\\/le-vent-du-nord-presente-voisinages\\\/\",\"url\":\"https:\\\/\\\/veevcom.com\\\/es\\\/le-vent-du-nord-presente-voisinages\\\/\",\"name\":\"Le Vent du Nord presenta \\\"Voisinages\\\" - VeevCom\",\"isPartOf\":{\"@id\":\"https:\\\/\\\/veevcom.com\\\/es\\\/#website\"},\"primaryImageOfPage\":{\"@id\":\"https:\\\/\\\/veevcom.com\\\/es\\\/le-vent-du-nord-presente-voisinages\\\/#primaryimage\"},\"image\":{\"@id\":\"https:\\\/\\\/veevcom.com\\\/le-vent-du-nord-presente-voisinages\\\/#primaryimage\"},\"thumbnailUrl\":\"https:\\\/\\\/veevcom.com\\\/wp-content\\\/uploads\\\/2025\\\/10\\\/Copy-of-VDN-Voisinages-Pochette-2000px\u00a9Olivier-Menard-Relief-Creation-_-Annie-Diotte.jpg\",\"datePublished\":\"2025-10-17T13:36:07+00:00\",\"author\":{\"@id\":\"https:\\\/\\\/veevcom.com\\\/#\\\/schema\\\/person\\\/754f1f5a030d278766b52cf0e0c62e8b\"},\"breadcrumb\":{\"@id\":\"https:\\\/\\\/veevcom.com\\\/es\\\/le-vent-du-nord-presente-voisinages\\\/#breadcrumb\"},\"inLanguage\":\"es\",\"potentialAction\":[{\"@type\":\"ReadAction\",\"target\":[[\"https:\\\/\\\/veevcom.com\\\/es\\\/le-vent-du-nord-presente-voisinages\\\/\"]]}]},{\"@type\":\"ImageObject\",\"inLanguage\":\"es\",\"@id\":\"https:\\\/\\\/veevcom.com\\\/es\\\/le-vent-du-nord-presente-voisinages\\\/#primaryimage\",\"url\":\"https:\\\/\\\/veevcom.com\\\/wp-content\\\/uploads\\\/2025\\\/10\\\/Copy-of-VDN-Voisinages-Pochette-2000px\u00a9Olivier-Menard-Relief-Creation-_-Annie-Diotte.jpg\",\"contentUrl\":\"https:\\\/\\\/veevcom.com\\\/wp-content\\\/uploads\\\/2025\\\/10\\\/Copy-of-VDN-Voisinages-Pochette-2000px\u00a9Olivier-Menard-Relief-Creation-_-Annie-Diotte.jpg\",\"width\":2000,\"height\":2000,\"caption\":\"Pochette album \\\"Voisinages\\\" - Le Vent du Nord\"},{\"@type\":\"BreadcrumbList\",\"@id\":\"https:\\\/\\\/veevcom.com\\\/es\\\/le-vent-du-nord-presente-voisinages\\\/#breadcrumb\",\"itemListElement\":[{\"@type\":\"ListItem\",\"position\":1,\"name\":\"Accueil\",\"item\":\"https:\\\/\\\/veevcom.com\\\/es\\\/\"},{\"@type\":\"ListItem\",\"position\":2,\"name\":\"Le Vent du Nord pr\u00e9sente \u00ab\u00a0Voisinages\u00a0\u00bb\"}]},{\"@type\":\"WebSite\",\"@id\":\"https:\\\/\\\/veevcom.com\\\/es\\\/#website\",\"url\":\"https:\\\/\\\/veevcom.com\\\/es\\\/\",\"name\":\"VeevCom\",\"description\":\"Public Relations and Communication in the Music Industry\",\"potentialAction\":[{\"@type\":\"SearchAction\",\"target\":{\"@type\":\"EntryPoint\",\"urlTemplate\":\"https:\\\/\\\/veevcom.com\\\/es\\\/?s={search_term_string}\"},\"query-input\":{\"@type\":\"PropertyValueSpecification\",\"valueRequired\":true,\"valueName\":\"search_term_string\"}}],\"inLanguage\":\"es\"},{\"@type\":\"Person\",\"@id\":\"https:\\\/\\\/veevcom.com\\\/#\\\/schema\\\/person\\\/754f1f5a030d278766b52cf0e0c62e8b\",\"name\":\"severine\",\"image\":{\"@type\":\"ImageObject\",\"inLanguage\":\"es\",\"@id\":\"https:\\\/\\\/secure.gravatar.com\\\/avatar\\\/ba307ed472519f403589981b25bf62b4089c1f82b837eaae855dd05633adf22c?s=96&d=mm&r=g\",\"url\":\"https:\\\/\\\/secure.gravatar.com\\\/avatar\\\/ba307ed472519f403589981b25bf62b4089c1f82b837eaae855dd05633adf22c?s=96&d=mm&r=g\",\"contentUrl\":\"https:\\\/\\\/secure.gravatar.com\\\/avatar\\\/ba307ed472519f403589981b25bf62b4089c1f82b837eaae855dd05633adf22c?s=96&d=mm&r=g\",\"caption\":\"severine\"}}]}<\/script>\n<!-- \/ Yoast SEO plugin. -->","yoast_head_json":{"title":"Le Vent du Nord presenta \"Voisinages\" - VeevCom","robots":{"index":"index","follow":"follow","max-snippet":"max-snippet:-1","max-image-preview":"max-image-preview:large","max-video-preview":"max-video-preview:-1"},"canonical":"https:\/\/veevcom.com\/es\/le-vent-du-nord-presente-voisinages\/","og_locale":"es_ES","og_type":"article","og_title":"Le Vent du Nord presenta \"Voisinages\" - VeevCom","og_description":"Disculpa, pero esta entrada est\u00e1 disponible s\u00f3lo en FR y EN.Le Vent du Nord, quintette qu\u00e9b\u00e9cois de renomm\u00e9e internationale, vient de finaliser avec succ\u00e8s sa tourn\u00e9e sp\u00e9ciale 20e anniversaire et est de retour avec son 13e album \u00abVoisinages\u00bb qui sortira le 10\/10\/2025 en digital (Monde) et le 31\/10\/2025 en CD (France) chez La Compagnie du [&hellip;]","og_url":"https:\/\/veevcom.com\/es\/le-vent-du-nord-presente-voisinages\/","og_site_name":"VeevCom","article_published_time":"2025-10-17T13:36:07+00:00","og_image":[{"width":2000,"height":2000,"url":"http:\/\/veevcom.com\/wp-content\/uploads\/2025\/10\/Copy-of-VDN-Voisinages-Pochette-2000px\u00a9Olivier-Menard-Relief-Creation-_-Annie-Diotte.jpg","type":"image\/jpeg"}],"author":"severine","twitter_card":"summary_large_image","twitter_misc":{"Escrito por":"severine","Tiempo de lectura":"5 minutos"},"schema":{"@context":"https:\/\/schema.org","@graph":[{"@type":"Article","@id":"https:\/\/veevcom.com\/le-vent-du-nord-presente-voisinages\/#article","isPartOf":{"@id":"https:\/\/veevcom.com\/le-vent-du-nord-presente-voisinages\/"},"author":{"name":"severine","@id":"https:\/\/veevcom.com\/#\/schema\/person\/754f1f5a030d278766b52cf0e0c62e8b"},"headline":"Le Vent du Nord presenta \u00abVoisinages\u00bb","datePublished":"2025-10-17T13:36:07+00:00","mainEntityOfPage":{"@id":"https:\/\/veevcom.com\/le-vent-du-nord-presente-voisinages\/"},"wordCount":959,"image":{"@id":"https:\/\/veevcom.com\/le-vent-du-nord-presente-voisinages\/#primaryimage"},"thumbnailUrl":"https:\/\/veevcom.com\/wp-content\/uploads\/2025\/10\/Copy-of-VDN-Voisinages-Pochette-2000px\u00a9Olivier-Menard-Relief-Creation-_-Annie-Diotte.jpg","articleSection":["Actualidad"],"inLanguage":"es"},{"@type":"WebPage","@id":"https:\/\/veevcom.com\/es\/le-vent-du-nord-presente-voisinages\/","url":"https:\/\/veevcom.com\/es\/le-vent-du-nord-presente-voisinages\/","name":"Le Vent du Nord presenta \"Voisinages\" - VeevCom","isPartOf":{"@id":"https:\/\/veevcom.com\/es\/#website"},"primaryImageOfPage":{"@id":"https:\/\/veevcom.com\/es\/le-vent-du-nord-presente-voisinages\/#primaryimage"},"image":{"@id":"https:\/\/veevcom.com\/le-vent-du-nord-presente-voisinages\/#primaryimage"},"thumbnailUrl":"https:\/\/veevcom.com\/wp-content\/uploads\/2025\/10\/Copy-of-VDN-Voisinages-Pochette-2000px\u00a9Olivier-Menard-Relief-Creation-_-Annie-Diotte.jpg","datePublished":"2025-10-17T13:36:07+00:00","author":{"@id":"https:\/\/veevcom.com\/#\/schema\/person\/754f1f5a030d278766b52cf0e0c62e8b"},"breadcrumb":{"@id":"https:\/\/veevcom.com\/es\/le-vent-du-nord-presente-voisinages\/#breadcrumb"},"inLanguage":"es","potentialAction":[{"@type":"ReadAction","target":[["https:\/\/veevcom.com\/es\/le-vent-du-nord-presente-voisinages\/"]]}]},{"@type":"ImageObject","inLanguage":"es","@id":"https:\/\/veevcom.com\/es\/le-vent-du-nord-presente-voisinages\/#primaryimage","url":"https:\/\/veevcom.com\/wp-content\/uploads\/2025\/10\/Copy-of-VDN-Voisinages-Pochette-2000px\u00a9Olivier-Menard-Relief-Creation-_-Annie-Diotte.jpg","contentUrl":"https:\/\/veevcom.com\/wp-content\/uploads\/2025\/10\/Copy-of-VDN-Voisinages-Pochette-2000px\u00a9Olivier-Menard-Relief-Creation-_-Annie-Diotte.jpg","width":2000,"height":2000,"caption":"Pochette album \"Voisinages\" - Le Vent du Nord"},{"@type":"BreadcrumbList","@id":"https:\/\/veevcom.com\/es\/le-vent-du-nord-presente-voisinages\/#breadcrumb","itemListElement":[{"@type":"ListItem","position":1,"name":"Accueil","item":"https:\/\/veevcom.com\/es\/"},{"@type":"ListItem","position":2,"name":"Le Vent du Nord pr\u00e9sente \u00ab\u00a0Voisinages\u00a0\u00bb"}]},{"@type":"WebSite","@id":"https:\/\/veevcom.com\/es\/#website","url":"https:\/\/veevcom.com\/es\/","name":"VeevCom","description":"Public Relations and Communication in the Music Industry","potentialAction":[{"@type":"SearchAction","target":{"@type":"EntryPoint","urlTemplate":"https:\/\/veevcom.com\/es\/?s={search_term_string}"},"query-input":{"@type":"PropertyValueSpecification","valueRequired":true,"valueName":"search_term_string"}}],"inLanguage":"es"},{"@type":"Person","@id":"https:\/\/veevcom.com\/#\/schema\/person\/754f1f5a030d278766b52cf0e0c62e8b","name":"severine","image":{"@type":"ImageObject","inLanguage":"es","@id":"https:\/\/secure.gravatar.com\/avatar\/ba307ed472519f403589981b25bf62b4089c1f82b837eaae855dd05633adf22c?s=96&d=mm&r=g","url":"https:\/\/secure.gravatar.com\/avatar\/ba307ed472519f403589981b25bf62b4089c1f82b837eaae855dd05633adf22c?s=96&d=mm&r=g","contentUrl":"https:\/\/secure.gravatar.com\/avatar\/ba307ed472519f403589981b25bf62b4089c1f82b837eaae855dd05633adf22c?s=96&d=mm&r=g","caption":"severine"}}]}},"_links":{"self":[{"href":"https:\/\/veevcom.com\/es\/wp-json\/wp\/v2\/posts\/62668","targetHints":{"allow":["GET"]}}],"collection":[{"href":"https:\/\/veevcom.com\/es\/wp-json\/wp\/v2\/posts"}],"about":[{"href":"https:\/\/veevcom.com\/es\/wp-json\/wp\/v2\/types\/post"}],"author":[{"embeddable":true,"href":"https:\/\/veevcom.com\/es\/wp-json\/wp\/v2\/users\/3"}],"replies":[{"embeddable":true,"href":"https:\/\/veevcom.com\/es\/wp-json\/wp\/v2\/comments?post=62668"}],"version-history":[{"count":5,"href":"https:\/\/veevcom.com\/es\/wp-json\/wp\/v2\/posts\/62668\/revisions"}],"predecessor-version":[{"id":62674,"href":"https:\/\/veevcom.com\/es\/wp-json\/wp\/v2\/posts\/62668\/revisions\/62674"}],"wp:featuredmedia":[{"embeddable":true,"href":"https:\/\/veevcom.com\/es\/wp-json\/wp\/v2\/media\/62671"}],"wp:attachment":[{"href":"https:\/\/veevcom.com\/es\/wp-json\/wp\/v2\/media?parent=62668"}],"wp:term":[{"taxonomy":"category","embeddable":true,"href":"https:\/\/veevcom.com\/es\/wp-json\/wp\/v2\/categories?post=62668"},{"taxonomy":"post_tag","embeddable":true,"href":"https:\/\/veevcom.com\/es\/wp-json\/wp\/v2\/tags?post=62668"}],"curies":[{"name":"wp","href":"https:\/\/api.w.org\/{rel}","templated":true}]}}