{"id":62650,"date":"2025-10-10T18:25:19","date_gmt":"2025-10-10T16:25:19","guid":{"rendered":"https:\/\/veevcom.com\/?p=62650"},"modified":"2025-10-29T16:30:37","modified_gmt":"2025-10-29T15:30:37","slug":"fabienne-magnant-presente-cordas-sensiveis-cordes-sensibles","status":"publish","type":"post","link":"https:\/\/veevcom.com\/es\/fabienne-magnant-presente-cordas-sensiveis-cordes-sensibles\/","title":{"rendered":"Fabienne Magnant presenta \u00abCordas Sens\u00edveis \/ Cordes Sensibles\u00bb"},"content":{"rendered":"<p class=\"qtranxs-available-languages-message qtranxs-available-languages-message-es\">Disculpa, pero esta entrada est\u00e1 disponible s\u00f3lo en <a href=\"https:\/\/veevcom.com\/fr\/wp-json\/wp\/v2\/posts\/62650\" class=\"qtranxs-available-language-link qtranxs-available-language-link-fr\" title=\"FR\">FR<\/a> y <a href=\"https:\/\/veevcom.com\/en\/wp-json\/wp\/v2\/posts\/62650\" class=\"qtranxs-available-language-link qtranxs-available-language-link-en\" title=\"EN\">EN<\/a>.<\/p><p><strong>Fabienne Magnant<\/strong> r\u00e9v\u00e8lera \u00ab<strong>Cordas Sensi\u0301veis \/ Cordes Sensibles<\/strong>\u00ab, son cinqui\u00e8me album, \u00e0 l&#8217;occasion de sa sortie CD le 07 novembre 2025 chez <strong>Guit&#8217;Art Productions<\/strong> \/ <strong>Music Box Publishing<\/strong> \/ <strong>InOu\u00efe Distribution<\/strong>. Cet opus sera pr\u00e9sent\u00e9 le jeudi 04 d\u00e9cemgre 2025 sur la sc\u00e8ne des <strong>2 Pianos<\/strong> (Paris, 15e) lors d&#8217;un concert de lancement exceptionnel.<\/p>\n<p>\u00bb Ce cinquie\u0300me opus est un te\u0301moignage de plusieurs anne\u0301es de pe\u0301re\u0301grinations et inspirations artistiques.<br \/>\nJe joue une nouvelle fois sur mes trois guitares (guitare classique\/bre\u0301silienne, flamenca et viola caipira) comme dans mon album pre\u0301ce\u0301dent <strong>La Trinidad<\/strong> (2011), mais cette fois en solo ou avec d\u2019autres musiciens du duo au quatuor. Les pie\u0300ces propose\u0301es sont des chefs d\u2019\u0153uvres du re\u0301pertoire classique, flamenco en soliste, des arrangements de joyaux de la musique populaire bre\u0301silienne sur ma viola cai\u0308pira et des compositions personnelles avec mes guitares entoure\u0301es a\u0300 la fois de percussions, de la basse et la contrebasse, du rabeca, de la clarinette basse ou d\u2019une voix poe\u0301tique.<br \/>\nCe melting-pot, reflet de mes passions musicales multiples, laisse largement la place au partage avec d\u2019autres artistes musiciens ou poe\u0300tes mais n\u2019en n\u2019oublie pas pour autant l\u2019intimite\u0301 que peut offrir le solo instrumental qui m\u2019est cher. Espe\u0301rons que cet album \u201c<strong>Cordes Sensibles<\/strong>\u201d permettra de rassembler des auditeurs de sensibilite\u0301s diffe\u0301rentes autour d\u2019une me\u0302me voix : celle de la musique ! \u00bb<\/p>\n<p><strong>Fabienne Magnant<\/strong><\/p>\n<p>Sur ce nouvel album, <strong>Fabienne Magnant<\/strong> (guitare classique\/bre\u0301silienne, flamenca et viola caipira) est accompagn\u00e9e de :<br \/>\n&#8211; <strong>Dominique Muzeau<\/strong> : basse et basse e\u0301lectro acoustique<br \/>\n&#8211; <strong>Akiko Horii<\/strong> : percussions<br \/>\n&#8211; <strong>Samuel The\u0301ze\u0301<\/strong> : clarinette basse<br \/>\n&#8211; <strong>Franc\u0327ois Kokelaere<\/strong> : percussions, voix, po\u00e9sies<br \/>\n&#8211; <strong>Consuelo De Paula<\/strong> : chant voix et poe\u0301sies<br \/>\n&#8211; <strong>Ricardo Vignini<\/strong> : viola cai\u0308pira<br \/>\n&#8211;<strong> Andre Rass<\/strong> : percussions<br \/>\n&#8211; <strong>Pedro Macedo<\/strong> : contrebasse<br \/>\n&#8211; <strong>Bruno Menegatti<\/strong> : rabeca<\/p>\n<p><strong>Fabienne Magnant<\/strong> est une guitariste, compositrice et pe\u0301dagogue franc\u0327aise, passionne\u0301e par la guitare classique depuis son enfance. Forme\u0301e aupre\u0300s de grands mai\u0302tres comme <strong>Olivier Chassain<\/strong> et <strong>Roland Dyens<\/strong>, elle se distingue par une carrie\u0300re internationale marque\u0301e par une exploration musicale diverse. A\u0300 25 ans, apre\u0300s avoir obtenu ses diplo\u0302mes de conservatoire, elle part au Bre\u0301sil ou\u0300 elle rencontre des musiciens influents, notamment le guitariste <strong>Baden Powell<\/strong>. Ce se\u0301jour la pousse a\u0300 composer et a\u0300 explorer de nouveaux horizons musicaux. Ses albums, tels que <strong>Le sens des sens<\/strong> (2003) sont le fruit de ses voyages et influences, en particulier le Nordeste bre\u0301silien; elle devient une figure de la musique bre\u0301silienne avec son instrument de pre\u0301dilection, la viola cai\u0308pira.<\/p>\n<p>Sa curiosite\u0301 musicale l&#8217;ame\u0300ne e\u0301galement a\u0300 explorer la guitare flamenca en Andalousie, et a\u0300 inte\u0301grer cette influence dans ses \u0153uvres. <strong>Fabienne Magnant<\/strong> a publie\u0301 cinq albums, dont \u201c<strong>La Trinidad<\/strong>\u201d en 2011, et son nouvel opus sorti sur toutes les plates-formes depuis <strong>mai 2025<\/strong> \u201c<strong>Cordas sensiveis\/Cordes Sensibles<\/strong>\u201d chez <strong>Music Box Publishing<\/strong>, et chez <strong>InOuie Distribution<\/strong> a\u0300 partir du <strong>7 novembre 2025<\/strong> en ventes physiques. Elle est re\u0301gulie\u0300rement salue\u0301e par la presse spe\u0301cialise\u0301e. En 2018 puis 2019, elle figure dans le top 10 des musiciens bre\u0301siliens traditionnels selon un journal de Sa\u0303o Paulo \u201c <strong>Sertaopaulistano<\/strong>\u201d.<\/p>\n<p>Elle enseigne les guitares classique et latines (Professeur d\u2019Enseignement Artistique titulaire Hors Classe) au Conservatoire a\u0300 Rayonnement De\u0301partemental d\u2019Evry et se produit re\u0301gulie\u0300rement en concert en Europe et au Bre\u0301sil. Ses compositions sont e\u0301dite\u0301es par <strong>Les Productions d&#8217;Oz<\/strong> (partitions) et <strong>Music Box Publishing<\/strong> (dans le catalogue de musiques de films et documentaires). Elle collabore avec de nombreux artistes de renom (<strong>Ze\u0301 Luis Nascimento, Maria Ine\u0300s Guimara\u0303es, Akiko Horii, Franc\u0327ois Kokelaere, Consuelo de Paula, Ricardo VIgnini, Andre Rass, Pedro Macedo<\/strong>&#8230;)<\/p>","protected":false},"excerpt":{"rendered":"<p>Disculpa, pero esta entrada est\u00e1 disponible s\u00f3lo en FR y EN.Fabienne Magnant r\u00e9v\u00e8lera \u00abCordas Sensi\u0301veis \/ Cordes Sensibles\u00ab, son cinqui\u00e8me album, \u00e0 l&#8217;occasion de sa sortie CD le 07 novembre 2025 chez Guit&#8217;Art Productions \/ Music Box Publishing \/ InOu\u00efe Distribution. Cet opus sera pr\u00e9sent\u00e9 le jeudi 04 d\u00e9cemgre 2025 sur la sc\u00e8ne des 2 [&hellip;]<\/p>\n","protected":false},"author":3,"featured_media":62652,"comment_status":"closed","ping_status":"closed","sticky":false,"template":"","format":"standard","meta":{"_acf_changed":false,"footnotes":""},"categories":[1],"tags":[],"class_list":["post-62650","post","type-post","status-publish","format-standard","has-post-thumbnail","hentry","category-non-classe"],"acf":[],"yoast_head":"<!-- This site is optimized with the Yoast SEO plugin v27.4 - https:\/\/yoast.com\/product\/yoast-seo-wordpress\/ -->\n<title>Fabienne Magnant presenta &quot;Cordas Sens\u00edveis \/ Cordes Sensibles&quot; - VeevCom<\/title>\n<meta name=\"robots\" content=\"index, follow, max-snippet:-1, max-image-preview:large, max-video-preview:-1\" \/>\n<link rel=\"canonical\" href=\"https:\/\/veevcom.com\/es\/fabienne-magnant-presente-cordas-sensiveis-cordes-sensibles\/\" \/>\n<meta property=\"og:locale\" content=\"es_ES\" \/>\n<meta property=\"og:type\" content=\"article\" \/>\n<meta property=\"og:title\" content=\"Fabienne Magnant presenta &quot;Cordas Sens\u00edveis \/ Cordes Sensibles&quot; - VeevCom\" \/>\n<meta property=\"og:description\" content=\"Disculpa, pero esta entrada est\u00e1 disponible s\u00f3lo en FR y EN.Fabienne Magnant r\u00e9v\u00e8lera \u00abCordas Sensi\u0301veis \/ Cordes Sensibles\u00ab, son cinqui\u00e8me album, \u00e0 l&#8217;occasion de sa sortie CD le 07 novembre 2025 chez Guit&#8217;Art Productions \/ Music Box Publishing \/ InOu\u00efe Distribution. Cet opus sera pr\u00e9sent\u00e9 le jeudi 04 d\u00e9cemgre 2025 sur la sc\u00e8ne des 2 [&hellip;]\" \/>\n<meta property=\"og:url\" content=\"https:\/\/veevcom.com\/es\/fabienne-magnant-presente-cordas-sensiveis-cordes-sensibles\/\" \/>\n<meta property=\"og:site_name\" content=\"VeevCom\" \/>\n<meta property=\"article:published_time\" content=\"2025-10-10T16:25:19+00:00\" \/>\n<meta property=\"article:modified_time\" content=\"2025-10-29T15:30:37+00:00\" \/>\n<meta property=\"og:image\" content=\"https:\/\/veevcom.com\/wp-content\/uploads\/2025\/10\/34-Fabienne-Magnant-3000x3000px-RVB\u00a9Du-Machado-_-Peurduloup-Francois-Parmentier-scaled.jpg\" \/>\n\t<meta property=\"og:image:width\" content=\"2560\" \/>\n\t<meta property=\"og:image:height\" content=\"2560\" \/>\n\t<meta property=\"og:image:type\" content=\"image\/jpeg\" \/>\n<meta name=\"author\" content=\"severine\" \/>\n<meta name=\"twitter:card\" content=\"summary_large_image\" \/>\n<meta name=\"twitter:label1\" content=\"Escrito por\" \/>\n\t<meta name=\"twitter:data1\" content=\"severine\" \/>\n\t<meta name=\"twitter:label2\" content=\"Tiempo de lectura\" \/>\n\t<meta name=\"twitter:data2\" content=\"6 minutos\" \/>\n<script type=\"application\/ld+json\" class=\"yoast-schema-graph\">{\"@context\":\"https:\\\/\\\/schema.org\",\"@graph\":[{\"@type\":\"Article\",\"@id\":\"https:\\\/\\\/veevcom.com\\\/es\\\/fabienne-magnant-presente-cordas-sensiveis-cordes-sensibles\\\/#article\",\"isPartOf\":{\"@id\":\"https:\\\/\\\/veevcom.com\\\/es\\\/fabienne-magnant-presente-cordas-sensiveis-cordes-sensibles\\\/\"},\"author\":{\"name\":\"severine\",\"@id\":\"https:\\\/\\\/veevcom.com\\\/#\\\/schema\\\/person\\\/754f1f5a030d278766b52cf0e0c62e8b\"},\"headline\":\"Fabienne Magnant presenta \u00abCordas Sens\u00edveis \\\/ Cordes Sensibles\u00bb\",\"datePublished\":\"2025-10-10T16:25:19+00:00\",\"dateModified\":\"2025-10-29T15:30:37+00:00\",\"mainEntityOfPage\":{\"@id\":\"https:\\\/\\\/veevcom.com\\\/es\\\/fabienne-magnant-presente-cordas-sensiveis-cordes-sensibles\\\/\"},\"wordCount\":1212,\"image\":{\"@id\":\"https:\\\/\\\/veevcom.com\\\/es\\\/fabienne-magnant-presente-cordas-sensiveis-cordes-sensibles\\\/#primaryimage\"},\"thumbnailUrl\":\"https:\\\/\\\/veevcom.com\\\/wp-content\\\/uploads\\\/2025\\\/10\\\/34-Fabienne-Magnant-3000x3000px-RVB\u00a9Du-Machado-_-Peurduloup-Francois-Parmentier-scaled.jpg\",\"articleSection\":[\"Actualidad\"],\"inLanguage\":\"es\"},{\"@type\":\"WebPage\",\"@id\":\"https:\\\/\\\/veevcom.com\\\/es\\\/fabienne-magnant-presente-cordas-sensiveis-cordes-sensibles\\\/\",\"url\":\"https:\\\/\\\/veevcom.com\\\/es\\\/fabienne-magnant-presente-cordas-sensiveis-cordes-sensibles\\\/\",\"name\":\"Fabienne Magnant presenta \\\"Cordas Sens\u00edveis \\\/ Cordes Sensibles\\\" - VeevCom\",\"isPartOf\":{\"@id\":\"https:\\\/\\\/veevcom.com\\\/es\\\/#website\"},\"primaryImageOfPage\":{\"@id\":\"https:\\\/\\\/veevcom.com\\\/es\\\/fabienne-magnant-presente-cordas-sensiveis-cordes-sensibles\\\/#primaryimage\"},\"image\":{\"@id\":\"https:\\\/\\\/veevcom.com\\\/es\\\/fabienne-magnant-presente-cordas-sensiveis-cordes-sensibles\\\/#primaryimage\"},\"thumbnailUrl\":\"https:\\\/\\\/veevcom.com\\\/wp-content\\\/uploads\\\/2025\\\/10\\\/34-Fabienne-Magnant-3000x3000px-RVB\u00a9Du-Machado-_-Peurduloup-Francois-Parmentier-scaled.jpg\",\"datePublished\":\"2025-10-10T16:25:19+00:00\",\"dateModified\":\"2025-10-29T15:30:37+00:00\",\"author\":{\"@id\":\"https:\\\/\\\/veevcom.com\\\/#\\\/schema\\\/person\\\/754f1f5a030d278766b52cf0e0c62e8b\"},\"breadcrumb\":{\"@id\":\"https:\\\/\\\/veevcom.com\\\/es\\\/fabienne-magnant-presente-cordas-sensiveis-cordes-sensibles\\\/#breadcrumb\"},\"inLanguage\":\"es\",\"potentialAction\":[{\"@type\":\"ReadAction\",\"target\":[[\"https:\\\/\\\/veevcom.com\\\/es\\\/fabienne-magnant-presente-cordas-sensiveis-cordes-sensibles\\\/\"]]}]},{\"@type\":\"ImageObject\",\"inLanguage\":\"es\",\"@id\":\"https:\\\/\\\/veevcom.com\\\/es\\\/fabienne-magnant-presente-cordas-sensiveis-cordes-sensibles\\\/#primaryimage\",\"url\":\"https:\\\/\\\/veevcom.com\\\/wp-content\\\/uploads\\\/2025\\\/10\\\/34-Fabienne-Magnant-3000x3000px-RVB\u00a9Du-Machado-_-Peurduloup-Francois-Parmentier-scaled.jpg\",\"contentUrl\":\"https:\\\/\\\/veevcom.com\\\/wp-content\\\/uploads\\\/2025\\\/10\\\/34-Fabienne-Magnant-3000x3000px-RVB\u00a9Du-Machado-_-Peurduloup-Francois-Parmentier-scaled.jpg\",\"width\":2560,\"height\":2560,\"caption\":\"Pochette album \\\"Cordes sensibles\\\" de Fabienne Magnant\"},{\"@type\":\"BreadcrumbList\",\"@id\":\"https:\\\/\\\/veevcom.com\\\/es\\\/fabienne-magnant-presente-cordas-sensiveis-cordes-sensibles\\\/#breadcrumb\",\"itemListElement\":[{\"@type\":\"ListItem\",\"position\":1,\"name\":\"Accueil\",\"item\":\"https:\\\/\\\/veevcom.com\\\/es\\\/\"},{\"@type\":\"ListItem\",\"position\":2,\"name\":\"Fabienne Magnant presenta \u00abCordas Sens\u00edveis \\\/ Cordes Sensibles\u00bb\"}]},{\"@type\":\"WebSite\",\"@id\":\"https:\\\/\\\/veevcom.com\\\/es\\\/#website\",\"url\":\"https:\\\/\\\/veevcom.com\\\/es\\\/\",\"name\":\"VeevCom\",\"description\":\"Public Relations and Communication in the Music Industry\",\"potentialAction\":[{\"@type\":\"SearchAction\",\"target\":{\"@type\":\"EntryPoint\",\"urlTemplate\":\"https:\\\/\\\/veevcom.com\\\/es\\\/?s={search_term_string}\"},\"query-input\":{\"@type\":\"PropertyValueSpecification\",\"valueRequired\":true,\"valueName\":\"search_term_string\"}}],\"inLanguage\":\"es\"},{\"@type\":\"Person\",\"@id\":\"https:\\\/\\\/veevcom.com\\\/#\\\/schema\\\/person\\\/754f1f5a030d278766b52cf0e0c62e8b\",\"name\":\"severine\",\"image\":{\"@type\":\"ImageObject\",\"inLanguage\":\"es\",\"@id\":\"https:\\\/\\\/secure.gravatar.com\\\/avatar\\\/ba307ed472519f403589981b25bf62b4089c1f82b837eaae855dd05633adf22c?s=96&d=mm&r=g\",\"url\":\"https:\\\/\\\/secure.gravatar.com\\\/avatar\\\/ba307ed472519f403589981b25bf62b4089c1f82b837eaae855dd05633adf22c?s=96&d=mm&r=g\",\"contentUrl\":\"https:\\\/\\\/secure.gravatar.com\\\/avatar\\\/ba307ed472519f403589981b25bf62b4089c1f82b837eaae855dd05633adf22c?s=96&d=mm&r=g\",\"caption\":\"severine\"}}]}<\/script>\n<!-- \/ Yoast SEO plugin. -->","yoast_head_json":{"title":"Fabienne Magnant presenta \"Cordas Sens\u00edveis \/ Cordes Sensibles\" - VeevCom","robots":{"index":"index","follow":"follow","max-snippet":"max-snippet:-1","max-image-preview":"max-image-preview:large","max-video-preview":"max-video-preview:-1"},"canonical":"https:\/\/veevcom.com\/es\/fabienne-magnant-presente-cordas-sensiveis-cordes-sensibles\/","og_locale":"es_ES","og_type":"article","og_title":"Fabienne Magnant presenta \"Cordas Sens\u00edveis \/ Cordes Sensibles\" - VeevCom","og_description":"Disculpa, pero esta entrada est\u00e1 disponible s\u00f3lo en FR y EN.Fabienne Magnant r\u00e9v\u00e8lera \u00abCordas Sensi\u0301veis \/ Cordes Sensibles\u00ab, son cinqui\u00e8me album, \u00e0 l&#8217;occasion de sa sortie CD le 07 novembre 2025 chez Guit&#8217;Art Productions \/ Music Box Publishing \/ InOu\u00efe Distribution. Cet opus sera pr\u00e9sent\u00e9 le jeudi 04 d\u00e9cemgre 2025 sur la sc\u00e8ne des 2 [&hellip;]","og_url":"https:\/\/veevcom.com\/es\/fabienne-magnant-presente-cordas-sensiveis-cordes-sensibles\/","og_site_name":"VeevCom","article_published_time":"2025-10-10T16:25:19+00:00","article_modified_time":"2025-10-29T15:30:37+00:00","og_image":[{"width":2560,"height":2560,"url":"https:\/\/veevcom.com\/wp-content\/uploads\/2025\/10\/34-Fabienne-Magnant-3000x3000px-RVB\u00a9Du-Machado-_-Peurduloup-Francois-Parmentier-scaled.jpg","type":"image\/jpeg"}],"author":"severine","twitter_card":"summary_large_image","twitter_misc":{"Escrito por":"severine","Tiempo de lectura":"6 minutos"},"schema":{"@context":"https:\/\/schema.org","@graph":[{"@type":"Article","@id":"https:\/\/veevcom.com\/es\/fabienne-magnant-presente-cordas-sensiveis-cordes-sensibles\/#article","isPartOf":{"@id":"https:\/\/veevcom.com\/es\/fabienne-magnant-presente-cordas-sensiveis-cordes-sensibles\/"},"author":{"name":"severine","@id":"https:\/\/veevcom.com\/#\/schema\/person\/754f1f5a030d278766b52cf0e0c62e8b"},"headline":"Fabienne Magnant presenta \u00abCordas Sens\u00edveis \/ Cordes Sensibles\u00bb","datePublished":"2025-10-10T16:25:19+00:00","dateModified":"2025-10-29T15:30:37+00:00","mainEntityOfPage":{"@id":"https:\/\/veevcom.com\/es\/fabienne-magnant-presente-cordas-sensiveis-cordes-sensibles\/"},"wordCount":1212,"image":{"@id":"https:\/\/veevcom.com\/es\/fabienne-magnant-presente-cordas-sensiveis-cordes-sensibles\/#primaryimage"},"thumbnailUrl":"https:\/\/veevcom.com\/wp-content\/uploads\/2025\/10\/34-Fabienne-Magnant-3000x3000px-RVB\u00a9Du-Machado-_-Peurduloup-Francois-Parmentier-scaled.jpg","articleSection":["Actualidad"],"inLanguage":"es"},{"@type":"WebPage","@id":"https:\/\/veevcom.com\/es\/fabienne-magnant-presente-cordas-sensiveis-cordes-sensibles\/","url":"https:\/\/veevcom.com\/es\/fabienne-magnant-presente-cordas-sensiveis-cordes-sensibles\/","name":"Fabienne Magnant presenta \"Cordas Sens\u00edveis \/ Cordes Sensibles\" - VeevCom","isPartOf":{"@id":"https:\/\/veevcom.com\/es\/#website"},"primaryImageOfPage":{"@id":"https:\/\/veevcom.com\/es\/fabienne-magnant-presente-cordas-sensiveis-cordes-sensibles\/#primaryimage"},"image":{"@id":"https:\/\/veevcom.com\/es\/fabienne-magnant-presente-cordas-sensiveis-cordes-sensibles\/#primaryimage"},"thumbnailUrl":"https:\/\/veevcom.com\/wp-content\/uploads\/2025\/10\/34-Fabienne-Magnant-3000x3000px-RVB\u00a9Du-Machado-_-Peurduloup-Francois-Parmentier-scaled.jpg","datePublished":"2025-10-10T16:25:19+00:00","dateModified":"2025-10-29T15:30:37+00:00","author":{"@id":"https:\/\/veevcom.com\/#\/schema\/person\/754f1f5a030d278766b52cf0e0c62e8b"},"breadcrumb":{"@id":"https:\/\/veevcom.com\/es\/fabienne-magnant-presente-cordas-sensiveis-cordes-sensibles\/#breadcrumb"},"inLanguage":"es","potentialAction":[{"@type":"ReadAction","target":[["https:\/\/veevcom.com\/es\/fabienne-magnant-presente-cordas-sensiveis-cordes-sensibles\/"]]}]},{"@type":"ImageObject","inLanguage":"es","@id":"https:\/\/veevcom.com\/es\/fabienne-magnant-presente-cordas-sensiveis-cordes-sensibles\/#primaryimage","url":"https:\/\/veevcom.com\/wp-content\/uploads\/2025\/10\/34-Fabienne-Magnant-3000x3000px-RVB\u00a9Du-Machado-_-Peurduloup-Francois-Parmentier-scaled.jpg","contentUrl":"https:\/\/veevcom.com\/wp-content\/uploads\/2025\/10\/34-Fabienne-Magnant-3000x3000px-RVB\u00a9Du-Machado-_-Peurduloup-Francois-Parmentier-scaled.jpg","width":2560,"height":2560,"caption":"Pochette album \"Cordes sensibles\" de Fabienne Magnant"},{"@type":"BreadcrumbList","@id":"https:\/\/veevcom.com\/es\/fabienne-magnant-presente-cordas-sensiveis-cordes-sensibles\/#breadcrumb","itemListElement":[{"@type":"ListItem","position":1,"name":"Accueil","item":"https:\/\/veevcom.com\/es\/"},{"@type":"ListItem","position":2,"name":"Fabienne Magnant presenta \u00abCordas Sens\u00edveis \/ Cordes Sensibles\u00bb"}]},{"@type":"WebSite","@id":"https:\/\/veevcom.com\/es\/#website","url":"https:\/\/veevcom.com\/es\/","name":"VeevCom","description":"Public Relations and Communication in the Music Industry","potentialAction":[{"@type":"SearchAction","target":{"@type":"EntryPoint","urlTemplate":"https:\/\/veevcom.com\/es\/?s={search_term_string}"},"query-input":{"@type":"PropertyValueSpecification","valueRequired":true,"valueName":"search_term_string"}}],"inLanguage":"es"},{"@type":"Person","@id":"https:\/\/veevcom.com\/#\/schema\/person\/754f1f5a030d278766b52cf0e0c62e8b","name":"severine","image":{"@type":"ImageObject","inLanguage":"es","@id":"https:\/\/secure.gravatar.com\/avatar\/ba307ed472519f403589981b25bf62b4089c1f82b837eaae855dd05633adf22c?s=96&d=mm&r=g","url":"https:\/\/secure.gravatar.com\/avatar\/ba307ed472519f403589981b25bf62b4089c1f82b837eaae855dd05633adf22c?s=96&d=mm&r=g","contentUrl":"https:\/\/secure.gravatar.com\/avatar\/ba307ed472519f403589981b25bf62b4089c1f82b837eaae855dd05633adf22c?s=96&d=mm&r=g","caption":"severine"}}]}},"_links":{"self":[{"href":"https:\/\/veevcom.com\/es\/wp-json\/wp\/v2\/posts\/62650","targetHints":{"allow":["GET"]}}],"collection":[{"href":"https:\/\/veevcom.com\/es\/wp-json\/wp\/v2\/posts"}],"about":[{"href":"https:\/\/veevcom.com\/es\/wp-json\/wp\/v2\/types\/post"}],"author":[{"embeddable":true,"href":"https:\/\/veevcom.com\/es\/wp-json\/wp\/v2\/users\/3"}],"replies":[{"embeddable":true,"href":"https:\/\/veevcom.com\/es\/wp-json\/wp\/v2\/comments?post=62650"}],"version-history":[{"count":8,"href":"https:\/\/veevcom.com\/es\/wp-json\/wp\/v2\/posts\/62650\/revisions"}],"predecessor-version":[{"id":62691,"href":"https:\/\/veevcom.com\/es\/wp-json\/wp\/v2\/posts\/62650\/revisions\/62691"}],"wp:featuredmedia":[{"embeddable":true,"href":"https:\/\/veevcom.com\/es\/wp-json\/wp\/v2\/media\/62652"}],"wp:attachment":[{"href":"https:\/\/veevcom.com\/es\/wp-json\/wp\/v2\/media?parent=62650"}],"wp:term":[{"taxonomy":"category","embeddable":true,"href":"https:\/\/veevcom.com\/es\/wp-json\/wp\/v2\/categories?post=62650"},{"taxonomy":"post_tag","embeddable":true,"href":"https:\/\/veevcom.com\/es\/wp-json\/wp\/v2\/tags?post=62650"}],"curies":[{"name":"wp","href":"https:\/\/api.w.org\/{rel}","templated":true}]}}