{"id":62643,"date":"2025-09-19T18:00:29","date_gmt":"2025-09-19T16:00:29","guid":{"rendered":"https:\/\/veevcom.com\/?p=62643"},"modified":"2025-09-19T18:00:29","modified_gmt":"2025-09-19T16:00:29","slug":"the-sound-of-paros-presente-spacetime","status":"publish","type":"post","link":"https:\/\/veevcom.com\/es\/the-sound-of-paros-presente-spacetime\/","title":{"rendered":"The Sound of Paros presenta \u00abSpacetime\u00bb"},"content":{"rendered":"<p class=\"qtranxs-available-languages-message qtranxs-available-languages-message-es\">Disculpa, pero esta entrada est\u00e1 disponible s\u00f3lo en <a href=\"https:\/\/veevcom.com\/fr\/wp-json\/wp\/v2\/posts\/62643\" class=\"qtranxs-available-language-link qtranxs-available-language-link-fr\" title=\"FR\">FR<\/a> y <a href=\"https:\/\/veevcom.com\/en\/wp-json\/wp\/v2\/posts\/62643\" class=\"qtranxs-available-language-link qtranxs-available-language-link-en\" title=\"EN\">EN<\/a>.<\/p><p><strong>The Sound of Paros<\/strong> r\u00e9v\u00e8lera \u00ab<strong>Spacetime<\/strong>\u00bb son nouvel album, \u00e0 l&#8217;occasion de sa sortie le <strong>07\/11\/2025<\/strong> (digital et CD) et le<strong> 28\/11\/2025<\/strong> (vinyle) chez <strong>Arts Culture Europe<\/strong> \/ <strong>InOu\u00efe Distribution<\/strong>.<\/p>\n<p>Le 2e single \u00ab<strong>My Foolish Heart<\/strong> \u00bb feat. <strong>Franco Ambrosetti<\/strong> et <strong>Nefeli Fasouli<\/strong> sera disponible le <strong>19\/09\/2025<\/strong> sur toutes les plateformes.<br \/>\nLe 1er single \u00ab<strong>Soul, Wake Up<\/strong>\u00bb feat. <strong>Nefeli Fasouli<\/strong> est d&#8217;ores et d\u00e9j\u00e0 disponible.<\/p>\n<p>En avril 2025, un groupe de musiciens, photographes, graphistes et artistes visuels s\u2019est r\u00e9uni au White Pebbles Studio, \u00e0 Paros, pour donner vie \u00e0 un projet musical imagin\u00e9 de longue date. Le r\u00e9sultat : <strong>SPACETIME<\/strong>, un voyage musical entre cultures et g\u00e9n\u00e9rations, inspir\u00e9 par l\u2019\u00eele et ancr\u00e9 dans le jazz, la musique \u00e9lectronique, les sonorit\u00e9s m\u00e9diterran\u00e9ennes et la po\u00e9sie.<\/p>\n<p><strong>The Sound of Paros<\/strong> est compos\u00e9 de :<\/p>\n<p>&#8211; <strong>Marc Buronfosse<\/strong> : Fender VI, contrebasse<br \/>\n&#8211; <strong>Ferruccio Gadani<\/strong> : congas<br \/>\n&#8211; <strong>Arnaud Ginioux<\/strong> : basse \u00e9lectrique<br \/>\n&#8211; <strong>Panagiotis Kostopoulos<\/strong> : batterie<br \/>\n&#8211; <strong>Yiannis Papadopoulos<\/strong> : piano<br \/>\n&#8211; <strong>Stavros Manthos<\/strong> : saxophone alto<\/p>\n<p>Invit\u00e9s sp\u00e9ciaux :<br \/>\n&#8211; <strong>Franco Ambrosetti<\/strong> : bugle<br \/>\n&#8211; <strong>Nefeli Fasouli<\/strong> : chant<br \/>\n&#8211; <strong>Kimon Xigkis<\/strong> : qanoun<br \/>\n&#8211; <strong>Jean-Philippe Carlot<\/strong> : po\u00e9sie<\/p>\n<p><strong>SPACETIME \u2013 Une Rencontre Musicale au-del\u00e0 des Fronti\u00e8res<\/strong><\/p>\n<p>L\u2019\u00eele lumineuse de Paros, nich\u00e9e au c\u0153ur de la mer \u00c9g\u00e9e, inspire l\u2019imagination des artistes depuis l\u2019Antiquit\u00e9. Tous les musiciens, invit\u00e9s sp\u00e9ciaux et cr\u00e9ateurs visuels r\u00e9unis autour de <strong>The Sound of Paros<\/strong> partagent une appr\u00e9ciation commune de la beaut\u00e9 sereine des Cyclades \u2014 un lieu o\u00f9 l\u2019espace et le temps semblent s\u2019\u00e9largir et se fondre en une seule dimension : <strong>SPACETIME<\/strong>.<\/p>\n<p>Le projet est n\u00e9 d\u2019une conversation entre musiciens et cr\u00e9ateurs qui, au fil des ann\u00e9es, s\u2019\u00e9taient crois\u00e9s lors de diverses performances et rencontres artistiques sur l\u2019\u00eele de Paros.<\/p>\n<p>En avril 2025, un groupe de musiciens, photographes, graphistes et artistes visuels s\u2019est r\u00e9uni au White Pebbles Studio, \u00e0 Paros, pour donner vie \u00e0 un projet musical imagin\u00e9 de longue date.<\/p>\n<p>Le r\u00e9sultat : <strong>SPACETIME<\/strong>, un voyage musical entre cultures et g\u00e9n\u00e9rations, inspir\u00e9 par l\u2019\u00eele et ancr\u00e9 dans le jazz, la musique \u00e9lectronique, les sonorit\u00e9s m\u00e9diterran\u00e9ennes et la po\u00e9sie.<\/p>\n<p>La base sonore de l\u2019album repose sur la guitare Fender VI (<strong>Marc Buronfosse<\/strong>), entour\u00e9e du piano \u00e9lectrique Fender Rhodes (<strong>Yiannis Papadopoulos<\/strong>), de la basse \u00e9lectrique (<strong>Arnaud Ginioux<\/strong>), du saxophone (<strong>Stavros Manthos<\/strong>), de la batterie (<strong>Panagiotis Kostopoulos<\/strong>) et des percussions (<strong>Ferruccio Gadani<\/strong>). S\u2019y ajoutent les contributions essentielles de nos invit\u00e9s sp\u00e9ciaux : la l\u00e9gende du jazz <strong>Franco Ambrosetti<\/strong> au bugle, <strong>Nefeli Fasouli<\/strong> au chant, <strong>Kimon Xygkis<\/strong> au qanoun, et <strong>Jean-Philippe Carlot<\/strong> \u00e0 la po\u00e9sie \u2014 le tout tiss\u00e9 dans une dynamique de jeu en direct et d\u2019arrangements intuitifs. Une c\u00e9l\u00e9bration vibrante de l\u2019unit\u00e9 dans la diversit\u00e9.<\/p>","protected":false},"excerpt":{"rendered":"<p>Disculpa, pero esta entrada est\u00e1 disponible s\u00f3lo en FR y EN.The Sound of Paros r\u00e9v\u00e8lera \u00abSpacetime\u00bb son nouvel album, \u00e0 l&#8217;occasion de sa sortie le 07\/11\/2025 (digital et CD) et le 28\/11\/2025 (vinyle) chez Arts Culture Europe \/ InOu\u00efe Distribution. Le 2e single \u00abMy Foolish Heart \u00bb feat. Franco Ambrosetti et Nefeli Fasouli sera disponible [&hellip;]<\/p>\n","protected":false},"author":3,"featured_media":62644,"comment_status":"closed","ping_status":"closed","sticky":false,"template":"","format":"standard","meta":{"_acf_changed":false,"footnotes":""},"categories":[1],"tags":[],"class_list":["post-62643","post","type-post","status-publish","format-standard","has-post-thumbnail","hentry","category-non-classe"],"acf":[],"yoast_head":"<!-- This site is optimized with the Yoast SEO plugin v27.4 - https:\/\/yoast.com\/product\/yoast-seo-wordpress\/ -->\n<title>The Sound of Paros presenta &quot;Spacetime&quot; - VeevCom<\/title>\n<meta name=\"robots\" content=\"index, follow, max-snippet:-1, max-image-preview:large, max-video-preview:-1\" \/>\n<link rel=\"canonical\" href=\"https:\/\/veevcom.com\/es\/the-sound-of-paros-presente-spacetime\/\" \/>\n<meta property=\"og:locale\" content=\"es_ES\" \/>\n<meta property=\"og:type\" content=\"article\" \/>\n<meta property=\"og:title\" content=\"The Sound of Paros presenta &quot;Spacetime&quot; - VeevCom\" \/>\n<meta property=\"og:description\" content=\"Disculpa, pero esta entrada est\u00e1 disponible s\u00f3lo en FR y EN.The Sound of Paros r\u00e9v\u00e8lera \u00abSpacetime\u00bb son nouvel album, \u00e0 l&#8217;occasion de sa sortie le 07\/11\/2025 (digital et CD) et le 28\/11\/2025 (vinyle) chez Arts Culture Europe \/ InOu\u00efe Distribution. Le 2e single \u00abMy Foolish Heart \u00bb feat. Franco Ambrosetti et Nefeli Fasouli sera disponible [&hellip;]\" \/>\n<meta property=\"og:url\" content=\"https:\/\/veevcom.com\/es\/the-sound-of-paros-presente-spacetime\/\" \/>\n<meta property=\"og:site_name\" content=\"VeevCom\" \/>\n<meta property=\"article:published_time\" content=\"2025-09-19T16:00:29+00:00\" \/>\n<meta property=\"og:image\" content=\"https:\/\/veevcom.com\/wp-content\/uploads\/2025\/09\/The-Sound-of-Paros-Spacetime-scaled.jpg\" \/>\n\t<meta property=\"og:image:width\" content=\"2557\" \/>\n\t<meta property=\"og:image:height\" content=\"2560\" \/>\n\t<meta property=\"og:image:type\" content=\"image\/jpeg\" \/>\n<meta name=\"author\" content=\"severine\" \/>\n<meta name=\"twitter:card\" content=\"summary_large_image\" \/>\n<meta name=\"twitter:label1\" content=\"Escrito por\" \/>\n\t<meta name=\"twitter:data1\" content=\"severine\" \/>\n\t<meta name=\"twitter:label2\" content=\"Tiempo de lectura\" \/>\n\t<meta name=\"twitter:data2\" content=\"4 minutos\" \/>\n<script type=\"application\/ld+json\" class=\"yoast-schema-graph\">{\"@context\":\"https:\\\/\\\/schema.org\",\"@graph\":[{\"@type\":\"Article\",\"@id\":\"https:\\\/\\\/veevcom.com\\\/es\\\/the-sound-of-paros-presente-spacetime\\\/#article\",\"isPartOf\":{\"@id\":\"https:\\\/\\\/veevcom.com\\\/es\\\/the-sound-of-paros-presente-spacetime\\\/\"},\"author\":{\"name\":\"severine\",\"@id\":\"https:\\\/\\\/veevcom.com\\\/#\\\/schema\\\/person\\\/754f1f5a030d278766b52cf0e0c62e8b\"},\"headline\":\"The Sound of Paros presenta \u00abSpacetime\u00bb\",\"datePublished\":\"2025-09-19T16:00:29+00:00\",\"mainEntityOfPage\":{\"@id\":\"https:\\\/\\\/veevcom.com\\\/es\\\/the-sound-of-paros-presente-spacetime\\\/\"},\"wordCount\":883,\"image\":{\"@id\":\"https:\\\/\\\/veevcom.com\\\/es\\\/the-sound-of-paros-presente-spacetime\\\/#primaryimage\"},\"thumbnailUrl\":\"https:\\\/\\\/veevcom.com\\\/wp-content\\\/uploads\\\/2025\\\/09\\\/The-Sound-of-Paros-Spacetime-scaled.jpg\",\"articleSection\":[\"Actualidad\"],\"inLanguage\":\"es\"},{\"@type\":\"WebPage\",\"@id\":\"https:\\\/\\\/veevcom.com\\\/es\\\/the-sound-of-paros-presente-spacetime\\\/\",\"url\":\"https:\\\/\\\/veevcom.com\\\/es\\\/the-sound-of-paros-presente-spacetime\\\/\",\"name\":\"The Sound of Paros presenta \\\"Spacetime\\\" - VeevCom\",\"isPartOf\":{\"@id\":\"https:\\\/\\\/veevcom.com\\\/es\\\/#website\"},\"primaryImageOfPage\":{\"@id\":\"https:\\\/\\\/veevcom.com\\\/es\\\/the-sound-of-paros-presente-spacetime\\\/#primaryimage\"},\"image\":{\"@id\":\"https:\\\/\\\/veevcom.com\\\/es\\\/the-sound-of-paros-presente-spacetime\\\/#primaryimage\"},\"thumbnailUrl\":\"https:\\\/\\\/veevcom.com\\\/wp-content\\\/uploads\\\/2025\\\/09\\\/The-Sound-of-Paros-Spacetime-scaled.jpg\",\"datePublished\":\"2025-09-19T16:00:29+00:00\",\"author\":{\"@id\":\"https:\\\/\\\/veevcom.com\\\/#\\\/schema\\\/person\\\/754f1f5a030d278766b52cf0e0c62e8b\"},\"breadcrumb\":{\"@id\":\"https:\\\/\\\/veevcom.com\\\/es\\\/the-sound-of-paros-presente-spacetime\\\/#breadcrumb\"},\"inLanguage\":\"es\",\"potentialAction\":[{\"@type\":\"ReadAction\",\"target\":[[\"https:\\\/\\\/veevcom.com\\\/es\\\/the-sound-of-paros-presente-spacetime\\\/\"]]}]},{\"@type\":\"ImageObject\",\"inLanguage\":\"es\",\"@id\":\"https:\\\/\\\/veevcom.com\\\/es\\\/the-sound-of-paros-presente-spacetime\\\/#primaryimage\",\"url\":\"https:\\\/\\\/veevcom.com\\\/wp-content\\\/uploads\\\/2025\\\/09\\\/The-Sound-of-Paros-Spacetime-scaled.jpg\",\"contentUrl\":\"https:\\\/\\\/veevcom.com\\\/wp-content\\\/uploads\\\/2025\\\/09\\\/The-Sound-of-Paros-Spacetime-scaled.jpg\",\"width\":2557,\"height\":2560,\"caption\":\"Pochette album Spacetime de The Sound of Paros\"},{\"@type\":\"BreadcrumbList\",\"@id\":\"https:\\\/\\\/veevcom.com\\\/es\\\/the-sound-of-paros-presente-spacetime\\\/#breadcrumb\",\"itemListElement\":[{\"@type\":\"ListItem\",\"position\":1,\"name\":\"Accueil\",\"item\":\"https:\\\/\\\/veevcom.com\\\/es\\\/\"},{\"@type\":\"ListItem\",\"position\":2,\"name\":\"The Sound of Paros presenta \u00abSpacetime\u00bb\"}]},{\"@type\":\"WebSite\",\"@id\":\"https:\\\/\\\/veevcom.com\\\/es\\\/#website\",\"url\":\"https:\\\/\\\/veevcom.com\\\/es\\\/\",\"name\":\"VeevCom\",\"description\":\"Public Relations and Communication in the Music Industry\",\"potentialAction\":[{\"@type\":\"SearchAction\",\"target\":{\"@type\":\"EntryPoint\",\"urlTemplate\":\"https:\\\/\\\/veevcom.com\\\/es\\\/?s={search_term_string}\"},\"query-input\":{\"@type\":\"PropertyValueSpecification\",\"valueRequired\":true,\"valueName\":\"search_term_string\"}}],\"inLanguage\":\"es\"},{\"@type\":\"Person\",\"@id\":\"https:\\\/\\\/veevcom.com\\\/#\\\/schema\\\/person\\\/754f1f5a030d278766b52cf0e0c62e8b\",\"name\":\"severine\",\"image\":{\"@type\":\"ImageObject\",\"inLanguage\":\"es\",\"@id\":\"https:\\\/\\\/secure.gravatar.com\\\/avatar\\\/ba307ed472519f403589981b25bf62b4089c1f82b837eaae855dd05633adf22c?s=96&d=mm&r=g\",\"url\":\"https:\\\/\\\/secure.gravatar.com\\\/avatar\\\/ba307ed472519f403589981b25bf62b4089c1f82b837eaae855dd05633adf22c?s=96&d=mm&r=g\",\"contentUrl\":\"https:\\\/\\\/secure.gravatar.com\\\/avatar\\\/ba307ed472519f403589981b25bf62b4089c1f82b837eaae855dd05633adf22c?s=96&d=mm&r=g\",\"caption\":\"severine\"}}]}<\/script>\n<!-- \/ Yoast SEO plugin. -->","yoast_head_json":{"title":"The Sound of Paros presenta \"Spacetime\" - VeevCom","robots":{"index":"index","follow":"follow","max-snippet":"max-snippet:-1","max-image-preview":"max-image-preview:large","max-video-preview":"max-video-preview:-1"},"canonical":"https:\/\/veevcom.com\/es\/the-sound-of-paros-presente-spacetime\/","og_locale":"es_ES","og_type":"article","og_title":"The Sound of Paros presenta \"Spacetime\" - VeevCom","og_description":"Disculpa, pero esta entrada est\u00e1 disponible s\u00f3lo en FR y EN.The Sound of Paros r\u00e9v\u00e8lera \u00abSpacetime\u00bb son nouvel album, \u00e0 l&#8217;occasion de sa sortie le 07\/11\/2025 (digital et CD) et le 28\/11\/2025 (vinyle) chez Arts Culture Europe \/ InOu\u00efe Distribution. Le 2e single \u00abMy Foolish Heart \u00bb feat. Franco Ambrosetti et Nefeli Fasouli sera disponible [&hellip;]","og_url":"https:\/\/veevcom.com\/es\/the-sound-of-paros-presente-spacetime\/","og_site_name":"VeevCom","article_published_time":"2025-09-19T16:00:29+00:00","og_image":[{"width":2557,"height":2560,"url":"https:\/\/veevcom.com\/wp-content\/uploads\/2025\/09\/The-Sound-of-Paros-Spacetime-scaled.jpg","type":"image\/jpeg"}],"author":"severine","twitter_card":"summary_large_image","twitter_misc":{"Escrito por":"severine","Tiempo de lectura":"4 minutos"},"schema":{"@context":"https:\/\/schema.org","@graph":[{"@type":"Article","@id":"https:\/\/veevcom.com\/es\/the-sound-of-paros-presente-spacetime\/#article","isPartOf":{"@id":"https:\/\/veevcom.com\/es\/the-sound-of-paros-presente-spacetime\/"},"author":{"name":"severine","@id":"https:\/\/veevcom.com\/#\/schema\/person\/754f1f5a030d278766b52cf0e0c62e8b"},"headline":"The Sound of Paros presenta \u00abSpacetime\u00bb","datePublished":"2025-09-19T16:00:29+00:00","mainEntityOfPage":{"@id":"https:\/\/veevcom.com\/es\/the-sound-of-paros-presente-spacetime\/"},"wordCount":883,"image":{"@id":"https:\/\/veevcom.com\/es\/the-sound-of-paros-presente-spacetime\/#primaryimage"},"thumbnailUrl":"https:\/\/veevcom.com\/wp-content\/uploads\/2025\/09\/The-Sound-of-Paros-Spacetime-scaled.jpg","articleSection":["Actualidad"],"inLanguage":"es"},{"@type":"WebPage","@id":"https:\/\/veevcom.com\/es\/the-sound-of-paros-presente-spacetime\/","url":"https:\/\/veevcom.com\/es\/the-sound-of-paros-presente-spacetime\/","name":"The Sound of Paros presenta \"Spacetime\" - VeevCom","isPartOf":{"@id":"https:\/\/veevcom.com\/es\/#website"},"primaryImageOfPage":{"@id":"https:\/\/veevcom.com\/es\/the-sound-of-paros-presente-spacetime\/#primaryimage"},"image":{"@id":"https:\/\/veevcom.com\/es\/the-sound-of-paros-presente-spacetime\/#primaryimage"},"thumbnailUrl":"https:\/\/veevcom.com\/wp-content\/uploads\/2025\/09\/The-Sound-of-Paros-Spacetime-scaled.jpg","datePublished":"2025-09-19T16:00:29+00:00","author":{"@id":"https:\/\/veevcom.com\/#\/schema\/person\/754f1f5a030d278766b52cf0e0c62e8b"},"breadcrumb":{"@id":"https:\/\/veevcom.com\/es\/the-sound-of-paros-presente-spacetime\/#breadcrumb"},"inLanguage":"es","potentialAction":[{"@type":"ReadAction","target":[["https:\/\/veevcom.com\/es\/the-sound-of-paros-presente-spacetime\/"]]}]},{"@type":"ImageObject","inLanguage":"es","@id":"https:\/\/veevcom.com\/es\/the-sound-of-paros-presente-spacetime\/#primaryimage","url":"https:\/\/veevcom.com\/wp-content\/uploads\/2025\/09\/The-Sound-of-Paros-Spacetime-scaled.jpg","contentUrl":"https:\/\/veevcom.com\/wp-content\/uploads\/2025\/09\/The-Sound-of-Paros-Spacetime-scaled.jpg","width":2557,"height":2560,"caption":"Pochette album Spacetime de The Sound of Paros"},{"@type":"BreadcrumbList","@id":"https:\/\/veevcom.com\/es\/the-sound-of-paros-presente-spacetime\/#breadcrumb","itemListElement":[{"@type":"ListItem","position":1,"name":"Accueil","item":"https:\/\/veevcom.com\/es\/"},{"@type":"ListItem","position":2,"name":"The Sound of Paros presenta \u00abSpacetime\u00bb"}]},{"@type":"WebSite","@id":"https:\/\/veevcom.com\/es\/#website","url":"https:\/\/veevcom.com\/es\/","name":"VeevCom","description":"Public Relations and Communication in the Music Industry","potentialAction":[{"@type":"SearchAction","target":{"@type":"EntryPoint","urlTemplate":"https:\/\/veevcom.com\/es\/?s={search_term_string}"},"query-input":{"@type":"PropertyValueSpecification","valueRequired":true,"valueName":"search_term_string"}}],"inLanguage":"es"},{"@type":"Person","@id":"https:\/\/veevcom.com\/#\/schema\/person\/754f1f5a030d278766b52cf0e0c62e8b","name":"severine","image":{"@type":"ImageObject","inLanguage":"es","@id":"https:\/\/secure.gravatar.com\/avatar\/ba307ed472519f403589981b25bf62b4089c1f82b837eaae855dd05633adf22c?s=96&d=mm&r=g","url":"https:\/\/secure.gravatar.com\/avatar\/ba307ed472519f403589981b25bf62b4089c1f82b837eaae855dd05633adf22c?s=96&d=mm&r=g","contentUrl":"https:\/\/secure.gravatar.com\/avatar\/ba307ed472519f403589981b25bf62b4089c1f82b837eaae855dd05633adf22c?s=96&d=mm&r=g","caption":"severine"}}]}},"_links":{"self":[{"href":"https:\/\/veevcom.com\/es\/wp-json\/wp\/v2\/posts\/62643","targetHints":{"allow":["GET"]}}],"collection":[{"href":"https:\/\/veevcom.com\/es\/wp-json\/wp\/v2\/posts"}],"about":[{"href":"https:\/\/veevcom.com\/es\/wp-json\/wp\/v2\/types\/post"}],"author":[{"embeddable":true,"href":"https:\/\/veevcom.com\/es\/wp-json\/wp\/v2\/users\/3"}],"replies":[{"embeddable":true,"href":"https:\/\/veevcom.com\/es\/wp-json\/wp\/v2\/comments?post=62643"}],"version-history":[{"count":4,"href":"https:\/\/veevcom.com\/es\/wp-json\/wp\/v2\/posts\/62643\/revisions"}],"predecessor-version":[{"id":62648,"href":"https:\/\/veevcom.com\/es\/wp-json\/wp\/v2\/posts\/62643\/revisions\/62648"}],"wp:featuredmedia":[{"embeddable":true,"href":"https:\/\/veevcom.com\/es\/wp-json\/wp\/v2\/media\/62644"}],"wp:attachment":[{"href":"https:\/\/veevcom.com\/es\/wp-json\/wp\/v2\/media?parent=62643"}],"wp:term":[{"taxonomy":"category","embeddable":true,"href":"https:\/\/veevcom.com\/es\/wp-json\/wp\/v2\/categories?post=62643"},{"taxonomy":"post_tag","embeddable":true,"href":"https:\/\/veevcom.com\/es\/wp-json\/wp\/v2\/tags?post=62643"}],"curies":[{"name":"wp","href":"https:\/\/api.w.org\/{rel}","templated":true}]}}