{"id":62632,"date":"2025-09-18T17:33:37","date_gmt":"2025-09-18T15:33:37","guid":{"rendered":"https:\/\/veevcom.com\/?p=62632"},"modified":"2025-10-29T16:18:40","modified_gmt":"2025-10-29T15:18:40","slug":"gabriel-lenoir-presente-tournivelle-le-nouvel-album-de-la-cuivraille","status":"publish","type":"post","link":"https:\/\/veevcom.com\/es\/gabriel-lenoir-presente-tournivelle-le-nouvel-album-de-la-cuivraille\/","title":{"rendered":"Gabriel Lenoir presenta \u00abTournivelle\u00bb, el nuevo \u00e1lbum de La Cuivraille"},"content":{"rendered":"<p class=\"qtranxs-available-languages-message qtranxs-available-languages-message-es\">Disculpa, pero esta entrada est\u00e1 disponible s\u00f3lo en <a href=\"https:\/\/veevcom.com\/fr\/wp-json\/wp\/v2\/posts\/62632\" class=\"qtranxs-available-language-link qtranxs-available-language-link-fr\" title=\"FR\">FR<\/a> y <a href=\"https:\/\/veevcom.com\/en\/wp-json\/wp\/v2\/posts\/62632\" class=\"qtranxs-available-language-link qtranxs-available-language-link-en\" title=\"EN\">EN<\/a>.<\/p><p><strong>Gabriel Lenoir<\/strong> r\u00e9v\u00e8lera \u00ab<strong>Tournivelle<\/strong>\u00ab, le deuxi\u00e8me album du groupe <strong>La Cuivraille<\/strong>, \u00e0 l&#8217;occasion de sa sortie le <strong>21 novembre 2025<\/strong> chez <strong>Les Beaux Jours \/ InOu\u00efe Distribution<\/strong>. Cet opus sera pr\u00e9sent\u00e9 le jeudi <strong>11 d\u00e9cembre 2025<\/strong> sur la sc\u00e8ne du <strong>360 Paris Music Factory<\/strong> (Paris, 18e) lors d&#8217;un concert \/ bal de lancement exceptionnel.<\/p>\n<p>Dix ans apre\u0300s leur premier album, <strong>La Cuivraille<\/strong> revient avec \u00ab<strong>Tournivelle<\/strong>\u00ab, un disque qui ce\u0301le\u0300bre le bal traditionnel tout en l\u2019inscrivant pleinement dans notre e\u0301poque. Un album festif, poe\u0301tique et ge\u0301ne\u0301reux, pense\u0301 pour la danse et l\u2019e\u0301coute.<br \/>\nCre\u0301e\u0301 en 2014 par <strong>Gabriel Lenoir<\/strong>, \u201cvioloneux-violoniste\u201d, professionnel depuis 2002 (avec plus de 15 albums a\u0300 son actif), <strong>La Cuivraille<\/strong> est un groupe qui me\u0302le avec singularite\u0301 les sonorite\u0301s des musiques traditionnelles franc\u0327aises aux e\u0301nergies et aux textures des musiques actuelles (groove, funk, reggae&#8230;). A\u0300 travers un savant me\u0301lange de violon, voix, section de cuivres (trompette, trombone, saxophone), basse e\u0301lectrique et percussions, le groupe propose un son moderne, vivant et accessible, a\u0300 la fois enracine\u0301 et re\u0301solument tourne\u0301 vers la cre\u0301ation.<\/p>\n<p><strong>La Cuivraille<\/strong> est compos\u00e9 de :<br \/>\n&#8211; <strong>Gabriel Lenoir<\/strong> : compositions, violon, chant<br \/>\n&#8211; <strong>Mak\u00e9 Knockaert<\/strong> : trompette, bugle, chant<br \/>\n&#8211; <strong>Florian Laihem<\/strong> : saxophone alto, chant<br \/>\n&#8211; <strong>Constant Sajaloli<\/strong> : trombone, chant<br \/>\n&#8211; <strong>Louis Descamps<\/strong> : basse, contrebasse, chant<br \/>\n&#8211; <strong>Nicolas Painset<\/strong> : percussions, chant<\/p>\n<p>Artiste invit\u00e9e :<br \/>\n&#8211; <strong>Prune Lacante<\/strong> : violon (titre 13)<\/p>\n<p><strong>Un regard critique sur Tournivelle, par Etienne Bours, journaliste spe\u0301cialise\u0301 dans les musiques du monde :<\/strong><\/p>\n<p>\u201cChaque album de Gabriel Lenoir est un nouveau voyage. Entendons-nous, il n\u2019est pas question de prendre l\u2019avion, de jouer le soi-disant exotisme, le all inclusive et que sais-je encore. Que nenni ! On se prome\u0300ne, on musarde, on vagabonde, on hume, on visite les coins et recoins des re\u0301gions de chez nous, voire juste un peu plus loin que chez nous.<\/p>\n<p>Souvenez-vous des semences. Toutes les semences&#8230; pas celles que quelques multinationales mal intentionne\u0301es (c\u0327a ressemble a\u0300 un ple\u0301onasme) tentent de vous imposer au de\u0301triment des richesses incroyables de la diversite\u0301 de plantes, le\u0301gumes ou fleurs disponibles aux quatre coins de nos campagnes. Toutes les semences, toutes les fragrances, les gou\u0302ts, les saveurs de nos ruralite\u0301s, de nos terroirs, de nos cultures. Gabriel Lenoir est de ces jardiniers amateurs de graines que l\u2019on pensait oublie\u0301es, il ose les semis, les boutures, les associations. Sans pre\u0301tention mais avec la passion du cultivateur intelligent qui a compris ce que glaner apporte a\u0300 son jardin. Lorsqu\u2019on prend la peine de se pencher sur son re\u0301pertoire \u2013 ses re\u0301pertoires sans doute vu le nombre de groupes et de projets auxquels il participe \u2013 on y retrouve les traces de plusieurs ge\u0301ne\u0301rations. Ceux qui de\u0301tenaient encore les anciennes semences et les semaient avec re\u0301gularite\u0301, ceux qui sont alle\u0301s a\u0300 leur rencontre pour voir, apprendre et transmettre a\u0300 leur tour, ceux qui aujourd\u2019hui encore rec\u0327oivent ce legs, le propage en le re\u0301inventant, en essayant d\u2019autres combinaisons, d\u2019autres alternances. Sans pour autant oublier d\u2019ou\u0300 vient ce tre\u0301sor de la simplicite\u0301, tre\u0301sor qui, dans ce cas, fait danser les gens en instillant chez eux autant de plaisir qu\u2019un fruit juteux ou un vin gouleyant. C\u2019est le talent de Gabriel, quel que soit le groupe qu\u2019il anime, il joue sur un patrimoine e\u0301norme dont il a compris la richesse. Et, dans ce nouveau disque de son groupe La Cuivraille, il s\u2019impose comme une individualite\u0301 forte au sein d\u2019une communaute\u0301 forte. Communaute\u0301 esquisse\u0301e ci-dessus et partage\u0301e entre ceux qui ont donne\u0301 acce\u0300s libre aux musiques ancre\u0301es dans les traditions et ceux qui, a\u0300 l\u2019instar de Gabriel, ont compris le subtil me\u0301lange de responsabilite\u0301 et de liberte\u0301 qu\u2019offre un tel he\u0301ritage. Revoici donc son violon et sa voix avec basse, percussions et une section de cuivres. Ils ne sont pas nombreux ceux qui ont ose\u0301 \u00ab cuivrer \u00bb ce type de re\u0301pertoire.\u00bb (&#8230;)<\/p>","protected":false},"excerpt":{"rendered":"<p>Disculpa, pero esta entrada est\u00e1 disponible s\u00f3lo en FR y EN.Gabriel Lenoir r\u00e9v\u00e8lera \u00abTournivelle\u00ab, le deuxi\u00e8me album du groupe La Cuivraille, \u00e0 l&#8217;occasion de sa sortie le 21 novembre 2025 chez Les Beaux Jours \/ InOu\u00efe Distribution. Cet opus sera pr\u00e9sent\u00e9 le jeudi 11 d\u00e9cembre 2025 sur la sc\u00e8ne du 360 Paris Music Factory (Paris, [&hellip;]<\/p>\n","protected":false},"author":3,"featured_media":62633,"comment_status":"closed","ping_status":"closed","sticky":false,"template":"","format":"standard","meta":{"_acf_changed":false,"footnotes":""},"categories":[1],"tags":[],"class_list":["post-62632","post","type-post","status-publish","format-standard","has-post-thumbnail","hentry","category-non-classe"],"acf":[],"yoast_head":"<!-- This site is optimized with the Yoast SEO plugin v27.4 - https:\/\/yoast.com\/product\/yoast-seo-wordpress\/ -->\n<title>Gabriel Lenoir presenta &quot;Tournivelle&quot;, el nuevo \u00e1lbum de La Cuivraille - VeevCom<\/title>\n<meta name=\"robots\" content=\"index, follow, max-snippet:-1, max-image-preview:large, max-video-preview:-1\" \/>\n<link rel=\"canonical\" href=\"https:\/\/veevcom.com\/es\/gabriel-lenoir-presente-tournivelle-le-nouvel-album-de-la-cuivraille\/\" \/>\n<meta property=\"og:locale\" content=\"es_ES\" \/>\n<meta property=\"og:type\" content=\"article\" \/>\n<meta property=\"og:title\" content=\"Gabriel Lenoir presenta &quot;Tournivelle&quot;, el nuevo \u00e1lbum de La Cuivraille - VeevCom\" \/>\n<meta property=\"og:description\" content=\"Disculpa, pero esta entrada est\u00e1 disponible s\u00f3lo en FR y EN.Gabriel Lenoir r\u00e9v\u00e8lera \u00abTournivelle\u00ab, le deuxi\u00e8me album du groupe La Cuivraille, \u00e0 l&#8217;occasion de sa sortie le 21 novembre 2025 chez Les Beaux Jours \/ InOu\u00efe Distribution. Cet opus sera pr\u00e9sent\u00e9 le jeudi 11 d\u00e9cembre 2025 sur la sc\u00e8ne du 360 Paris Music Factory (Paris, [&hellip;]\" \/>\n<meta property=\"og:url\" content=\"https:\/\/veevcom.com\/es\/gabriel-lenoir-presente-tournivelle-le-nouvel-album-de-la-cuivraille\/\" \/>\n<meta property=\"og:site_name\" content=\"VeevCom\" \/>\n<meta property=\"article:published_time\" content=\"2025-09-18T15:33:37+00:00\" \/>\n<meta property=\"article:modified_time\" content=\"2025-10-29T15:18:40+00:00\" \/>\n<meta property=\"og:image\" content=\"https:\/\/veevcom.com\/wp-content\/uploads\/2025\/09\/La-Cuivraille-pochette.jpg\" \/>\n\t<meta property=\"og:image:width\" content=\"1667\" \/>\n\t<meta property=\"og:image:height\" content=\"1476\" \/>\n\t<meta property=\"og:image:type\" content=\"image\/jpeg\" \/>\n<meta name=\"author\" content=\"severine\" \/>\n<meta name=\"twitter:card\" content=\"summary_large_image\" \/>\n<meta name=\"twitter:label1\" content=\"Escrito por\" \/>\n\t<meta name=\"twitter:data1\" content=\"severine\" \/>\n\t<meta name=\"twitter:label2\" content=\"Tiempo de lectura\" \/>\n\t<meta name=\"twitter:data2\" content=\"6 minutos\" \/>\n<script type=\"application\/ld+json\" class=\"yoast-schema-graph\">{\"@context\":\"https:\\\/\\\/schema.org\",\"@graph\":[{\"@type\":\"Article\",\"@id\":\"https:\\\/\\\/veevcom.com\\\/es\\\/gabriel-lenoir-presente-tournivelle-le-nouvel-album-de-la-cuivraille\\\/#article\",\"isPartOf\":{\"@id\":\"https:\\\/\\\/veevcom.com\\\/es\\\/gabriel-lenoir-presente-tournivelle-le-nouvel-album-de-la-cuivraille\\\/\"},\"author\":{\"name\":\"severine\",\"@id\":\"https:\\\/\\\/veevcom.com\\\/#\\\/schema\\\/person\\\/754f1f5a030d278766b52cf0e0c62e8b\"},\"headline\":\"Gabriel Lenoir presenta \u00abTournivelle\u00bb, el nuevo \u00e1lbum de La Cuivraille\",\"datePublished\":\"2025-09-18T15:33:37+00:00\",\"dateModified\":\"2025-10-29T15:18:40+00:00\",\"mainEntityOfPage\":{\"@id\":\"https:\\\/\\\/veevcom.com\\\/es\\\/gabriel-lenoir-presente-tournivelle-le-nouvel-album-de-la-cuivraille\\\/\"},\"wordCount\":1271,\"image\":{\"@id\":\"https:\\\/\\\/veevcom.com\\\/es\\\/gabriel-lenoir-presente-tournivelle-le-nouvel-album-de-la-cuivraille\\\/#primaryimage\"},\"thumbnailUrl\":\"https:\\\/\\\/veevcom.com\\\/wp-content\\\/uploads\\\/2025\\\/09\\\/La-Cuivraille-pochette.jpg\",\"articleSection\":[\"Actualidad\"],\"inLanguage\":\"es\"},{\"@type\":\"WebPage\",\"@id\":\"https:\\\/\\\/veevcom.com\\\/es\\\/gabriel-lenoir-presente-tournivelle-le-nouvel-album-de-la-cuivraille\\\/\",\"url\":\"https:\\\/\\\/veevcom.com\\\/es\\\/gabriel-lenoir-presente-tournivelle-le-nouvel-album-de-la-cuivraille\\\/\",\"name\":\"Gabriel Lenoir presenta \\\"Tournivelle\\\", el nuevo \u00e1lbum de La Cuivraille - VeevCom\",\"isPartOf\":{\"@id\":\"https:\\\/\\\/veevcom.com\\\/es\\\/#website\"},\"primaryImageOfPage\":{\"@id\":\"https:\\\/\\\/veevcom.com\\\/es\\\/gabriel-lenoir-presente-tournivelle-le-nouvel-album-de-la-cuivraille\\\/#primaryimage\"},\"image\":{\"@id\":\"https:\\\/\\\/veevcom.com\\\/es\\\/gabriel-lenoir-presente-tournivelle-le-nouvel-album-de-la-cuivraille\\\/#primaryimage\"},\"thumbnailUrl\":\"https:\\\/\\\/veevcom.com\\\/wp-content\\\/uploads\\\/2025\\\/09\\\/La-Cuivraille-pochette.jpg\",\"datePublished\":\"2025-09-18T15:33:37+00:00\",\"dateModified\":\"2025-10-29T15:18:40+00:00\",\"author\":{\"@id\":\"https:\\\/\\\/veevcom.com\\\/#\\\/schema\\\/person\\\/754f1f5a030d278766b52cf0e0c62e8b\"},\"breadcrumb\":{\"@id\":\"https:\\\/\\\/veevcom.com\\\/es\\\/gabriel-lenoir-presente-tournivelle-le-nouvel-album-de-la-cuivraille\\\/#breadcrumb\"},\"inLanguage\":\"es\",\"potentialAction\":[{\"@type\":\"ReadAction\",\"target\":[[\"https:\\\/\\\/veevcom.com\\\/es\\\/gabriel-lenoir-presente-tournivelle-le-nouvel-album-de-la-cuivraille\\\/\"]]}]},{\"@type\":\"ImageObject\",\"inLanguage\":\"es\",\"@id\":\"https:\\\/\\\/veevcom.com\\\/es\\\/gabriel-lenoir-presente-tournivelle-le-nouvel-album-de-la-cuivraille\\\/#primaryimage\",\"url\":\"https:\\\/\\\/veevcom.com\\\/wp-content\\\/uploads\\\/2025\\\/09\\\/La-Cuivraille-pochette.jpg\",\"contentUrl\":\"https:\\\/\\\/veevcom.com\\\/wp-content\\\/uploads\\\/2025\\\/09\\\/La-Cuivraille-pochette.jpg\",\"width\":1667,\"height\":1476,\"caption\":\"pochette album Tournivelle de La Cuivraille\"},{\"@type\":\"BreadcrumbList\",\"@id\":\"https:\\\/\\\/veevcom.com\\\/es\\\/gabriel-lenoir-presente-tournivelle-le-nouvel-album-de-la-cuivraille\\\/#breadcrumb\",\"itemListElement\":[{\"@type\":\"ListItem\",\"position\":1,\"name\":\"Accueil\",\"item\":\"https:\\\/\\\/veevcom.com\\\/es\\\/\"},{\"@type\":\"ListItem\",\"position\":2,\"name\":\"Gabriel Lenoir presenta \u00abTournivelle\u00bb, el nuevo \u00e1lbum de La Cuivraille\"}]},{\"@type\":\"WebSite\",\"@id\":\"https:\\\/\\\/veevcom.com\\\/es\\\/#website\",\"url\":\"https:\\\/\\\/veevcom.com\\\/es\\\/\",\"name\":\"VeevCom\",\"description\":\"Public Relations and Communication in the Music Industry\",\"potentialAction\":[{\"@type\":\"SearchAction\",\"target\":{\"@type\":\"EntryPoint\",\"urlTemplate\":\"https:\\\/\\\/veevcom.com\\\/es\\\/?s={search_term_string}\"},\"query-input\":{\"@type\":\"PropertyValueSpecification\",\"valueRequired\":true,\"valueName\":\"search_term_string\"}}],\"inLanguage\":\"es\"},{\"@type\":\"Person\",\"@id\":\"https:\\\/\\\/veevcom.com\\\/#\\\/schema\\\/person\\\/754f1f5a030d278766b52cf0e0c62e8b\",\"name\":\"severine\",\"image\":{\"@type\":\"ImageObject\",\"inLanguage\":\"es\",\"@id\":\"https:\\\/\\\/secure.gravatar.com\\\/avatar\\\/ba307ed472519f403589981b25bf62b4089c1f82b837eaae855dd05633adf22c?s=96&d=mm&r=g\",\"url\":\"https:\\\/\\\/secure.gravatar.com\\\/avatar\\\/ba307ed472519f403589981b25bf62b4089c1f82b837eaae855dd05633adf22c?s=96&d=mm&r=g\",\"contentUrl\":\"https:\\\/\\\/secure.gravatar.com\\\/avatar\\\/ba307ed472519f403589981b25bf62b4089c1f82b837eaae855dd05633adf22c?s=96&d=mm&r=g\",\"caption\":\"severine\"}}]}<\/script>\n<!-- \/ Yoast SEO plugin. -->","yoast_head_json":{"title":"Gabriel Lenoir presenta \"Tournivelle\", el nuevo \u00e1lbum de La Cuivraille - VeevCom","robots":{"index":"index","follow":"follow","max-snippet":"max-snippet:-1","max-image-preview":"max-image-preview:large","max-video-preview":"max-video-preview:-1"},"canonical":"https:\/\/veevcom.com\/es\/gabriel-lenoir-presente-tournivelle-le-nouvel-album-de-la-cuivraille\/","og_locale":"es_ES","og_type":"article","og_title":"Gabriel Lenoir presenta \"Tournivelle\", el nuevo \u00e1lbum de La Cuivraille - VeevCom","og_description":"Disculpa, pero esta entrada est\u00e1 disponible s\u00f3lo en FR y EN.Gabriel Lenoir r\u00e9v\u00e8lera \u00abTournivelle\u00ab, le deuxi\u00e8me album du groupe La Cuivraille, \u00e0 l&#8217;occasion de sa sortie le 21 novembre 2025 chez Les Beaux Jours \/ InOu\u00efe Distribution. Cet opus sera pr\u00e9sent\u00e9 le jeudi 11 d\u00e9cembre 2025 sur la sc\u00e8ne du 360 Paris Music Factory (Paris, [&hellip;]","og_url":"https:\/\/veevcom.com\/es\/gabriel-lenoir-presente-tournivelle-le-nouvel-album-de-la-cuivraille\/","og_site_name":"VeevCom","article_published_time":"2025-09-18T15:33:37+00:00","article_modified_time":"2025-10-29T15:18:40+00:00","og_image":[{"width":1667,"height":1476,"url":"https:\/\/veevcom.com\/wp-content\/uploads\/2025\/09\/La-Cuivraille-pochette.jpg","type":"image\/jpeg"}],"author":"severine","twitter_card":"summary_large_image","twitter_misc":{"Escrito por":"severine","Tiempo de lectura":"6 minutos"},"schema":{"@context":"https:\/\/schema.org","@graph":[{"@type":"Article","@id":"https:\/\/veevcom.com\/es\/gabriel-lenoir-presente-tournivelle-le-nouvel-album-de-la-cuivraille\/#article","isPartOf":{"@id":"https:\/\/veevcom.com\/es\/gabriel-lenoir-presente-tournivelle-le-nouvel-album-de-la-cuivraille\/"},"author":{"name":"severine","@id":"https:\/\/veevcom.com\/#\/schema\/person\/754f1f5a030d278766b52cf0e0c62e8b"},"headline":"Gabriel Lenoir presenta \u00abTournivelle\u00bb, el nuevo \u00e1lbum de La Cuivraille","datePublished":"2025-09-18T15:33:37+00:00","dateModified":"2025-10-29T15:18:40+00:00","mainEntityOfPage":{"@id":"https:\/\/veevcom.com\/es\/gabriel-lenoir-presente-tournivelle-le-nouvel-album-de-la-cuivraille\/"},"wordCount":1271,"image":{"@id":"https:\/\/veevcom.com\/es\/gabriel-lenoir-presente-tournivelle-le-nouvel-album-de-la-cuivraille\/#primaryimage"},"thumbnailUrl":"https:\/\/veevcom.com\/wp-content\/uploads\/2025\/09\/La-Cuivraille-pochette.jpg","articleSection":["Actualidad"],"inLanguage":"es"},{"@type":"WebPage","@id":"https:\/\/veevcom.com\/es\/gabriel-lenoir-presente-tournivelle-le-nouvel-album-de-la-cuivraille\/","url":"https:\/\/veevcom.com\/es\/gabriel-lenoir-presente-tournivelle-le-nouvel-album-de-la-cuivraille\/","name":"Gabriel Lenoir presenta \"Tournivelle\", el nuevo \u00e1lbum de La Cuivraille - VeevCom","isPartOf":{"@id":"https:\/\/veevcom.com\/es\/#website"},"primaryImageOfPage":{"@id":"https:\/\/veevcom.com\/es\/gabriel-lenoir-presente-tournivelle-le-nouvel-album-de-la-cuivraille\/#primaryimage"},"image":{"@id":"https:\/\/veevcom.com\/es\/gabriel-lenoir-presente-tournivelle-le-nouvel-album-de-la-cuivraille\/#primaryimage"},"thumbnailUrl":"https:\/\/veevcom.com\/wp-content\/uploads\/2025\/09\/La-Cuivraille-pochette.jpg","datePublished":"2025-09-18T15:33:37+00:00","dateModified":"2025-10-29T15:18:40+00:00","author":{"@id":"https:\/\/veevcom.com\/#\/schema\/person\/754f1f5a030d278766b52cf0e0c62e8b"},"breadcrumb":{"@id":"https:\/\/veevcom.com\/es\/gabriel-lenoir-presente-tournivelle-le-nouvel-album-de-la-cuivraille\/#breadcrumb"},"inLanguage":"es","potentialAction":[{"@type":"ReadAction","target":[["https:\/\/veevcom.com\/es\/gabriel-lenoir-presente-tournivelle-le-nouvel-album-de-la-cuivraille\/"]]}]},{"@type":"ImageObject","inLanguage":"es","@id":"https:\/\/veevcom.com\/es\/gabriel-lenoir-presente-tournivelle-le-nouvel-album-de-la-cuivraille\/#primaryimage","url":"https:\/\/veevcom.com\/wp-content\/uploads\/2025\/09\/La-Cuivraille-pochette.jpg","contentUrl":"https:\/\/veevcom.com\/wp-content\/uploads\/2025\/09\/La-Cuivraille-pochette.jpg","width":1667,"height":1476,"caption":"pochette album Tournivelle de La Cuivraille"},{"@type":"BreadcrumbList","@id":"https:\/\/veevcom.com\/es\/gabriel-lenoir-presente-tournivelle-le-nouvel-album-de-la-cuivraille\/#breadcrumb","itemListElement":[{"@type":"ListItem","position":1,"name":"Accueil","item":"https:\/\/veevcom.com\/es\/"},{"@type":"ListItem","position":2,"name":"Gabriel Lenoir presenta \u00abTournivelle\u00bb, el nuevo \u00e1lbum de La Cuivraille"}]},{"@type":"WebSite","@id":"https:\/\/veevcom.com\/es\/#website","url":"https:\/\/veevcom.com\/es\/","name":"VeevCom","description":"Public Relations and Communication in the Music Industry","potentialAction":[{"@type":"SearchAction","target":{"@type":"EntryPoint","urlTemplate":"https:\/\/veevcom.com\/es\/?s={search_term_string}"},"query-input":{"@type":"PropertyValueSpecification","valueRequired":true,"valueName":"search_term_string"}}],"inLanguage":"es"},{"@type":"Person","@id":"https:\/\/veevcom.com\/#\/schema\/person\/754f1f5a030d278766b52cf0e0c62e8b","name":"severine","image":{"@type":"ImageObject","inLanguage":"es","@id":"https:\/\/secure.gravatar.com\/avatar\/ba307ed472519f403589981b25bf62b4089c1f82b837eaae855dd05633adf22c?s=96&d=mm&r=g","url":"https:\/\/secure.gravatar.com\/avatar\/ba307ed472519f403589981b25bf62b4089c1f82b837eaae855dd05633adf22c?s=96&d=mm&r=g","contentUrl":"https:\/\/secure.gravatar.com\/avatar\/ba307ed472519f403589981b25bf62b4089c1f82b837eaae855dd05633adf22c?s=96&d=mm&r=g","caption":"severine"}}]}},"_links":{"self":[{"href":"https:\/\/veevcom.com\/es\/wp-json\/wp\/v2\/posts\/62632","targetHints":{"allow":["GET"]}}],"collection":[{"href":"https:\/\/veevcom.com\/es\/wp-json\/wp\/v2\/posts"}],"about":[{"href":"https:\/\/veevcom.com\/es\/wp-json\/wp\/v2\/types\/post"}],"author":[{"embeddable":true,"href":"https:\/\/veevcom.com\/es\/wp-json\/wp\/v2\/users\/3"}],"replies":[{"embeddable":true,"href":"https:\/\/veevcom.com\/es\/wp-json\/wp\/v2\/comments?post=62632"}],"version-history":[{"count":5,"href":"https:\/\/veevcom.com\/es\/wp-json\/wp\/v2\/posts\/62632\/revisions"}],"predecessor-version":[{"id":62688,"href":"https:\/\/veevcom.com\/es\/wp-json\/wp\/v2\/posts\/62632\/revisions\/62688"}],"wp:featuredmedia":[{"embeddable":true,"href":"https:\/\/veevcom.com\/es\/wp-json\/wp\/v2\/media\/62633"}],"wp:attachment":[{"href":"https:\/\/veevcom.com\/es\/wp-json\/wp\/v2\/media?parent=62632"}],"wp:term":[{"taxonomy":"category","embeddable":true,"href":"https:\/\/veevcom.com\/es\/wp-json\/wp\/v2\/categories?post=62632"},{"taxonomy":"post_tag","embeddable":true,"href":"https:\/\/veevcom.com\/es\/wp-json\/wp\/v2\/tags?post=62632"}],"curies":[{"name":"wp","href":"https:\/\/api.w.org\/{rel}","templated":true}]}}