{"id":62453,"date":"2025-06-27T17:57:13","date_gmt":"2025-06-27T15:57:13","guid":{"rendered":"http:\/\/veevcom.com\/?p=62453"},"modified":"2025-06-27T17:57:13","modified_gmt":"2025-06-27T15:57:13","slug":"gaelle-bagot-juan-manuel-nieto-presentent-jardin-dailleurs","status":"publish","type":"post","link":"https:\/\/veevcom.com\/es\/gaelle-bagot-juan-manuel-nieto-presentent-jardin-dailleurs\/","title":{"rendered":"Ga\u00eblle Bagot &#038; Juan Manuel Nieto presentan \u00abJardin d&#8217;ailleurs\u00bb"},"content":{"rendered":"<p class=\"qtranxs-available-languages-message qtranxs-available-languages-message-es\">Disculpa, pero esta entrada est\u00e1 disponible s\u00f3lo en <a href=\"https:\/\/veevcom.com\/fr\/wp-json\/wp\/v2\/posts\/62453\" class=\"qtranxs-available-language-link qtranxs-available-language-link-fr\" title=\"FR\">FR<\/a> y <a href=\"https:\/\/veevcom.com\/en\/wp-json\/wp\/v2\/posts\/62453\" class=\"qtranxs-available-language-link qtranxs-available-language-link-en\" title=\"EN\">EN<\/a>.<\/p><p><\/p>\n<p class=\"p1\"><b>Ga\u00eblle Bagot &amp; Juan Manuel Nieto <\/b>r\u00e9v\u00e8leront <b><em>Jardin d&#8217;ailleurs<\/em>, <\/b>leur nouvel album, \u00e0 l&#8217;occasion de sa sortie le <b>03<\/b> <b>octobre 2025<\/b> chez<b> MusiqueLive <\/b>\/ <b>InOu\u00efe Distribution<\/b>. Cet opus sera pr\u00e9sent\u00e9<span class=\"Apple-converted-space\">&nbsp; <\/span>le <b>mercredi 05 novembre 2025 <\/b>sur la sc\u00e8ne des <b>2 Pianos<\/b> (Paris, 15e) lors d&#8217;un<b> concert de lancement<\/b> exceptionnel.<span class=\"Apple-converted-space\">&nbsp;<\/span><\/p>\n<p class=\"p1\">Fruit d&#8217;un travail ax\u00e9 sur l&#8217;improvisation et l&#8217;oralit\u00e9, ce premier album compte neuf compositions originales, interpr\u00e9t\u00e9es par <b>Ga\u00eblle Bagot <\/b>\u00e0 la <b>voix<\/b> lead et aux <b>clarinettes<\/b> \u2014 si b\u00e9mol, mi b\u00e9mol, basse \u2014 et <b>Juan Manuel Nieto<\/b> au <b>piano<\/b> et \u00e0 la <b>voix<\/b>.<\/p>\n<p class=\"p1\">Sur trois morceaux, <b>deux invit\u00e9s<\/b> viennent apporter au duo leur go\u00fbt pour l&#8217;exp\u00e9rimentation et l&#8217;hybridation : le <b>violoncelliste<\/b> <b>Simon Lannoy<\/b>, en constante recherche d&#8217;exploration sonore et le <b>beatboxer<\/b> <b>Oxyjinn<\/b>, artiste explorateur vocal.<\/p>\n<p class=\"p1\"><b><em>Jardin d\u2019ailleurs<\/em> <\/b>\u00e9voque un voyage sonore intime et po\u00e9tique, \u00e0 la crois\u00e9e des chemins entre <b>jazz<\/b>, <b>musique du monde<\/b> et <b>chanson<\/b> et m\u00eale le souffle nomade de la clarinette, une voix claire et expressive, et un piano aux harmonies pop ou jazz. L\u2019album navigue entre rythmes du monde, m\u00e9lodies chant\u00e9es et improvisations, comme un carnet de voyage musical aux accents chaleureux et vivants.<\/p>\n<p class=\"p1\">En qu\u00eate d&#8217;\u00e9lans a\u00e9riens et d&#8217;arpentages crois\u00e9s, ces deux musiciens nouent leur complicit\u00e9 autour de l\u2019<b>art du duo<\/b> et d\u00e9voilent des compositions qui invitent au voyage par-del\u00e0 les fronti\u00e8res.<\/p>\n<p class=\"p1\"><b>Ga\u00eblle Bagot<\/b>, clarinettiste et chanteuse fran\u00e7aise, et <b>Juan Manuel Nieto<\/b>, pianiste \u00e9quatorien, se rencontrent en 2017 au sein du cursus \u00ab Jazz, musiques improvis\u00e9es &amp; musiques traditionnelles \u00bb du P\u00f4le Sup\u2019 93, formation sup\u00e9rieure qui leur permet de se perfectionner aupr\u00e8s d&#8217;artistes de renom tels que <b>Vincent S\u00e9gal<\/b>, <b>Magic Malik<\/b>, <b>Julien Lourau<\/b>, <b>Bojan Z<\/b> ou encore <b>Fran\u00e7ois Jeanneau<\/b>.<\/p>\n<p class=\"p1\">Pendant trois ann\u00e9es, ils enrichissent leurs univers respectifs, fusionnant influences et apprentissages.<br \/>\nLeur dipl\u00f4me obtenu, port\u00e9s par le soutien du violoncelliste <b>Vincent S\u00e9gal<\/b>, Ga\u00eblle et Juan choisissent en 2020 de former un <b>duo minimaliste<\/b>, <b>piano<\/b> et <b>clarinette\/voix<\/b>.<\/p>\n<p class=\"p1\">Leurs premiers arrangements sont des reprises de morceaux et de chansons de cultures d\u2019ici et d\u2019ailleurs.<br \/>\nTr\u00e8s vite, la cr\u00e9ation originale prend le pas. Leurs <b>compositions originales<\/b>, <b>cr\u00e9\u00e9es \u00e0 deux<\/b>, explorent un langage m\u00e9lodique riche en <b>polyrythmies<\/b>, <b>ornements<\/b>, <b>unissons<\/b>, <b>modes de jeux vari\u00e9s<\/b> ; elles sont nourries par leur curiosit\u00e9 musicale \u00e9clectique : <b>folk<\/b>, <b>jazz<\/b>, <b>salsa<\/b>, <b>chanson fran\u00e7aise<\/b>, <b>musique<\/b> <b>\u00e9quatorienne<\/b>, <b>br\u00e9silienne<\/b> et <b>argentine<\/b>,<b> musiques bretonnes\/irlandaises<\/b>, <b>musiques balkaniques<\/b>, <b>maloya<\/b>,&#8230;<\/p>\n<p class=\"p1\">Depuis 2021, le duo se produit en concert, notamment au <b>Festival Saint-Denis<\/b>, au <b>Festival Jazz in<\/b> <b>Noyon<\/b>, au <b>Sunset-Sunside<\/b> et \u00e0<b> La Bellevilloise<\/b> \u00e0 Paris.<\/p>\n<p><\/p>","protected":false},"excerpt":{"rendered":"<p>Disculpa, pero esta entrada est\u00e1 disponible s\u00f3lo en FR y EN. Ga\u00eblle Bagot &amp; Juan Manuel Nieto r\u00e9v\u00e8leront Jardin d&#8217;ailleurs, leur nouvel album, \u00e0 l&#8217;occasion de sa sortie le 03 octobre 2025 chez MusiqueLive \/ InOu\u00efe Distribution. Cet opus sera pr\u00e9sent\u00e9&nbsp; le mercredi 05 novembre 2025 sur la sc\u00e8ne des 2 Pianos (Paris, 15e) lors [&hellip;]<\/p>\n","protected":false},"author":3,"featured_media":62455,"comment_status":"closed","ping_status":"closed","sticky":false,"template":"","format":"standard","meta":{"_acf_changed":false,"footnotes":""},"categories":[1],"tags":[],"class_list":["post-62453","post","type-post","status-publish","format-standard","has-post-thumbnail","hentry","category-non-classe"],"acf":[],"yoast_head":"<!-- This site is optimized with the Yoast SEO plugin v27.4 - https:\/\/yoast.com\/product\/yoast-seo-wordpress\/ -->\n<title>Ga\u00eblle Bagot &amp; Juan Manuel Nieto presentan &quot;Jardin d&#039;ailleurs&quot; - VeevCom<\/title>\n<meta name=\"robots\" content=\"index, follow, max-snippet:-1, max-image-preview:large, max-video-preview:-1\" \/>\n<link rel=\"canonical\" href=\"https:\/\/veevcom.com\/es\/gaelle-bagot-juan-manuel-nieto-presentent-jardin-dailleurs\/\" \/>\n<meta property=\"og:locale\" content=\"es_ES\" \/>\n<meta property=\"og:type\" content=\"article\" \/>\n<meta property=\"og:title\" content=\"Ga\u00eblle Bagot &amp; Juan Manuel Nieto presentan &quot;Jardin d&#039;ailleurs&quot; - VeevCom\" \/>\n<meta property=\"og:description\" content=\"Disculpa, pero esta entrada est\u00e1 disponible s\u00f3lo en FR y EN. Ga\u00eblle Bagot &amp; Juan Manuel Nieto r\u00e9v\u00e8leront Jardin d&#8217;ailleurs, leur nouvel album, \u00e0 l&#8217;occasion de sa sortie le 03 octobre 2025 chez MusiqueLive \/ InOu\u00efe Distribution. Cet opus sera pr\u00e9sent\u00e9&nbsp; le mercredi 05 novembre 2025 sur la sc\u00e8ne des 2 Pianos (Paris, 15e) lors [&hellip;]\" \/>\n<meta property=\"og:url\" content=\"https:\/\/veevcom.com\/es\/gaelle-bagot-juan-manuel-nieto-presentent-jardin-dailleurs\/\" \/>\n<meta property=\"og:site_name\" content=\"VeevCom\" \/>\n<meta property=\"article:published_time\" content=\"2025-06-27T15:57:13+00:00\" \/>\n<meta property=\"og:image\" content=\"https:\/\/veevcom.com\/wp-content\/uploads\/2025\/06\/BOITE-CD-RVB3.jpg\" \/>\n\t<meta property=\"og:image:width\" content=\"824\" \/>\n\t<meta property=\"og:image:height\" content=\"738\" \/>\n\t<meta property=\"og:image:type\" content=\"image\/jpeg\" \/>\n<meta name=\"author\" content=\"severine\" \/>\n<meta name=\"twitter:card\" content=\"summary_large_image\" \/>\n<meta name=\"twitter:label1\" content=\"Escrito por\" \/>\n\t<meta name=\"twitter:data1\" content=\"severine\" \/>\n\t<meta name=\"twitter:label2\" content=\"Tiempo de lectura\" \/>\n\t<meta name=\"twitter:data2\" content=\"4 minutos\" \/>\n<script type=\"application\/ld+json\" class=\"yoast-schema-graph\">{\"@context\":\"https:\\\/\\\/schema.org\",\"@graph\":[{\"@type\":\"Article\",\"@id\":\"https:\\\/\\\/veevcom.com\\\/es\\\/gaelle-bagot-juan-manuel-nieto-presentent-jardin-dailleurs\\\/#article\",\"isPartOf\":{\"@id\":\"https:\\\/\\\/veevcom.com\\\/es\\\/gaelle-bagot-juan-manuel-nieto-presentent-jardin-dailleurs\\\/\"},\"author\":{\"name\":\"severine\",\"@id\":\"https:\\\/\\\/veevcom.com\\\/#\\\/schema\\\/person\\\/754f1f5a030d278766b52cf0e0c62e8b\"},\"headline\":\"Ga\u00eblle Bagot &#038; Juan Manuel Nieto presentan \u00abJardin d&#8217;ailleurs\u00bb\",\"datePublished\":\"2025-06-27T15:57:13+00:00\",\"mainEntityOfPage\":{\"@id\":\"https:\\\/\\\/veevcom.com\\\/es\\\/gaelle-bagot-juan-manuel-nieto-presentent-jardin-dailleurs\\\/\"},\"wordCount\":872,\"image\":{\"@id\":\"https:\\\/\\\/veevcom.com\\\/es\\\/gaelle-bagot-juan-manuel-nieto-presentent-jardin-dailleurs\\\/#primaryimage\"},\"thumbnailUrl\":\"https:\\\/\\\/veevcom.com\\\/wp-content\\\/uploads\\\/2025\\\/06\\\/BOITE-CD-RVB3.jpg\",\"articleSection\":[\"Actualidad\"],\"inLanguage\":\"es\"},{\"@type\":\"WebPage\",\"@id\":\"https:\\\/\\\/veevcom.com\\\/es\\\/gaelle-bagot-juan-manuel-nieto-presentent-jardin-dailleurs\\\/\",\"url\":\"https:\\\/\\\/veevcom.com\\\/es\\\/gaelle-bagot-juan-manuel-nieto-presentent-jardin-dailleurs\\\/\",\"name\":\"Ga\u00eblle Bagot & Juan Manuel Nieto presentan \\\"Jardin d'ailleurs\\\" - VeevCom\",\"isPartOf\":{\"@id\":\"https:\\\/\\\/veevcom.com\\\/es\\\/#website\"},\"primaryImageOfPage\":{\"@id\":\"https:\\\/\\\/veevcom.com\\\/es\\\/gaelle-bagot-juan-manuel-nieto-presentent-jardin-dailleurs\\\/#primaryimage\"},\"image\":{\"@id\":\"https:\\\/\\\/veevcom.com\\\/es\\\/gaelle-bagot-juan-manuel-nieto-presentent-jardin-dailleurs\\\/#primaryimage\"},\"thumbnailUrl\":\"https:\\\/\\\/veevcom.com\\\/wp-content\\\/uploads\\\/2025\\\/06\\\/BOITE-CD-RVB3.jpg\",\"datePublished\":\"2025-06-27T15:57:13+00:00\",\"author\":{\"@id\":\"https:\\\/\\\/veevcom.com\\\/#\\\/schema\\\/person\\\/754f1f5a030d278766b52cf0e0c62e8b\"},\"breadcrumb\":{\"@id\":\"https:\\\/\\\/veevcom.com\\\/es\\\/gaelle-bagot-juan-manuel-nieto-presentent-jardin-dailleurs\\\/#breadcrumb\"},\"inLanguage\":\"es\",\"potentialAction\":[{\"@type\":\"ReadAction\",\"target\":[[\"https:\\\/\\\/veevcom.com\\\/es\\\/gaelle-bagot-juan-manuel-nieto-presentent-jardin-dailleurs\\\/\"]]}]},{\"@type\":\"ImageObject\",\"inLanguage\":\"es\",\"@id\":\"https:\\\/\\\/veevcom.com\\\/es\\\/gaelle-bagot-juan-manuel-nieto-presentent-jardin-dailleurs\\\/#primaryimage\",\"url\":\"https:\\\/\\\/veevcom.com\\\/wp-content\\\/uploads\\\/2025\\\/06\\\/BOITE-CD-RVB3.jpg\",\"contentUrl\":\"https:\\\/\\\/veevcom.com\\\/wp-content\\\/uploads\\\/2025\\\/06\\\/BOITE-CD-RVB3.jpg\",\"width\":824,\"height\":738},{\"@type\":\"BreadcrumbList\",\"@id\":\"https:\\\/\\\/veevcom.com\\\/es\\\/gaelle-bagot-juan-manuel-nieto-presentent-jardin-dailleurs\\\/#breadcrumb\",\"itemListElement\":[{\"@type\":\"ListItem\",\"position\":1,\"name\":\"Accueil\",\"item\":\"https:\\\/\\\/veevcom.com\\\/es\\\/\"},{\"@type\":\"ListItem\",\"position\":2,\"name\":\"Ga\u00eblle Bagot &#038; Juan Manuel Nieto presentan \u00abJardin d&#8217;ailleurs\u00bb\"}]},{\"@type\":\"WebSite\",\"@id\":\"https:\\\/\\\/veevcom.com\\\/es\\\/#website\",\"url\":\"https:\\\/\\\/veevcom.com\\\/es\\\/\",\"name\":\"VeevCom\",\"description\":\"Public Relations and Communication in the Music Industry\",\"potentialAction\":[{\"@type\":\"SearchAction\",\"target\":{\"@type\":\"EntryPoint\",\"urlTemplate\":\"https:\\\/\\\/veevcom.com\\\/es\\\/?s={search_term_string}\"},\"query-input\":{\"@type\":\"PropertyValueSpecification\",\"valueRequired\":true,\"valueName\":\"search_term_string\"}}],\"inLanguage\":\"es\"},{\"@type\":\"Person\",\"@id\":\"https:\\\/\\\/veevcom.com\\\/#\\\/schema\\\/person\\\/754f1f5a030d278766b52cf0e0c62e8b\",\"name\":\"severine\",\"image\":{\"@type\":\"ImageObject\",\"inLanguage\":\"es\",\"@id\":\"https:\\\/\\\/secure.gravatar.com\\\/avatar\\\/ba307ed472519f403589981b25bf62b4089c1f82b837eaae855dd05633adf22c?s=96&d=mm&r=g\",\"url\":\"https:\\\/\\\/secure.gravatar.com\\\/avatar\\\/ba307ed472519f403589981b25bf62b4089c1f82b837eaae855dd05633adf22c?s=96&d=mm&r=g\",\"contentUrl\":\"https:\\\/\\\/secure.gravatar.com\\\/avatar\\\/ba307ed472519f403589981b25bf62b4089c1f82b837eaae855dd05633adf22c?s=96&d=mm&r=g\",\"caption\":\"severine\"}}]}<\/script>\n<!-- \/ Yoast SEO plugin. -->","yoast_head_json":{"title":"Ga\u00eblle Bagot & Juan Manuel Nieto presentan \"Jardin d'ailleurs\" - VeevCom","robots":{"index":"index","follow":"follow","max-snippet":"max-snippet:-1","max-image-preview":"max-image-preview:large","max-video-preview":"max-video-preview:-1"},"canonical":"https:\/\/veevcom.com\/es\/gaelle-bagot-juan-manuel-nieto-presentent-jardin-dailleurs\/","og_locale":"es_ES","og_type":"article","og_title":"Ga\u00eblle Bagot & Juan Manuel Nieto presentan \"Jardin d'ailleurs\" - VeevCom","og_description":"Disculpa, pero esta entrada est\u00e1 disponible s\u00f3lo en FR y EN. Ga\u00eblle Bagot &amp; Juan Manuel Nieto r\u00e9v\u00e8leront Jardin d&#8217;ailleurs, leur nouvel album, \u00e0 l&#8217;occasion de sa sortie le 03 octobre 2025 chez MusiqueLive \/ InOu\u00efe Distribution. Cet opus sera pr\u00e9sent\u00e9&nbsp; le mercredi 05 novembre 2025 sur la sc\u00e8ne des 2 Pianos (Paris, 15e) lors [&hellip;]","og_url":"https:\/\/veevcom.com\/es\/gaelle-bagot-juan-manuel-nieto-presentent-jardin-dailleurs\/","og_site_name":"VeevCom","article_published_time":"2025-06-27T15:57:13+00:00","og_image":[{"width":824,"height":738,"url":"https:\/\/veevcom.com\/wp-content\/uploads\/2025\/06\/BOITE-CD-RVB3.jpg","type":"image\/jpeg"}],"author":"severine","twitter_card":"summary_large_image","twitter_misc":{"Escrito por":"severine","Tiempo de lectura":"4 minutos"},"schema":{"@context":"https:\/\/schema.org","@graph":[{"@type":"Article","@id":"https:\/\/veevcom.com\/es\/gaelle-bagot-juan-manuel-nieto-presentent-jardin-dailleurs\/#article","isPartOf":{"@id":"https:\/\/veevcom.com\/es\/gaelle-bagot-juan-manuel-nieto-presentent-jardin-dailleurs\/"},"author":{"name":"severine","@id":"https:\/\/veevcom.com\/#\/schema\/person\/754f1f5a030d278766b52cf0e0c62e8b"},"headline":"Ga\u00eblle Bagot &#038; Juan Manuel Nieto presentan \u00abJardin d&#8217;ailleurs\u00bb","datePublished":"2025-06-27T15:57:13+00:00","mainEntityOfPage":{"@id":"https:\/\/veevcom.com\/es\/gaelle-bagot-juan-manuel-nieto-presentent-jardin-dailleurs\/"},"wordCount":872,"image":{"@id":"https:\/\/veevcom.com\/es\/gaelle-bagot-juan-manuel-nieto-presentent-jardin-dailleurs\/#primaryimage"},"thumbnailUrl":"https:\/\/veevcom.com\/wp-content\/uploads\/2025\/06\/BOITE-CD-RVB3.jpg","articleSection":["Actualidad"],"inLanguage":"es"},{"@type":"WebPage","@id":"https:\/\/veevcom.com\/es\/gaelle-bagot-juan-manuel-nieto-presentent-jardin-dailleurs\/","url":"https:\/\/veevcom.com\/es\/gaelle-bagot-juan-manuel-nieto-presentent-jardin-dailleurs\/","name":"Ga\u00eblle Bagot & Juan Manuel Nieto presentan \"Jardin d'ailleurs\" - VeevCom","isPartOf":{"@id":"https:\/\/veevcom.com\/es\/#website"},"primaryImageOfPage":{"@id":"https:\/\/veevcom.com\/es\/gaelle-bagot-juan-manuel-nieto-presentent-jardin-dailleurs\/#primaryimage"},"image":{"@id":"https:\/\/veevcom.com\/es\/gaelle-bagot-juan-manuel-nieto-presentent-jardin-dailleurs\/#primaryimage"},"thumbnailUrl":"https:\/\/veevcom.com\/wp-content\/uploads\/2025\/06\/BOITE-CD-RVB3.jpg","datePublished":"2025-06-27T15:57:13+00:00","author":{"@id":"https:\/\/veevcom.com\/#\/schema\/person\/754f1f5a030d278766b52cf0e0c62e8b"},"breadcrumb":{"@id":"https:\/\/veevcom.com\/es\/gaelle-bagot-juan-manuel-nieto-presentent-jardin-dailleurs\/#breadcrumb"},"inLanguage":"es","potentialAction":[{"@type":"ReadAction","target":[["https:\/\/veevcom.com\/es\/gaelle-bagot-juan-manuel-nieto-presentent-jardin-dailleurs\/"]]}]},{"@type":"ImageObject","inLanguage":"es","@id":"https:\/\/veevcom.com\/es\/gaelle-bagot-juan-manuel-nieto-presentent-jardin-dailleurs\/#primaryimage","url":"https:\/\/veevcom.com\/wp-content\/uploads\/2025\/06\/BOITE-CD-RVB3.jpg","contentUrl":"https:\/\/veevcom.com\/wp-content\/uploads\/2025\/06\/BOITE-CD-RVB3.jpg","width":824,"height":738},{"@type":"BreadcrumbList","@id":"https:\/\/veevcom.com\/es\/gaelle-bagot-juan-manuel-nieto-presentent-jardin-dailleurs\/#breadcrumb","itemListElement":[{"@type":"ListItem","position":1,"name":"Accueil","item":"https:\/\/veevcom.com\/es\/"},{"@type":"ListItem","position":2,"name":"Ga\u00eblle Bagot &#038; Juan Manuel Nieto presentan \u00abJardin d&#8217;ailleurs\u00bb"}]},{"@type":"WebSite","@id":"https:\/\/veevcom.com\/es\/#website","url":"https:\/\/veevcom.com\/es\/","name":"VeevCom","description":"Public Relations and Communication in the Music Industry","potentialAction":[{"@type":"SearchAction","target":{"@type":"EntryPoint","urlTemplate":"https:\/\/veevcom.com\/es\/?s={search_term_string}"},"query-input":{"@type":"PropertyValueSpecification","valueRequired":true,"valueName":"search_term_string"}}],"inLanguage":"es"},{"@type":"Person","@id":"https:\/\/veevcom.com\/#\/schema\/person\/754f1f5a030d278766b52cf0e0c62e8b","name":"severine","image":{"@type":"ImageObject","inLanguage":"es","@id":"https:\/\/secure.gravatar.com\/avatar\/ba307ed472519f403589981b25bf62b4089c1f82b837eaae855dd05633adf22c?s=96&d=mm&r=g","url":"https:\/\/secure.gravatar.com\/avatar\/ba307ed472519f403589981b25bf62b4089c1f82b837eaae855dd05633adf22c?s=96&d=mm&r=g","contentUrl":"https:\/\/secure.gravatar.com\/avatar\/ba307ed472519f403589981b25bf62b4089c1f82b837eaae855dd05633adf22c?s=96&d=mm&r=g","caption":"severine"}}]}},"_links":{"self":[{"href":"https:\/\/veevcom.com\/es\/wp-json\/wp\/v2\/posts\/62453","targetHints":{"allow":["GET"]}}],"collection":[{"href":"https:\/\/veevcom.com\/es\/wp-json\/wp\/v2\/posts"}],"about":[{"href":"https:\/\/veevcom.com\/es\/wp-json\/wp\/v2\/types\/post"}],"author":[{"embeddable":true,"href":"https:\/\/veevcom.com\/es\/wp-json\/wp\/v2\/users\/3"}],"replies":[{"embeddable":true,"href":"https:\/\/veevcom.com\/es\/wp-json\/wp\/v2\/comments?post=62453"}],"version-history":[{"count":5,"href":"https:\/\/veevcom.com\/es\/wp-json\/wp\/v2\/posts\/62453\/revisions"}],"predecessor-version":[{"id":62462,"href":"https:\/\/veevcom.com\/es\/wp-json\/wp\/v2\/posts\/62453\/revisions\/62462"}],"wp:featuredmedia":[{"embeddable":true,"href":"https:\/\/veevcom.com\/es\/wp-json\/wp\/v2\/media\/62455"}],"wp:attachment":[{"href":"https:\/\/veevcom.com\/es\/wp-json\/wp\/v2\/media?parent=62453"}],"wp:term":[{"taxonomy":"category","embeddable":true,"href":"https:\/\/veevcom.com\/es\/wp-json\/wp\/v2\/categories?post=62453"},{"taxonomy":"post_tag","embeddable":true,"href":"https:\/\/veevcom.com\/es\/wp-json\/wp\/v2\/tags?post=62453"}],"curies":[{"name":"wp","href":"https:\/\/api.w.org\/{rel}","templated":true}]}}