{"id":62370,"date":"2025-06-24T13:34:11","date_gmt":"2025-06-24T11:34:11","guid":{"rendered":"http:\/\/veevcom.com\/?p=62370"},"modified":"2025-06-24T13:34:11","modified_gmt":"2025-06-24T11:34:11","slug":"le-vent-du-nord-en-tournee-en-france-cet-ete","status":"publish","type":"post","link":"https:\/\/veevcom.com\/es\/le-vent-du-nord-en-tournee-en-france-cet-ete\/","title":{"rendered":"Le Vent du Nord de gira por Francia este verano"},"content":{"rendered":"<p class=\"qtranxs-available-languages-message qtranxs-available-languages-message-es\">Disculpa, pero esta entrada est\u00e1 disponible s\u00f3lo en <a href=\"https:\/\/veevcom.com\/fr\/wp-json\/wp\/v2\/posts\/62370\" class=\"qtranxs-available-language-link qtranxs-available-language-link-fr\" title=\"FR\">FR<\/a>.<\/p><p><strong>Le Vent du Nord<\/strong>, quintette qu\u00e9b\u00e9cois folk \/ trad de renomme\u0301e internationale, finalisera <strong>sa tourn\u00e9e sp\u00e9ciale 20e anniversaire<\/strong> en pr\u00e9sentant son 11e album <strong>\u00ab20 Printemps\u00bb<\/strong> lors de pas moins de quatre concerts en France cet \u00e9t\u00e9, dont deux projets sp\u00e9ciaux, avant d&#8217;annoncer la sortie de <strong>\u00abVoisinage\u00bb<\/strong> son 12e album <strong>d\u00e9but 2026<\/strong>.<\/p>\n<p>Voici toutes les dates de la tourn\u00e9e fran\u00e7aise :<\/p>\n<p>&#8211; <strong>06\/08<\/strong> : Le Vent du Nord Symphonique avec l\u2019Orchestre Nationale de Bretagne, <strong>Festival Inter-celtique<\/strong>, Lorient (56)<br \/>\n&#8211; <strong>08-09\/08<\/strong> : <strong>Festival du Chant de Marin<\/strong>, Paimpol (22)<br \/>\n&#8211; <strong>10\/08<\/strong> : Les Voix du Vent avec cordes (collaboration Ensemble Magnetis), <strong>Les Travers\u00e9es de Tatihou<\/strong>, Saint-L\u00f4 (50)<\/p>\n<p><strong>Le Vent du Nord<\/strong> est compos\u00e9 de :<br \/>\n&#8211;<strong> Simon Beaudry<\/strong> : voix, bouzouki et guitare<br \/>\n&#8211; <strong>Nicolas Boulerice<\/strong> : voix, piano, vielle a\u0300 roue et clochettes<br \/>\n&#8211; <strong>Andre\u0301 Brunet<\/strong> : violon, pieds et voix<br \/>\n&#8211; <strong>Re\u0301jean Brunet<\/strong> : basse, accorde\u0301on diatonique, piano, bombarde et voix<br \/>\n&#8211; <strong>Olivier Demers<\/strong> : violon, pieds, mandoline, guitare, tom basse, grosse caisse et voix<\/p>\n<p>Non seulement conside\u0301re\u0301 comme un ambassadeur francophone incomparable, <strong>Le Vent du Nord<\/strong> est un moteur du mouvement folk progressif que\u0301be\u0301cois, ainsi qu\u2019un groupe phare dans le mouvement de renaissance de la musique traditionnelle du Que\u0301bec.<\/p>\n<p>Depuis sa fondation en 2002, il a connu une ascension fulgurante qui ne cesse d\u2019e\u0301tonner ! Ses qualite\u0301s d\u2019interpre\u0300te, d\u2019arrangeur et de compositeur, tout autant que sa tre\u0300s forte pre\u0301sence sce\u0301nique empreinte d\u2019une profonde ge\u0301ne\u0301rosite\u0301, sont dore\u0301navant reconnues a\u0300 l\u2019e\u0301chelle mondiale.<\/p>\n<p>Le groupe a pre\u0301sente\u0301 plus de <strong>2000 concerts<\/strong> sur quatre continents, a fait parai\u0302tre <strong>11 albums<\/strong> et e\u0301te\u0301 re\u0301cipiendaire de nombreux prix prestigieux dont un Grand prix du disque <strong>Charles Cros<\/strong> (France), deux prix <strong>Juno<\/strong> (Canada), deux <strong>Prix de Musique Folk Canadienne<\/strong> et un <strong>Fe\u0301lix<\/strong> a\u0300 l\u2019ADISQ (Que\u0301bec). Il a e\u0301te\u0301 nomme\u0301 <strong>Artiste de l\u2019anne\u0301e<\/strong> lors de la Confe\u0301rence annuelle internationale <strong>North American Folk Alliance<\/strong> (2006) et il a e\u0301te\u0301 le premier re\u0301cipiendaire du <strong>Prix Pont Transatlantique<\/strong> (2015) conjointement de\u0301cerne\u0301 par les organisations internationales <strong>BabelMed<\/strong> (France) et <strong>Mundial Montre\u0301al<\/strong> (Que\u0301bec). En 2019, il a eu l\u2019honneur de recevoir le <strong>Grand Prix Desjardins &#8211; Musique<\/strong> de\u0301cerne\u0301 par Culture Lanaudie\u0300re et le <strong>Prix Edith Butler<\/strong> de\u0301cerne\u0301 par la Socie\u0301te\u0301 des professionnels auteurs-compositeurs que\u0301be\u0301cois (<strong>SPACQ<\/strong>).<\/p>\n<p>La formation a performe\u0301 lors de grands festivals notamment Celtic Connections, WOMAD Chile, WOMADelaid, WOMAD New Zealand, lors du Grand spectacle te\u0301le\u0301vise\u0301 de la Fe\u0302te nationale a\u0300 Montre\u0301al en 2018 ainsi que lors du Grand Spectacle te\u0301le\u0301vise\u0301 de la Fe\u0302te nationale qui a attire\u0301 <strong>75 000 personnes<\/strong> sur les Plaines a\u0300 Que\u0301bec en juin 2019.<\/p>\n<p>Enfin <strong>Le Vent du Nord<\/strong> s&#8217;est vu d\u00e9cern\u00e9 le <strong>Songlines Music Awards <\/strong>en 2023 pour son album <strong>\u00ab20 Printemps\u00bb<\/strong>.<\/p>","protected":false},"excerpt":{"rendered":"<p>Disculpa, pero esta entrada est\u00e1 disponible s\u00f3lo en FR.Le Vent du Nord, quintette qu\u00e9b\u00e9cois folk \/ trad de renomme\u0301e internationale, finalisera sa tourn\u00e9e sp\u00e9ciale 20e anniversaire en pr\u00e9sentant son 11e album \u00ab20 Printemps\u00bb lors de pas moins de quatre concerts en France cet \u00e9t\u00e9, dont deux projets sp\u00e9ciaux, avant d&#8217;annoncer la sortie de \u00abVoisinage\u00bb son [&hellip;]<\/p>\n","protected":false},"author":3,"featured_media":62372,"comment_status":"closed","ping_status":"closed","sticky":false,"template":"","format":"standard","meta":{"_acf_changed":false,"footnotes":""},"categories":[1],"tags":[],"class_list":["post-62370","post","type-post","status-publish","format-standard","has-post-thumbnail","hentry","category-non-classe"],"acf":[],"yoast_head":"<!-- This site is optimized with the Yoast SEO plugin v27.4 - https:\/\/yoast.com\/product\/yoast-seo-wordpress\/ -->\n<title>Le Vent du Nord de gira por Francia este verano - VeevCom<\/title>\n<meta name=\"robots\" content=\"index, follow, max-snippet:-1, max-image-preview:large, max-video-preview:-1\" \/>\n<link rel=\"canonical\" href=\"https:\/\/veevcom.com\/es\/le-vent-du-nord-en-tournee-en-france-cet-ete\/\" \/>\n<meta property=\"og:locale\" content=\"es_ES\" \/>\n<meta property=\"og:type\" content=\"article\" \/>\n<meta property=\"og:title\" content=\"Le Vent du Nord de gira por Francia este verano - VeevCom\" \/>\n<meta property=\"og:description\" content=\"Disculpa, pero esta entrada est\u00e1 disponible s\u00f3lo en FR.Le Vent du Nord, quintette qu\u00e9b\u00e9cois folk \/ trad de renomme\u0301e internationale, finalisera sa tourn\u00e9e sp\u00e9ciale 20e anniversaire en pr\u00e9sentant son 11e album \u00ab20 Printemps\u00bb lors de pas moins de quatre concerts en France cet \u00e9t\u00e9, dont deux projets sp\u00e9ciaux, avant d&#8217;annoncer la sortie de \u00abVoisinage\u00bb son [&hellip;]\" \/>\n<meta property=\"og:url\" content=\"https:\/\/veevcom.com\/es\/le-vent-du-nord-en-tournee-en-france-cet-ete\/\" \/>\n<meta property=\"og:site_name\" content=\"VeevCom\" \/>\n<meta property=\"article:published_time\" content=\"2025-06-24T11:34:11+00:00\" \/>\n<meta property=\"og:image\" content=\"https:\/\/veevcom.com\/wp-content\/uploads\/2025\/06\/Le_Vent_du_Nord_2024-Instruments-v2-\u00a9Marc-Etienne-Mongrain.jpg\" \/>\n\t<meta property=\"og:image:width\" content=\"1920\" \/>\n\t<meta property=\"og:image:height\" content=\"1280\" \/>\n\t<meta property=\"og:image:type\" content=\"image\/jpeg\" \/>\n<meta name=\"author\" content=\"severine\" \/>\n<meta name=\"twitter:card\" content=\"summary_large_image\" \/>\n<meta name=\"twitter:label1\" content=\"Escrito por\" \/>\n\t<meta name=\"twitter:data1\" content=\"severine\" \/>\n\t<meta name=\"twitter:label2\" content=\"Tiempo de lectura\" \/>\n\t<meta name=\"twitter:data2\" content=\"2 minutos\" \/>\n<script type=\"application\/ld+json\" class=\"yoast-schema-graph\">{\"@context\":\"https:\\\/\\\/schema.org\",\"@graph\":[{\"@type\":\"Article\",\"@id\":\"https:\\\/\\\/veevcom.com\\\/es\\\/le-vent-du-nord-en-tournee-en-france-cet-ete\\\/#article\",\"isPartOf\":{\"@id\":\"https:\\\/\\\/veevcom.com\\\/es\\\/le-vent-du-nord-en-tournee-en-france-cet-ete\\\/\"},\"author\":{\"name\":\"severine\",\"@id\":\"https:\\\/\\\/veevcom.com\\\/#\\\/schema\\\/person\\\/754f1f5a030d278766b52cf0e0c62e8b\"},\"headline\":\"Le Vent du Nord de gira por Francia este verano\",\"datePublished\":\"2025-06-24T11:34:11+00:00\",\"mainEntityOfPage\":{\"@id\":\"https:\\\/\\\/veevcom.com\\\/es\\\/le-vent-du-nord-en-tournee-en-france-cet-ete\\\/\"},\"wordCount\":509,\"image\":{\"@id\":\"https:\\\/\\\/veevcom.com\\\/es\\\/le-vent-du-nord-en-tournee-en-france-cet-ete\\\/#primaryimage\"},\"thumbnailUrl\":\"https:\\\/\\\/veevcom.com\\\/wp-content\\\/uploads\\\/2025\\\/06\\\/Le_Vent_du_Nord_2024-Instruments-v2-\u00a9Marc-Etienne-Mongrain.jpg\",\"articleSection\":[\"Actualidad\"],\"inLanguage\":\"es\"},{\"@type\":\"WebPage\",\"@id\":\"https:\\\/\\\/veevcom.com\\\/es\\\/le-vent-du-nord-en-tournee-en-france-cet-ete\\\/\",\"url\":\"https:\\\/\\\/veevcom.com\\\/es\\\/le-vent-du-nord-en-tournee-en-france-cet-ete\\\/\",\"name\":\"Le Vent du Nord de gira por Francia este verano - VeevCom\",\"isPartOf\":{\"@id\":\"https:\\\/\\\/veevcom.com\\\/es\\\/#website\"},\"primaryImageOfPage\":{\"@id\":\"https:\\\/\\\/veevcom.com\\\/es\\\/le-vent-du-nord-en-tournee-en-france-cet-ete\\\/#primaryimage\"},\"image\":{\"@id\":\"https:\\\/\\\/veevcom.com\\\/es\\\/le-vent-du-nord-en-tournee-en-france-cet-ete\\\/#primaryimage\"},\"thumbnailUrl\":\"https:\\\/\\\/veevcom.com\\\/wp-content\\\/uploads\\\/2025\\\/06\\\/Le_Vent_du_Nord_2024-Instruments-v2-\u00a9Marc-Etienne-Mongrain.jpg\",\"datePublished\":\"2025-06-24T11:34:11+00:00\",\"author\":{\"@id\":\"https:\\\/\\\/veevcom.com\\\/#\\\/schema\\\/person\\\/754f1f5a030d278766b52cf0e0c62e8b\"},\"breadcrumb\":{\"@id\":\"https:\\\/\\\/veevcom.com\\\/es\\\/le-vent-du-nord-en-tournee-en-france-cet-ete\\\/#breadcrumb\"},\"inLanguage\":\"es\",\"potentialAction\":[{\"@type\":\"ReadAction\",\"target\":[[\"https:\\\/\\\/veevcom.com\\\/es\\\/le-vent-du-nord-en-tournee-en-france-cet-ete\\\/\"]]}]},{\"@type\":\"ImageObject\",\"inLanguage\":\"es\",\"@id\":\"https:\\\/\\\/veevcom.com\\\/es\\\/le-vent-du-nord-en-tournee-en-france-cet-ete\\\/#primaryimage\",\"url\":\"https:\\\/\\\/veevcom.com\\\/wp-content\\\/uploads\\\/2025\\\/06\\\/Le_Vent_du_Nord_2024-Instruments-v2-\u00a9Marc-Etienne-Mongrain.jpg\",\"contentUrl\":\"https:\\\/\\\/veevcom.com\\\/wp-content\\\/uploads\\\/2025\\\/06\\\/Le_Vent_du_Nord_2024-Instruments-v2-\u00a9Marc-Etienne-Mongrain.jpg\",\"width\":1920,\"height\":1280},{\"@type\":\"BreadcrumbList\",\"@id\":\"https:\\\/\\\/veevcom.com\\\/es\\\/le-vent-du-nord-en-tournee-en-france-cet-ete\\\/#breadcrumb\",\"itemListElement\":[{\"@type\":\"ListItem\",\"position\":1,\"name\":\"Accueil\",\"item\":\"https:\\\/\\\/veevcom.com\\\/es\\\/\"},{\"@type\":\"ListItem\",\"position\":2,\"name\":\"Le Vent du Nord de gira por Francia este verano\"}]},{\"@type\":\"WebSite\",\"@id\":\"https:\\\/\\\/veevcom.com\\\/es\\\/#website\",\"url\":\"https:\\\/\\\/veevcom.com\\\/es\\\/\",\"name\":\"VeevCom\",\"description\":\"Public Relations and Communication in the Music Industry\",\"potentialAction\":[{\"@type\":\"SearchAction\",\"target\":{\"@type\":\"EntryPoint\",\"urlTemplate\":\"https:\\\/\\\/veevcom.com\\\/es\\\/?s={search_term_string}\"},\"query-input\":{\"@type\":\"PropertyValueSpecification\",\"valueRequired\":true,\"valueName\":\"search_term_string\"}}],\"inLanguage\":\"es\"},{\"@type\":\"Person\",\"@id\":\"https:\\\/\\\/veevcom.com\\\/#\\\/schema\\\/person\\\/754f1f5a030d278766b52cf0e0c62e8b\",\"name\":\"severine\",\"image\":{\"@type\":\"ImageObject\",\"inLanguage\":\"es\",\"@id\":\"https:\\\/\\\/secure.gravatar.com\\\/avatar\\\/ba307ed472519f403589981b25bf62b4089c1f82b837eaae855dd05633adf22c?s=96&d=mm&r=g\",\"url\":\"https:\\\/\\\/secure.gravatar.com\\\/avatar\\\/ba307ed472519f403589981b25bf62b4089c1f82b837eaae855dd05633adf22c?s=96&d=mm&r=g\",\"contentUrl\":\"https:\\\/\\\/secure.gravatar.com\\\/avatar\\\/ba307ed472519f403589981b25bf62b4089c1f82b837eaae855dd05633adf22c?s=96&d=mm&r=g\",\"caption\":\"severine\"}}]}<\/script>\n<!-- \/ Yoast SEO plugin. -->","yoast_head_json":{"title":"Le Vent du Nord de gira por Francia este verano - VeevCom","robots":{"index":"index","follow":"follow","max-snippet":"max-snippet:-1","max-image-preview":"max-image-preview:large","max-video-preview":"max-video-preview:-1"},"canonical":"https:\/\/veevcom.com\/es\/le-vent-du-nord-en-tournee-en-france-cet-ete\/","og_locale":"es_ES","og_type":"article","og_title":"Le Vent du Nord de gira por Francia este verano - VeevCom","og_description":"Disculpa, pero esta entrada est\u00e1 disponible s\u00f3lo en FR.Le Vent du Nord, quintette qu\u00e9b\u00e9cois folk \/ trad de renomme\u0301e internationale, finalisera sa tourn\u00e9e sp\u00e9ciale 20e anniversaire en pr\u00e9sentant son 11e album \u00ab20 Printemps\u00bb lors de pas moins de quatre concerts en France cet \u00e9t\u00e9, dont deux projets sp\u00e9ciaux, avant d&#8217;annoncer la sortie de \u00abVoisinage\u00bb son [&hellip;]","og_url":"https:\/\/veevcom.com\/es\/le-vent-du-nord-en-tournee-en-france-cet-ete\/","og_site_name":"VeevCom","article_published_time":"2025-06-24T11:34:11+00:00","og_image":[{"width":1920,"height":1280,"url":"https:\/\/veevcom.com\/wp-content\/uploads\/2025\/06\/Le_Vent_du_Nord_2024-Instruments-v2-\u00a9Marc-Etienne-Mongrain.jpg","type":"image\/jpeg"}],"author":"severine","twitter_card":"summary_large_image","twitter_misc":{"Escrito por":"severine","Tiempo de lectura":"2 minutos"},"schema":{"@context":"https:\/\/schema.org","@graph":[{"@type":"Article","@id":"https:\/\/veevcom.com\/es\/le-vent-du-nord-en-tournee-en-france-cet-ete\/#article","isPartOf":{"@id":"https:\/\/veevcom.com\/es\/le-vent-du-nord-en-tournee-en-france-cet-ete\/"},"author":{"name":"severine","@id":"https:\/\/veevcom.com\/#\/schema\/person\/754f1f5a030d278766b52cf0e0c62e8b"},"headline":"Le Vent du Nord de gira por Francia este verano","datePublished":"2025-06-24T11:34:11+00:00","mainEntityOfPage":{"@id":"https:\/\/veevcom.com\/es\/le-vent-du-nord-en-tournee-en-france-cet-ete\/"},"wordCount":509,"image":{"@id":"https:\/\/veevcom.com\/es\/le-vent-du-nord-en-tournee-en-france-cet-ete\/#primaryimage"},"thumbnailUrl":"https:\/\/veevcom.com\/wp-content\/uploads\/2025\/06\/Le_Vent_du_Nord_2024-Instruments-v2-\u00a9Marc-Etienne-Mongrain.jpg","articleSection":["Actualidad"],"inLanguage":"es"},{"@type":"WebPage","@id":"https:\/\/veevcom.com\/es\/le-vent-du-nord-en-tournee-en-france-cet-ete\/","url":"https:\/\/veevcom.com\/es\/le-vent-du-nord-en-tournee-en-france-cet-ete\/","name":"Le Vent du Nord de gira por Francia este verano - VeevCom","isPartOf":{"@id":"https:\/\/veevcom.com\/es\/#website"},"primaryImageOfPage":{"@id":"https:\/\/veevcom.com\/es\/le-vent-du-nord-en-tournee-en-france-cet-ete\/#primaryimage"},"image":{"@id":"https:\/\/veevcom.com\/es\/le-vent-du-nord-en-tournee-en-france-cet-ete\/#primaryimage"},"thumbnailUrl":"https:\/\/veevcom.com\/wp-content\/uploads\/2025\/06\/Le_Vent_du_Nord_2024-Instruments-v2-\u00a9Marc-Etienne-Mongrain.jpg","datePublished":"2025-06-24T11:34:11+00:00","author":{"@id":"https:\/\/veevcom.com\/#\/schema\/person\/754f1f5a030d278766b52cf0e0c62e8b"},"breadcrumb":{"@id":"https:\/\/veevcom.com\/es\/le-vent-du-nord-en-tournee-en-france-cet-ete\/#breadcrumb"},"inLanguage":"es","potentialAction":[{"@type":"ReadAction","target":[["https:\/\/veevcom.com\/es\/le-vent-du-nord-en-tournee-en-france-cet-ete\/"]]}]},{"@type":"ImageObject","inLanguage":"es","@id":"https:\/\/veevcom.com\/es\/le-vent-du-nord-en-tournee-en-france-cet-ete\/#primaryimage","url":"https:\/\/veevcom.com\/wp-content\/uploads\/2025\/06\/Le_Vent_du_Nord_2024-Instruments-v2-\u00a9Marc-Etienne-Mongrain.jpg","contentUrl":"https:\/\/veevcom.com\/wp-content\/uploads\/2025\/06\/Le_Vent_du_Nord_2024-Instruments-v2-\u00a9Marc-Etienne-Mongrain.jpg","width":1920,"height":1280},{"@type":"BreadcrumbList","@id":"https:\/\/veevcom.com\/es\/le-vent-du-nord-en-tournee-en-france-cet-ete\/#breadcrumb","itemListElement":[{"@type":"ListItem","position":1,"name":"Accueil","item":"https:\/\/veevcom.com\/es\/"},{"@type":"ListItem","position":2,"name":"Le Vent du Nord de gira por Francia este verano"}]},{"@type":"WebSite","@id":"https:\/\/veevcom.com\/es\/#website","url":"https:\/\/veevcom.com\/es\/","name":"VeevCom","description":"Public Relations and Communication in the Music Industry","potentialAction":[{"@type":"SearchAction","target":{"@type":"EntryPoint","urlTemplate":"https:\/\/veevcom.com\/es\/?s={search_term_string}"},"query-input":{"@type":"PropertyValueSpecification","valueRequired":true,"valueName":"search_term_string"}}],"inLanguage":"es"},{"@type":"Person","@id":"https:\/\/veevcom.com\/#\/schema\/person\/754f1f5a030d278766b52cf0e0c62e8b","name":"severine","image":{"@type":"ImageObject","inLanguage":"es","@id":"https:\/\/secure.gravatar.com\/avatar\/ba307ed472519f403589981b25bf62b4089c1f82b837eaae855dd05633adf22c?s=96&d=mm&r=g","url":"https:\/\/secure.gravatar.com\/avatar\/ba307ed472519f403589981b25bf62b4089c1f82b837eaae855dd05633adf22c?s=96&d=mm&r=g","contentUrl":"https:\/\/secure.gravatar.com\/avatar\/ba307ed472519f403589981b25bf62b4089c1f82b837eaae855dd05633adf22c?s=96&d=mm&r=g","caption":"severine"}}]}},"_links":{"self":[{"href":"https:\/\/veevcom.com\/es\/wp-json\/wp\/v2\/posts\/62370","targetHints":{"allow":["GET"]}}],"collection":[{"href":"https:\/\/veevcom.com\/es\/wp-json\/wp\/v2\/posts"}],"about":[{"href":"https:\/\/veevcom.com\/es\/wp-json\/wp\/v2\/types\/post"}],"author":[{"embeddable":true,"href":"https:\/\/veevcom.com\/es\/wp-json\/wp\/v2\/users\/3"}],"replies":[{"embeddable":true,"href":"https:\/\/veevcom.com\/es\/wp-json\/wp\/v2\/comments?post=62370"}],"version-history":[{"count":9,"href":"https:\/\/veevcom.com\/es\/wp-json\/wp\/v2\/posts\/62370\/revisions"}],"predecessor-version":[{"id":62387,"href":"https:\/\/veevcom.com\/es\/wp-json\/wp\/v2\/posts\/62370\/revisions\/62387"}],"wp:featuredmedia":[{"embeddable":true,"href":"https:\/\/veevcom.com\/es\/wp-json\/wp\/v2\/media\/62372"}],"wp:attachment":[{"href":"https:\/\/veevcom.com\/es\/wp-json\/wp\/v2\/media?parent=62370"}],"wp:term":[{"taxonomy":"category","embeddable":true,"href":"https:\/\/veevcom.com\/es\/wp-json\/wp\/v2\/categories?post=62370"},{"taxonomy":"post_tag","embeddable":true,"href":"https:\/\/veevcom.com\/es\/wp-json\/wp\/v2\/tags?post=62370"}],"curies":[{"name":"wp","href":"https:\/\/api.w.org\/{rel}","templated":true}]}}