{"id":62276,"date":"2025-04-29T17:51:23","date_gmt":"2025-04-29T15:51:23","guid":{"rendered":"http:\/\/veevcom.com\/?p=62276"},"modified":"2025-04-29T17:51:23","modified_gmt":"2025-04-29T15:51:23","slug":"irene-amata-presente-sembianze","status":"publish","type":"post","link":"https:\/\/veevcom.com\/es\/irene-amata-presente-sembianze\/","title":{"rendered":"Irene Amata presenta \u00abSembianze\u00bb"},"content":{"rendered":"<p class=\"qtranxs-available-languages-message qtranxs-available-languages-message-es\">Disculpa, pero esta entrada est\u00e1 disponible s\u00f3lo en <a href=\"https:\/\/veevcom.com\/fr\/wp-json\/wp\/v2\/posts\/62276\" class=\"qtranxs-available-language-link qtranxs-available-language-link-fr\" title=\"FR\">FR<\/a>.<\/p><p><strong>Irene Amata<\/strong> r\u00e9v\u00e8lera <strong>\u00abSembianze\u00bb<\/strong>, son nouvel album, \u00e0 l&#8217;occasion de sa sortie le <strong>05 septembre 2025<\/strong> chez <strong>Prodastar \/ InOu\u00efe Distribution.<\/strong> Cet opus sera pr\u00e9sent\u00e9 le <strong>lundi 29 septembre 2025<\/strong> sur la sc\u00e8ne du <strong>New Morning<\/strong> (Paris, 10e) lors d&#8217;un <strong>concert de lancement <\/strong>exceptionnel en quartet avec <strong>Fady Farah<\/strong> (piano), <strong>Maurizio Congiu<\/strong> (contrebasse) et <strong>JB Perraudin<\/strong> (batterie).<\/p>\n<p>\u27a1\ufe0f Le single <strong>\u00abConfined\u00bb<\/strong>, premier extrait de cet album, sera disponible le 02 mai 2025 sur toutes les plate-formes. \u2b05\ufe0f<\/p>\n<p>\u00bb C\u2019est l\u2019histoire d\u2019un nouveau d\u00e9part et d\u2019une affirmation de soi : <strong>Irene Amata<\/strong>, que l\u2019on connaissait interpr\u00e8te d\u2019un r\u00e9pertoire br\u00e9silien au sein du duo Sambuca (album Luz publi\u00e9 en 2020), se r\u00e9v\u00e8le leadeuse d\u2019un quartet de jazz, compositrice, autrice. C\u2019est l\u2019histoire d\u2019une mise \u00e0 nu, aussi : en chantant dans sa langue maternelle, l\u2019italien, Irene touche \u00e0 l\u2019intime et nous offre, d\u2019une voix exempte de tout artifice, des chansons douces-am\u00e8res qui sont autant de po\u00e8mes instinctifs.<br \/>\nL\u2019\u00e9motion au bord des l\u00e8vres et le c\u0153ur au bord des yeux, Irene a m\u00fbri pendant sept ann\u00e9es l\u2019\u00e9criture de Sembianze. D\u2019abord chez elle \u00e0 Paris devant son piano &#8211; Irene a une formation de pianiste classique &#8211; habit\u00e9e par le plaisir ressenti lorsque les m\u00e9lodies naissaient naturellement en italien. Ensuite sur sc\u00e8ne, avec les musiciens parisiens qu\u2019elle r\u00e9unit autour d\u2019elle et qui embrassent avec bonheur son univers musical.<br \/>\nDe la rigueur, de la constance, le go\u00fbt du travail \u00e0 la fois seule et en \u00e9quipe : ce sont pr\u00e9cis\u00e9ment les qualit\u00e9s qu\u2019Irene a conserv\u00e9es de sa carri\u00e8re de scientifique &#8211; entam\u00e9e apr\u00e8s son double doctorat en physique et biologie mol\u00e9culaire &#8211; avant sa bascule dans la vie de musicienne professionnelle.<br \/>\nSes onze compositions originales aux couleurs douces-am\u00e8res prennent vie en quartet acoustique, avec <strong>Fady Farah<\/strong> au piano, <strong>Maurizio Congiu<\/strong> \u00e0 la contrebasse et <strong>JB Perraudin<\/strong> \u00e0 la batterie. Soud\u00e9 par l\u2019exp\u00e9rience de la sc\u00e8ne, le groupe a enregistr\u00e9 en trois jours, en novembre 2024, au Studio La Menuiserie \u00e0 Noisy-le-Sec.<br \/>\nPour Irene, chanter dans sa langue maternelle rel\u00e8ve de l\u2019intime, d\u2019une mise \u00e0 nu. Un d\u00e9fi qui l\u2019a amen\u00e9e \u00e0 repenser son jeu vocal. Si sa voix nous touche par son absence totale d\u2019artifices, c\u2019est qu\u2019Irene a voulu se sentir \u00ab instrument parmi les instruments \u00bb. Offrir de la respiration \u00e0 l\u2019auditeur et beaucoup d\u2019espace d\u2019expression aux musiciens, constituait \u00e9galement un vrai choix : Fady Farah au piano se r\u00e9v\u00e8le comme la deuxi\u00e8me \u00ab voix \u00bb de l\u2019album, sur des arrangements d\u2019Irene qu\u2019il a contribu\u00e9 \u00e0 d\u00e9velopper. \u00bb<\/p>\n<p><strong>Alice Leclercq<\/strong><\/p>\n<p>Line-up de l&#8217;album :<br \/>\n&#8211; <strong>Irene Amata<\/strong> : composition, arrangement, auteure, voix<br \/>\n&#8211; <strong>Fady Farah<\/strong> : piano<br \/>\n&#8211; <strong>Maurizio Congiu<\/strong> : contrebasse<br \/>\n&#8211; <strong>JB Perraudin<\/strong> : batterie<\/p>","protected":false},"excerpt":{"rendered":"<p>Disculpa, pero esta entrada est\u00e1 disponible s\u00f3lo en FR.Irene Amata r\u00e9v\u00e8lera \u00abSembianze\u00bb, son nouvel album, \u00e0 l&#8217;occasion de sa sortie le 05 septembre 2025 chez Prodastar \/ InOu\u00efe Distribution. Cet opus sera pr\u00e9sent\u00e9 le lundi 29 septembre 2025 sur la sc\u00e8ne du New Morning (Paris, 10e) lors d&#8217;un concert de lancement exceptionnel en quartet avec [&hellip;]<\/p>\n","protected":false},"author":3,"featured_media":62287,"comment_status":"closed","ping_status":"closed","sticky":false,"template":"","format":"standard","meta":{"_acf_changed":false,"footnotes":""},"categories":[1],"tags":[],"class_list":["post-62276","post","type-post","status-publish","format-standard","has-post-thumbnail","hentry","category-non-classe"],"acf":[],"yoast_head":"<!-- This site is optimized with the Yoast SEO plugin v27.4 - https:\/\/yoast.com\/product\/yoast-seo-wordpress\/ -->\n<title>Irene Amata presenta &quot;Sembianze&quot; - VeevCom<\/title>\n<meta name=\"robots\" content=\"index, follow, max-snippet:-1, max-image-preview:large, max-video-preview:-1\" \/>\n<link rel=\"canonical\" href=\"https:\/\/veevcom.com\/es\/irene-amata-presente-sembianze\/\" \/>\n<meta property=\"og:locale\" content=\"es_ES\" \/>\n<meta property=\"og:type\" content=\"article\" \/>\n<meta property=\"og:title\" content=\"Irene Amata presenta &quot;Sembianze&quot; - VeevCom\" \/>\n<meta property=\"og:description\" content=\"Disculpa, pero esta entrada est\u00e1 disponible s\u00f3lo en FR.Irene Amata r\u00e9v\u00e8lera \u00abSembianze\u00bb, son nouvel album, \u00e0 l&#8217;occasion de sa sortie le 05 septembre 2025 chez Prodastar \/ InOu\u00efe Distribution. Cet opus sera pr\u00e9sent\u00e9 le lundi 29 septembre 2025 sur la sc\u00e8ne du New Morning (Paris, 10e) lors d&#8217;un concert de lancement exceptionnel en quartet avec [&hellip;]\" \/>\n<meta property=\"og:url\" content=\"https:\/\/veevcom.com\/es\/irene-amata-presente-sembianze\/\" \/>\n<meta property=\"og:site_name\" content=\"VeevCom\" \/>\n<meta property=\"article:published_time\" content=\"2025-04-29T15:51:23+00:00\" \/>\n<meta property=\"og:image\" content=\"https:\/\/veevcom.com\/wp-content\/uploads\/2025\/04\/SEMBIANZE-PROMO_POCHETTE_FRONT_RVB\u00a9Yara-Bonanni-_-Renato-Astolfi.jpg\" \/>\n\t<meta property=\"og:image:width\" content=\"1509\" \/>\n\t<meta property=\"og:image:height\" content=\"1507\" \/>\n\t<meta property=\"og:image:type\" content=\"image\/jpeg\" \/>\n<meta name=\"author\" content=\"severine\" \/>\n<meta name=\"twitter:card\" content=\"summary_large_image\" \/>\n<meta name=\"twitter:label1\" content=\"Escrito por\" \/>\n\t<meta name=\"twitter:data1\" content=\"severine\" \/>\n\t<meta name=\"twitter:label2\" content=\"Tiempo de lectura\" \/>\n\t<meta name=\"twitter:data2\" content=\"2 minutos\" \/>\n<script type=\"application\/ld+json\" class=\"yoast-schema-graph\">{\"@context\":\"https:\\\/\\\/schema.org\",\"@graph\":[{\"@type\":\"Article\",\"@id\":\"https:\\\/\\\/veevcom.com\\\/es\\\/irene-amata-presente-sembianze\\\/#article\",\"isPartOf\":{\"@id\":\"https:\\\/\\\/veevcom.com\\\/es\\\/irene-amata-presente-sembianze\\\/\"},\"author\":{\"name\":\"severine\",\"@id\":\"https:\\\/\\\/veevcom.com\\\/#\\\/schema\\\/person\\\/754f1f5a030d278766b52cf0e0c62e8b\"},\"headline\":\"Irene Amata presenta \u00abSembianze\u00bb\",\"datePublished\":\"2025-04-29T15:51:23+00:00\",\"mainEntityOfPage\":{\"@id\":\"https:\\\/\\\/veevcom.com\\\/es\\\/irene-amata-presente-sembianze\\\/\"},\"wordCount\":496,\"image\":{\"@id\":\"https:\\\/\\\/veevcom.com\\\/es\\\/irene-amata-presente-sembianze\\\/#primaryimage\"},\"thumbnailUrl\":\"https:\\\/\\\/veevcom.com\\\/wp-content\\\/uploads\\\/2025\\\/04\\\/SEMBIANZE-PROMO_POCHETTE_FRONT_RVB\u00a9Yara-Bonanni-_-Renato-Astolfi.jpg\",\"articleSection\":[\"Actualidad\"],\"inLanguage\":\"es\"},{\"@type\":\"WebPage\",\"@id\":\"https:\\\/\\\/veevcom.com\\\/es\\\/irene-amata-presente-sembianze\\\/\",\"url\":\"https:\\\/\\\/veevcom.com\\\/es\\\/irene-amata-presente-sembianze\\\/\",\"name\":\"Irene Amata presenta \\\"Sembianze\\\" - VeevCom\",\"isPartOf\":{\"@id\":\"https:\\\/\\\/veevcom.com\\\/es\\\/#website\"},\"primaryImageOfPage\":{\"@id\":\"https:\\\/\\\/veevcom.com\\\/es\\\/irene-amata-presente-sembianze\\\/#primaryimage\"},\"image\":{\"@id\":\"https:\\\/\\\/veevcom.com\\\/es\\\/irene-amata-presente-sembianze\\\/#primaryimage\"},\"thumbnailUrl\":\"https:\\\/\\\/veevcom.com\\\/wp-content\\\/uploads\\\/2025\\\/04\\\/SEMBIANZE-PROMO_POCHETTE_FRONT_RVB\u00a9Yara-Bonanni-_-Renato-Astolfi.jpg\",\"datePublished\":\"2025-04-29T15:51:23+00:00\",\"author\":{\"@id\":\"https:\\\/\\\/veevcom.com\\\/#\\\/schema\\\/person\\\/754f1f5a030d278766b52cf0e0c62e8b\"},\"breadcrumb\":{\"@id\":\"https:\\\/\\\/veevcom.com\\\/es\\\/irene-amata-presente-sembianze\\\/#breadcrumb\"},\"inLanguage\":\"es\",\"potentialAction\":[{\"@type\":\"ReadAction\",\"target\":[[\"https:\\\/\\\/veevcom.com\\\/es\\\/irene-amata-presente-sembianze\\\/\"]]}]},{\"@type\":\"ImageObject\",\"inLanguage\":\"es\",\"@id\":\"https:\\\/\\\/veevcom.com\\\/es\\\/irene-amata-presente-sembianze\\\/#primaryimage\",\"url\":\"https:\\\/\\\/veevcom.com\\\/wp-content\\\/uploads\\\/2025\\\/04\\\/SEMBIANZE-PROMO_POCHETTE_FRONT_RVB\u00a9Yara-Bonanni-_-Renato-Astolfi.jpg\",\"contentUrl\":\"https:\\\/\\\/veevcom.com\\\/wp-content\\\/uploads\\\/2025\\\/04\\\/SEMBIANZE-PROMO_POCHETTE_FRONT_RVB\u00a9Yara-Bonanni-_-Renato-Astolfi.jpg\",\"width\":1509,\"height\":1507},{\"@type\":\"BreadcrumbList\",\"@id\":\"https:\\\/\\\/veevcom.com\\\/es\\\/irene-amata-presente-sembianze\\\/#breadcrumb\",\"itemListElement\":[{\"@type\":\"ListItem\",\"position\":1,\"name\":\"Accueil\",\"item\":\"https:\\\/\\\/veevcom.com\\\/es\\\/\"},{\"@type\":\"ListItem\",\"position\":2,\"name\":\"Irene Amata presenta \u00abSembianze\u00bb\"}]},{\"@type\":\"WebSite\",\"@id\":\"https:\\\/\\\/veevcom.com\\\/es\\\/#website\",\"url\":\"https:\\\/\\\/veevcom.com\\\/es\\\/\",\"name\":\"VeevCom\",\"description\":\"Public Relations and Communication in the Music Industry\",\"potentialAction\":[{\"@type\":\"SearchAction\",\"target\":{\"@type\":\"EntryPoint\",\"urlTemplate\":\"https:\\\/\\\/veevcom.com\\\/es\\\/?s={search_term_string}\"},\"query-input\":{\"@type\":\"PropertyValueSpecification\",\"valueRequired\":true,\"valueName\":\"search_term_string\"}}],\"inLanguage\":\"es\"},{\"@type\":\"Person\",\"@id\":\"https:\\\/\\\/veevcom.com\\\/#\\\/schema\\\/person\\\/754f1f5a030d278766b52cf0e0c62e8b\",\"name\":\"severine\",\"image\":{\"@type\":\"ImageObject\",\"inLanguage\":\"es\",\"@id\":\"https:\\\/\\\/secure.gravatar.com\\\/avatar\\\/ba307ed472519f403589981b25bf62b4089c1f82b837eaae855dd05633adf22c?s=96&d=mm&r=g\",\"url\":\"https:\\\/\\\/secure.gravatar.com\\\/avatar\\\/ba307ed472519f403589981b25bf62b4089c1f82b837eaae855dd05633adf22c?s=96&d=mm&r=g\",\"contentUrl\":\"https:\\\/\\\/secure.gravatar.com\\\/avatar\\\/ba307ed472519f403589981b25bf62b4089c1f82b837eaae855dd05633adf22c?s=96&d=mm&r=g\",\"caption\":\"severine\"}}]}<\/script>\n<!-- \/ Yoast SEO plugin. -->","yoast_head_json":{"title":"Irene Amata presenta \"Sembianze\" - VeevCom","robots":{"index":"index","follow":"follow","max-snippet":"max-snippet:-1","max-image-preview":"max-image-preview:large","max-video-preview":"max-video-preview:-1"},"canonical":"https:\/\/veevcom.com\/es\/irene-amata-presente-sembianze\/","og_locale":"es_ES","og_type":"article","og_title":"Irene Amata presenta \"Sembianze\" - VeevCom","og_description":"Disculpa, pero esta entrada est\u00e1 disponible s\u00f3lo en FR.Irene Amata r\u00e9v\u00e8lera \u00abSembianze\u00bb, son nouvel album, \u00e0 l&#8217;occasion de sa sortie le 05 septembre 2025 chez Prodastar \/ InOu\u00efe Distribution. Cet opus sera pr\u00e9sent\u00e9 le lundi 29 septembre 2025 sur la sc\u00e8ne du New Morning (Paris, 10e) lors d&#8217;un concert de lancement exceptionnel en quartet avec [&hellip;]","og_url":"https:\/\/veevcom.com\/es\/irene-amata-presente-sembianze\/","og_site_name":"VeevCom","article_published_time":"2025-04-29T15:51:23+00:00","og_image":[{"width":1509,"height":1507,"url":"https:\/\/veevcom.com\/wp-content\/uploads\/2025\/04\/SEMBIANZE-PROMO_POCHETTE_FRONT_RVB\u00a9Yara-Bonanni-_-Renato-Astolfi.jpg","type":"image\/jpeg"}],"author":"severine","twitter_card":"summary_large_image","twitter_misc":{"Escrito por":"severine","Tiempo de lectura":"2 minutos"},"schema":{"@context":"https:\/\/schema.org","@graph":[{"@type":"Article","@id":"https:\/\/veevcom.com\/es\/irene-amata-presente-sembianze\/#article","isPartOf":{"@id":"https:\/\/veevcom.com\/es\/irene-amata-presente-sembianze\/"},"author":{"name":"severine","@id":"https:\/\/veevcom.com\/#\/schema\/person\/754f1f5a030d278766b52cf0e0c62e8b"},"headline":"Irene Amata presenta \u00abSembianze\u00bb","datePublished":"2025-04-29T15:51:23+00:00","mainEntityOfPage":{"@id":"https:\/\/veevcom.com\/es\/irene-amata-presente-sembianze\/"},"wordCount":496,"image":{"@id":"https:\/\/veevcom.com\/es\/irene-amata-presente-sembianze\/#primaryimage"},"thumbnailUrl":"https:\/\/veevcom.com\/wp-content\/uploads\/2025\/04\/SEMBIANZE-PROMO_POCHETTE_FRONT_RVB\u00a9Yara-Bonanni-_-Renato-Astolfi.jpg","articleSection":["Actualidad"],"inLanguage":"es"},{"@type":"WebPage","@id":"https:\/\/veevcom.com\/es\/irene-amata-presente-sembianze\/","url":"https:\/\/veevcom.com\/es\/irene-amata-presente-sembianze\/","name":"Irene Amata presenta \"Sembianze\" - VeevCom","isPartOf":{"@id":"https:\/\/veevcom.com\/es\/#website"},"primaryImageOfPage":{"@id":"https:\/\/veevcom.com\/es\/irene-amata-presente-sembianze\/#primaryimage"},"image":{"@id":"https:\/\/veevcom.com\/es\/irene-amata-presente-sembianze\/#primaryimage"},"thumbnailUrl":"https:\/\/veevcom.com\/wp-content\/uploads\/2025\/04\/SEMBIANZE-PROMO_POCHETTE_FRONT_RVB\u00a9Yara-Bonanni-_-Renato-Astolfi.jpg","datePublished":"2025-04-29T15:51:23+00:00","author":{"@id":"https:\/\/veevcom.com\/#\/schema\/person\/754f1f5a030d278766b52cf0e0c62e8b"},"breadcrumb":{"@id":"https:\/\/veevcom.com\/es\/irene-amata-presente-sembianze\/#breadcrumb"},"inLanguage":"es","potentialAction":[{"@type":"ReadAction","target":[["https:\/\/veevcom.com\/es\/irene-amata-presente-sembianze\/"]]}]},{"@type":"ImageObject","inLanguage":"es","@id":"https:\/\/veevcom.com\/es\/irene-amata-presente-sembianze\/#primaryimage","url":"https:\/\/veevcom.com\/wp-content\/uploads\/2025\/04\/SEMBIANZE-PROMO_POCHETTE_FRONT_RVB\u00a9Yara-Bonanni-_-Renato-Astolfi.jpg","contentUrl":"https:\/\/veevcom.com\/wp-content\/uploads\/2025\/04\/SEMBIANZE-PROMO_POCHETTE_FRONT_RVB\u00a9Yara-Bonanni-_-Renato-Astolfi.jpg","width":1509,"height":1507},{"@type":"BreadcrumbList","@id":"https:\/\/veevcom.com\/es\/irene-amata-presente-sembianze\/#breadcrumb","itemListElement":[{"@type":"ListItem","position":1,"name":"Accueil","item":"https:\/\/veevcom.com\/es\/"},{"@type":"ListItem","position":2,"name":"Irene Amata presenta \u00abSembianze\u00bb"}]},{"@type":"WebSite","@id":"https:\/\/veevcom.com\/es\/#website","url":"https:\/\/veevcom.com\/es\/","name":"VeevCom","description":"Public Relations and Communication in the Music Industry","potentialAction":[{"@type":"SearchAction","target":{"@type":"EntryPoint","urlTemplate":"https:\/\/veevcom.com\/es\/?s={search_term_string}"},"query-input":{"@type":"PropertyValueSpecification","valueRequired":true,"valueName":"search_term_string"}}],"inLanguage":"es"},{"@type":"Person","@id":"https:\/\/veevcom.com\/#\/schema\/person\/754f1f5a030d278766b52cf0e0c62e8b","name":"severine","image":{"@type":"ImageObject","inLanguage":"es","@id":"https:\/\/secure.gravatar.com\/avatar\/ba307ed472519f403589981b25bf62b4089c1f82b837eaae855dd05633adf22c?s=96&d=mm&r=g","url":"https:\/\/secure.gravatar.com\/avatar\/ba307ed472519f403589981b25bf62b4089c1f82b837eaae855dd05633adf22c?s=96&d=mm&r=g","contentUrl":"https:\/\/secure.gravatar.com\/avatar\/ba307ed472519f403589981b25bf62b4089c1f82b837eaae855dd05633adf22c?s=96&d=mm&r=g","caption":"severine"}}]}},"_links":{"self":[{"href":"https:\/\/veevcom.com\/es\/wp-json\/wp\/v2\/posts\/62276","targetHints":{"allow":["GET"]}}],"collection":[{"href":"https:\/\/veevcom.com\/es\/wp-json\/wp\/v2\/posts"}],"about":[{"href":"https:\/\/veevcom.com\/es\/wp-json\/wp\/v2\/types\/post"}],"author":[{"embeddable":true,"href":"https:\/\/veevcom.com\/es\/wp-json\/wp\/v2\/users\/3"}],"replies":[{"embeddable":true,"href":"https:\/\/veevcom.com\/es\/wp-json\/wp\/v2\/comments?post=62276"}],"version-history":[{"count":6,"href":"https:\/\/veevcom.com\/es\/wp-json\/wp\/v2\/posts\/62276\/revisions"}],"predecessor-version":[{"id":62284,"href":"https:\/\/veevcom.com\/es\/wp-json\/wp\/v2\/posts\/62276\/revisions\/62284"}],"wp:featuredmedia":[{"embeddable":true,"href":"https:\/\/veevcom.com\/es\/wp-json\/wp\/v2\/media\/62287"}],"wp:attachment":[{"href":"https:\/\/veevcom.com\/es\/wp-json\/wp\/v2\/media?parent=62276"}],"wp:term":[{"taxonomy":"category","embeddable":true,"href":"https:\/\/veevcom.com\/es\/wp-json\/wp\/v2\/categories?post=62276"},{"taxonomy":"post_tag","embeddable":true,"href":"https:\/\/veevcom.com\/es\/wp-json\/wp\/v2\/tags?post=62276"}],"curies":[{"name":"wp","href":"https:\/\/api.w.org\/{rel}","templated":true}]}}