{"id":62226,"date":"2025-04-23T15:57:39","date_gmt":"2025-04-23T13:57:39","guid":{"rendered":"http:\/\/veevcom.com\/?p=62226"},"modified":"2025-04-23T15:57:39","modified_gmt":"2025-04-23T13:57:39","slug":"spontus-presente-ar-lagad-bleiz","status":"publish","type":"post","link":"https:\/\/veevcom.com\/es\/spontus-presente-ar-lagad-bleiz\/","title":{"rendered":"Spontus presentan \u00abAr Lagad &#8211; Bleiz\u00bb"},"content":{"rendered":"<p class=\"qtranxs-available-languages-message qtranxs-available-languages-message-es\">Disculpa, pero esta entrada est\u00e1 disponible s\u00f3lo en <a href=\"https:\/\/veevcom.com\/fr\/wp-json\/wp\/v2\/posts\/62226\" class=\"qtranxs-available-language-link qtranxs-available-language-link-fr\" title=\"FR\">FR<\/a> y <a href=\"https:\/\/veevcom.com\/en\/wp-json\/wp\/v2\/posts\/62226\" class=\"qtranxs-available-language-link qtranxs-available-language-link-en\" title=\"EN\">EN<\/a>.<\/p><p>Le groupe <strong>Spontus<\/strong> r\u00e9v\u00e8lera \u00ab<strong>Ar Lagad &#8211; Bleiz<\/strong>\u00bb son 9e album, \u00e0 l&#8217;occasion de sa sortie le <strong>27 juin 2025<\/strong> chez <strong>Klam Records<\/strong> \/ <strong>L&#8217;Autre Distribution<\/strong>.<\/p>\n<p>Le <strong>quartet<\/strong> est compos\u00e9 de :<br \/>\n<strong>Alan Parantho\u00ebn<\/strong> : Violon, Chant<br \/>\n<strong>Thomas Hurtel<\/strong> : Basse, Chant<br \/>\n<strong>Erwan B\u00e9renguer<\/strong> : Guitare, Chant<br \/>\n<strong>Youen Parantho\u00ebn<\/strong> : Accord\u00e9on, Chant<\/p>\n<p>Les pieds dans la ronde et la t\u00eate dans les \u00e9toiles, \u00e7a fait trente ans que le \u00bb plijadur \u00bb circule entre la sc\u00e8ne et le parquet. Avec la Rid\u00e9e du petit Ren\u00e9 ou la Pourlet de la valise vol\u00e9e, le groove rural de <strong>Spontus<\/strong> fait la part belle \u00e0 l\u2019\u00e9nergie communicatrice du chant \u00e0 r\u00e9pondre. Avec 2h30 de r\u00e9pertoire, les musiciens s\u2019appuient sur leurs trente ann\u00e9es d\u2019exp\u00e9rience de meneurs de danse et proposent une large vari\u00e9t\u00e9 de danses de basse et de haute Bretagne qui sont tant\u00f4t chant\u00e9es, tant\u00f4t instrumentales.<\/p>\n<p>Les artistes se produiront en <strong>concert<\/strong> aux dates suivantes :<br \/>\n&#8211; <strong>26\/04\/2025<\/strong> : <strong>Melrand<\/strong> (56)<br \/>\n&#8211; <strong>28\/05\/2025<\/strong> : Semaine du golfe, <strong>Sarzeau <\/strong>(56)<br \/>\n<strong>&#8211; 26\/07\/2025 : Lesneven <\/strong>(29)<br \/>\n&#8211; <strong>30\/07\/2025<\/strong> : <strong>Theix<\/strong> (56)<br \/>\n&#8211; <strong>08\/08\/2025<\/strong> : Fest-Noz Association Kaer ar Men, <strong>Arzon<\/strong> (56)<\/p>\n<p>\u2018\u2018 Tirer le fil du chant dans la danse et le ramener dans la musique instrumentale, Voila\u0300 ou\u0300 on en e\u0301tait quand on a de\u0301cide\u0301 de poser nos instruments pour renouveler le re\u0301pertoire. Et la\u0300, la me\u0301moire a fait son boulot, on s\u2019est souvenu du \u00ab bedjon \u00bb du chant a capella sur le parquet en fin de soire\u0301e, On s\u2019est souvenu de la puissance du chant a\u0300 re\u0301pondre &#8230; On a recommence\u0301 a\u0300 e\u0301couter nos sources d\u2019inspirations premie\u0300res que sont les chanteurs traditionnels. Rapidement on a commence\u0301 a\u0300 taper du pied et a\u0300 chanter en re\u0301pondant puis on a repris nos instruments. Apre\u0300s quelques mois de re\u0301pe\u0301titions, la de\u0301cision e\u0301tait prise. Il fallait se mettre a\u0300 chanter.<br \/>\nDes paroles chante\u0301es par les anciens sur des musiques nouvelles et aussi des textes nouveaux. Voila\u0300 la nouvelle direction qu\u2019on allait prendre pour amuser les danseurs, et les porter dans la danse.<br \/>\nAlors on chante. On chante comme on parle au gens, on leur raconte des belles histoires en franc\u0327ais ou en breton. Et on pose nos chants sur les instruments qui illustrent, comple\u0300tent, et nourrissent l\u2019imaginaire.<br \/>\nOn s&#8217;e\u0301vade, on s&#8217;envole avec cet homme qui capture les couleurs du monde et finalement re\u0301ussi a\u0300 faire danser l&#8217;arc-en-ciel. On quitte le monde des humains pour rejoindre la re\u0301volte des insectes qui re\u0301clament leur liberte\u0301,<br \/>\nEt on cherche pourquoi Baltazar et Barbara dansent sans discordance.\u00bb<\/p>\n<p><strong>Spontus<\/strong><\/p>","protected":false},"excerpt":{"rendered":"<p>Disculpa, pero esta entrada est\u00e1 disponible s\u00f3lo en FR y EN.Le groupe Spontus r\u00e9v\u00e8lera \u00abAr Lagad &#8211; Bleiz\u00bb son 9e album, \u00e0 l&#8217;occasion de sa sortie le 27 juin 2025 chez Klam Records \/ L&#8217;Autre Distribution. Le quartet est compos\u00e9 de : Alan Parantho\u00ebn : Violon, Chant Thomas Hurtel : Basse, Chant Erwan B\u00e9renguer : [&hellip;]<\/p>\n","protected":false},"author":3,"featured_media":62235,"comment_status":"closed","ping_status":"closed","sticky":false,"template":"","format":"standard","meta":{"_acf_changed":false,"footnotes":""},"categories":[1],"tags":[],"class_list":["post-62226","post","type-post","status-publish","format-standard","has-post-thumbnail","hentry","category-non-classe"],"acf":[],"yoast_head":"<!-- This site is optimized with the Yoast SEO plugin v27.4 - https:\/\/yoast.com\/product\/yoast-seo-wordpress\/ -->\n<title>Spontus presentan &quot;Ar Lagad - Bleiz&quot; - VeevCom<\/title>\n<meta name=\"robots\" content=\"index, follow, max-snippet:-1, max-image-preview:large, max-video-preview:-1\" \/>\n<link rel=\"canonical\" href=\"https:\/\/veevcom.com\/es\/spontus-presente-ar-lagad-bleiz\/\" \/>\n<meta property=\"og:locale\" content=\"es_ES\" \/>\n<meta property=\"og:type\" content=\"article\" \/>\n<meta property=\"og:title\" content=\"Spontus presentan &quot;Ar Lagad - Bleiz&quot; - VeevCom\" \/>\n<meta property=\"og:description\" content=\"Disculpa, pero esta entrada est\u00e1 disponible s\u00f3lo en FR y EN.Le groupe Spontus r\u00e9v\u00e8lera \u00abAr Lagad &#8211; Bleiz\u00bb son 9e album, \u00e0 l&#8217;occasion de sa sortie le 27 juin 2025 chez Klam Records \/ L&#8217;Autre Distribution. Le quartet est compos\u00e9 de : Alan Parantho\u00ebn : Violon, Chant Thomas Hurtel : Basse, Chant Erwan B\u00e9renguer : [&hellip;]\" \/>\n<meta property=\"og:url\" content=\"https:\/\/veevcom.com\/es\/spontus-presente-ar-lagad-bleiz\/\" \/>\n<meta property=\"og:site_name\" content=\"VeevCom\" \/>\n<meta property=\"article:published_time\" content=\"2025-04-23T13:57:39+00:00\" \/>\n<meta property=\"og:image\" content=\"https:\/\/veevcom.com\/wp-content\/uploads\/2025\/04\/1_COVER-_-SP4-_-KR17-\u00a9-Nicolas-Bocquel-LA-PHOTO-DU-MARDI-1024x928.jpg\" \/>\n\t<meta property=\"og:image:width\" content=\"1024\" \/>\n\t<meta property=\"og:image:height\" content=\"928\" \/>\n\t<meta property=\"og:image:type\" content=\"image\/jpeg\" \/>\n<meta name=\"author\" content=\"severine\" \/>\n<meta name=\"twitter:card\" content=\"summary_large_image\" \/>\n<meta name=\"twitter:label1\" content=\"Escrito por\" \/>\n\t<meta name=\"twitter:data1\" content=\"severine\" \/>\n\t<meta name=\"twitter:label2\" content=\"Tiempo de lectura\" \/>\n\t<meta name=\"twitter:data2\" content=\"4 minutos\" \/>\n<script type=\"application\/ld+json\" class=\"yoast-schema-graph\">{\"@context\":\"https:\\\/\\\/schema.org\",\"@graph\":[{\"@type\":\"Article\",\"@id\":\"https:\\\/\\\/veevcom.com\\\/es\\\/spontus-presente-ar-lagad-bleiz\\\/#article\",\"isPartOf\":{\"@id\":\"https:\\\/\\\/veevcom.com\\\/es\\\/spontus-presente-ar-lagad-bleiz\\\/\"},\"author\":{\"name\":\"severine\",\"@id\":\"https:\\\/\\\/veevcom.com\\\/#\\\/schema\\\/person\\\/754f1f5a030d278766b52cf0e0c62e8b\"},\"headline\":\"Spontus presentan \u00abAr Lagad &#8211; Bleiz\u00bb\",\"datePublished\":\"2025-04-23T13:57:39+00:00\",\"mainEntityOfPage\":{\"@id\":\"https:\\\/\\\/veevcom.com\\\/es\\\/spontus-presente-ar-lagad-bleiz\\\/\"},\"wordCount\":810,\"image\":{\"@id\":\"https:\\\/\\\/veevcom.com\\\/es\\\/spontus-presente-ar-lagad-bleiz\\\/#primaryimage\"},\"thumbnailUrl\":\"https:\\\/\\\/veevcom.com\\\/wp-content\\\/uploads\\\/2025\\\/04\\\/1_COVER-_-SP4-_-KR17-\u00a9-Nicolas-Bocquel-LA-PHOTO-DU-MARDI.jpg\",\"articleSection\":[\"Actualidad\"],\"inLanguage\":\"es\"},{\"@type\":\"WebPage\",\"@id\":\"https:\\\/\\\/veevcom.com\\\/es\\\/spontus-presente-ar-lagad-bleiz\\\/\",\"url\":\"https:\\\/\\\/veevcom.com\\\/es\\\/spontus-presente-ar-lagad-bleiz\\\/\",\"name\":\"Spontus presentan \\\"Ar Lagad - Bleiz\\\" - VeevCom\",\"isPartOf\":{\"@id\":\"https:\\\/\\\/veevcom.com\\\/es\\\/#website\"},\"primaryImageOfPage\":{\"@id\":\"https:\\\/\\\/veevcom.com\\\/es\\\/spontus-presente-ar-lagad-bleiz\\\/#primaryimage\"},\"image\":{\"@id\":\"https:\\\/\\\/veevcom.com\\\/es\\\/spontus-presente-ar-lagad-bleiz\\\/#primaryimage\"},\"thumbnailUrl\":\"https:\\\/\\\/veevcom.com\\\/wp-content\\\/uploads\\\/2025\\\/04\\\/1_COVER-_-SP4-_-KR17-\u00a9-Nicolas-Bocquel-LA-PHOTO-DU-MARDI.jpg\",\"datePublished\":\"2025-04-23T13:57:39+00:00\",\"author\":{\"@id\":\"https:\\\/\\\/veevcom.com\\\/#\\\/schema\\\/person\\\/754f1f5a030d278766b52cf0e0c62e8b\"},\"breadcrumb\":{\"@id\":\"https:\\\/\\\/veevcom.com\\\/es\\\/spontus-presente-ar-lagad-bleiz\\\/#breadcrumb\"},\"inLanguage\":\"es\",\"potentialAction\":[{\"@type\":\"ReadAction\",\"target\":[[\"https:\\\/\\\/veevcom.com\\\/es\\\/spontus-presente-ar-lagad-bleiz\\\/\"]]}]},{\"@type\":\"ImageObject\",\"inLanguage\":\"es\",\"@id\":\"https:\\\/\\\/veevcom.com\\\/es\\\/spontus-presente-ar-lagad-bleiz\\\/#primaryimage\",\"url\":\"https:\\\/\\\/veevcom.com\\\/wp-content\\\/uploads\\\/2025\\\/04\\\/1_COVER-_-SP4-_-KR17-\u00a9-Nicolas-Bocquel-LA-PHOTO-DU-MARDI.jpg\",\"contentUrl\":\"https:\\\/\\\/veevcom.com\\\/wp-content\\\/uploads\\\/2025\\\/04\\\/1_COVER-_-SP4-_-KR17-\u00a9-Nicolas-Bocquel-LA-PHOTO-DU-MARDI.jpg\",\"width\":1630,\"height\":1477},{\"@type\":\"BreadcrumbList\",\"@id\":\"https:\\\/\\\/veevcom.com\\\/es\\\/spontus-presente-ar-lagad-bleiz\\\/#breadcrumb\",\"itemListElement\":[{\"@type\":\"ListItem\",\"position\":1,\"name\":\"Accueil\",\"item\":\"https:\\\/\\\/veevcom.com\\\/es\\\/\"},{\"@type\":\"ListItem\",\"position\":2,\"name\":\"Spontus presentan \u00abAr Lagad &#8211; Bleiz\u00bb\"}]},{\"@type\":\"WebSite\",\"@id\":\"https:\\\/\\\/veevcom.com\\\/es\\\/#website\",\"url\":\"https:\\\/\\\/veevcom.com\\\/es\\\/\",\"name\":\"VeevCom\",\"description\":\"Public Relations and Communication in the Music Industry\",\"potentialAction\":[{\"@type\":\"SearchAction\",\"target\":{\"@type\":\"EntryPoint\",\"urlTemplate\":\"https:\\\/\\\/veevcom.com\\\/es\\\/?s={search_term_string}\"},\"query-input\":{\"@type\":\"PropertyValueSpecification\",\"valueRequired\":true,\"valueName\":\"search_term_string\"}}],\"inLanguage\":\"es\"},{\"@type\":\"Person\",\"@id\":\"https:\\\/\\\/veevcom.com\\\/#\\\/schema\\\/person\\\/754f1f5a030d278766b52cf0e0c62e8b\",\"name\":\"severine\",\"image\":{\"@type\":\"ImageObject\",\"inLanguage\":\"es\",\"@id\":\"https:\\\/\\\/secure.gravatar.com\\\/avatar\\\/ba307ed472519f403589981b25bf62b4089c1f82b837eaae855dd05633adf22c?s=96&d=mm&r=g\",\"url\":\"https:\\\/\\\/secure.gravatar.com\\\/avatar\\\/ba307ed472519f403589981b25bf62b4089c1f82b837eaae855dd05633adf22c?s=96&d=mm&r=g\",\"contentUrl\":\"https:\\\/\\\/secure.gravatar.com\\\/avatar\\\/ba307ed472519f403589981b25bf62b4089c1f82b837eaae855dd05633adf22c?s=96&d=mm&r=g\",\"caption\":\"severine\"}}]}<\/script>\n<!-- \/ Yoast SEO plugin. -->","yoast_head_json":{"title":"Spontus presentan \"Ar Lagad - Bleiz\" - VeevCom","robots":{"index":"index","follow":"follow","max-snippet":"max-snippet:-1","max-image-preview":"max-image-preview:large","max-video-preview":"max-video-preview:-1"},"canonical":"https:\/\/veevcom.com\/es\/spontus-presente-ar-lagad-bleiz\/","og_locale":"es_ES","og_type":"article","og_title":"Spontus presentan \"Ar Lagad - Bleiz\" - VeevCom","og_description":"Disculpa, pero esta entrada est\u00e1 disponible s\u00f3lo en FR y EN.Le groupe Spontus r\u00e9v\u00e8lera \u00abAr Lagad &#8211; Bleiz\u00bb son 9e album, \u00e0 l&#8217;occasion de sa sortie le 27 juin 2025 chez Klam Records \/ L&#8217;Autre Distribution. Le quartet est compos\u00e9 de : Alan Parantho\u00ebn : Violon, Chant Thomas Hurtel : Basse, Chant Erwan B\u00e9renguer : [&hellip;]","og_url":"https:\/\/veevcom.com\/es\/spontus-presente-ar-lagad-bleiz\/","og_site_name":"VeevCom","article_published_time":"2025-04-23T13:57:39+00:00","og_image":[{"width":1024,"height":928,"url":"https:\/\/veevcom.com\/wp-content\/uploads\/2025\/04\/1_COVER-_-SP4-_-KR17-\u00a9-Nicolas-Bocquel-LA-PHOTO-DU-MARDI-1024x928.jpg","type":"image\/jpeg"}],"author":"severine","twitter_card":"summary_large_image","twitter_misc":{"Escrito por":"severine","Tiempo de lectura":"4 minutos"},"schema":{"@context":"https:\/\/schema.org","@graph":[{"@type":"Article","@id":"https:\/\/veevcom.com\/es\/spontus-presente-ar-lagad-bleiz\/#article","isPartOf":{"@id":"https:\/\/veevcom.com\/es\/spontus-presente-ar-lagad-bleiz\/"},"author":{"name":"severine","@id":"https:\/\/veevcom.com\/#\/schema\/person\/754f1f5a030d278766b52cf0e0c62e8b"},"headline":"Spontus presentan \u00abAr Lagad &#8211; Bleiz\u00bb","datePublished":"2025-04-23T13:57:39+00:00","mainEntityOfPage":{"@id":"https:\/\/veevcom.com\/es\/spontus-presente-ar-lagad-bleiz\/"},"wordCount":810,"image":{"@id":"https:\/\/veevcom.com\/es\/spontus-presente-ar-lagad-bleiz\/#primaryimage"},"thumbnailUrl":"https:\/\/veevcom.com\/wp-content\/uploads\/2025\/04\/1_COVER-_-SP4-_-KR17-\u00a9-Nicolas-Bocquel-LA-PHOTO-DU-MARDI.jpg","articleSection":["Actualidad"],"inLanguage":"es"},{"@type":"WebPage","@id":"https:\/\/veevcom.com\/es\/spontus-presente-ar-lagad-bleiz\/","url":"https:\/\/veevcom.com\/es\/spontus-presente-ar-lagad-bleiz\/","name":"Spontus presentan \"Ar Lagad - Bleiz\" - VeevCom","isPartOf":{"@id":"https:\/\/veevcom.com\/es\/#website"},"primaryImageOfPage":{"@id":"https:\/\/veevcom.com\/es\/spontus-presente-ar-lagad-bleiz\/#primaryimage"},"image":{"@id":"https:\/\/veevcom.com\/es\/spontus-presente-ar-lagad-bleiz\/#primaryimage"},"thumbnailUrl":"https:\/\/veevcom.com\/wp-content\/uploads\/2025\/04\/1_COVER-_-SP4-_-KR17-\u00a9-Nicolas-Bocquel-LA-PHOTO-DU-MARDI.jpg","datePublished":"2025-04-23T13:57:39+00:00","author":{"@id":"https:\/\/veevcom.com\/#\/schema\/person\/754f1f5a030d278766b52cf0e0c62e8b"},"breadcrumb":{"@id":"https:\/\/veevcom.com\/es\/spontus-presente-ar-lagad-bleiz\/#breadcrumb"},"inLanguage":"es","potentialAction":[{"@type":"ReadAction","target":[["https:\/\/veevcom.com\/es\/spontus-presente-ar-lagad-bleiz\/"]]}]},{"@type":"ImageObject","inLanguage":"es","@id":"https:\/\/veevcom.com\/es\/spontus-presente-ar-lagad-bleiz\/#primaryimage","url":"https:\/\/veevcom.com\/wp-content\/uploads\/2025\/04\/1_COVER-_-SP4-_-KR17-\u00a9-Nicolas-Bocquel-LA-PHOTO-DU-MARDI.jpg","contentUrl":"https:\/\/veevcom.com\/wp-content\/uploads\/2025\/04\/1_COVER-_-SP4-_-KR17-\u00a9-Nicolas-Bocquel-LA-PHOTO-DU-MARDI.jpg","width":1630,"height":1477},{"@type":"BreadcrumbList","@id":"https:\/\/veevcom.com\/es\/spontus-presente-ar-lagad-bleiz\/#breadcrumb","itemListElement":[{"@type":"ListItem","position":1,"name":"Accueil","item":"https:\/\/veevcom.com\/es\/"},{"@type":"ListItem","position":2,"name":"Spontus presentan \u00abAr Lagad &#8211; Bleiz\u00bb"}]},{"@type":"WebSite","@id":"https:\/\/veevcom.com\/es\/#website","url":"https:\/\/veevcom.com\/es\/","name":"VeevCom","description":"Public Relations and Communication in the Music Industry","potentialAction":[{"@type":"SearchAction","target":{"@type":"EntryPoint","urlTemplate":"https:\/\/veevcom.com\/es\/?s={search_term_string}"},"query-input":{"@type":"PropertyValueSpecification","valueRequired":true,"valueName":"search_term_string"}}],"inLanguage":"es"},{"@type":"Person","@id":"https:\/\/veevcom.com\/#\/schema\/person\/754f1f5a030d278766b52cf0e0c62e8b","name":"severine","image":{"@type":"ImageObject","inLanguage":"es","@id":"https:\/\/secure.gravatar.com\/avatar\/ba307ed472519f403589981b25bf62b4089c1f82b837eaae855dd05633adf22c?s=96&d=mm&r=g","url":"https:\/\/secure.gravatar.com\/avatar\/ba307ed472519f403589981b25bf62b4089c1f82b837eaae855dd05633adf22c?s=96&d=mm&r=g","contentUrl":"https:\/\/secure.gravatar.com\/avatar\/ba307ed472519f403589981b25bf62b4089c1f82b837eaae855dd05633adf22c?s=96&d=mm&r=g","caption":"severine"}}]}},"_links":{"self":[{"href":"https:\/\/veevcom.com\/es\/wp-json\/wp\/v2\/posts\/62226","targetHints":{"allow":["GET"]}}],"collection":[{"href":"https:\/\/veevcom.com\/es\/wp-json\/wp\/v2\/posts"}],"about":[{"href":"https:\/\/veevcom.com\/es\/wp-json\/wp\/v2\/types\/post"}],"author":[{"embeddable":true,"href":"https:\/\/veevcom.com\/es\/wp-json\/wp\/v2\/users\/3"}],"replies":[{"embeddable":true,"href":"https:\/\/veevcom.com\/es\/wp-json\/wp\/v2\/comments?post=62226"}],"version-history":[{"count":9,"href":"https:\/\/veevcom.com\/es\/wp-json\/wp\/v2\/posts\/62226\/revisions"}],"predecessor-version":[{"id":62234,"href":"https:\/\/veevcom.com\/es\/wp-json\/wp\/v2\/posts\/62226\/revisions\/62234"}],"wp:featuredmedia":[{"embeddable":true,"href":"https:\/\/veevcom.com\/es\/wp-json\/wp\/v2\/media\/62235"}],"wp:attachment":[{"href":"https:\/\/veevcom.com\/es\/wp-json\/wp\/v2\/media?parent=62226"}],"wp:term":[{"taxonomy":"category","embeddable":true,"href":"https:\/\/veevcom.com\/es\/wp-json\/wp\/v2\/categories?post=62226"},{"taxonomy":"post_tag","embeddable":true,"href":"https:\/\/veevcom.com\/es\/wp-json\/wp\/v2\/tags?post=62226"}],"curies":[{"name":"wp","href":"https:\/\/api.w.org\/{rel}","templated":true}]}}