{"id":62203,"date":"2025-04-18T12:28:37","date_gmt":"2025-04-18T10:28:37","guid":{"rendered":"http:\/\/veevcom.com\/?p=62203"},"modified":"2025-04-18T12:28:37","modified_gmt":"2025-04-18T10:28:37","slug":"cesaria-evora-orchestra-en-tournee-en-france","status":"publish","type":"post","link":"https:\/\/veevcom.com\/es\/cesaria-evora-orchestra-en-tournee-en-france\/","title":{"rendered":"La Cesaria Evora Orchestra de gira por Francia"},"content":{"rendered":"<p class=\"qtranxs-available-languages-message qtranxs-available-languages-message-es\">Disculpa, pero esta entrada est\u00e1 disponible s\u00f3lo en <a href=\"https:\/\/veevcom.com\/fr\/wp-json\/wp\/v2\/posts\/62203\" class=\"qtranxs-available-language-link qtranxs-available-language-link-fr\" title=\"FR\">FR<\/a> y <a href=\"https:\/\/veevcom.com\/en\/wp-json\/wp\/v2\/posts\/62203\" class=\"qtranxs-available-language-link qtranxs-available-language-link-en\" title=\"EN\">EN<\/a>.<\/p><p>Actuellement en tourn\u00e9e en Am\u00e9rique du Nord, le&nbsp;<strong>Cesaria Evora Orchestra<\/strong>&nbsp;d\u00e9butera&nbsp; sa tourn\u00e9e fran\u00e7aise par un concert \u00e0&nbsp;<strong>La Marbrerie&nbsp;(Montreuil)<\/strong> le&nbsp;<strong>04\/06\/2025<\/strong>. La formation actuelle est compos\u00e9e de la cr\u00e8me des artistes de la sc\u00e8ne cap-verdienne d&#8217;aujourd&#8217;hui :&nbsp;<b>Ceuzany<\/b>,&nbsp;<b>Elida Almeida<\/b>,&nbsp;<b>Lucibela<\/b>&nbsp;et&nbsp;<b>Teofilo Chantre<\/b><\/p>\n<p>Voici toutes les dates de la&nbsp;tourn\u00e9e&nbsp;\u00e0 venir :<\/p>\n<ul>\n<li>06\/06\/2025 : festival&nbsp;<strong>Musiques M\u00e9tisses<\/strong>, Angoul\u00eame (16)<\/li>\n<li>05\/12\/2025 : festival&nbsp;<strong>Africolor<\/strong>, Th\u00e9\u00e2tre Sarah Bernard, Goussainville (95)<\/li>\n<li>06\/12\/2025 : festival&nbsp;<strong>Africolor<\/strong>, Th\u00e9\u00e2tre des Bergeries, Noisy-le-Sec (93)<\/li>\n<li>13\/12\/2025 :&nbsp;<strong>Salle Jacques Brel<\/strong>, Fontenay-sous-Bois (94)<\/li>\n<li>18\/03\/2026 :&nbsp;<strong>Le Colis\u00e9e<\/strong>, Lens (62)<\/li>\n<li>19\/03\/2026 :&nbsp;<strong>Rocher de Palmer<\/strong>, Cenon (33)<\/li>\n<li>20\/03\/2026 : festival&nbsp;<strong>D\u00e9tours de Babel<\/strong>, L\u2019Heure Bleue, Saint-Martin d\u2019H\u00e8res (38)<\/li>\n<li>21\/03\/2026 :&nbsp;<strong>L\u2019Arsenal<\/strong>, Metz (57)<\/li>\n<\/ul>\n<p>La disparition soudaine de <strong>Cesaria Evora<\/strong> le 17 d\u00e9cembre 2011 suscita une grande \u00e9motion parmi ses fans qui se r\u00e9unirent par milliers, en 2012, pour honorer sa m\u00e9moire lors de concerts m\u00e9morables, notamment \u00e0 Toulouse, Lisbonne, Amsterdam et Paris.<\/p>\n<p>Autour des musiciens qui accompagnaient habituellement la chanteuse, les plus grandes voix des musiques du monde sont venus rendre un ultime hommage \u00e0 celle que l\u2019on surnommait La Diva aux pieds nus \u2013 parmi elles Bonga, Ang\u00e9lique Kidjo, Lura, Isma\u00ebl L\u00f4, Mayra Andrade, Bernard Lavilliers, Tito Paris pour n\u2019en citer que quelques-unes.<br \/>\nApr\u00e8s ces grandes messes, les musiciens n\u2019ont eu qu\u2019une envie : continuer \u00e0 faire vivre le r\u00e9pertoire de Cesaria qui avait enchant\u00e9 le public sur les sc\u00e8nes du monde entier. C\u2019est ainsi qu\u2019ils se r\u00e9unirent sous le nom de Cesaria Evora Orchestra pour un premier concert, en 2014 au Kriol Jazz Festival \u00e0 Praia (Cap-Vert), en hommage \u00e0 l\u2019ic\u00f4ne des musiques du monde et \u00e0 son action, notamment en tant qu\u2019Ambassadrice de la musique cap-verdienne.<br \/>\nDepuis cette date, le <strong>Cesaria Evora Orchestra<\/strong> se produit r\u00e9guli\u00e8rement dans le monde pour c\u00e9l\u00e9brer <strong>Cesaria Evora<\/strong>.<\/p>","protected":false},"excerpt":{"rendered":"<p>Disculpa, pero esta entrada est\u00e1 disponible s\u00f3lo en FR y EN.Actuellement en tourn\u00e9e en Am\u00e9rique du Nord, le&nbsp;Cesaria Evora Orchestra&nbsp;d\u00e9butera&nbsp; sa tourn\u00e9e fran\u00e7aise par un concert \u00e0&nbsp;La Marbrerie&nbsp;(Montreuil) le&nbsp;04\/06\/2025. La formation actuelle est compos\u00e9e de la cr\u00e8me des artistes de la sc\u00e8ne cap-verdienne d&#8217;aujourd&#8217;hui :&nbsp;Ceuzany,&nbsp;Elida Almeida,&nbsp;Lucibela&nbsp;et&nbsp;Teofilo Chantre Voici toutes les dates de la&nbsp;tourn\u00e9e&nbsp;\u00e0 venir : [&hellip;]<\/p>\n","protected":false},"author":3,"featured_media":62209,"comment_status":"closed","ping_status":"closed","sticky":false,"template":"","format":"standard","meta":{"_acf_changed":false,"footnotes":""},"categories":[1],"tags":[],"class_list":["post-62203","post","type-post","status-publish","format-standard","has-post-thumbnail","hentry","category-non-classe"],"acf":[],"yoast_head":"<!-- This site is optimized with the Yoast SEO plugin v27.4 - https:\/\/yoast.com\/product\/yoast-seo-wordpress\/ -->\n<title>La Cesaria Evora Orchestra de gira por Francia - VeevCom<\/title>\n<meta name=\"robots\" content=\"index, follow, max-snippet:-1, max-image-preview:large, max-video-preview:-1\" \/>\n<link rel=\"canonical\" href=\"https:\/\/veevcom.com\/es\/cesaria-evora-orchestra-en-tournee-en-france\/\" \/>\n<meta property=\"og:locale\" content=\"es_ES\" \/>\n<meta property=\"og:type\" content=\"article\" \/>\n<meta property=\"og:title\" content=\"La Cesaria Evora Orchestra de gira por Francia - VeevCom\" \/>\n<meta property=\"og:description\" content=\"Disculpa, pero esta entrada est\u00e1 disponible s\u00f3lo en FR y EN.Actuellement en tourn\u00e9e en Am\u00e9rique du Nord, le&nbsp;Cesaria Evora Orchestra&nbsp;d\u00e9butera&nbsp; sa tourn\u00e9e fran\u00e7aise par un concert \u00e0&nbsp;La Marbrerie&nbsp;(Montreuil) le&nbsp;04\/06\/2025. La formation actuelle est compos\u00e9e de la cr\u00e8me des artistes de la sc\u00e8ne cap-verdienne d&#8217;aujourd&#8217;hui :&nbsp;Ceuzany,&nbsp;Elida Almeida,&nbsp;Lucibela&nbsp;et&nbsp;Teofilo Chantre Voici toutes les dates de la&nbsp;tourn\u00e9e&nbsp;\u00e0 venir : [&hellip;]\" \/>\n<meta property=\"og:url\" content=\"https:\/\/veevcom.com\/es\/cesaria-evora-orchestra-en-tournee-en-france\/\" \/>\n<meta property=\"og:site_name\" content=\"VeevCom\" \/>\n<meta property=\"article:published_time\" content=\"2025-04-18T10:28:37+00:00\" \/>\n<meta property=\"og:image\" content=\"https:\/\/veevcom.com\/wp-content\/uploads\/2025\/04\/Visuel_hommage_Cesaria_HD\u00a9Photo-Joe-Wuerfel-_-Lusafrica-951x1024.jpg\" \/>\n\t<meta property=\"og:image:width\" content=\"951\" \/>\n\t<meta property=\"og:image:height\" content=\"1024\" \/>\n\t<meta property=\"og:image:type\" content=\"image\/jpeg\" \/>\n<meta name=\"author\" content=\"severine\" \/>\n<meta name=\"twitter:card\" content=\"summary_large_image\" \/>\n<meta name=\"twitter:label1\" content=\"Escrito por\" \/>\n\t<meta name=\"twitter:data1\" content=\"severine\" \/>\n\t<meta name=\"twitter:label2\" content=\"Tiempo de lectura\" \/>\n\t<meta name=\"twitter:data2\" content=\"3 minutos\" \/>\n<script type=\"application\/ld+json\" class=\"yoast-schema-graph\">{\"@context\":\"https:\\\/\\\/schema.org\",\"@graph\":[{\"@type\":\"Article\",\"@id\":\"https:\\\/\\\/veevcom.com\\\/es\\\/cesaria-evora-orchestra-en-tournee-en-france\\\/#article\",\"isPartOf\":{\"@id\":\"https:\\\/\\\/veevcom.com\\\/es\\\/cesaria-evora-orchestra-en-tournee-en-france\\\/\"},\"author\":{\"name\":\"severine\",\"@id\":\"https:\\\/\\\/veevcom.com\\\/#\\\/schema\\\/person\\\/754f1f5a030d278766b52cf0e0c62e8b\"},\"headline\":\"La Cesaria Evora Orchestra de gira por Francia\",\"datePublished\":\"2025-04-18T10:28:37+00:00\",\"mainEntityOfPage\":{\"@id\":\"https:\\\/\\\/veevcom.com\\\/es\\\/cesaria-evora-orchestra-en-tournee-en-france\\\/\"},\"wordCount\":627,\"image\":{\"@id\":\"https:\\\/\\\/veevcom.com\\\/es\\\/cesaria-evora-orchestra-en-tournee-en-france\\\/#primaryimage\"},\"thumbnailUrl\":\"https:\\\/\\\/veevcom.com\\\/wp-content\\\/uploads\\\/2025\\\/04\\\/Visuel_hommage_Cesaria_HD\u00a9Photo-Joe-Wuerfel-_-Lusafrica.jpg\",\"articleSection\":[\"Actualidad\"],\"inLanguage\":\"es\"},{\"@type\":\"WebPage\",\"@id\":\"https:\\\/\\\/veevcom.com\\\/es\\\/cesaria-evora-orchestra-en-tournee-en-france\\\/\",\"url\":\"https:\\\/\\\/veevcom.com\\\/es\\\/cesaria-evora-orchestra-en-tournee-en-france\\\/\",\"name\":\"La Cesaria Evora Orchestra de gira por Francia - VeevCom\",\"isPartOf\":{\"@id\":\"https:\\\/\\\/veevcom.com\\\/es\\\/#website\"},\"primaryImageOfPage\":{\"@id\":\"https:\\\/\\\/veevcom.com\\\/es\\\/cesaria-evora-orchestra-en-tournee-en-france\\\/#primaryimage\"},\"image\":{\"@id\":\"https:\\\/\\\/veevcom.com\\\/es\\\/cesaria-evora-orchestra-en-tournee-en-france\\\/#primaryimage\"},\"thumbnailUrl\":\"https:\\\/\\\/veevcom.com\\\/wp-content\\\/uploads\\\/2025\\\/04\\\/Visuel_hommage_Cesaria_HD\u00a9Photo-Joe-Wuerfel-_-Lusafrica.jpg\",\"datePublished\":\"2025-04-18T10:28:37+00:00\",\"author\":{\"@id\":\"https:\\\/\\\/veevcom.com\\\/#\\\/schema\\\/person\\\/754f1f5a030d278766b52cf0e0c62e8b\"},\"breadcrumb\":{\"@id\":\"https:\\\/\\\/veevcom.com\\\/es\\\/cesaria-evora-orchestra-en-tournee-en-france\\\/#breadcrumb\"},\"inLanguage\":\"es\",\"potentialAction\":[{\"@type\":\"ReadAction\",\"target\":[[\"https:\\\/\\\/veevcom.com\\\/es\\\/cesaria-evora-orchestra-en-tournee-en-france\\\/\"]]}]},{\"@type\":\"ImageObject\",\"inLanguage\":\"es\",\"@id\":\"https:\\\/\\\/veevcom.com\\\/es\\\/cesaria-evora-orchestra-en-tournee-en-france\\\/#primaryimage\",\"url\":\"https:\\\/\\\/veevcom.com\\\/wp-content\\\/uploads\\\/2025\\\/04\\\/Visuel_hommage_Cesaria_HD\u00a9Photo-Joe-Wuerfel-_-Lusafrica.jpg\",\"contentUrl\":\"https:\\\/\\\/veevcom.com\\\/wp-content\\\/uploads\\\/2025\\\/04\\\/Visuel_hommage_Cesaria_HD\u00a9Photo-Joe-Wuerfel-_-Lusafrica.jpg\",\"width\":2362,\"height\":2544},{\"@type\":\"BreadcrumbList\",\"@id\":\"https:\\\/\\\/veevcom.com\\\/es\\\/cesaria-evora-orchestra-en-tournee-en-france\\\/#breadcrumb\",\"itemListElement\":[{\"@type\":\"ListItem\",\"position\":1,\"name\":\"Accueil\",\"item\":\"https:\\\/\\\/veevcom.com\\\/es\\\/\"},{\"@type\":\"ListItem\",\"position\":2,\"name\":\"La Cesaria Evora Orchestra de gira por Francia\"}]},{\"@type\":\"WebSite\",\"@id\":\"https:\\\/\\\/veevcom.com\\\/es\\\/#website\",\"url\":\"https:\\\/\\\/veevcom.com\\\/es\\\/\",\"name\":\"VeevCom\",\"description\":\"Public Relations and Communication in the Music Industry\",\"potentialAction\":[{\"@type\":\"SearchAction\",\"target\":{\"@type\":\"EntryPoint\",\"urlTemplate\":\"https:\\\/\\\/veevcom.com\\\/es\\\/?s={search_term_string}\"},\"query-input\":{\"@type\":\"PropertyValueSpecification\",\"valueRequired\":true,\"valueName\":\"search_term_string\"}}],\"inLanguage\":\"es\"},{\"@type\":\"Person\",\"@id\":\"https:\\\/\\\/veevcom.com\\\/#\\\/schema\\\/person\\\/754f1f5a030d278766b52cf0e0c62e8b\",\"name\":\"severine\",\"image\":{\"@type\":\"ImageObject\",\"inLanguage\":\"es\",\"@id\":\"https:\\\/\\\/secure.gravatar.com\\\/avatar\\\/ba307ed472519f403589981b25bf62b4089c1f82b837eaae855dd05633adf22c?s=96&d=mm&r=g\",\"url\":\"https:\\\/\\\/secure.gravatar.com\\\/avatar\\\/ba307ed472519f403589981b25bf62b4089c1f82b837eaae855dd05633adf22c?s=96&d=mm&r=g\",\"contentUrl\":\"https:\\\/\\\/secure.gravatar.com\\\/avatar\\\/ba307ed472519f403589981b25bf62b4089c1f82b837eaae855dd05633adf22c?s=96&d=mm&r=g\",\"caption\":\"severine\"}}]}<\/script>\n<!-- \/ Yoast SEO plugin. -->","yoast_head_json":{"title":"La Cesaria Evora Orchestra de gira por Francia - VeevCom","robots":{"index":"index","follow":"follow","max-snippet":"max-snippet:-1","max-image-preview":"max-image-preview:large","max-video-preview":"max-video-preview:-1"},"canonical":"https:\/\/veevcom.com\/es\/cesaria-evora-orchestra-en-tournee-en-france\/","og_locale":"es_ES","og_type":"article","og_title":"La Cesaria Evora Orchestra de gira por Francia - VeevCom","og_description":"Disculpa, pero esta entrada est\u00e1 disponible s\u00f3lo en FR y EN.Actuellement en tourn\u00e9e en Am\u00e9rique du Nord, le&nbsp;Cesaria Evora Orchestra&nbsp;d\u00e9butera&nbsp; sa tourn\u00e9e fran\u00e7aise par un concert \u00e0&nbsp;La Marbrerie&nbsp;(Montreuil) le&nbsp;04\/06\/2025. La formation actuelle est compos\u00e9e de la cr\u00e8me des artistes de la sc\u00e8ne cap-verdienne d&#8217;aujourd&#8217;hui :&nbsp;Ceuzany,&nbsp;Elida Almeida,&nbsp;Lucibela&nbsp;et&nbsp;Teofilo Chantre Voici toutes les dates de la&nbsp;tourn\u00e9e&nbsp;\u00e0 venir : [&hellip;]","og_url":"https:\/\/veevcom.com\/es\/cesaria-evora-orchestra-en-tournee-en-france\/","og_site_name":"VeevCom","article_published_time":"2025-04-18T10:28:37+00:00","og_image":[{"width":951,"height":1024,"url":"https:\/\/veevcom.com\/wp-content\/uploads\/2025\/04\/Visuel_hommage_Cesaria_HD\u00a9Photo-Joe-Wuerfel-_-Lusafrica-951x1024.jpg","type":"image\/jpeg"}],"author":"severine","twitter_card":"summary_large_image","twitter_misc":{"Escrito por":"severine","Tiempo de lectura":"3 minutos"},"schema":{"@context":"https:\/\/schema.org","@graph":[{"@type":"Article","@id":"https:\/\/veevcom.com\/es\/cesaria-evora-orchestra-en-tournee-en-france\/#article","isPartOf":{"@id":"https:\/\/veevcom.com\/es\/cesaria-evora-orchestra-en-tournee-en-france\/"},"author":{"name":"severine","@id":"https:\/\/veevcom.com\/#\/schema\/person\/754f1f5a030d278766b52cf0e0c62e8b"},"headline":"La Cesaria Evora Orchestra de gira por Francia","datePublished":"2025-04-18T10:28:37+00:00","mainEntityOfPage":{"@id":"https:\/\/veevcom.com\/es\/cesaria-evora-orchestra-en-tournee-en-france\/"},"wordCount":627,"image":{"@id":"https:\/\/veevcom.com\/es\/cesaria-evora-orchestra-en-tournee-en-france\/#primaryimage"},"thumbnailUrl":"https:\/\/veevcom.com\/wp-content\/uploads\/2025\/04\/Visuel_hommage_Cesaria_HD\u00a9Photo-Joe-Wuerfel-_-Lusafrica.jpg","articleSection":["Actualidad"],"inLanguage":"es"},{"@type":"WebPage","@id":"https:\/\/veevcom.com\/es\/cesaria-evora-orchestra-en-tournee-en-france\/","url":"https:\/\/veevcom.com\/es\/cesaria-evora-orchestra-en-tournee-en-france\/","name":"La Cesaria Evora Orchestra de gira por Francia - VeevCom","isPartOf":{"@id":"https:\/\/veevcom.com\/es\/#website"},"primaryImageOfPage":{"@id":"https:\/\/veevcom.com\/es\/cesaria-evora-orchestra-en-tournee-en-france\/#primaryimage"},"image":{"@id":"https:\/\/veevcom.com\/es\/cesaria-evora-orchestra-en-tournee-en-france\/#primaryimage"},"thumbnailUrl":"https:\/\/veevcom.com\/wp-content\/uploads\/2025\/04\/Visuel_hommage_Cesaria_HD\u00a9Photo-Joe-Wuerfel-_-Lusafrica.jpg","datePublished":"2025-04-18T10:28:37+00:00","author":{"@id":"https:\/\/veevcom.com\/#\/schema\/person\/754f1f5a030d278766b52cf0e0c62e8b"},"breadcrumb":{"@id":"https:\/\/veevcom.com\/es\/cesaria-evora-orchestra-en-tournee-en-france\/#breadcrumb"},"inLanguage":"es","potentialAction":[{"@type":"ReadAction","target":[["https:\/\/veevcom.com\/es\/cesaria-evora-orchestra-en-tournee-en-france\/"]]}]},{"@type":"ImageObject","inLanguage":"es","@id":"https:\/\/veevcom.com\/es\/cesaria-evora-orchestra-en-tournee-en-france\/#primaryimage","url":"https:\/\/veevcom.com\/wp-content\/uploads\/2025\/04\/Visuel_hommage_Cesaria_HD\u00a9Photo-Joe-Wuerfel-_-Lusafrica.jpg","contentUrl":"https:\/\/veevcom.com\/wp-content\/uploads\/2025\/04\/Visuel_hommage_Cesaria_HD\u00a9Photo-Joe-Wuerfel-_-Lusafrica.jpg","width":2362,"height":2544},{"@type":"BreadcrumbList","@id":"https:\/\/veevcom.com\/es\/cesaria-evora-orchestra-en-tournee-en-france\/#breadcrumb","itemListElement":[{"@type":"ListItem","position":1,"name":"Accueil","item":"https:\/\/veevcom.com\/es\/"},{"@type":"ListItem","position":2,"name":"La Cesaria Evora Orchestra de gira por Francia"}]},{"@type":"WebSite","@id":"https:\/\/veevcom.com\/es\/#website","url":"https:\/\/veevcom.com\/es\/","name":"VeevCom","description":"Public Relations and Communication in the Music Industry","potentialAction":[{"@type":"SearchAction","target":{"@type":"EntryPoint","urlTemplate":"https:\/\/veevcom.com\/es\/?s={search_term_string}"},"query-input":{"@type":"PropertyValueSpecification","valueRequired":true,"valueName":"search_term_string"}}],"inLanguage":"es"},{"@type":"Person","@id":"https:\/\/veevcom.com\/#\/schema\/person\/754f1f5a030d278766b52cf0e0c62e8b","name":"severine","image":{"@type":"ImageObject","inLanguage":"es","@id":"https:\/\/secure.gravatar.com\/avatar\/ba307ed472519f403589981b25bf62b4089c1f82b837eaae855dd05633adf22c?s=96&d=mm&r=g","url":"https:\/\/secure.gravatar.com\/avatar\/ba307ed472519f403589981b25bf62b4089c1f82b837eaae855dd05633adf22c?s=96&d=mm&r=g","contentUrl":"https:\/\/secure.gravatar.com\/avatar\/ba307ed472519f403589981b25bf62b4089c1f82b837eaae855dd05633adf22c?s=96&d=mm&r=g","caption":"severine"}}]}},"_links":{"self":[{"href":"https:\/\/veevcom.com\/es\/wp-json\/wp\/v2\/posts\/62203","targetHints":{"allow":["GET"]}}],"collection":[{"href":"https:\/\/veevcom.com\/es\/wp-json\/wp\/v2\/posts"}],"about":[{"href":"https:\/\/veevcom.com\/es\/wp-json\/wp\/v2\/types\/post"}],"author":[{"embeddable":true,"href":"https:\/\/veevcom.com\/es\/wp-json\/wp\/v2\/users\/3"}],"replies":[{"embeddable":true,"href":"https:\/\/veevcom.com\/es\/wp-json\/wp\/v2\/comments?post=62203"}],"version-history":[{"count":4,"href":"https:\/\/veevcom.com\/es\/wp-json\/wp\/v2\/posts\/62203\/revisions"}],"predecessor-version":[{"id":62223,"href":"https:\/\/veevcom.com\/es\/wp-json\/wp\/v2\/posts\/62203\/revisions\/62223"}],"wp:featuredmedia":[{"embeddable":true,"href":"https:\/\/veevcom.com\/es\/wp-json\/wp\/v2\/media\/62209"}],"wp:attachment":[{"href":"https:\/\/veevcom.com\/es\/wp-json\/wp\/v2\/media?parent=62203"}],"wp:term":[{"taxonomy":"category","embeddable":true,"href":"https:\/\/veevcom.com\/es\/wp-json\/wp\/v2\/categories?post=62203"},{"taxonomy":"post_tag","embeddable":true,"href":"https:\/\/veevcom.com\/es\/wp-json\/wp\/v2\/tags?post=62203"}],"curies":[{"name":"wp","href":"https:\/\/api.w.org\/{rel}","templated":true}]}}