{"id":62125,"date":"2025-03-13T16:32:56","date_gmt":"2025-03-13T15:32:56","guid":{"rendered":"http:\/\/veevcom.com\/?p=62125"},"modified":"2025-03-27T16:35:30","modified_gmt":"2025-03-27T15:35:30","slug":"la-cie-la-roda-presente-cest-lheure-du-boeuf-de-claire-luzi-christiano-nascimento","status":"publish","type":"post","link":"https:\/\/veevcom.com\/es\/la-cie-la-roda-presente-cest-lheure-du-boeuf-de-claire-luzi-christiano-nascimento\/","title":{"rendered":"Claire Luzi &#038; Cristiano Nascimento presentan \u00abC&#8217;est l&#8217;heure du b\u0153uf\u00bb"},"content":{"rendered":"<p class=\"qtranxs-available-languages-message qtranxs-available-languages-message-es\">Disculpa, pero esta entrada est\u00e1 disponible s\u00f3lo en <a href=\"https:\/\/veevcom.com\/fr\/wp-json\/wp\/v2\/posts\/62125\" class=\"qtranxs-available-language-link qtranxs-available-language-link-fr\" title=\"FR\">FR<\/a> y <a href=\"https:\/\/veevcom.com\/en\/wp-json\/wp\/v2\/posts\/62125\" class=\"qtranxs-available-language-link qtranxs-available-language-link-en\" title=\"EN\">EN<\/a>.<\/p><p><strong>\u00ab C\u2019est l\u2019heure du b\u0153uf \u00bb de Claire Luzi &amp; Cristiano Nascimento<\/strong><br \/>\nSortie le 25\/04\/2025 (La Roda \/ InOu\u00efe Distribution). Cet opus sera pr\u00e9sent\u00e9<span style=\"font-weight: 400;\">&nbsp;lors d\u2019un spectacle exceptionnel le <strong>17 avril<\/strong>, \u00e0 l&#8217;occasion du <strong>2e Festival International de Choro<\/strong> <strong>d&#8217;Aix-en-Provence.<\/strong><\/span><\/p>\n<p>Une histoire de <strong>b\u0153ufs<\/strong>, de <strong>musique<\/strong>, de <strong>folklore br\u00e9silien<\/strong>, de <strong>bistrot parisien<\/strong> : \u00ab C\u2019est l\u2019heure du Boeuf \u00bb, c\u2019est l\u2019histoire d\u2019un enfant qui regarde tout \u00e7a et qui se pose des questions pour mieux appr\u00e9hender les mots et comprendre ce qu\u2019ils nous disent.<\/p>\n<p>\u00c9crit par <strong>Dominique Dreyfus<\/strong>, illustr\u00e9 par <strong>Sylvain Barr\u00e9<\/strong>, les pistes du disque ont \u00e9t\u00e9 enregistr\u00e9es par <strong>Claire Luzi<\/strong> et <strong>Cristiano Nascimento<\/strong>, sous la direction musicale de <strong>Patrick Vaillant<\/strong> (et avec sa participation sp\u00e9ciale au fifre et au p\u00e9tadou).<\/p>","protected":false},"excerpt":{"rendered":"<p>Disculpa, pero esta entrada est\u00e1 disponible s\u00f3lo en FR y EN.\u00ab C\u2019est l\u2019heure du b\u0153uf \u00bb de Claire Luzi &amp; Cristiano Nascimento Sortie le 25\/04\/2025 (La Roda \/ InOu\u00efe Distribution). Cet opus sera pr\u00e9sent\u00e9&nbsp;lors d\u2019un spectacle exceptionnel le 17 avril, \u00e0 l&#8217;occasion du 2e Festival International de Choro d&#8217;Aix-en-Provence. Une histoire de b\u0153ufs, de musique, [&hellip;]<\/p>\n","protected":false},"author":3,"featured_media":62127,"comment_status":"closed","ping_status":"closed","sticky":false,"template":"","format":"standard","meta":{"_acf_changed":false,"footnotes":""},"categories":[1],"tags":[],"class_list":["post-62125","post","type-post","status-publish","format-standard","has-post-thumbnail","hentry","category-non-classe"],"acf":[],"yoast_head":"<!-- This site is optimized with the Yoast SEO plugin v27.4 - https:\/\/yoast.com\/product\/yoast-seo-wordpress\/ -->\n<title>Claire Luzi &amp; Cristiano Nascimento presentan &quot;C&#039;est l&#039;heure du b\u0153uf&quot;  - VeevCom<\/title>\n<meta name=\"robots\" content=\"index, follow, max-snippet:-1, max-image-preview:large, max-video-preview:-1\" \/>\n<link rel=\"canonical\" href=\"https:\/\/veevcom.com\/es\/la-cie-la-roda-presente-cest-lheure-du-boeuf-de-claire-luzi-christiano-nascimento\/\" \/>\n<meta property=\"og:locale\" content=\"es_ES\" \/>\n<meta property=\"og:type\" content=\"article\" \/>\n<meta property=\"og:title\" content=\"Claire Luzi &amp; Cristiano Nascimento presentan &quot;C&#039;est l&#039;heure du b\u0153uf&quot;  - VeevCom\" \/>\n<meta property=\"og:description\" content=\"Disculpa, pero esta entrada est\u00e1 disponible s\u00f3lo en FR y EN.\u00ab C\u2019est l\u2019heure du b\u0153uf \u00bb de Claire Luzi &amp; Cristiano Nascimento Sortie le 25\/04\/2025 (La Roda \/ InOu\u00efe Distribution). Cet opus sera pr\u00e9sent\u00e9&nbsp;lors d\u2019un spectacle exceptionnel le 17 avril, \u00e0 l&#8217;occasion du 2e Festival International de Choro d&#8217;Aix-en-Provence. Une histoire de b\u0153ufs, de musique, [&hellip;]\" \/>\n<meta property=\"og:url\" content=\"https:\/\/veevcom.com\/es\/la-cie-la-roda-presente-cest-lheure-du-boeuf-de-claire-luzi-christiano-nascimento\/\" \/>\n<meta property=\"og:site_name\" content=\"VeevCom\" \/>\n<meta property=\"article:published_time\" content=\"2025-03-13T15:32:56+00:00\" \/>\n<meta property=\"article:modified_time\" content=\"2025-03-27T15:35:30+00:00\" \/>\n<meta property=\"og:image\" content=\"https:\/\/veevcom.com\/wp-content\/uploads\/2025\/03\/Recto_1_BMB\u00a9Sylvain-Barre-1024x887.jpg\" \/>\n\t<meta property=\"og:image:width\" content=\"1024\" \/>\n\t<meta property=\"og:image:height\" content=\"887\" \/>\n\t<meta property=\"og:image:type\" content=\"image\/jpeg\" \/>\n<meta name=\"author\" content=\"severine\" \/>\n<meta name=\"twitter:card\" content=\"summary_large_image\" \/>\n<meta name=\"twitter:label1\" content=\"Escrito por\" \/>\n\t<meta name=\"twitter:data1\" content=\"severine\" \/>\n\t<meta name=\"twitter:label2\" content=\"Tiempo de lectura\" \/>\n\t<meta name=\"twitter:data2\" content=\"1 minuto\" \/>\n<script type=\"application\/ld+json\" class=\"yoast-schema-graph\">{\"@context\":\"https:\\\/\\\/schema.org\",\"@graph\":[{\"@type\":\"Article\",\"@id\":\"https:\\\/\\\/veevcom.com\\\/es\\\/la-cie-la-roda-presente-cest-lheure-du-boeuf-de-claire-luzi-christiano-nascimento\\\/#article\",\"isPartOf\":{\"@id\":\"https:\\\/\\\/veevcom.com\\\/es\\\/la-cie-la-roda-presente-cest-lheure-du-boeuf-de-claire-luzi-christiano-nascimento\\\/\"},\"author\":{\"name\":\"severine\",\"@id\":\"https:\\\/\\\/veevcom.com\\\/#\\\/schema\\\/person\\\/754f1f5a030d278766b52cf0e0c62e8b\"},\"headline\":\"Claire Luzi &#038; Cristiano Nascimento presentan \u00abC&#8217;est l&#8217;heure du b\u0153uf\u00bb\",\"datePublished\":\"2025-03-13T15:32:56+00:00\",\"dateModified\":\"2025-03-27T15:35:30+00:00\",\"mainEntityOfPage\":{\"@id\":\"https:\\\/\\\/veevcom.com\\\/es\\\/la-cie-la-roda-presente-cest-lheure-du-boeuf-de-claire-luzi-christiano-nascimento\\\/\"},\"wordCount\":275,\"image\":{\"@id\":\"https:\\\/\\\/veevcom.com\\\/es\\\/la-cie-la-roda-presente-cest-lheure-du-boeuf-de-claire-luzi-christiano-nascimento\\\/#primaryimage\"},\"thumbnailUrl\":\"https:\\\/\\\/veevcom.com\\\/wp-content\\\/uploads\\\/2025\\\/03\\\/Recto_1_BMB\u00a9Sylvain-Barre.jpg\",\"articleSection\":[\"Actualidad\"],\"inLanguage\":\"es\"},{\"@type\":\"WebPage\",\"@id\":\"https:\\\/\\\/veevcom.com\\\/es\\\/la-cie-la-roda-presente-cest-lheure-du-boeuf-de-claire-luzi-christiano-nascimento\\\/\",\"url\":\"https:\\\/\\\/veevcom.com\\\/es\\\/la-cie-la-roda-presente-cest-lheure-du-boeuf-de-claire-luzi-christiano-nascimento\\\/\",\"name\":\"Claire Luzi & Cristiano Nascimento presentan \\\"C'est l'heure du b\u0153uf\\\"  - VeevCom\",\"isPartOf\":{\"@id\":\"https:\\\/\\\/veevcom.com\\\/es\\\/#website\"},\"primaryImageOfPage\":{\"@id\":\"https:\\\/\\\/veevcom.com\\\/es\\\/la-cie-la-roda-presente-cest-lheure-du-boeuf-de-claire-luzi-christiano-nascimento\\\/#primaryimage\"},\"image\":{\"@id\":\"https:\\\/\\\/veevcom.com\\\/es\\\/la-cie-la-roda-presente-cest-lheure-du-boeuf-de-claire-luzi-christiano-nascimento\\\/#primaryimage\"},\"thumbnailUrl\":\"https:\\\/\\\/veevcom.com\\\/wp-content\\\/uploads\\\/2025\\\/03\\\/Recto_1_BMB\u00a9Sylvain-Barre.jpg\",\"datePublished\":\"2025-03-13T15:32:56+00:00\",\"dateModified\":\"2025-03-27T15:35:30+00:00\",\"author\":{\"@id\":\"https:\\\/\\\/veevcom.com\\\/#\\\/schema\\\/person\\\/754f1f5a030d278766b52cf0e0c62e8b\"},\"breadcrumb\":{\"@id\":\"https:\\\/\\\/veevcom.com\\\/es\\\/la-cie-la-roda-presente-cest-lheure-du-boeuf-de-claire-luzi-christiano-nascimento\\\/#breadcrumb\"},\"inLanguage\":\"es\",\"potentialAction\":[{\"@type\":\"ReadAction\",\"target\":[[\"https:\\\/\\\/veevcom.com\\\/es\\\/la-cie-la-roda-presente-cest-lheure-du-boeuf-de-claire-luzi-christiano-nascimento\\\/\"]]}]},{\"@type\":\"ImageObject\",\"inLanguage\":\"es\",\"@id\":\"https:\\\/\\\/veevcom.com\\\/es\\\/la-cie-la-roda-presente-cest-lheure-du-boeuf-de-claire-luzi-christiano-nascimento\\\/#primaryimage\",\"url\":\"https:\\\/\\\/veevcom.com\\\/wp-content\\\/uploads\\\/2025\\\/03\\\/Recto_1_BMB\u00a9Sylvain-Barre.jpg\",\"contentUrl\":\"https:\\\/\\\/veevcom.com\\\/wp-content\\\/uploads\\\/2025\\\/03\\\/Recto_1_BMB\u00a9Sylvain-Barre.jpg\",\"width\":1800,\"height\":1560},{\"@type\":\"BreadcrumbList\",\"@id\":\"https:\\\/\\\/veevcom.com\\\/es\\\/la-cie-la-roda-presente-cest-lheure-du-boeuf-de-claire-luzi-christiano-nascimento\\\/#breadcrumb\",\"itemListElement\":[{\"@type\":\"ListItem\",\"position\":1,\"name\":\"Accueil\",\"item\":\"https:\\\/\\\/veevcom.com\\\/es\\\/\"},{\"@type\":\"ListItem\",\"position\":2,\"name\":\"Claire Luzi &#038; Cristiano Nascimento presentan \u00abC&#8217;est l&#8217;heure du b\u0153uf\u00bb\"}]},{\"@type\":\"WebSite\",\"@id\":\"https:\\\/\\\/veevcom.com\\\/es\\\/#website\",\"url\":\"https:\\\/\\\/veevcom.com\\\/es\\\/\",\"name\":\"VeevCom\",\"description\":\"Public Relations and Communication in the Music Industry\",\"potentialAction\":[{\"@type\":\"SearchAction\",\"target\":{\"@type\":\"EntryPoint\",\"urlTemplate\":\"https:\\\/\\\/veevcom.com\\\/es\\\/?s={search_term_string}\"},\"query-input\":{\"@type\":\"PropertyValueSpecification\",\"valueRequired\":true,\"valueName\":\"search_term_string\"}}],\"inLanguage\":\"es\"},{\"@type\":\"Person\",\"@id\":\"https:\\\/\\\/veevcom.com\\\/#\\\/schema\\\/person\\\/754f1f5a030d278766b52cf0e0c62e8b\",\"name\":\"severine\",\"image\":{\"@type\":\"ImageObject\",\"inLanguage\":\"es\",\"@id\":\"https:\\\/\\\/secure.gravatar.com\\\/avatar\\\/ba307ed472519f403589981b25bf62b4089c1f82b837eaae855dd05633adf22c?s=96&d=mm&r=g\",\"url\":\"https:\\\/\\\/secure.gravatar.com\\\/avatar\\\/ba307ed472519f403589981b25bf62b4089c1f82b837eaae855dd05633adf22c?s=96&d=mm&r=g\",\"contentUrl\":\"https:\\\/\\\/secure.gravatar.com\\\/avatar\\\/ba307ed472519f403589981b25bf62b4089c1f82b837eaae855dd05633adf22c?s=96&d=mm&r=g\",\"caption\":\"severine\"}}]}<\/script>\n<!-- \/ Yoast SEO plugin. -->","yoast_head_json":{"title":"Claire Luzi & Cristiano Nascimento presentan \"C'est l'heure du b\u0153uf\"  - VeevCom","robots":{"index":"index","follow":"follow","max-snippet":"max-snippet:-1","max-image-preview":"max-image-preview:large","max-video-preview":"max-video-preview:-1"},"canonical":"https:\/\/veevcom.com\/es\/la-cie-la-roda-presente-cest-lheure-du-boeuf-de-claire-luzi-christiano-nascimento\/","og_locale":"es_ES","og_type":"article","og_title":"Claire Luzi & Cristiano Nascimento presentan \"C'est l'heure du b\u0153uf\"  - VeevCom","og_description":"Disculpa, pero esta entrada est\u00e1 disponible s\u00f3lo en FR y EN.\u00ab C\u2019est l\u2019heure du b\u0153uf \u00bb de Claire Luzi &amp; Cristiano Nascimento Sortie le 25\/04\/2025 (La Roda \/ InOu\u00efe Distribution). Cet opus sera pr\u00e9sent\u00e9&nbsp;lors d\u2019un spectacle exceptionnel le 17 avril, \u00e0 l&#8217;occasion du 2e Festival International de Choro d&#8217;Aix-en-Provence. Une histoire de b\u0153ufs, de musique, [&hellip;]","og_url":"https:\/\/veevcom.com\/es\/la-cie-la-roda-presente-cest-lheure-du-boeuf-de-claire-luzi-christiano-nascimento\/","og_site_name":"VeevCom","article_published_time":"2025-03-13T15:32:56+00:00","article_modified_time":"2025-03-27T15:35:30+00:00","og_image":[{"width":1024,"height":887,"url":"https:\/\/veevcom.com\/wp-content\/uploads\/2025\/03\/Recto_1_BMB\u00a9Sylvain-Barre-1024x887.jpg","type":"image\/jpeg"}],"author":"severine","twitter_card":"summary_large_image","twitter_misc":{"Escrito por":"severine","Tiempo de lectura":"1 minuto"},"schema":{"@context":"https:\/\/schema.org","@graph":[{"@type":"Article","@id":"https:\/\/veevcom.com\/es\/la-cie-la-roda-presente-cest-lheure-du-boeuf-de-claire-luzi-christiano-nascimento\/#article","isPartOf":{"@id":"https:\/\/veevcom.com\/es\/la-cie-la-roda-presente-cest-lheure-du-boeuf-de-claire-luzi-christiano-nascimento\/"},"author":{"name":"severine","@id":"https:\/\/veevcom.com\/#\/schema\/person\/754f1f5a030d278766b52cf0e0c62e8b"},"headline":"Claire Luzi &#038; Cristiano Nascimento presentan \u00abC&#8217;est l&#8217;heure du b\u0153uf\u00bb","datePublished":"2025-03-13T15:32:56+00:00","dateModified":"2025-03-27T15:35:30+00:00","mainEntityOfPage":{"@id":"https:\/\/veevcom.com\/es\/la-cie-la-roda-presente-cest-lheure-du-boeuf-de-claire-luzi-christiano-nascimento\/"},"wordCount":275,"image":{"@id":"https:\/\/veevcom.com\/es\/la-cie-la-roda-presente-cest-lheure-du-boeuf-de-claire-luzi-christiano-nascimento\/#primaryimage"},"thumbnailUrl":"https:\/\/veevcom.com\/wp-content\/uploads\/2025\/03\/Recto_1_BMB\u00a9Sylvain-Barre.jpg","articleSection":["Actualidad"],"inLanguage":"es"},{"@type":"WebPage","@id":"https:\/\/veevcom.com\/es\/la-cie-la-roda-presente-cest-lheure-du-boeuf-de-claire-luzi-christiano-nascimento\/","url":"https:\/\/veevcom.com\/es\/la-cie-la-roda-presente-cest-lheure-du-boeuf-de-claire-luzi-christiano-nascimento\/","name":"Claire Luzi & Cristiano Nascimento presentan \"C'est l'heure du b\u0153uf\"  - VeevCom","isPartOf":{"@id":"https:\/\/veevcom.com\/es\/#website"},"primaryImageOfPage":{"@id":"https:\/\/veevcom.com\/es\/la-cie-la-roda-presente-cest-lheure-du-boeuf-de-claire-luzi-christiano-nascimento\/#primaryimage"},"image":{"@id":"https:\/\/veevcom.com\/es\/la-cie-la-roda-presente-cest-lheure-du-boeuf-de-claire-luzi-christiano-nascimento\/#primaryimage"},"thumbnailUrl":"https:\/\/veevcom.com\/wp-content\/uploads\/2025\/03\/Recto_1_BMB\u00a9Sylvain-Barre.jpg","datePublished":"2025-03-13T15:32:56+00:00","dateModified":"2025-03-27T15:35:30+00:00","author":{"@id":"https:\/\/veevcom.com\/#\/schema\/person\/754f1f5a030d278766b52cf0e0c62e8b"},"breadcrumb":{"@id":"https:\/\/veevcom.com\/es\/la-cie-la-roda-presente-cest-lheure-du-boeuf-de-claire-luzi-christiano-nascimento\/#breadcrumb"},"inLanguage":"es","potentialAction":[{"@type":"ReadAction","target":[["https:\/\/veevcom.com\/es\/la-cie-la-roda-presente-cest-lheure-du-boeuf-de-claire-luzi-christiano-nascimento\/"]]}]},{"@type":"ImageObject","inLanguage":"es","@id":"https:\/\/veevcom.com\/es\/la-cie-la-roda-presente-cest-lheure-du-boeuf-de-claire-luzi-christiano-nascimento\/#primaryimage","url":"https:\/\/veevcom.com\/wp-content\/uploads\/2025\/03\/Recto_1_BMB\u00a9Sylvain-Barre.jpg","contentUrl":"https:\/\/veevcom.com\/wp-content\/uploads\/2025\/03\/Recto_1_BMB\u00a9Sylvain-Barre.jpg","width":1800,"height":1560},{"@type":"BreadcrumbList","@id":"https:\/\/veevcom.com\/es\/la-cie-la-roda-presente-cest-lheure-du-boeuf-de-claire-luzi-christiano-nascimento\/#breadcrumb","itemListElement":[{"@type":"ListItem","position":1,"name":"Accueil","item":"https:\/\/veevcom.com\/es\/"},{"@type":"ListItem","position":2,"name":"Claire Luzi &#038; Cristiano Nascimento presentan \u00abC&#8217;est l&#8217;heure du b\u0153uf\u00bb"}]},{"@type":"WebSite","@id":"https:\/\/veevcom.com\/es\/#website","url":"https:\/\/veevcom.com\/es\/","name":"VeevCom","description":"Public Relations and Communication in the Music Industry","potentialAction":[{"@type":"SearchAction","target":{"@type":"EntryPoint","urlTemplate":"https:\/\/veevcom.com\/es\/?s={search_term_string}"},"query-input":{"@type":"PropertyValueSpecification","valueRequired":true,"valueName":"search_term_string"}}],"inLanguage":"es"},{"@type":"Person","@id":"https:\/\/veevcom.com\/#\/schema\/person\/754f1f5a030d278766b52cf0e0c62e8b","name":"severine","image":{"@type":"ImageObject","inLanguage":"es","@id":"https:\/\/secure.gravatar.com\/avatar\/ba307ed472519f403589981b25bf62b4089c1f82b837eaae855dd05633adf22c?s=96&d=mm&r=g","url":"https:\/\/secure.gravatar.com\/avatar\/ba307ed472519f403589981b25bf62b4089c1f82b837eaae855dd05633adf22c?s=96&d=mm&r=g","contentUrl":"https:\/\/secure.gravatar.com\/avatar\/ba307ed472519f403589981b25bf62b4089c1f82b837eaae855dd05633adf22c?s=96&d=mm&r=g","caption":"severine"}}]}},"_links":{"self":[{"href":"https:\/\/veevcom.com\/es\/wp-json\/wp\/v2\/posts\/62125","targetHints":{"allow":["GET"]}}],"collection":[{"href":"https:\/\/veevcom.com\/es\/wp-json\/wp\/v2\/posts"}],"about":[{"href":"https:\/\/veevcom.com\/es\/wp-json\/wp\/v2\/types\/post"}],"author":[{"embeddable":true,"href":"https:\/\/veevcom.com\/es\/wp-json\/wp\/v2\/users\/3"}],"replies":[{"embeddable":true,"href":"https:\/\/veevcom.com\/es\/wp-json\/wp\/v2\/comments?post=62125"}],"version-history":[{"count":8,"href":"https:\/\/veevcom.com\/es\/wp-json\/wp\/v2\/posts\/62125\/revisions"}],"predecessor-version":[{"id":62179,"href":"https:\/\/veevcom.com\/es\/wp-json\/wp\/v2\/posts\/62125\/revisions\/62179"}],"wp:featuredmedia":[{"embeddable":true,"href":"https:\/\/veevcom.com\/es\/wp-json\/wp\/v2\/media\/62127"}],"wp:attachment":[{"href":"https:\/\/veevcom.com\/es\/wp-json\/wp\/v2\/media?parent=62125"}],"wp:term":[{"taxonomy":"category","embeddable":true,"href":"https:\/\/veevcom.com\/es\/wp-json\/wp\/v2\/categories?post=62125"},{"taxonomy":"post_tag","embeddable":true,"href":"https:\/\/veevcom.com\/es\/wp-json\/wp\/v2\/tags?post=62125"}],"curies":[{"name":"wp","href":"https:\/\/api.w.org\/{rel}","templated":true}]}}