{"id":62122,"date":"2025-03-13T16:32:04","date_gmt":"2025-03-13T15:32:04","guid":{"rendered":"http:\/\/veevcom.com\/?p=62122"},"modified":"2025-03-26T15:29:04","modified_gmt":"2025-03-26T14:29:04","slug":"la-cie-la-roda-presente-portraits-de-christiano-nascimento-wim-welker","status":"publish","type":"post","link":"https:\/\/veevcom.com\/es\/la-cie-la-roda-presente-portraits-de-christiano-nascimento-wim-welker\/","title":{"rendered":"Cristiano Nascimento &#038; Wim Welker presentan \u00abPortraits\u00bb"},"content":{"rendered":"<p class=\"qtranxs-available-languages-message qtranxs-available-languages-message-es\">Disculpa, pero esta entrada est\u00e1 disponible s\u00f3lo en <a href=\"https:\/\/veevcom.com\/fr\/wp-json\/wp\/v2\/posts\/62122\" class=\"qtranxs-available-language-link qtranxs-available-language-link-fr\" title=\"FR\">FR<\/a> y <a href=\"https:\/\/veevcom.com\/en\/wp-json\/wp\/v2\/posts\/62122\" class=\"qtranxs-available-language-link qtranxs-available-language-link-en\" title=\"EN\">EN<\/a>.<\/p><p><strong>\u00ab Portraits \u00bb de Cristiano Nascimento &amp; Wim Welker<\/strong><br \/>\nSortie le 18\/04\/2025 (Noa Music \/ InOu\u00efe Distribution \/ Cie La Roda). L&#8217;opus sera pr\u00e9sent\u00e9 <strong>le jour m\u00eame<\/strong> pour un <strong>concert de lancement <\/strong>exceptionnel, \u00e0 <strong>Aix-en-Provence<\/strong>, dans le cadre du <strong>2e<\/strong> <strong>Festival International de Choro<\/strong>.&nbsp;<\/p>\n<p>Paysages du <strong>Choro<\/strong>, hommage \u00e0 de grands compositeurs du <strong>Choro<\/strong> br\u00e9silien.<\/p>\n<p>Explorant les codes des musiques populaires du Br\u00e9sil, <strong>Cristiano Nascimento<\/strong> &amp; <strong>Wim Welker<\/strong> livrent un r\u00e9pertoire personnel et intimiste autour de leur instrument de pr\u00e9dilection : la <strong>guitare<\/strong>, instrument complet en soi, de par ses possibilit\u00e9s sonores et sa port\u00e9e \u00e9motionnelle, \u00ab un orchestre \u00e0 lui seul \u00bb.<\/p>\n<p>Compositions et arrangements pour guitare 7 cordes, viola nordestine et guitare \u00e9lectrique jazz, constell\u00e9s d\u2019improvisations aux influences multiples.<\/p>","protected":false},"excerpt":{"rendered":"<p>Disculpa, pero esta entrada est\u00e1 disponible s\u00f3lo en FR y EN.\u00ab Portraits \u00bb de Cristiano Nascimento &amp; Wim Welker Sortie le 18\/04\/2025 (Noa Music \/ InOu\u00efe Distribution \/ Cie La Roda). L&#8217;opus sera pr\u00e9sent\u00e9 le jour m\u00eame pour un concert de lancement exceptionnel, \u00e0 Aix-en-Provence, dans le cadre du 2e Festival International de Choro.&nbsp; Paysages [&hellip;]<\/p>\n","protected":false},"author":3,"featured_media":62123,"comment_status":"closed","ping_status":"closed","sticky":false,"template":"","format":"standard","meta":{"_acf_changed":false,"footnotes":""},"categories":[1],"tags":[],"class_list":["post-62122","post","type-post","status-publish","format-standard","has-post-thumbnail","hentry","category-non-classe"],"acf":[],"yoast_head":"<!-- This site is optimized with the Yoast SEO plugin v27.4 - https:\/\/yoast.com\/product\/yoast-seo-wordpress\/ -->\n<title>Cristiano Nascimento &amp; Wim Welker presentan &quot;Portraits&quot;  - VeevCom<\/title>\n<meta name=\"robots\" content=\"index, follow, max-snippet:-1, max-image-preview:large, max-video-preview:-1\" \/>\n<link rel=\"canonical\" href=\"https:\/\/veevcom.com\/es\/la-cie-la-roda-presente-portraits-de-christiano-nascimento-wim-welker\/\" \/>\n<meta property=\"og:locale\" content=\"es_ES\" \/>\n<meta property=\"og:type\" content=\"article\" \/>\n<meta property=\"og:title\" content=\"Cristiano Nascimento &amp; Wim Welker presentan &quot;Portraits&quot;  - VeevCom\" \/>\n<meta property=\"og:description\" content=\"Disculpa, pero esta entrada est\u00e1 disponible s\u00f3lo en FR y EN.\u00ab Portraits \u00bb de Cristiano Nascimento &amp; Wim Welker Sortie le 18\/04\/2025 (Noa Music \/ InOu\u00efe Distribution \/ Cie La Roda). L&#8217;opus sera pr\u00e9sent\u00e9 le jour m\u00eame pour un concert de lancement exceptionnel, \u00e0 Aix-en-Provence, dans le cadre du 2e Festival International de Choro.&nbsp; Paysages [&hellip;]\" \/>\n<meta property=\"og:url\" content=\"https:\/\/veevcom.com\/es\/la-cie-la-roda-presente-portraits-de-christiano-nascimento-wim-welker\/\" \/>\n<meta property=\"og:site_name\" content=\"VeevCom\" \/>\n<meta property=\"article:published_time\" content=\"2025-03-13T15:32:04+00:00\" \/>\n<meta property=\"article:modified_time\" content=\"2025-03-26T14:29:04+00:00\" \/>\n<meta property=\"og:image\" content=\"https:\/\/veevcom.com\/wp-content\/uploads\/2025\/03\/pochette_Portraits\u00a9-Joran-Tabeaud.jpg\" \/>\n\t<meta property=\"og:image:width\" content=\"1417\" \/>\n\t<meta property=\"og:image:height\" content=\"1417\" \/>\n\t<meta property=\"og:image:type\" content=\"image\/jpeg\" \/>\n<meta name=\"author\" content=\"severine\" \/>\n<meta name=\"twitter:card\" content=\"summary_large_image\" \/>\n<meta name=\"twitter:label1\" content=\"Escrito por\" \/>\n\t<meta name=\"twitter:data1\" content=\"severine\" \/>\n\t<meta name=\"twitter:label2\" content=\"Tiempo de lectura\" \/>\n\t<meta name=\"twitter:data2\" content=\"1 minuto\" \/>\n<script type=\"application\/ld+json\" class=\"yoast-schema-graph\">{\"@context\":\"https:\\\/\\\/schema.org\",\"@graph\":[{\"@type\":\"Article\",\"@id\":\"https:\\\/\\\/veevcom.com\\\/es\\\/la-cie-la-roda-presente-portraits-de-christiano-nascimento-wim-welker\\\/#article\",\"isPartOf\":{\"@id\":\"https:\\\/\\\/veevcom.com\\\/es\\\/la-cie-la-roda-presente-portraits-de-christiano-nascimento-wim-welker\\\/\"},\"author\":{\"name\":\"severine\",\"@id\":\"https:\\\/\\\/veevcom.com\\\/#\\\/schema\\\/person\\\/754f1f5a030d278766b52cf0e0c62e8b\"},\"headline\":\"Cristiano Nascimento &#038; Wim Welker presentan \u00abPortraits\u00bb\",\"datePublished\":\"2025-03-13T15:32:04+00:00\",\"dateModified\":\"2025-03-26T14:29:04+00:00\",\"mainEntityOfPage\":{\"@id\":\"https:\\\/\\\/veevcom.com\\\/es\\\/la-cie-la-roda-presente-portraits-de-christiano-nascimento-wim-welker\\\/\"},\"wordCount\":256,\"image\":{\"@id\":\"https:\\\/\\\/veevcom.com\\\/es\\\/la-cie-la-roda-presente-portraits-de-christiano-nascimento-wim-welker\\\/#primaryimage\"},\"thumbnailUrl\":\"https:\\\/\\\/veevcom.com\\\/wp-content\\\/uploads\\\/2025\\\/03\\\/pochette_Portraits\u00a9-Joran-Tabeaud.jpg\",\"articleSection\":[\"Actualidad\"],\"inLanguage\":\"es\"},{\"@type\":\"WebPage\",\"@id\":\"https:\\\/\\\/veevcom.com\\\/es\\\/la-cie-la-roda-presente-portraits-de-christiano-nascimento-wim-welker\\\/\",\"url\":\"https:\\\/\\\/veevcom.com\\\/es\\\/la-cie-la-roda-presente-portraits-de-christiano-nascimento-wim-welker\\\/\",\"name\":\"Cristiano Nascimento & Wim Welker presentan \\\"Portraits\\\"  - VeevCom\",\"isPartOf\":{\"@id\":\"https:\\\/\\\/veevcom.com\\\/es\\\/#website\"},\"primaryImageOfPage\":{\"@id\":\"https:\\\/\\\/veevcom.com\\\/es\\\/la-cie-la-roda-presente-portraits-de-christiano-nascimento-wim-welker\\\/#primaryimage\"},\"image\":{\"@id\":\"https:\\\/\\\/veevcom.com\\\/es\\\/la-cie-la-roda-presente-portraits-de-christiano-nascimento-wim-welker\\\/#primaryimage\"},\"thumbnailUrl\":\"https:\\\/\\\/veevcom.com\\\/wp-content\\\/uploads\\\/2025\\\/03\\\/pochette_Portraits\u00a9-Joran-Tabeaud.jpg\",\"datePublished\":\"2025-03-13T15:32:04+00:00\",\"dateModified\":\"2025-03-26T14:29:04+00:00\",\"author\":{\"@id\":\"https:\\\/\\\/veevcom.com\\\/#\\\/schema\\\/person\\\/754f1f5a030d278766b52cf0e0c62e8b\"},\"breadcrumb\":{\"@id\":\"https:\\\/\\\/veevcom.com\\\/es\\\/la-cie-la-roda-presente-portraits-de-christiano-nascimento-wim-welker\\\/#breadcrumb\"},\"inLanguage\":\"es\",\"potentialAction\":[{\"@type\":\"ReadAction\",\"target\":[[\"https:\\\/\\\/veevcom.com\\\/es\\\/la-cie-la-roda-presente-portraits-de-christiano-nascimento-wim-welker\\\/\"]]}]},{\"@type\":\"ImageObject\",\"inLanguage\":\"es\",\"@id\":\"https:\\\/\\\/veevcom.com\\\/es\\\/la-cie-la-roda-presente-portraits-de-christiano-nascimento-wim-welker\\\/#primaryimage\",\"url\":\"https:\\\/\\\/veevcom.com\\\/wp-content\\\/uploads\\\/2025\\\/03\\\/pochette_Portraits\u00a9-Joran-Tabeaud.jpg\",\"contentUrl\":\"https:\\\/\\\/veevcom.com\\\/wp-content\\\/uploads\\\/2025\\\/03\\\/pochette_Portraits\u00a9-Joran-Tabeaud.jpg\",\"width\":1417,\"height\":1417},{\"@type\":\"BreadcrumbList\",\"@id\":\"https:\\\/\\\/veevcom.com\\\/es\\\/la-cie-la-roda-presente-portraits-de-christiano-nascimento-wim-welker\\\/#breadcrumb\",\"itemListElement\":[{\"@type\":\"ListItem\",\"position\":1,\"name\":\"Accueil\",\"item\":\"https:\\\/\\\/veevcom.com\\\/es\\\/\"},{\"@type\":\"ListItem\",\"position\":2,\"name\":\"Cristiano Nascimento &#038; Wim Welker presentan \u00abPortraits\u00bb\"}]},{\"@type\":\"WebSite\",\"@id\":\"https:\\\/\\\/veevcom.com\\\/es\\\/#website\",\"url\":\"https:\\\/\\\/veevcom.com\\\/es\\\/\",\"name\":\"VeevCom\",\"description\":\"Public Relations and Communication in the Music Industry\",\"potentialAction\":[{\"@type\":\"SearchAction\",\"target\":{\"@type\":\"EntryPoint\",\"urlTemplate\":\"https:\\\/\\\/veevcom.com\\\/es\\\/?s={search_term_string}\"},\"query-input\":{\"@type\":\"PropertyValueSpecification\",\"valueRequired\":true,\"valueName\":\"search_term_string\"}}],\"inLanguage\":\"es\"},{\"@type\":\"Person\",\"@id\":\"https:\\\/\\\/veevcom.com\\\/#\\\/schema\\\/person\\\/754f1f5a030d278766b52cf0e0c62e8b\",\"name\":\"severine\",\"image\":{\"@type\":\"ImageObject\",\"inLanguage\":\"es\",\"@id\":\"https:\\\/\\\/secure.gravatar.com\\\/avatar\\\/ba307ed472519f403589981b25bf62b4089c1f82b837eaae855dd05633adf22c?s=96&d=mm&r=g\",\"url\":\"https:\\\/\\\/secure.gravatar.com\\\/avatar\\\/ba307ed472519f403589981b25bf62b4089c1f82b837eaae855dd05633adf22c?s=96&d=mm&r=g\",\"contentUrl\":\"https:\\\/\\\/secure.gravatar.com\\\/avatar\\\/ba307ed472519f403589981b25bf62b4089c1f82b837eaae855dd05633adf22c?s=96&d=mm&r=g\",\"caption\":\"severine\"}}]}<\/script>\n<!-- \/ Yoast SEO plugin. -->","yoast_head_json":{"title":"Cristiano Nascimento & Wim Welker presentan \"Portraits\"  - VeevCom","robots":{"index":"index","follow":"follow","max-snippet":"max-snippet:-1","max-image-preview":"max-image-preview:large","max-video-preview":"max-video-preview:-1"},"canonical":"https:\/\/veevcom.com\/es\/la-cie-la-roda-presente-portraits-de-christiano-nascimento-wim-welker\/","og_locale":"es_ES","og_type":"article","og_title":"Cristiano Nascimento & Wim Welker presentan \"Portraits\"  - VeevCom","og_description":"Disculpa, pero esta entrada est\u00e1 disponible s\u00f3lo en FR y EN.\u00ab Portraits \u00bb de Cristiano Nascimento &amp; Wim Welker Sortie le 18\/04\/2025 (Noa Music \/ InOu\u00efe Distribution \/ Cie La Roda). L&#8217;opus sera pr\u00e9sent\u00e9 le jour m\u00eame pour un concert de lancement exceptionnel, \u00e0 Aix-en-Provence, dans le cadre du 2e Festival International de Choro.&nbsp; Paysages [&hellip;]","og_url":"https:\/\/veevcom.com\/es\/la-cie-la-roda-presente-portraits-de-christiano-nascimento-wim-welker\/","og_site_name":"VeevCom","article_published_time":"2025-03-13T15:32:04+00:00","article_modified_time":"2025-03-26T14:29:04+00:00","og_image":[{"width":1417,"height":1417,"url":"https:\/\/veevcom.com\/wp-content\/uploads\/2025\/03\/pochette_Portraits\u00a9-Joran-Tabeaud.jpg","type":"image\/jpeg"}],"author":"severine","twitter_card":"summary_large_image","twitter_misc":{"Escrito por":"severine","Tiempo de lectura":"1 minuto"},"schema":{"@context":"https:\/\/schema.org","@graph":[{"@type":"Article","@id":"https:\/\/veevcom.com\/es\/la-cie-la-roda-presente-portraits-de-christiano-nascimento-wim-welker\/#article","isPartOf":{"@id":"https:\/\/veevcom.com\/es\/la-cie-la-roda-presente-portraits-de-christiano-nascimento-wim-welker\/"},"author":{"name":"severine","@id":"https:\/\/veevcom.com\/#\/schema\/person\/754f1f5a030d278766b52cf0e0c62e8b"},"headline":"Cristiano Nascimento &#038; Wim Welker presentan \u00abPortraits\u00bb","datePublished":"2025-03-13T15:32:04+00:00","dateModified":"2025-03-26T14:29:04+00:00","mainEntityOfPage":{"@id":"https:\/\/veevcom.com\/es\/la-cie-la-roda-presente-portraits-de-christiano-nascimento-wim-welker\/"},"wordCount":256,"image":{"@id":"https:\/\/veevcom.com\/es\/la-cie-la-roda-presente-portraits-de-christiano-nascimento-wim-welker\/#primaryimage"},"thumbnailUrl":"https:\/\/veevcom.com\/wp-content\/uploads\/2025\/03\/pochette_Portraits\u00a9-Joran-Tabeaud.jpg","articleSection":["Actualidad"],"inLanguage":"es"},{"@type":"WebPage","@id":"https:\/\/veevcom.com\/es\/la-cie-la-roda-presente-portraits-de-christiano-nascimento-wim-welker\/","url":"https:\/\/veevcom.com\/es\/la-cie-la-roda-presente-portraits-de-christiano-nascimento-wim-welker\/","name":"Cristiano Nascimento & Wim Welker presentan \"Portraits\"  - VeevCom","isPartOf":{"@id":"https:\/\/veevcom.com\/es\/#website"},"primaryImageOfPage":{"@id":"https:\/\/veevcom.com\/es\/la-cie-la-roda-presente-portraits-de-christiano-nascimento-wim-welker\/#primaryimage"},"image":{"@id":"https:\/\/veevcom.com\/es\/la-cie-la-roda-presente-portraits-de-christiano-nascimento-wim-welker\/#primaryimage"},"thumbnailUrl":"https:\/\/veevcom.com\/wp-content\/uploads\/2025\/03\/pochette_Portraits\u00a9-Joran-Tabeaud.jpg","datePublished":"2025-03-13T15:32:04+00:00","dateModified":"2025-03-26T14:29:04+00:00","author":{"@id":"https:\/\/veevcom.com\/#\/schema\/person\/754f1f5a030d278766b52cf0e0c62e8b"},"breadcrumb":{"@id":"https:\/\/veevcom.com\/es\/la-cie-la-roda-presente-portraits-de-christiano-nascimento-wim-welker\/#breadcrumb"},"inLanguage":"es","potentialAction":[{"@type":"ReadAction","target":[["https:\/\/veevcom.com\/es\/la-cie-la-roda-presente-portraits-de-christiano-nascimento-wim-welker\/"]]}]},{"@type":"ImageObject","inLanguage":"es","@id":"https:\/\/veevcom.com\/es\/la-cie-la-roda-presente-portraits-de-christiano-nascimento-wim-welker\/#primaryimage","url":"https:\/\/veevcom.com\/wp-content\/uploads\/2025\/03\/pochette_Portraits\u00a9-Joran-Tabeaud.jpg","contentUrl":"https:\/\/veevcom.com\/wp-content\/uploads\/2025\/03\/pochette_Portraits\u00a9-Joran-Tabeaud.jpg","width":1417,"height":1417},{"@type":"BreadcrumbList","@id":"https:\/\/veevcom.com\/es\/la-cie-la-roda-presente-portraits-de-christiano-nascimento-wim-welker\/#breadcrumb","itemListElement":[{"@type":"ListItem","position":1,"name":"Accueil","item":"https:\/\/veevcom.com\/es\/"},{"@type":"ListItem","position":2,"name":"Cristiano Nascimento &#038; Wim Welker presentan \u00abPortraits\u00bb"}]},{"@type":"WebSite","@id":"https:\/\/veevcom.com\/es\/#website","url":"https:\/\/veevcom.com\/es\/","name":"VeevCom","description":"Public Relations and Communication in the Music Industry","potentialAction":[{"@type":"SearchAction","target":{"@type":"EntryPoint","urlTemplate":"https:\/\/veevcom.com\/es\/?s={search_term_string}"},"query-input":{"@type":"PropertyValueSpecification","valueRequired":true,"valueName":"search_term_string"}}],"inLanguage":"es"},{"@type":"Person","@id":"https:\/\/veevcom.com\/#\/schema\/person\/754f1f5a030d278766b52cf0e0c62e8b","name":"severine","image":{"@type":"ImageObject","inLanguage":"es","@id":"https:\/\/secure.gravatar.com\/avatar\/ba307ed472519f403589981b25bf62b4089c1f82b837eaae855dd05633adf22c?s=96&d=mm&r=g","url":"https:\/\/secure.gravatar.com\/avatar\/ba307ed472519f403589981b25bf62b4089c1f82b837eaae855dd05633adf22c?s=96&d=mm&r=g","contentUrl":"https:\/\/secure.gravatar.com\/avatar\/ba307ed472519f403589981b25bf62b4089c1f82b837eaae855dd05633adf22c?s=96&d=mm&r=g","caption":"severine"}}]}},"_links":{"self":[{"href":"https:\/\/veevcom.com\/es\/wp-json\/wp\/v2\/posts\/62122","targetHints":{"allow":["GET"]}}],"collection":[{"href":"https:\/\/veevcom.com\/es\/wp-json\/wp\/v2\/posts"}],"about":[{"href":"https:\/\/veevcom.com\/es\/wp-json\/wp\/v2\/types\/post"}],"author":[{"embeddable":true,"href":"https:\/\/veevcom.com\/es\/wp-json\/wp\/v2\/users\/3"}],"replies":[{"embeddable":true,"href":"https:\/\/veevcom.com\/es\/wp-json\/wp\/v2\/comments?post=62122"}],"version-history":[{"count":9,"href":"https:\/\/veevcom.com\/es\/wp-json\/wp\/v2\/posts\/62122\/revisions"}],"predecessor-version":[{"id":62164,"href":"https:\/\/veevcom.com\/es\/wp-json\/wp\/v2\/posts\/62122\/revisions\/62164"}],"wp:featuredmedia":[{"embeddable":true,"href":"https:\/\/veevcom.com\/es\/wp-json\/wp\/v2\/media\/62123"}],"wp:attachment":[{"href":"https:\/\/veevcom.com\/es\/wp-json\/wp\/v2\/media?parent=62122"}],"wp:term":[{"taxonomy":"category","embeddable":true,"href":"https:\/\/veevcom.com\/es\/wp-json\/wp\/v2\/categories?post=62122"},{"taxonomy":"post_tag","embeddable":true,"href":"https:\/\/veevcom.com\/es\/wp-json\/wp\/v2\/tags?post=62122"}],"curies":[{"name":"wp","href":"https:\/\/api.w.org\/{rel}","templated":true}]}}