{"id":54188,"date":"2024-11-15T12:17:44","date_gmt":"2024-11-15T11:17:44","guid":{"rendered":"http:\/\/veevcom.com\/?p=54188"},"modified":"2024-12-17T17:21:04","modified_gmt":"2024-12-17T16:21:04","slug":"ninon-valder-presente-en-mi-corazon","status":"publish","type":"post","link":"https:\/\/veevcom.com\/es\/ninon-valder-presente-en-mi-corazon\/","title":{"rendered":"Ninon Valder presenta \u00abEn mi coraz\u00f3n\u00bb"},"content":{"rendered":"<p><strong>Ninon<\/strong> <strong>Valder<\/strong> revelar\u00e1 \u00ab<strong>En mi coraz\u00f3n<\/strong>\u00ab, su nuevo \u00e1lbum, con motivo de su lanzamiento el <strong>10 de enero de 2025<\/strong> bajo el sello <strong>Flying Penguins<\/strong> \/ <strong>InOu\u00efe Distribution.<\/strong> Este trabajo ser\u00e1 presentado el <strong>martes 11 de febrero de 2025<\/strong> en el escenario del <strong>Studio de L\u2019Ermitage<\/strong> durante un concierto de lanzamiento excepcional.<\/p>\n<p>El sencillo <strong>\u00abViento del sol\u00bb<\/strong> est\u00e1 disponible desde el <strong>8 de noviembre de 2024<\/strong> en todas las plataformas.<\/p>\n<p><em>\u00ab &#8230;es como estar en la ventana de un tren que no va demasiado r\u00e1pido, como para embriagarse con los colores cambiantes de un paisaje sonoro que no es m\u00e1s que una declaraci\u00f3n de amor a la vida, a la m\u00fasica y a Argentina&#8230; \u00bb<\/em><\/p>\n<p><strong>Laurent Valero<\/strong> &#8211; France Musique<\/p>\n<p>El equipo de <strong>\u00abEn mi coraz\u00f3n\u00bb<\/strong> est\u00e1 compuesto por:<\/p>\n<p><strong>Ninon Valder:<\/strong> bandone\u00f3n, flautas, voz, composiciones<br \/>\n<strong>Sebasti\u00e1n Cordero:<\/strong> guitarra<br \/>\n<strong>Kevin Seddiki:<\/strong> guitarra<br \/>\n<strong>Carine Bonnefoy:<\/strong> piano<br \/>\n<strong>Ra\u00fal Barboza:<\/strong> acorde\u00f3n<br \/>\n<strong>R\u00e9mi Bourcereau:<\/strong> grabaci\u00f3n y mezcla<\/p>\n<p><strong>Ninon Valder<\/strong> es una m\u00fasica de trayectoria at\u00edpica y excepcional, capaz de combinar diferentes mundos mientras conserva su integridad y su perspectiva. Se describe como una amazona del viento, o incluso como una chamana del aire, buscando crear v\u00ednculos entre nuestras identidades profundas, nuestras tierras y nuestros cielos, e iluminar esos momentos en los que nos sentimos realmente vivos.<\/p>\n<p>Con sus flautas, su bandone\u00f3n y su voz, <strong>Ninon Valder<\/strong> nos transmite su pasi\u00f3n por la m\u00fasica argentina y las creaciones musicales. En <strong>\u00abEn mi coraz\u00f3n\u00bb,<\/strong> comparte su m\u00fasica a trav\u00e9s de duetos \u00edntimos y poderosos con maravillosos m\u00fasicos como <strong>Kevin Seddiki<\/strong> &#8211; guitarra (ECM, Al di Meola, Jean-Louis Matinier&#8230;), <strong>Sebasti\u00e1n Cordero<\/strong> &#8211; guitarra (Daniele Sepe, Liat Cohen, Ver\u00f3nica Kadlubkiewicz), <strong>Carine Bonnefoy<\/strong> &#8211; piano (Vince Mendoza, Grammy Latino, Premio Sacem, Django d&#8217;Or), y el gran <strong>Ra\u00fal Barboza<\/strong> &#8211; acorde\u00f3n (referente de la m\u00fasica argentina y del chamam\u00e9).<\/p>\n<p><strong>Ninon<\/strong> nos cuenta la vida compartida en los caminos del mundo, libre. En su voz resuena <strong>Mercedes Sosa,<\/strong> en su bandone\u00f3n se siente la influencia de <strong>Dino Saluzzi,<\/strong> y su flauta transporta m\u00e1s all\u00e1 de cualquier frontera.<\/p>\n<p>La hemos visto en d\u00fao con <strong>Colacho Brizuela<\/strong> (guitarrista, arreglista y director musical hist\u00f3rico de <strong>Mercedes Sosa)<\/strong> en el \u00e1lbum <strong>Cuscaias<\/strong> (2013 &#8211; Acqua Record), o dirigiendo el tr\u00edo instrumental <strong>Las Famatinas<\/strong> en vivo y en el disco As\u00ed seguimos andando (2020 &#8211; Les Belles \u00c9couteuses).<\/p>","protected":false},"excerpt":{"rendered":"<p>Ninon Valder revelar\u00e1 \u00abEn mi coraz\u00f3n\u00ab, su nuevo \u00e1lbum, con motivo de su lanzamiento el 10 de enero de 2025 bajo el sello Flying Penguins \/ InOu\u00efe Distribution. Este trabajo ser\u00e1 presentado el martes 11 de febrero de 2025 en el escenario del Studio de L\u2019Ermitage durante un concierto de lanzamiento excepcional. El sencillo \u00abViento [&hellip;]<\/p>\n","protected":false},"author":3,"featured_media":54261,"comment_status":"closed","ping_status":"closed","sticky":false,"template":"","format":"standard","meta":{"_acf_changed":false,"footnotes":""},"categories":[1],"tags":[],"class_list":["post-54188","post","type-post","status-publish","format-standard","has-post-thumbnail","hentry","category-non-classe"],"acf":[],"yoast_head":"<!-- This site is optimized with the Yoast SEO plugin v27.4 - https:\/\/yoast.com\/product\/yoast-seo-wordpress\/ -->\n<title>Ninon Valder presenta &quot;En mi coraz\u00f3n&quot; - VeevCom<\/title>\n<meta name=\"robots\" content=\"index, follow, max-snippet:-1, max-image-preview:large, max-video-preview:-1\" \/>\n<link rel=\"canonical\" href=\"https:\/\/veevcom.com\/es\/ninon-valder-presente-en-mi-corazon\/\" \/>\n<meta property=\"og:locale\" content=\"es_ES\" \/>\n<meta property=\"og:type\" content=\"article\" \/>\n<meta property=\"og:title\" content=\"Ninon Valder presenta &quot;En mi coraz\u00f3n&quot; - VeevCom\" \/>\n<meta property=\"og:description\" content=\"Ninon Valder revelar\u00e1 \u00abEn mi coraz\u00f3n\u00ab, su nuevo \u00e1lbum, con motivo de su lanzamiento el 10 de enero de 2025 bajo el sello Flying Penguins \/ InOu\u00efe Distribution. Este trabajo ser\u00e1 presentado el martes 11 de febrero de 2025 en el escenario del Studio de L\u2019Ermitage durante un concierto de lanzamiento excepcional. El sencillo \u00abViento [&hellip;]\" \/>\n<meta property=\"og:url\" content=\"https:\/\/veevcom.com\/es\/ninon-valder-presente-en-mi-corazon\/\" \/>\n<meta property=\"og:site_name\" content=\"VeevCom\" \/>\n<meta property=\"article:published_time\" content=\"2024-11-15T11:17:44+00:00\" \/>\n<meta property=\"article:modified_time\" content=\"2024-12-17T16:21:04+00:00\" \/>\n<meta property=\"og:image\" content=\"https:\/\/veevcom.com\/wp-content\/uploads\/2024\/11\/pochette-ninon-valder\u00a9Max-Ruiz-1.jpg\" \/>\n\t<meta property=\"og:image:width\" content=\"1440\" \/>\n\t<meta property=\"og:image:height\" content=\"1440\" \/>\n\t<meta property=\"og:image:type\" content=\"image\/jpeg\" \/>\n<meta name=\"author\" content=\"severine\" \/>\n<meta name=\"twitter:card\" content=\"summary_large_image\" \/>\n<meta name=\"twitter:label1\" content=\"Escrito por\" \/>\n\t<meta name=\"twitter:data1\" content=\"severine\" \/>\n\t<meta name=\"twitter:label2\" content=\"Tiempo de lectura\" \/>\n\t<meta name=\"twitter:data2\" content=\"6 minutos\" \/>\n<script type=\"application\/ld+json\" class=\"yoast-schema-graph\">{\"@context\":\"https:\\\/\\\/schema.org\",\"@graph\":[{\"@type\":\"Article\",\"@id\":\"https:\\\/\\\/veevcom.com\\\/es\\\/ninon-valder-presente-en-mi-corazon\\\/#article\",\"isPartOf\":{\"@id\":\"https:\\\/\\\/veevcom.com\\\/es\\\/ninon-valder-presente-en-mi-corazon\\\/\"},\"author\":{\"name\":\"severine\",\"@id\":\"https:\\\/\\\/veevcom.com\\\/#\\\/schema\\\/person\\\/754f1f5a030d278766b52cf0e0c62e8b\"},\"headline\":\"Ninon Valder presenta \u00abEn mi coraz\u00f3n\u00bb\",\"datePublished\":\"2024-11-15T11:17:44+00:00\",\"dateModified\":\"2024-12-17T16:21:04+00:00\",\"mainEntityOfPage\":{\"@id\":\"https:\\\/\\\/veevcom.com\\\/es\\\/ninon-valder-presente-en-mi-corazon\\\/\"},\"wordCount\":1215,\"image\":{\"@id\":\"https:\\\/\\\/veevcom.com\\\/es\\\/ninon-valder-presente-en-mi-corazon\\\/#primaryimage\"},\"thumbnailUrl\":\"https:\\\/\\\/veevcom.com\\\/wp-content\\\/uploads\\\/2024\\\/11\\\/pochette-ninon-valder\u00a9Max-Ruiz-1.jpg\",\"articleSection\":[\"Actualidad\"],\"inLanguage\":\"es\"},{\"@type\":\"WebPage\",\"@id\":\"https:\\\/\\\/veevcom.com\\\/es\\\/ninon-valder-presente-en-mi-corazon\\\/\",\"url\":\"https:\\\/\\\/veevcom.com\\\/es\\\/ninon-valder-presente-en-mi-corazon\\\/\",\"name\":\"Ninon Valder presenta \\\"En mi coraz\u00f3n\\\" - VeevCom\",\"isPartOf\":{\"@id\":\"https:\\\/\\\/veevcom.com\\\/es\\\/#website\"},\"primaryImageOfPage\":{\"@id\":\"https:\\\/\\\/veevcom.com\\\/es\\\/ninon-valder-presente-en-mi-corazon\\\/#primaryimage\"},\"image\":{\"@id\":\"https:\\\/\\\/veevcom.com\\\/es\\\/ninon-valder-presente-en-mi-corazon\\\/#primaryimage\"},\"thumbnailUrl\":\"https:\\\/\\\/veevcom.com\\\/wp-content\\\/uploads\\\/2024\\\/11\\\/pochette-ninon-valder\u00a9Max-Ruiz-1.jpg\",\"datePublished\":\"2024-11-15T11:17:44+00:00\",\"dateModified\":\"2024-12-17T16:21:04+00:00\",\"author\":{\"@id\":\"https:\\\/\\\/veevcom.com\\\/#\\\/schema\\\/person\\\/754f1f5a030d278766b52cf0e0c62e8b\"},\"breadcrumb\":{\"@id\":\"https:\\\/\\\/veevcom.com\\\/es\\\/ninon-valder-presente-en-mi-corazon\\\/#breadcrumb\"},\"inLanguage\":\"es\",\"potentialAction\":[{\"@type\":\"ReadAction\",\"target\":[[\"https:\\\/\\\/veevcom.com\\\/es\\\/ninon-valder-presente-en-mi-corazon\\\/\"]]}]},{\"@type\":\"ImageObject\",\"inLanguage\":\"es\",\"@id\":\"https:\\\/\\\/veevcom.com\\\/es\\\/ninon-valder-presente-en-mi-corazon\\\/#primaryimage\",\"url\":\"https:\\\/\\\/veevcom.com\\\/wp-content\\\/uploads\\\/2024\\\/11\\\/pochette-ninon-valder\u00a9Max-Ruiz-1.jpg\",\"contentUrl\":\"https:\\\/\\\/veevcom.com\\\/wp-content\\\/uploads\\\/2024\\\/11\\\/pochette-ninon-valder\u00a9Max-Ruiz-1.jpg\",\"width\":1440,\"height\":1440},{\"@type\":\"BreadcrumbList\",\"@id\":\"https:\\\/\\\/veevcom.com\\\/es\\\/ninon-valder-presente-en-mi-corazon\\\/#breadcrumb\",\"itemListElement\":[{\"@type\":\"ListItem\",\"position\":1,\"name\":\"Accueil\",\"item\":\"https:\\\/\\\/veevcom.com\\\/es\\\/\"},{\"@type\":\"ListItem\",\"position\":2,\"name\":\"Ninon Valder presenta \u00abEn mi coraz\u00f3n\u00bb\"}]},{\"@type\":\"WebSite\",\"@id\":\"https:\\\/\\\/veevcom.com\\\/es\\\/#website\",\"url\":\"https:\\\/\\\/veevcom.com\\\/es\\\/\",\"name\":\"VeevCom\",\"description\":\"Public Relations and Communication in the Music Industry\",\"potentialAction\":[{\"@type\":\"SearchAction\",\"target\":{\"@type\":\"EntryPoint\",\"urlTemplate\":\"https:\\\/\\\/veevcom.com\\\/es\\\/?s={search_term_string}\"},\"query-input\":{\"@type\":\"PropertyValueSpecification\",\"valueRequired\":true,\"valueName\":\"search_term_string\"}}],\"inLanguage\":\"es\"},{\"@type\":\"Person\",\"@id\":\"https:\\\/\\\/veevcom.com\\\/#\\\/schema\\\/person\\\/754f1f5a030d278766b52cf0e0c62e8b\",\"name\":\"severine\",\"image\":{\"@type\":\"ImageObject\",\"inLanguage\":\"es\",\"@id\":\"https:\\\/\\\/secure.gravatar.com\\\/avatar\\\/ba307ed472519f403589981b25bf62b4089c1f82b837eaae855dd05633adf22c?s=96&d=mm&r=g\",\"url\":\"https:\\\/\\\/secure.gravatar.com\\\/avatar\\\/ba307ed472519f403589981b25bf62b4089c1f82b837eaae855dd05633adf22c?s=96&d=mm&r=g\",\"contentUrl\":\"https:\\\/\\\/secure.gravatar.com\\\/avatar\\\/ba307ed472519f403589981b25bf62b4089c1f82b837eaae855dd05633adf22c?s=96&d=mm&r=g\",\"caption\":\"severine\"}}]}<\/script>\n<!-- \/ Yoast SEO plugin. -->","yoast_head_json":{"title":"Ninon Valder presenta \"En mi coraz\u00f3n\" - VeevCom","robots":{"index":"index","follow":"follow","max-snippet":"max-snippet:-1","max-image-preview":"max-image-preview:large","max-video-preview":"max-video-preview:-1"},"canonical":"https:\/\/veevcom.com\/es\/ninon-valder-presente-en-mi-corazon\/","og_locale":"es_ES","og_type":"article","og_title":"Ninon Valder presenta \"En mi coraz\u00f3n\" - VeevCom","og_description":"Ninon Valder revelar\u00e1 \u00abEn mi coraz\u00f3n\u00ab, su nuevo \u00e1lbum, con motivo de su lanzamiento el 10 de enero de 2025 bajo el sello Flying Penguins \/ InOu\u00efe Distribution. Este trabajo ser\u00e1 presentado el martes 11 de febrero de 2025 en el escenario del Studio de L\u2019Ermitage durante un concierto de lanzamiento excepcional. El sencillo \u00abViento [&hellip;]","og_url":"https:\/\/veevcom.com\/es\/ninon-valder-presente-en-mi-corazon\/","og_site_name":"VeevCom","article_published_time":"2024-11-15T11:17:44+00:00","article_modified_time":"2024-12-17T16:21:04+00:00","og_image":[{"width":1440,"height":1440,"url":"https:\/\/veevcom.com\/wp-content\/uploads\/2024\/11\/pochette-ninon-valder\u00a9Max-Ruiz-1.jpg","type":"image\/jpeg"}],"author":"severine","twitter_card":"summary_large_image","twitter_misc":{"Escrito por":"severine","Tiempo de lectura":"6 minutos"},"schema":{"@context":"https:\/\/schema.org","@graph":[{"@type":"Article","@id":"https:\/\/veevcom.com\/es\/ninon-valder-presente-en-mi-corazon\/#article","isPartOf":{"@id":"https:\/\/veevcom.com\/es\/ninon-valder-presente-en-mi-corazon\/"},"author":{"name":"severine","@id":"https:\/\/veevcom.com\/#\/schema\/person\/754f1f5a030d278766b52cf0e0c62e8b"},"headline":"Ninon Valder presenta \u00abEn mi coraz\u00f3n\u00bb","datePublished":"2024-11-15T11:17:44+00:00","dateModified":"2024-12-17T16:21:04+00:00","mainEntityOfPage":{"@id":"https:\/\/veevcom.com\/es\/ninon-valder-presente-en-mi-corazon\/"},"wordCount":1215,"image":{"@id":"https:\/\/veevcom.com\/es\/ninon-valder-presente-en-mi-corazon\/#primaryimage"},"thumbnailUrl":"https:\/\/veevcom.com\/wp-content\/uploads\/2024\/11\/pochette-ninon-valder\u00a9Max-Ruiz-1.jpg","articleSection":["Actualidad"],"inLanguage":"es"},{"@type":"WebPage","@id":"https:\/\/veevcom.com\/es\/ninon-valder-presente-en-mi-corazon\/","url":"https:\/\/veevcom.com\/es\/ninon-valder-presente-en-mi-corazon\/","name":"Ninon Valder presenta \"En mi coraz\u00f3n\" - VeevCom","isPartOf":{"@id":"https:\/\/veevcom.com\/es\/#website"},"primaryImageOfPage":{"@id":"https:\/\/veevcom.com\/es\/ninon-valder-presente-en-mi-corazon\/#primaryimage"},"image":{"@id":"https:\/\/veevcom.com\/es\/ninon-valder-presente-en-mi-corazon\/#primaryimage"},"thumbnailUrl":"https:\/\/veevcom.com\/wp-content\/uploads\/2024\/11\/pochette-ninon-valder\u00a9Max-Ruiz-1.jpg","datePublished":"2024-11-15T11:17:44+00:00","dateModified":"2024-12-17T16:21:04+00:00","author":{"@id":"https:\/\/veevcom.com\/#\/schema\/person\/754f1f5a030d278766b52cf0e0c62e8b"},"breadcrumb":{"@id":"https:\/\/veevcom.com\/es\/ninon-valder-presente-en-mi-corazon\/#breadcrumb"},"inLanguage":"es","potentialAction":[{"@type":"ReadAction","target":[["https:\/\/veevcom.com\/es\/ninon-valder-presente-en-mi-corazon\/"]]}]},{"@type":"ImageObject","inLanguage":"es","@id":"https:\/\/veevcom.com\/es\/ninon-valder-presente-en-mi-corazon\/#primaryimage","url":"https:\/\/veevcom.com\/wp-content\/uploads\/2024\/11\/pochette-ninon-valder\u00a9Max-Ruiz-1.jpg","contentUrl":"https:\/\/veevcom.com\/wp-content\/uploads\/2024\/11\/pochette-ninon-valder\u00a9Max-Ruiz-1.jpg","width":1440,"height":1440},{"@type":"BreadcrumbList","@id":"https:\/\/veevcom.com\/es\/ninon-valder-presente-en-mi-corazon\/#breadcrumb","itemListElement":[{"@type":"ListItem","position":1,"name":"Accueil","item":"https:\/\/veevcom.com\/es\/"},{"@type":"ListItem","position":2,"name":"Ninon Valder presenta \u00abEn mi coraz\u00f3n\u00bb"}]},{"@type":"WebSite","@id":"https:\/\/veevcom.com\/es\/#website","url":"https:\/\/veevcom.com\/es\/","name":"VeevCom","description":"Public Relations and Communication in the Music Industry","potentialAction":[{"@type":"SearchAction","target":{"@type":"EntryPoint","urlTemplate":"https:\/\/veevcom.com\/es\/?s={search_term_string}"},"query-input":{"@type":"PropertyValueSpecification","valueRequired":true,"valueName":"search_term_string"}}],"inLanguage":"es"},{"@type":"Person","@id":"https:\/\/veevcom.com\/#\/schema\/person\/754f1f5a030d278766b52cf0e0c62e8b","name":"severine","image":{"@type":"ImageObject","inLanguage":"es","@id":"https:\/\/secure.gravatar.com\/avatar\/ba307ed472519f403589981b25bf62b4089c1f82b837eaae855dd05633adf22c?s=96&d=mm&r=g","url":"https:\/\/secure.gravatar.com\/avatar\/ba307ed472519f403589981b25bf62b4089c1f82b837eaae855dd05633adf22c?s=96&d=mm&r=g","contentUrl":"https:\/\/secure.gravatar.com\/avatar\/ba307ed472519f403589981b25bf62b4089c1f82b837eaae855dd05633adf22c?s=96&d=mm&r=g","caption":"severine"}}]}},"_links":{"self":[{"href":"https:\/\/veevcom.com\/es\/wp-json\/wp\/v2\/posts\/54188","targetHints":{"allow":["GET"]}}],"collection":[{"href":"https:\/\/veevcom.com\/es\/wp-json\/wp\/v2\/posts"}],"about":[{"href":"https:\/\/veevcom.com\/es\/wp-json\/wp\/v2\/types\/post"}],"author":[{"embeddable":true,"href":"https:\/\/veevcom.com\/es\/wp-json\/wp\/v2\/users\/3"}],"replies":[{"embeddable":true,"href":"https:\/\/veevcom.com\/es\/wp-json\/wp\/v2\/comments?post=54188"}],"version-history":[{"count":3,"href":"https:\/\/veevcom.com\/es\/wp-json\/wp\/v2\/posts\/54188\/revisions"}],"predecessor-version":[{"id":54197,"href":"https:\/\/veevcom.com\/es\/wp-json\/wp\/v2\/posts\/54188\/revisions\/54197"}],"wp:featuredmedia":[{"embeddable":true,"href":"https:\/\/veevcom.com\/es\/wp-json\/wp\/v2\/media\/54261"}],"wp:attachment":[{"href":"https:\/\/veevcom.com\/es\/wp-json\/wp\/v2\/media?parent=54188"}],"wp:term":[{"taxonomy":"category","embeddable":true,"href":"https:\/\/veevcom.com\/es\/wp-json\/wp\/v2\/categories?post=54188"},{"taxonomy":"post_tag","embeddable":true,"href":"https:\/\/veevcom.com\/es\/wp-json\/wp\/v2\/tags?post=54188"}],"curies":[{"name":"wp","href":"https:\/\/api.w.org\/{rel}","templated":true}]}}