{"id":54134,"date":"2024-10-03T11:50:50","date_gmt":"2024-10-03T09:50:50","guid":{"rendered":"http:\/\/veevcom.com\/?p=54134"},"modified":"2024-10-03T11:50:50","modified_gmt":"2024-10-03T09:50:50","slug":"lucibela-presente-moda-antiga","status":"publish","type":"post","link":"https:\/\/veevcom.com\/es\/lucibela-presente-moda-antiga\/","title":{"rendered":"Lucibela presenta \u00abModa Antiga\u00bb"},"content":{"rendered":"<p class=\"qtranxs-available-languages-message qtranxs-available-languages-message-es\">Disculpa, pero esta entrada est\u00e1 disponible s\u00f3lo en <a href=\"https:\/\/veevcom.com\/fr\/wp-json\/wp\/v2\/posts\/54134\" class=\"qtranxs-available-language-link qtranxs-available-language-link-fr\" title=\"FR\">FR<\/a> y <a href=\"https:\/\/veevcom.com\/en\/wp-json\/wp\/v2\/posts\/54134\" class=\"qtranxs-available-language-link qtranxs-available-language-link-en\" title=\"EN\">EN<\/a>.<\/p><p><\/p>\n<div><strong>Lucibela&nbsp;<\/strong>r\u00e9v\u00e8lera&nbsp;\u00ab<strong>Moda Antiga<\/strong>\u00bb son troisi\u00e8me album \u00e0&nbsp;l&#8217;occasion de sa sortie&nbsp;le <strong>08&nbsp;novembre&nbsp;2024<\/strong>&nbsp;chez<strong>&nbsp;Lusafrica<\/strong>&nbsp;\/ <strong>Sony<\/strong>. Cet opus sera pr\u00e9sent\u00e9&nbsp;&nbsp;le <strong>vendredi&nbsp;15 novembre&nbsp;2024&nbsp;<\/strong>sur la sc\u00e8ne&nbsp;du<strong> Caf\u00e9 de la Danse&nbsp;<\/strong>lors d&#8217;un<strong> concert de&nbsp;lancement&nbsp;<\/strong>exceptionnel.<br \/>\n&nbsp;<\/div>\n<div>Le single \u00ab<strong>Lembra Tempo<\/strong>\u00bb sera disponible d\u00e8s le <strong>4 novembre<\/strong>&nbsp;<strong>2024<\/strong> sur toutes les <strong>plateformes.&nbsp;<\/strong><\/div>\n<div>\n<p>Ce titre \u00e9crit et compos\u00e9 par la chanteuse, d\u00e9crit ces f\u00eates d\u2019antan, ces bals populaires endiabl\u00e9s de S\u00e3o Vicente organis\u00e9s toutes les fins de semaines, ces \u00ab&nbsp;rabecada&nbsp;\u00bb, o\u00f9 les mornas, coladeiras, et autres mazurkas, se dansaient jusqu\u2019\u00e0 l\u2019aube.<\/p>\n<\/div>\n<div>&nbsp;<\/div>\n<div>\n<div><strong>Moda Antiga vue par Lucibela :<\/strong><\/div>\n<p><em>\u00ab <strong>Moda<\/strong> <strong>Antiga<\/strong> \u00bb c\u00e9l\u00e8bre l&#8217;h\u00e9ritage musical du <strong>Cap-Vert<\/strong>. <\/em><em>C&#8217;est mon troisi\u00e8me album et, comme son nom l&#8217;indique, c&#8217;est un album traditionnel.<br \/>\nIl contient de nombreuses compositions anciennes, mais aussi des chansons in\u00e9dites qui ne s&#8217;\u00e9loignent pas de notre tradition.&nbsp;<\/em><em>Mon inspiration vient des diff\u00e9rents artistes (chanteurs, compositeurs, musiciens&#8230;) que j&#8217;ai toujours \u00e9cout\u00e9s, de ceux qui ont fait partie de mon parcours jusqu&#8217;\u00e0 pr\u00e9sent et de ceux que je c\u00f4toie au quotidien et qui me permettent de mieux conna\u00eetre nos traditions.&nbsp;<\/em><br \/>\n<strong>Lucibela<\/strong><\/p>\n<p>&nbsp;<\/p>\n<p><strong>Biographie de Lucibela :<\/strong><\/p>\n<p>Apr\u00e8s avoir sorti <strong><em>Amdjer <\/em><\/strong>en 2022, son dernier opus en hommage aux femmes cap-verdiennes, la d\u00e9licieuse <strong>Lucibela<\/strong> poursuit un nouveau fil rouge, une nouvelle mission&#8230;. Dans ce troisi\u00e8me album, <em><strong>Moda<\/strong> <strong>Antiga<\/strong><\/em> (\u00ab&nbsp;<strong><em>\u00c0 la mani\u00e8re ancienne&nbsp;<\/em><\/strong>\u00bb), celle que l\u2019on consid\u00e8re comme une digne h\u00e9riti\u00e8re de <strong>Cesaria<\/strong> <strong>Evora<\/strong> s\u2019attache \u00e0 remettre sous les feux des projecteurs les traditions vives de son petit pays, jou\u00e9es ici selon les accents et les cadences fid\u00e8les de ces pr\u00e9d\u00e9cesseurs.&nbsp;<\/p>\n<p>Comme toutes les jeunes femmes de sa g\u00e9n\u00e9ration au <strong>Cap-Vert<\/strong>, Lucibela, 38 ans, \u00e9coute du hip-hop, de l\u2019\u00e9lectro, de la kizomba, cette foison de bandes-son qui abreuvent au quotidien, dans les taxis collectifs, les discoth\u00e8ques ou les festivals, la jeunesse de l\u2019archipel\u2026 En revanche, cette Lisbo\u00e8te d\u2019adoption juge primordial, voire urgent, de pr\u00e9server les racines insulaires \u2013 mornas, coladeiras\u2026 \u2013 ce patrimoine immat\u00e9riel \u00ab&nbsp;<em>davantage valoris\u00e9 \u00e0 l\u2019ext\u00e9rieur que sur notre propre sol<\/em>&nbsp;\u00bb, regrette-t-elle, avant d\u2019insister&nbsp;: \u00ab&nbsp;<em>Nous n\u2019avons pas de conservatoires ni d\u2019\u00e9coles de musique pour assurer cette protection et cette transmission aux nouvelles g\u00e9n\u00e9rations\u2026 Je m\u2019en fais quelque part un devoir.<\/em>&nbsp;\u00bb&nbsp;<\/p>\n<p>Ainsi, ce disque s\u2019avance comme une d\u00e9claration d\u2019amour festive et g\u00e9n\u00e9reuse \u00e0 ce tr\u00e9sor national, qui prend la forme&nbsp;d\u2019une belle collection de chansons populaires et traditionnelles, de mythes et d\u2019histoires cap-verdiennes, souvent compos\u00e9s par des figures tut\u00e9laires (<strong>Anu Nobu<\/strong>, <strong>Manuel de Novas<\/strong>, <strong>Mario<\/strong> <strong>Lucio<\/strong>, <strong>Z\u00e9z\u00e9 di nha Reinalda<\/strong>\u2026).<\/p>\n<p>Pour leur donner vie, elle a r\u00e9uni, avant une finalisation en Hollande et en France, dans le studio de Lusafrica, \u00e0 Mindelo, des monstres sacr\u00e9s, gardiens du temple de ces esth\u00e9tiques, dirig\u00e9s et arrang\u00e9s par l\u2019excellent <strong>Toy<\/strong> <strong>Vieira<\/strong>&nbsp;: notamment les incontournables <strong>Bau<\/strong> (guitare) et <strong>Hernani<\/strong> <strong>Almeida<\/strong> (guitare\/ing\u00e9nieur du son)&#8230; Ou encore <strong>Totinho<\/strong>, le bien-nomm\u00e9 \u00ab&nbsp;saxophoniste de la morna&nbsp;\u00bb, complice de <strong>Cize<\/strong>, tragiquement disparu en juillet dernier\u2026&nbsp;<br \/>\nAlors, de quoi retourne-t-il dans ce disque de \u00ab&nbsp;classiques&nbsp;\u00bb port\u00e9s par la voix enchanteresse, tout \u00e0 la fois suave et puissante de <strong>Lucibela<\/strong>&nbsp;? (&#8230;)<\/p>\n<\/div>\n<p><\/p>","protected":false},"excerpt":{"rendered":"<p>Disculpa, pero esta entrada est\u00e1 disponible s\u00f3lo en FR y EN. Lucibela&nbsp;r\u00e9v\u00e8lera&nbsp;\u00abModa Antiga\u00bb son troisi\u00e8me album \u00e0&nbsp;l&#8217;occasion de sa sortie&nbsp;le 08&nbsp;novembre&nbsp;2024&nbsp;chez&nbsp;Lusafrica&nbsp;\/ Sony. Cet opus sera pr\u00e9sent\u00e9&nbsp;&nbsp;le vendredi&nbsp;15 novembre&nbsp;2024&nbsp;sur la sc\u00e8ne&nbsp;du Caf\u00e9 de la Danse&nbsp;lors d&#8217;un concert de&nbsp;lancement&nbsp;exceptionnel. &nbsp; Le single \u00abLembra Tempo\u00bb sera disponible d\u00e8s le 4 novembre&nbsp;2024 sur toutes les plateformes.&nbsp; Ce titre \u00e9crit [&hellip;]<\/p>\n","protected":false},"author":3,"featured_media":54135,"comment_status":"closed","ping_status":"closed","sticky":false,"template":"","format":"standard","meta":{"_acf_changed":false,"footnotes":""},"categories":[1],"tags":[],"class_list":["post-54134","post","type-post","status-publish","format-standard","has-post-thumbnail","hentry","category-non-classe"],"acf":[],"yoast_head":"<!-- This site is optimized with the Yoast SEO plugin v27.4 - https:\/\/yoast.com\/product\/yoast-seo-wordpress\/ -->\n<title>Lucibela presenta &quot;Moda Antiga&quot;  - VeevCom<\/title>\n<meta name=\"robots\" content=\"index, follow, max-snippet:-1, max-image-preview:large, max-video-preview:-1\" \/>\n<link rel=\"canonical\" href=\"https:\/\/veevcom.com\/es\/lucibela-presente-moda-antiga\/\" \/>\n<meta property=\"og:locale\" content=\"es_ES\" \/>\n<meta property=\"og:type\" content=\"article\" \/>\n<meta property=\"og:title\" content=\"Lucibela presenta &quot;Moda Antiga&quot;  - VeevCom\" \/>\n<meta property=\"og:description\" content=\"Disculpa, pero esta entrada est\u00e1 disponible s\u00f3lo en FR y EN. Lucibela&nbsp;r\u00e9v\u00e8lera&nbsp;\u00abModa Antiga\u00bb son troisi\u00e8me album \u00e0&nbsp;l&#8217;occasion de sa sortie&nbsp;le 08&nbsp;novembre&nbsp;2024&nbsp;chez&nbsp;Lusafrica&nbsp;\/ Sony. Cet opus sera pr\u00e9sent\u00e9&nbsp;&nbsp;le vendredi&nbsp;15 novembre&nbsp;2024&nbsp;sur la sc\u00e8ne&nbsp;du Caf\u00e9 de la Danse&nbsp;lors d&#8217;un concert de&nbsp;lancement&nbsp;exceptionnel. &nbsp; Le single \u00abLembra Tempo\u00bb sera disponible d\u00e8s le 4 novembre&nbsp;2024 sur toutes les plateformes.&nbsp; Ce titre \u00e9crit [&hellip;]\" \/>\n<meta property=\"og:url\" content=\"https:\/\/veevcom.com\/es\/lucibela-presente-moda-antiga\/\" \/>\n<meta property=\"og:site_name\" content=\"VeevCom\" \/>\n<meta property=\"article:published_time\" content=\"2024-10-03T09:50:50+00:00\" \/>\n<meta property=\"og:image\" content=\"https:\/\/veevcom.com\/wp-content\/uploads\/2024\/10\/Lucibela_cover-digitale\u00a9ritacarmo-scaled.jpg\" \/>\n\t<meta property=\"og:image:width\" content=\"2560\" \/>\n\t<meta property=\"og:image:height\" content=\"2560\" \/>\n\t<meta property=\"og:image:type\" content=\"image\/jpeg\" \/>\n<meta name=\"author\" content=\"severine\" \/>\n<meta name=\"twitter:card\" content=\"summary_large_image\" \/>\n<meta name=\"twitter:label1\" content=\"Escrito por\" \/>\n\t<meta name=\"twitter:data1\" content=\"severine\" \/>\n\t<meta name=\"twitter:label2\" content=\"Tiempo de lectura\" \/>\n\t<meta name=\"twitter:data2\" content=\"5 minutos\" \/>\n<script type=\"application\/ld+json\" class=\"yoast-schema-graph\">{\"@context\":\"https:\\\/\\\/schema.org\",\"@graph\":[{\"@type\":\"Article\",\"@id\":\"https:\\\/\\\/veevcom.com\\\/es\\\/lucibela-presente-moda-antiga\\\/#article\",\"isPartOf\":{\"@id\":\"https:\\\/\\\/veevcom.com\\\/es\\\/lucibela-presente-moda-antiga\\\/\"},\"author\":{\"name\":\"severine\",\"@id\":\"https:\\\/\\\/veevcom.com\\\/#\\\/schema\\\/person\\\/754f1f5a030d278766b52cf0e0c62e8b\"},\"headline\":\"Lucibela presenta \u00abModa Antiga\u00bb\",\"datePublished\":\"2024-10-03T09:50:50+00:00\",\"mainEntityOfPage\":{\"@id\":\"https:\\\/\\\/veevcom.com\\\/es\\\/lucibela-presente-moda-antiga\\\/\"},\"wordCount\":1105,\"image\":{\"@id\":\"https:\\\/\\\/veevcom.com\\\/es\\\/lucibela-presente-moda-antiga\\\/#primaryimage\"},\"thumbnailUrl\":\"https:\\\/\\\/veevcom.com\\\/wp-content\\\/uploads\\\/2024\\\/10\\\/Lucibela_cover-digitale\u00a9ritacarmo-scaled.jpg\",\"articleSection\":[\"Actualidad\"],\"inLanguage\":\"es\"},{\"@type\":\"WebPage\",\"@id\":\"https:\\\/\\\/veevcom.com\\\/es\\\/lucibela-presente-moda-antiga\\\/\",\"url\":\"https:\\\/\\\/veevcom.com\\\/es\\\/lucibela-presente-moda-antiga\\\/\",\"name\":\"Lucibela presenta \\\"Moda Antiga\\\"  - VeevCom\",\"isPartOf\":{\"@id\":\"https:\\\/\\\/veevcom.com\\\/es\\\/#website\"},\"primaryImageOfPage\":{\"@id\":\"https:\\\/\\\/veevcom.com\\\/es\\\/lucibela-presente-moda-antiga\\\/#primaryimage\"},\"image\":{\"@id\":\"https:\\\/\\\/veevcom.com\\\/es\\\/lucibela-presente-moda-antiga\\\/#primaryimage\"},\"thumbnailUrl\":\"https:\\\/\\\/veevcom.com\\\/wp-content\\\/uploads\\\/2024\\\/10\\\/Lucibela_cover-digitale\u00a9ritacarmo-scaled.jpg\",\"datePublished\":\"2024-10-03T09:50:50+00:00\",\"author\":{\"@id\":\"https:\\\/\\\/veevcom.com\\\/#\\\/schema\\\/person\\\/754f1f5a030d278766b52cf0e0c62e8b\"},\"breadcrumb\":{\"@id\":\"https:\\\/\\\/veevcom.com\\\/es\\\/lucibela-presente-moda-antiga\\\/#breadcrumb\"},\"inLanguage\":\"es\",\"potentialAction\":[{\"@type\":\"ReadAction\",\"target\":[[\"https:\\\/\\\/veevcom.com\\\/es\\\/lucibela-presente-moda-antiga\\\/\"]]}]},{\"@type\":\"ImageObject\",\"inLanguage\":\"es\",\"@id\":\"https:\\\/\\\/veevcom.com\\\/es\\\/lucibela-presente-moda-antiga\\\/#primaryimage\",\"url\":\"https:\\\/\\\/veevcom.com\\\/wp-content\\\/uploads\\\/2024\\\/10\\\/Lucibela_cover-digitale\u00a9ritacarmo-scaled.jpg\",\"contentUrl\":\"https:\\\/\\\/veevcom.com\\\/wp-content\\\/uploads\\\/2024\\\/10\\\/Lucibela_cover-digitale\u00a9ritacarmo-scaled.jpg\",\"width\":2560,\"height\":2560},{\"@type\":\"BreadcrumbList\",\"@id\":\"https:\\\/\\\/veevcom.com\\\/es\\\/lucibela-presente-moda-antiga\\\/#breadcrumb\",\"itemListElement\":[{\"@type\":\"ListItem\",\"position\":1,\"name\":\"Accueil\",\"item\":\"https:\\\/\\\/veevcom.com\\\/es\\\/\"},{\"@type\":\"ListItem\",\"position\":2,\"name\":\"Lucibela presenta \u00abModa Antiga\u00bb\"}]},{\"@type\":\"WebSite\",\"@id\":\"https:\\\/\\\/veevcom.com\\\/es\\\/#website\",\"url\":\"https:\\\/\\\/veevcom.com\\\/es\\\/\",\"name\":\"VeevCom\",\"description\":\"Public Relations and Communication in the Music Industry\",\"potentialAction\":[{\"@type\":\"SearchAction\",\"target\":{\"@type\":\"EntryPoint\",\"urlTemplate\":\"https:\\\/\\\/veevcom.com\\\/es\\\/?s={search_term_string}\"},\"query-input\":{\"@type\":\"PropertyValueSpecification\",\"valueRequired\":true,\"valueName\":\"search_term_string\"}}],\"inLanguage\":\"es\"},{\"@type\":\"Person\",\"@id\":\"https:\\\/\\\/veevcom.com\\\/#\\\/schema\\\/person\\\/754f1f5a030d278766b52cf0e0c62e8b\",\"name\":\"severine\",\"image\":{\"@type\":\"ImageObject\",\"inLanguage\":\"es\",\"@id\":\"https:\\\/\\\/secure.gravatar.com\\\/avatar\\\/ba307ed472519f403589981b25bf62b4089c1f82b837eaae855dd05633adf22c?s=96&d=mm&r=g\",\"url\":\"https:\\\/\\\/secure.gravatar.com\\\/avatar\\\/ba307ed472519f403589981b25bf62b4089c1f82b837eaae855dd05633adf22c?s=96&d=mm&r=g\",\"contentUrl\":\"https:\\\/\\\/secure.gravatar.com\\\/avatar\\\/ba307ed472519f403589981b25bf62b4089c1f82b837eaae855dd05633adf22c?s=96&d=mm&r=g\",\"caption\":\"severine\"}}]}<\/script>\n<!-- \/ Yoast SEO plugin. -->","yoast_head_json":{"title":"Lucibela presenta \"Moda Antiga\"  - VeevCom","robots":{"index":"index","follow":"follow","max-snippet":"max-snippet:-1","max-image-preview":"max-image-preview:large","max-video-preview":"max-video-preview:-1"},"canonical":"https:\/\/veevcom.com\/es\/lucibela-presente-moda-antiga\/","og_locale":"es_ES","og_type":"article","og_title":"Lucibela presenta \"Moda Antiga\"  - VeevCom","og_description":"Disculpa, pero esta entrada est\u00e1 disponible s\u00f3lo en FR y EN. Lucibela&nbsp;r\u00e9v\u00e8lera&nbsp;\u00abModa Antiga\u00bb son troisi\u00e8me album \u00e0&nbsp;l&#8217;occasion de sa sortie&nbsp;le 08&nbsp;novembre&nbsp;2024&nbsp;chez&nbsp;Lusafrica&nbsp;\/ Sony. Cet opus sera pr\u00e9sent\u00e9&nbsp;&nbsp;le vendredi&nbsp;15 novembre&nbsp;2024&nbsp;sur la sc\u00e8ne&nbsp;du Caf\u00e9 de la Danse&nbsp;lors d&#8217;un concert de&nbsp;lancement&nbsp;exceptionnel. &nbsp; Le single \u00abLembra Tempo\u00bb sera disponible d\u00e8s le 4 novembre&nbsp;2024 sur toutes les plateformes.&nbsp; Ce titre \u00e9crit [&hellip;]","og_url":"https:\/\/veevcom.com\/es\/lucibela-presente-moda-antiga\/","og_site_name":"VeevCom","article_published_time":"2024-10-03T09:50:50+00:00","og_image":[{"width":2560,"height":2560,"url":"https:\/\/veevcom.com\/wp-content\/uploads\/2024\/10\/Lucibela_cover-digitale\u00a9ritacarmo-scaled.jpg","type":"image\/jpeg"}],"author":"severine","twitter_card":"summary_large_image","twitter_misc":{"Escrito por":"severine","Tiempo de lectura":"5 minutos"},"schema":{"@context":"https:\/\/schema.org","@graph":[{"@type":"Article","@id":"https:\/\/veevcom.com\/es\/lucibela-presente-moda-antiga\/#article","isPartOf":{"@id":"https:\/\/veevcom.com\/es\/lucibela-presente-moda-antiga\/"},"author":{"name":"severine","@id":"https:\/\/veevcom.com\/#\/schema\/person\/754f1f5a030d278766b52cf0e0c62e8b"},"headline":"Lucibela presenta \u00abModa Antiga\u00bb","datePublished":"2024-10-03T09:50:50+00:00","mainEntityOfPage":{"@id":"https:\/\/veevcom.com\/es\/lucibela-presente-moda-antiga\/"},"wordCount":1105,"image":{"@id":"https:\/\/veevcom.com\/es\/lucibela-presente-moda-antiga\/#primaryimage"},"thumbnailUrl":"https:\/\/veevcom.com\/wp-content\/uploads\/2024\/10\/Lucibela_cover-digitale\u00a9ritacarmo-scaled.jpg","articleSection":["Actualidad"],"inLanguage":"es"},{"@type":"WebPage","@id":"https:\/\/veevcom.com\/es\/lucibela-presente-moda-antiga\/","url":"https:\/\/veevcom.com\/es\/lucibela-presente-moda-antiga\/","name":"Lucibela presenta \"Moda Antiga\"  - VeevCom","isPartOf":{"@id":"https:\/\/veevcom.com\/es\/#website"},"primaryImageOfPage":{"@id":"https:\/\/veevcom.com\/es\/lucibela-presente-moda-antiga\/#primaryimage"},"image":{"@id":"https:\/\/veevcom.com\/es\/lucibela-presente-moda-antiga\/#primaryimage"},"thumbnailUrl":"https:\/\/veevcom.com\/wp-content\/uploads\/2024\/10\/Lucibela_cover-digitale\u00a9ritacarmo-scaled.jpg","datePublished":"2024-10-03T09:50:50+00:00","author":{"@id":"https:\/\/veevcom.com\/#\/schema\/person\/754f1f5a030d278766b52cf0e0c62e8b"},"breadcrumb":{"@id":"https:\/\/veevcom.com\/es\/lucibela-presente-moda-antiga\/#breadcrumb"},"inLanguage":"es","potentialAction":[{"@type":"ReadAction","target":[["https:\/\/veevcom.com\/es\/lucibela-presente-moda-antiga\/"]]}]},{"@type":"ImageObject","inLanguage":"es","@id":"https:\/\/veevcom.com\/es\/lucibela-presente-moda-antiga\/#primaryimage","url":"https:\/\/veevcom.com\/wp-content\/uploads\/2024\/10\/Lucibela_cover-digitale\u00a9ritacarmo-scaled.jpg","contentUrl":"https:\/\/veevcom.com\/wp-content\/uploads\/2024\/10\/Lucibela_cover-digitale\u00a9ritacarmo-scaled.jpg","width":2560,"height":2560},{"@type":"BreadcrumbList","@id":"https:\/\/veevcom.com\/es\/lucibela-presente-moda-antiga\/#breadcrumb","itemListElement":[{"@type":"ListItem","position":1,"name":"Accueil","item":"https:\/\/veevcom.com\/es\/"},{"@type":"ListItem","position":2,"name":"Lucibela presenta \u00abModa Antiga\u00bb"}]},{"@type":"WebSite","@id":"https:\/\/veevcom.com\/es\/#website","url":"https:\/\/veevcom.com\/es\/","name":"VeevCom","description":"Public Relations and Communication in the Music Industry","potentialAction":[{"@type":"SearchAction","target":{"@type":"EntryPoint","urlTemplate":"https:\/\/veevcom.com\/es\/?s={search_term_string}"},"query-input":{"@type":"PropertyValueSpecification","valueRequired":true,"valueName":"search_term_string"}}],"inLanguage":"es"},{"@type":"Person","@id":"https:\/\/veevcom.com\/#\/schema\/person\/754f1f5a030d278766b52cf0e0c62e8b","name":"severine","image":{"@type":"ImageObject","inLanguage":"es","@id":"https:\/\/secure.gravatar.com\/avatar\/ba307ed472519f403589981b25bf62b4089c1f82b837eaae855dd05633adf22c?s=96&d=mm&r=g","url":"https:\/\/secure.gravatar.com\/avatar\/ba307ed472519f403589981b25bf62b4089c1f82b837eaae855dd05633adf22c?s=96&d=mm&r=g","contentUrl":"https:\/\/secure.gravatar.com\/avatar\/ba307ed472519f403589981b25bf62b4089c1f82b837eaae855dd05633adf22c?s=96&d=mm&r=g","caption":"severine"}}]}},"_links":{"self":[{"href":"https:\/\/veevcom.com\/es\/wp-json\/wp\/v2\/posts\/54134","targetHints":{"allow":["GET"]}}],"collection":[{"href":"https:\/\/veevcom.com\/es\/wp-json\/wp\/v2\/posts"}],"about":[{"href":"https:\/\/veevcom.com\/es\/wp-json\/wp\/v2\/types\/post"}],"author":[{"embeddable":true,"href":"https:\/\/veevcom.com\/es\/wp-json\/wp\/v2\/users\/3"}],"replies":[{"embeddable":true,"href":"https:\/\/veevcom.com\/es\/wp-json\/wp\/v2\/comments?post=54134"}],"version-history":[{"count":2,"href":"https:\/\/veevcom.com\/es\/wp-json\/wp\/v2\/posts\/54134\/revisions"}],"predecessor-version":[{"id":54137,"href":"https:\/\/veevcom.com\/es\/wp-json\/wp\/v2\/posts\/54134\/revisions\/54137"}],"wp:featuredmedia":[{"embeddable":true,"href":"https:\/\/veevcom.com\/es\/wp-json\/wp\/v2\/media\/54135"}],"wp:attachment":[{"href":"https:\/\/veevcom.com\/es\/wp-json\/wp\/v2\/media?parent=54134"}],"wp:term":[{"taxonomy":"category","embeddable":true,"href":"https:\/\/veevcom.com\/es\/wp-json\/wp\/v2\/categories?post=54134"},{"taxonomy":"post_tag","embeddable":true,"href":"https:\/\/veevcom.com\/es\/wp-json\/wp\/v2\/tags?post=54134"}],"curies":[{"name":"wp","href":"https:\/\/api.w.org\/{rel}","templated":true}]}}