{"id":54108,"date":"2024-09-23T16:33:51","date_gmt":"2024-09-23T14:33:51","guid":{"rendered":"http:\/\/veevcom.com\/?p=54108"},"modified":"2024-09-23T16:33:51","modified_gmt":"2024-09-23T14:33:51","slug":"isabelle-courroy-presente-un-eloge-de-loblique","status":"publish","type":"post","link":"https:\/\/veevcom.com\/es\/isabelle-courroy-presente-un-eloge-de-loblique\/","title":{"rendered":"Isabelle Courroy presenta \u00ab Un \u00e9loge de l&#8217;oblique \u00bb"},"content":{"rendered":"<p class=\"qtranxs-available-languages-message qtranxs-available-languages-message-es\">Disculpa, pero esta entrada est\u00e1 disponible s\u00f3lo en <a href=\"https:\/\/veevcom.com\/fr\/wp-json\/wp\/v2\/posts\/54108\" class=\"qtranxs-available-language-link qtranxs-available-language-link-fr\" title=\"FR\">FR<\/a> y <a href=\"https:\/\/veevcom.com\/en\/wp-json\/wp\/v2\/posts\/54108\" class=\"qtranxs-available-language-link qtranxs-available-language-link-en\" title=\"EN\">EN<\/a>.<\/p><p>Isabelle Courroy r\u00e9v\u00e8lera \u00ab<strong>Un \u00e9loge de l&#8217;oblique<\/strong>\u00bb 3e volet de son triple album \u00ab<strong>Confluence #1.2.3<\/strong>\u00ab, \u00e0 l&#8217;occasion de sa sortie le <strong>11 octobre 2024<\/strong> chez <strong>Buda<\/strong> <strong>Musique<\/strong> \/ <strong>Socadisc<\/strong>. Cet opus sera pr\u00e9sent\u00e9 le mercredi <strong>20 novembre 2024<\/strong> sur la sc\u00e8ne du <strong>Triton<\/strong> (<strong>Les Lilas<\/strong>) lors d&#8217;un concert de lancement exceptionnel. L&#8217;artiste pr\u00e9sentera \u00e9galement ce nouvel opus aux dates suivantes :<\/p>\n<p>&#8211; le <strong>23 novembre 2024<\/strong>: <strong>Cite\u0301 de la musiqu<\/strong>e &#8211; Marseille (13)<\/p>\n<p>&#8211; le <strong>30 novembre 2024<\/strong> : <strong>Ve\u0301lo The\u0301a\u0302tre<\/strong> &#8211; Apt (84)<\/p>\n<p>Le single \u00ab<strong>Et comme un voile, le vent tombe sur toi<\/strong> \u00bb (avec le compositeur Fran\u00e7ois Wong) sera disponible d\u00e8s le <strong>27 septembre 2024<\/strong> sur toutes les plateformes.<\/p>\n<p>Le single \u00ab<strong>Chant thermique III &#8211; la brebis perdue<\/strong>\u00bb (avec les orgues \u00e0 feu de Michel Moglia) sera disponible d\u00e8s le <strong>4 octobre 2024<\/strong> sur toutes les plateformes.<\/p>\n<p>\u00ab<strong>Isabelle Courroy<\/strong> conduit l&#8217;exploration des ressources du kaval jusqu&#8217;au versant le plus actuel des musiques de cre\u0301ation. En passant commande a\u0300 trois compositeurs reconnus, elle fait entendre un kaval d&#8217;aujourd&#8217;hui, re\u0301solument contemporain mais qui pourtant ne refoule jamais la se\u0301dimentation de ses me\u0301moires d\u2019Europe Orientale.\u00bb &#8211; <strong>Michae\u0308l Dian &#8211; Festival de Chaillol (05)<\/strong><\/p>\n<p>Compositions et commande d\u2019oeuvres aux compositeurs<strong> Michel Moglia, Zad Moultaka, Franc\u0327ois Wong<\/strong> pour flu\u0302tes obliques, kavals, bande et e\u0301lectronique.<\/p>","protected":false},"excerpt":{"rendered":"<p>Disculpa, pero esta entrada est\u00e1 disponible s\u00f3lo en FR y EN.Isabelle Courroy r\u00e9v\u00e8lera \u00abUn \u00e9loge de l&#8217;oblique\u00bb 3e volet de son triple album \u00abConfluence #1.2.3\u00ab, \u00e0 l&#8217;occasion de sa sortie le 11 octobre 2024 chez Buda Musique \/ Socadisc. Cet opus sera pr\u00e9sent\u00e9 le mercredi 20 novembre 2024 sur la sc\u00e8ne du Triton (Les Lilas) [&hellip;]<\/p>\n","protected":false},"author":3,"featured_media":54110,"comment_status":"closed","ping_status":"closed","sticky":false,"template":"","format":"standard","meta":{"_acf_changed":false,"footnotes":""},"categories":[1],"tags":[],"class_list":["post-54108","post","type-post","status-publish","format-standard","has-post-thumbnail","hentry","category-non-classe"],"acf":[],"yoast_head":"<!-- This site is optimized with the Yoast SEO plugin v27.4 - https:\/\/yoast.com\/product\/yoast-seo-wordpress\/ -->\n<title>Isabelle Courroy presenta \u00ab Un \u00e9loge de l&#039;oblique \u00bb - VeevCom<\/title>\n<meta name=\"robots\" content=\"index, follow, max-snippet:-1, max-image-preview:large, max-video-preview:-1\" \/>\n<link rel=\"canonical\" href=\"https:\/\/veevcom.com\/es\/isabelle-courroy-presente-un-eloge-de-loblique\/\" \/>\n<meta property=\"og:locale\" content=\"es_ES\" \/>\n<meta property=\"og:type\" content=\"article\" \/>\n<meta property=\"og:title\" content=\"Isabelle Courroy presenta \u00ab Un \u00e9loge de l&#039;oblique \u00bb - VeevCom\" \/>\n<meta property=\"og:description\" content=\"Disculpa, pero esta entrada est\u00e1 disponible s\u00f3lo en FR y EN.Isabelle Courroy r\u00e9v\u00e8lera \u00abUn \u00e9loge de l&#8217;oblique\u00bb 3e volet de son triple album \u00abConfluence #1.2.3\u00ab, \u00e0 l&#8217;occasion de sa sortie le 11 octobre 2024 chez Buda Musique \/ Socadisc. Cet opus sera pr\u00e9sent\u00e9 le mercredi 20 novembre 2024 sur la sc\u00e8ne du Triton (Les Lilas) [&hellip;]\" \/>\n<meta property=\"og:url\" content=\"https:\/\/veevcom.com\/es\/isabelle-courroy-presente-un-eloge-de-loblique\/\" \/>\n<meta property=\"og:site_name\" content=\"VeevCom\" \/>\n<meta property=\"article:published_time\" content=\"2024-09-23T14:33:51+00:00\" \/>\n<meta property=\"og:image\" content=\"https:\/\/veevcom.com\/wp-content\/uploads\/2024\/09\/Face-C123-BD\u00a9Ralph-Louzon-\u00a9ADAGP.jpg\" \/>\n\t<meta property=\"og:image:width\" content=\"800\" \/>\n\t<meta property=\"og:image:height\" content=\"737\" \/>\n\t<meta property=\"og:image:type\" content=\"image\/jpeg\" \/>\n<meta name=\"author\" content=\"severine\" \/>\n<meta name=\"twitter:card\" content=\"summary_large_image\" \/>\n<meta name=\"twitter:label1\" content=\"Escrito por\" \/>\n\t<meta name=\"twitter:data1\" content=\"severine\" \/>\n\t<meta name=\"twitter:label2\" content=\"Tiempo de lectura\" \/>\n\t<meta name=\"twitter:data2\" content=\"2 minutos\" \/>\n<script type=\"application\/ld+json\" class=\"yoast-schema-graph\">{\"@context\":\"https:\\\/\\\/schema.org\",\"@graph\":[{\"@type\":\"Article\",\"@id\":\"https:\\\/\\\/veevcom.com\\\/es\\\/isabelle-courroy-presente-un-eloge-de-loblique\\\/#article\",\"isPartOf\":{\"@id\":\"https:\\\/\\\/veevcom.com\\\/es\\\/isabelle-courroy-presente-un-eloge-de-loblique\\\/\"},\"author\":{\"name\":\"severine\",\"@id\":\"https:\\\/\\\/veevcom.com\\\/#\\\/schema\\\/person\\\/754f1f5a030d278766b52cf0e0c62e8b\"},\"headline\":\"Isabelle Courroy presenta \u00ab Un \u00e9loge de l&#8217;oblique \u00bb\",\"datePublished\":\"2024-09-23T14:33:51+00:00\",\"mainEntityOfPage\":{\"@id\":\"https:\\\/\\\/veevcom.com\\\/es\\\/isabelle-courroy-presente-un-eloge-de-loblique\\\/\"},\"wordCount\":438,\"image\":{\"@id\":\"https:\\\/\\\/veevcom.com\\\/es\\\/isabelle-courroy-presente-un-eloge-de-loblique\\\/#primaryimage\"},\"thumbnailUrl\":\"https:\\\/\\\/veevcom.com\\\/wp-content\\\/uploads\\\/2024\\\/09\\\/Face-C123-BD\u00a9Ralph-Louzon-\u00a9ADAGP.jpg\",\"articleSection\":[\"Actualidad\"],\"inLanguage\":\"es\"},{\"@type\":\"WebPage\",\"@id\":\"https:\\\/\\\/veevcom.com\\\/es\\\/isabelle-courroy-presente-un-eloge-de-loblique\\\/\",\"url\":\"https:\\\/\\\/veevcom.com\\\/es\\\/isabelle-courroy-presente-un-eloge-de-loblique\\\/\",\"name\":\"Isabelle Courroy presenta \u00ab Un \u00e9loge de l'oblique \u00bb - VeevCom\",\"isPartOf\":{\"@id\":\"https:\\\/\\\/veevcom.com\\\/es\\\/#website\"},\"primaryImageOfPage\":{\"@id\":\"https:\\\/\\\/veevcom.com\\\/es\\\/isabelle-courroy-presente-un-eloge-de-loblique\\\/#primaryimage\"},\"image\":{\"@id\":\"https:\\\/\\\/veevcom.com\\\/es\\\/isabelle-courroy-presente-un-eloge-de-loblique\\\/#primaryimage\"},\"thumbnailUrl\":\"https:\\\/\\\/veevcom.com\\\/wp-content\\\/uploads\\\/2024\\\/09\\\/Face-C123-BD\u00a9Ralph-Louzon-\u00a9ADAGP.jpg\",\"datePublished\":\"2024-09-23T14:33:51+00:00\",\"author\":{\"@id\":\"https:\\\/\\\/veevcom.com\\\/#\\\/schema\\\/person\\\/754f1f5a030d278766b52cf0e0c62e8b\"},\"breadcrumb\":{\"@id\":\"https:\\\/\\\/veevcom.com\\\/es\\\/isabelle-courroy-presente-un-eloge-de-loblique\\\/#breadcrumb\"},\"inLanguage\":\"es\",\"potentialAction\":[{\"@type\":\"ReadAction\",\"target\":[[\"https:\\\/\\\/veevcom.com\\\/es\\\/isabelle-courroy-presente-un-eloge-de-loblique\\\/\"]]}]},{\"@type\":\"ImageObject\",\"inLanguage\":\"es\",\"@id\":\"https:\\\/\\\/veevcom.com\\\/es\\\/isabelle-courroy-presente-un-eloge-de-loblique\\\/#primaryimage\",\"url\":\"https:\\\/\\\/veevcom.com\\\/wp-content\\\/uploads\\\/2024\\\/09\\\/Face-C123-BD\u00a9Ralph-Louzon-\u00a9ADAGP.jpg\",\"contentUrl\":\"https:\\\/\\\/veevcom.com\\\/wp-content\\\/uploads\\\/2024\\\/09\\\/Face-C123-BD\u00a9Ralph-Louzon-\u00a9ADAGP.jpg\",\"width\":800,\"height\":737},{\"@type\":\"BreadcrumbList\",\"@id\":\"https:\\\/\\\/veevcom.com\\\/es\\\/isabelle-courroy-presente-un-eloge-de-loblique\\\/#breadcrumb\",\"itemListElement\":[{\"@type\":\"ListItem\",\"position\":1,\"name\":\"Accueil\",\"item\":\"https:\\\/\\\/veevcom.com\\\/es\\\/\"},{\"@type\":\"ListItem\",\"position\":2,\"name\":\"Isabelle Courroy presenta \u00ab Un \u00e9loge de l&#8217;oblique \u00bb\"}]},{\"@type\":\"WebSite\",\"@id\":\"https:\\\/\\\/veevcom.com\\\/es\\\/#website\",\"url\":\"https:\\\/\\\/veevcom.com\\\/es\\\/\",\"name\":\"VeevCom\",\"description\":\"Public Relations and Communication in the Music Industry\",\"potentialAction\":[{\"@type\":\"SearchAction\",\"target\":{\"@type\":\"EntryPoint\",\"urlTemplate\":\"https:\\\/\\\/veevcom.com\\\/es\\\/?s={search_term_string}\"},\"query-input\":{\"@type\":\"PropertyValueSpecification\",\"valueRequired\":true,\"valueName\":\"search_term_string\"}}],\"inLanguage\":\"es\"},{\"@type\":\"Person\",\"@id\":\"https:\\\/\\\/veevcom.com\\\/#\\\/schema\\\/person\\\/754f1f5a030d278766b52cf0e0c62e8b\",\"name\":\"severine\",\"image\":{\"@type\":\"ImageObject\",\"inLanguage\":\"es\",\"@id\":\"https:\\\/\\\/secure.gravatar.com\\\/avatar\\\/ba307ed472519f403589981b25bf62b4089c1f82b837eaae855dd05633adf22c?s=96&d=mm&r=g\",\"url\":\"https:\\\/\\\/secure.gravatar.com\\\/avatar\\\/ba307ed472519f403589981b25bf62b4089c1f82b837eaae855dd05633adf22c?s=96&d=mm&r=g\",\"contentUrl\":\"https:\\\/\\\/secure.gravatar.com\\\/avatar\\\/ba307ed472519f403589981b25bf62b4089c1f82b837eaae855dd05633adf22c?s=96&d=mm&r=g\",\"caption\":\"severine\"}}]}<\/script>\n<!-- \/ Yoast SEO plugin. -->","yoast_head_json":{"title":"Isabelle Courroy presenta \u00ab Un \u00e9loge de l'oblique \u00bb - VeevCom","robots":{"index":"index","follow":"follow","max-snippet":"max-snippet:-1","max-image-preview":"max-image-preview:large","max-video-preview":"max-video-preview:-1"},"canonical":"https:\/\/veevcom.com\/es\/isabelle-courroy-presente-un-eloge-de-loblique\/","og_locale":"es_ES","og_type":"article","og_title":"Isabelle Courroy presenta \u00ab Un \u00e9loge de l'oblique \u00bb - VeevCom","og_description":"Disculpa, pero esta entrada est\u00e1 disponible s\u00f3lo en FR y EN.Isabelle Courroy r\u00e9v\u00e8lera \u00abUn \u00e9loge de l&#8217;oblique\u00bb 3e volet de son triple album \u00abConfluence #1.2.3\u00ab, \u00e0 l&#8217;occasion de sa sortie le 11 octobre 2024 chez Buda Musique \/ Socadisc. Cet opus sera pr\u00e9sent\u00e9 le mercredi 20 novembre 2024 sur la sc\u00e8ne du Triton (Les Lilas) [&hellip;]","og_url":"https:\/\/veevcom.com\/es\/isabelle-courroy-presente-un-eloge-de-loblique\/","og_site_name":"VeevCom","article_published_time":"2024-09-23T14:33:51+00:00","og_image":[{"width":800,"height":737,"url":"https:\/\/veevcom.com\/wp-content\/uploads\/2024\/09\/Face-C123-BD\u00a9Ralph-Louzon-\u00a9ADAGP.jpg","type":"image\/jpeg"}],"author":"severine","twitter_card":"summary_large_image","twitter_misc":{"Escrito por":"severine","Tiempo de lectura":"2 minutos"},"schema":{"@context":"https:\/\/schema.org","@graph":[{"@type":"Article","@id":"https:\/\/veevcom.com\/es\/isabelle-courroy-presente-un-eloge-de-loblique\/#article","isPartOf":{"@id":"https:\/\/veevcom.com\/es\/isabelle-courroy-presente-un-eloge-de-loblique\/"},"author":{"name":"severine","@id":"https:\/\/veevcom.com\/#\/schema\/person\/754f1f5a030d278766b52cf0e0c62e8b"},"headline":"Isabelle Courroy presenta \u00ab Un \u00e9loge de l&#8217;oblique \u00bb","datePublished":"2024-09-23T14:33:51+00:00","mainEntityOfPage":{"@id":"https:\/\/veevcom.com\/es\/isabelle-courroy-presente-un-eloge-de-loblique\/"},"wordCount":438,"image":{"@id":"https:\/\/veevcom.com\/es\/isabelle-courroy-presente-un-eloge-de-loblique\/#primaryimage"},"thumbnailUrl":"https:\/\/veevcom.com\/wp-content\/uploads\/2024\/09\/Face-C123-BD\u00a9Ralph-Louzon-\u00a9ADAGP.jpg","articleSection":["Actualidad"],"inLanguage":"es"},{"@type":"WebPage","@id":"https:\/\/veevcom.com\/es\/isabelle-courroy-presente-un-eloge-de-loblique\/","url":"https:\/\/veevcom.com\/es\/isabelle-courroy-presente-un-eloge-de-loblique\/","name":"Isabelle Courroy presenta \u00ab Un \u00e9loge de l'oblique \u00bb - VeevCom","isPartOf":{"@id":"https:\/\/veevcom.com\/es\/#website"},"primaryImageOfPage":{"@id":"https:\/\/veevcom.com\/es\/isabelle-courroy-presente-un-eloge-de-loblique\/#primaryimage"},"image":{"@id":"https:\/\/veevcom.com\/es\/isabelle-courroy-presente-un-eloge-de-loblique\/#primaryimage"},"thumbnailUrl":"https:\/\/veevcom.com\/wp-content\/uploads\/2024\/09\/Face-C123-BD\u00a9Ralph-Louzon-\u00a9ADAGP.jpg","datePublished":"2024-09-23T14:33:51+00:00","author":{"@id":"https:\/\/veevcom.com\/#\/schema\/person\/754f1f5a030d278766b52cf0e0c62e8b"},"breadcrumb":{"@id":"https:\/\/veevcom.com\/es\/isabelle-courroy-presente-un-eloge-de-loblique\/#breadcrumb"},"inLanguage":"es","potentialAction":[{"@type":"ReadAction","target":[["https:\/\/veevcom.com\/es\/isabelle-courroy-presente-un-eloge-de-loblique\/"]]}]},{"@type":"ImageObject","inLanguage":"es","@id":"https:\/\/veevcom.com\/es\/isabelle-courroy-presente-un-eloge-de-loblique\/#primaryimage","url":"https:\/\/veevcom.com\/wp-content\/uploads\/2024\/09\/Face-C123-BD\u00a9Ralph-Louzon-\u00a9ADAGP.jpg","contentUrl":"https:\/\/veevcom.com\/wp-content\/uploads\/2024\/09\/Face-C123-BD\u00a9Ralph-Louzon-\u00a9ADAGP.jpg","width":800,"height":737},{"@type":"BreadcrumbList","@id":"https:\/\/veevcom.com\/es\/isabelle-courroy-presente-un-eloge-de-loblique\/#breadcrumb","itemListElement":[{"@type":"ListItem","position":1,"name":"Accueil","item":"https:\/\/veevcom.com\/es\/"},{"@type":"ListItem","position":2,"name":"Isabelle Courroy presenta \u00ab Un \u00e9loge de l&#8217;oblique \u00bb"}]},{"@type":"WebSite","@id":"https:\/\/veevcom.com\/es\/#website","url":"https:\/\/veevcom.com\/es\/","name":"VeevCom","description":"Public Relations and Communication in the Music Industry","potentialAction":[{"@type":"SearchAction","target":{"@type":"EntryPoint","urlTemplate":"https:\/\/veevcom.com\/es\/?s={search_term_string}"},"query-input":{"@type":"PropertyValueSpecification","valueRequired":true,"valueName":"search_term_string"}}],"inLanguage":"es"},{"@type":"Person","@id":"https:\/\/veevcom.com\/#\/schema\/person\/754f1f5a030d278766b52cf0e0c62e8b","name":"severine","image":{"@type":"ImageObject","inLanguage":"es","@id":"https:\/\/secure.gravatar.com\/avatar\/ba307ed472519f403589981b25bf62b4089c1f82b837eaae855dd05633adf22c?s=96&d=mm&r=g","url":"https:\/\/secure.gravatar.com\/avatar\/ba307ed472519f403589981b25bf62b4089c1f82b837eaae855dd05633adf22c?s=96&d=mm&r=g","contentUrl":"https:\/\/secure.gravatar.com\/avatar\/ba307ed472519f403589981b25bf62b4089c1f82b837eaae855dd05633adf22c?s=96&d=mm&r=g","caption":"severine"}}]}},"_links":{"self":[{"href":"https:\/\/veevcom.com\/es\/wp-json\/wp\/v2\/posts\/54108","targetHints":{"allow":["GET"]}}],"collection":[{"href":"https:\/\/veevcom.com\/es\/wp-json\/wp\/v2\/posts"}],"about":[{"href":"https:\/\/veevcom.com\/es\/wp-json\/wp\/v2\/types\/post"}],"author":[{"embeddable":true,"href":"https:\/\/veevcom.com\/es\/wp-json\/wp\/v2\/users\/3"}],"replies":[{"embeddable":true,"href":"https:\/\/veevcom.com\/es\/wp-json\/wp\/v2\/comments?post=54108"}],"version-history":[{"count":2,"href":"https:\/\/veevcom.com\/es\/wp-json\/wp\/v2\/posts\/54108\/revisions"}],"predecessor-version":[{"id":54114,"href":"https:\/\/veevcom.com\/es\/wp-json\/wp\/v2\/posts\/54108\/revisions\/54114"}],"wp:featuredmedia":[{"embeddable":true,"href":"https:\/\/veevcom.com\/es\/wp-json\/wp\/v2\/media\/54110"}],"wp:attachment":[{"href":"https:\/\/veevcom.com\/es\/wp-json\/wp\/v2\/media?parent=54108"}],"wp:term":[{"taxonomy":"category","embeddable":true,"href":"https:\/\/veevcom.com\/es\/wp-json\/wp\/v2\/categories?post=54108"},{"taxonomy":"post_tag","embeddable":true,"href":"https:\/\/veevcom.com\/es\/wp-json\/wp\/v2\/tags?post=54108"}],"curies":[{"name":"wp","href":"https:\/\/api.w.org\/{rel}","templated":true}]}}