{"id":54096,"date":"2024-09-13T16:06:08","date_gmt":"2024-09-13T14:06:08","guid":{"rendered":"http:\/\/veevcom.com\/?p=54096"},"modified":"2024-10-14T16:10:05","modified_gmt":"2024-10-14T14:10:05","slug":"yacine-malek-double-trio-presente-live-in-paris","status":"publish","type":"post","link":"https:\/\/veevcom.com\/es\/yacine-malek-double-trio-presente-live-in-paris\/","title":{"rendered":"Yacine Malek Double Trio presentan \u2018\u2019Live in Paris\u2019\u2019"},"content":{"rendered":"<p class=\"qtranxs-available-languages-message qtranxs-available-languages-message-es\">Disculpa, pero esta entrada est\u00e1 disponible s\u00f3lo en <a href=\"https:\/\/veevcom.com\/fr\/wp-json\/wp\/v2\/posts\/54096\" class=\"qtranxs-available-language-link qtranxs-available-language-link-fr\" title=\"FR\">FR<\/a> y <a href=\"https:\/\/veevcom.com\/en\/wp-json\/wp\/v2\/posts\/54096\" class=\"qtranxs-available-language-link qtranxs-available-language-link-en\" title=\"EN\">EN<\/a>.<\/p><p><span style=\"color: black;\"><b>Yacine Malek Double Trio&nbsp;<\/b><\/span><span style=\"color: black;\">r\u00e9v\u00e8lera&nbsp;\u00ab<\/span><span style=\"color: black;\"><b>Live in Paris<\/b><\/span><span style=\"color: black;\">\u00bb son nouvel album \u00e0&nbsp;l&#8217;occasion de sa sortie&nbsp;le&nbsp;<\/span><span style=\"color: black;\"><b>15 novembre 2024<\/b><\/span><span style=\"color: black;\">&nbsp;chez<\/span><span style=\"color: black;\"><b>&nbsp;&nbsp;Anotherwo<\/b><\/span><span style=\"color: black;\">&nbsp;\/&nbsp;<\/span><span style=\"color: black;\"><b>Plaza Mayor Company<\/b><\/span><span style=\"color: black;\">&nbsp;\/&nbsp;<\/span><span style=\"color: black;\"><b>Sony Music&nbsp;<\/b><\/span><span style=\"color: black;\">\/&nbsp;<\/span><span style=\"color: black;\"><b>InOu\u00efe Distribution<\/b><\/span><span style=\"color: black;\">. Cet opus sera pr\u00e9sent\u00e9&nbsp;&nbsp;le&nbsp;<\/span><span style=\"color: black;\"><b>jeudi 12 d\u00e9cembre 2024 <\/b><\/span><span style=\"color: black;\">sur la sc\u00e8ne&nbsp;du<\/span><span style=\"color: black;\"><b>&nbsp;Studio de L&#8217;Ermitage&nbsp;<\/b><\/span><span style=\"color: black;\">lors d&#8217;un<\/span><span style=\"color: black;\"><b>&nbsp;concert de&nbsp;lancement<\/b><\/span><span style=\"color: black;\">&nbsp;exceptionnel.<\/span><\/p>\n<p><span style=\"color: black;\">Le single \u00ab<\/span><span style=\"color: black;\"><b>Tallal<\/b><\/span><span style=\"color: black;\">\u00bb sera disponible d\u00e8s le&nbsp;<\/span><span style=\"color: black;\"><b>13 septembre 2024<\/b><\/span><span style=\"color: black;\"> sur toutes les plateformes.<\/span><\/p>\n<p><span style=\"color: black;\"><b>Yacine Malek<\/b><\/span><span style=\"color: black;\"> : un pianiste hors norme \u00e0 la recherche de lumi\u00e8re et de cultures, aux horizons ouverts qui nous invite \u00e0 un voyage au-del\u00e0 du Jazz car sa musique est unique et \u00e0 d\u00e9couvrir !&nbsp;<\/span><\/p>\n<p><span style=\"color: black;\"><b>Line-up :<\/b><\/span><\/p>\n<p><span style=\"color: black;\"><b>Yacine Malek<\/b><\/span><span style=\"color: black;\">&nbsp;: piano<\/span><span style=\"color: black;\"><br \/>\n<\/span><span style=\"color: black;\"><b>Linley Marthe<\/b><\/span><span style=\"color: black;\">&nbsp;: basse<\/span><span style=\"color: black;\"><br \/>\n<\/span><span style=\"color: black;\"><b>Karim Ziad&nbsp;<\/b><\/span><span style=\"color: black;\">: batterie (titres 1 \u00e0 3)<\/span><span style=\"color: black;\"><br \/>\n<\/span><span style=\"color: black;\"><b>Jeff Ludovicus&nbsp;<\/b><\/span><span style=\"color: black;\">: batterie&nbsp;(titres 4&nbsp;\u00e0 6)<\/span><\/p>\n<p>Le nouvel album de <strong>Yacine Malek<\/strong> est une qu\u00eate, dans laquelle le pianiste virtuose nous saisit et nous entra\u00eene. Une saisie qui op\u00e8re d\u00e8s son introduction au piano solo dans <strong>Like Brazil<\/strong>, le th\u00e8me qui ouvre l\u2019album en hommage \u00e0 <strong>Michel<\/strong> <strong>Petrucciani<\/strong>. Yacine nous embarque \u00e0 ses c\u00f4t\u00e9s sur le large tabouret de son piano, au plus pr\u00e8s de ses complices.<\/p>\n<p>C\u2019est la qu\u00eate d\u2019un Graal m\u00e9lodique d\u00e9di\u00e9 au public. Une qu\u00eate de <strong>partage<\/strong> avec le plus grand nombre, sans fard \u00e0 l\u2019\u00e9tat brut, pour une musique que l\u2019artiste veut totalement communicante. <strong>Yacine Malek<\/strong> veut faire de la musique un moment de partage imm\u00e9diat et spontan\u00e9 \u00ab Je me donne constamment et pleinement \u00e0 chaque fois que je monte sur une sc\u00e8ne\u2026 pour toucher les gens au plus profond d\u2019eux-m\u00eames et les \u00e9mouvoir \u00bb.<\/p>\n<p>Si <strong>Yacine Malek<\/strong> est aussi demand\u00e9 par les grands du showbiz, c\u2019est pour ses qualit\u00e9s de <strong>compositeur<\/strong>, <strong>d\u2019arrangeur<\/strong> et de <strong>Directeur<\/strong> <strong>musical<\/strong>, au-del\u00e0 de ce qu\u2019il r\u00e9v\u00e8le dans le Jazz. Des r\u00e9f\u00e9rences qui lui ont aussi beaucoup appris, dans la musique et dans la relation au public. <strong>Yacine<\/strong> se donne ainsi au public sans retenue aux c\u00f4t\u00e9s de <strong>Liane<\/strong> <strong>Foly<\/strong> depuis 2022 dans le spectacle \u00ab <strong>I<\/strong> <strong>Love<\/strong> <strong>Jazz<\/strong> \u00bb de la Chanteuse, dont il est le pianiste, arrangeur, et Directeur musical.<\/p>\n<p><strong>Yacine<\/strong> <strong>Malek<\/strong> s\u2019est lanc\u00e9 sans vraiment le savoir dans \u00ab <strong>Yacine Malek Double Trio \u2013 Live In Paris<\/strong> \u00bb. Spontan\u00e9ment, \u00ab par la force des choses \u00bb pendant le confinement de d\u00e9but 2021. Exasp\u00e9r\u00e9 comme tant d\u2019autres musiciens, <strong>Yacine<\/strong> monte sur sc\u00e8ne avec <strong>Linley Marthe<\/strong> et <strong>Karim<\/strong> <strong>Ziad<\/strong> pour un Live en streaming, au <strong>Regard du Cygne<\/strong> apr\u00e8s une travers\u00e9e de Paris d\u00e9sert, d\u00fbment muni de son pass sanitaire. Objectif : retrouver les sensations, le public, m\u00eame s\u2019il faut en passer par le virtuel. Rallumer les couleurs de la musique, avec une sorte de concert clandestin ! Les pistes du concert sont conserv\u00e9es, la route vers l\u2019album est ouverte !<\/p>\n<p>Avec un tel point de d\u00e9part, l\u2019album se devait d\u2019\u00eatre une qu\u00eate en Live, expression de toute fa\u00e7on parfaite de la musique de <strong>Yacine<\/strong> qu\u2019il veut <strong>pour<\/strong> et <strong>avec<\/strong> le public, qui lui donne toute sa dimension, toute son ampleur.<\/p>","protected":false},"excerpt":{"rendered":"<p>Disculpa, pero esta entrada est\u00e1 disponible s\u00f3lo en FR y EN.Yacine Malek Double Trio&nbsp;r\u00e9v\u00e8lera&nbsp;\u00abLive in Paris\u00bb son nouvel album \u00e0&nbsp;l&#8217;occasion de sa sortie&nbsp;le&nbsp;15 novembre 2024&nbsp;chez&nbsp;&nbsp;Anotherwo&nbsp;\/&nbsp;Plaza Mayor Company&nbsp;\/&nbsp;Sony Music&nbsp;\/&nbsp;InOu\u00efe Distribution. Cet opus sera pr\u00e9sent\u00e9&nbsp;&nbsp;le&nbsp;jeudi 12 d\u00e9cembre 2024 sur la sc\u00e8ne&nbsp;du&nbsp;Studio de L&#8217;Ermitage&nbsp;lors d&#8217;un&nbsp;concert de&nbsp;lancement&nbsp;exceptionnel. Le single \u00abTallal\u00bb sera disponible d\u00e8s le&nbsp;13 septembre 2024 sur toutes les [&hellip;]<\/p>\n","protected":false},"author":3,"featured_media":54097,"comment_status":"closed","ping_status":"closed","sticky":false,"template":"","format":"standard","meta":{"_acf_changed":false,"footnotes":""},"categories":[1],"tags":[],"class_list":["post-54096","post","type-post","status-publish","format-standard","has-post-thumbnail","hentry","category-non-classe"],"acf":[],"yoast_head":"<!-- This site is optimized with the Yoast SEO plugin v27.4 - https:\/\/yoast.com\/product\/yoast-seo-wordpress\/ -->\n<title>Yacine Malek Double Trio presentan \u2018\u2019Live in Paris\u2019\u2019 - VeevCom<\/title>\n<meta name=\"robots\" content=\"index, follow, max-snippet:-1, max-image-preview:large, max-video-preview:-1\" \/>\n<link rel=\"canonical\" href=\"https:\/\/veevcom.com\/es\/yacine-malek-double-trio-presente-live-in-paris\/\" \/>\n<meta property=\"og:locale\" content=\"es_ES\" \/>\n<meta property=\"og:type\" content=\"article\" \/>\n<meta property=\"og:title\" content=\"Yacine Malek Double Trio presentan \u2018\u2019Live in Paris\u2019\u2019 - VeevCom\" \/>\n<meta property=\"og:description\" content=\"Disculpa, pero esta entrada est\u00e1 disponible s\u00f3lo en FR y EN.Yacine Malek Double Trio&nbsp;r\u00e9v\u00e8lera&nbsp;\u00abLive in Paris\u00bb son nouvel album \u00e0&nbsp;l&#8217;occasion de sa sortie&nbsp;le&nbsp;15 novembre 2024&nbsp;chez&nbsp;&nbsp;Anotherwo&nbsp;\/&nbsp;Plaza Mayor Company&nbsp;\/&nbsp;Sony Music&nbsp;\/&nbsp;InOu\u00efe Distribution. Cet opus sera pr\u00e9sent\u00e9&nbsp;&nbsp;le&nbsp;jeudi 12 d\u00e9cembre 2024 sur la sc\u00e8ne&nbsp;du&nbsp;Studio de L&#8217;Ermitage&nbsp;lors d&#8217;un&nbsp;concert de&nbsp;lancement&nbsp;exceptionnel. Le single \u00abTallal\u00bb sera disponible d\u00e8s le&nbsp;13 septembre 2024 sur toutes les [&hellip;]\" \/>\n<meta property=\"og:url\" content=\"https:\/\/veevcom.com\/es\/yacine-malek-double-trio-presente-live-in-paris\/\" \/>\n<meta property=\"og:site_name\" content=\"VeevCom\" \/>\n<meta property=\"article:published_time\" content=\"2024-09-13T14:06:08+00:00\" \/>\n<meta property=\"article:modified_time\" content=\"2024-10-14T14:10:05+00:00\" \/>\n<meta property=\"og:image\" content=\"https:\/\/veevcom.com\/wp-content\/uploads\/2024\/09\/Yacine-Malek-Double-Trio-live-in-Paris.jpg\" \/>\n\t<meta property=\"og:image:width\" content=\"600\" \/>\n\t<meta property=\"og:image:height\" content=\"600\" \/>\n\t<meta property=\"og:image:type\" content=\"image\/jpeg\" \/>\n<meta name=\"author\" content=\"severine\" \/>\n<meta name=\"twitter:card\" content=\"summary_large_image\" \/>\n<meta name=\"twitter:label1\" content=\"Escrito por\" \/>\n\t<meta name=\"twitter:data1\" content=\"severine\" \/>\n\t<meta name=\"twitter:label2\" content=\"Tiempo de lectura\" \/>\n\t<meta name=\"twitter:data2\" content=\"5 minutos\" \/>\n<script type=\"application\/ld+json\" class=\"yoast-schema-graph\">{\"@context\":\"https:\\\/\\\/schema.org\",\"@graph\":[{\"@type\":\"Article\",\"@id\":\"https:\\\/\\\/veevcom.com\\\/es\\\/yacine-malek-double-trio-presente-live-in-paris\\\/#article\",\"isPartOf\":{\"@id\":\"https:\\\/\\\/veevcom.com\\\/es\\\/yacine-malek-double-trio-presente-live-in-paris\\\/\"},\"author\":{\"name\":\"severine\",\"@id\":\"https:\\\/\\\/veevcom.com\\\/#\\\/schema\\\/person\\\/754f1f5a030d278766b52cf0e0c62e8b\"},\"headline\":\"Yacine Malek Double Trio presentan \u2018\u2019Live in Paris\u2019\u2019\",\"datePublished\":\"2024-09-13T14:06:08+00:00\",\"dateModified\":\"2024-10-14T14:10:05+00:00\",\"mainEntityOfPage\":{\"@id\":\"https:\\\/\\\/veevcom.com\\\/es\\\/yacine-malek-double-trio-presente-live-in-paris\\\/\"},\"wordCount\":1038,\"image\":{\"@id\":\"https:\\\/\\\/veevcom.com\\\/es\\\/yacine-malek-double-trio-presente-live-in-paris\\\/#primaryimage\"},\"thumbnailUrl\":\"https:\\\/\\\/veevcom.com\\\/wp-content\\\/uploads\\\/2024\\\/09\\\/Yacine-Malek-Double-Trio-live-in-Paris.jpg\",\"articleSection\":[\"Actualidad\"],\"inLanguage\":\"es\"},{\"@type\":\"WebPage\",\"@id\":\"https:\\\/\\\/veevcom.com\\\/es\\\/yacine-malek-double-trio-presente-live-in-paris\\\/\",\"url\":\"https:\\\/\\\/veevcom.com\\\/es\\\/yacine-malek-double-trio-presente-live-in-paris\\\/\",\"name\":\"Yacine Malek Double Trio presentan \u2018\u2019Live in Paris\u2019\u2019 - VeevCom\",\"isPartOf\":{\"@id\":\"https:\\\/\\\/veevcom.com\\\/es\\\/#website\"},\"primaryImageOfPage\":{\"@id\":\"https:\\\/\\\/veevcom.com\\\/es\\\/yacine-malek-double-trio-presente-live-in-paris\\\/#primaryimage\"},\"image\":{\"@id\":\"https:\\\/\\\/veevcom.com\\\/es\\\/yacine-malek-double-trio-presente-live-in-paris\\\/#primaryimage\"},\"thumbnailUrl\":\"https:\\\/\\\/veevcom.com\\\/wp-content\\\/uploads\\\/2024\\\/09\\\/Yacine-Malek-Double-Trio-live-in-Paris.jpg\",\"datePublished\":\"2024-09-13T14:06:08+00:00\",\"dateModified\":\"2024-10-14T14:10:05+00:00\",\"author\":{\"@id\":\"https:\\\/\\\/veevcom.com\\\/#\\\/schema\\\/person\\\/754f1f5a030d278766b52cf0e0c62e8b\"},\"breadcrumb\":{\"@id\":\"https:\\\/\\\/veevcom.com\\\/es\\\/yacine-malek-double-trio-presente-live-in-paris\\\/#breadcrumb\"},\"inLanguage\":\"es\",\"potentialAction\":[{\"@type\":\"ReadAction\",\"target\":[[\"https:\\\/\\\/veevcom.com\\\/es\\\/yacine-malek-double-trio-presente-live-in-paris\\\/\"]]}]},{\"@type\":\"ImageObject\",\"inLanguage\":\"es\",\"@id\":\"https:\\\/\\\/veevcom.com\\\/es\\\/yacine-malek-double-trio-presente-live-in-paris\\\/#primaryimage\",\"url\":\"https:\\\/\\\/veevcom.com\\\/wp-content\\\/uploads\\\/2024\\\/09\\\/Yacine-Malek-Double-Trio-live-in-Paris.jpg\",\"contentUrl\":\"https:\\\/\\\/veevcom.com\\\/wp-content\\\/uploads\\\/2024\\\/09\\\/Yacine-Malek-Double-Trio-live-in-Paris.jpg\",\"width\":600,\"height\":600},{\"@type\":\"BreadcrumbList\",\"@id\":\"https:\\\/\\\/veevcom.com\\\/es\\\/yacine-malek-double-trio-presente-live-in-paris\\\/#breadcrumb\",\"itemListElement\":[{\"@type\":\"ListItem\",\"position\":1,\"name\":\"Accueil\",\"item\":\"https:\\\/\\\/veevcom.com\\\/es\\\/\"},{\"@type\":\"ListItem\",\"position\":2,\"name\":\"Yacine Malek Double Trio presentan \u2018\u2019Live in Paris\u2019\u2019\"}]},{\"@type\":\"WebSite\",\"@id\":\"https:\\\/\\\/veevcom.com\\\/es\\\/#website\",\"url\":\"https:\\\/\\\/veevcom.com\\\/es\\\/\",\"name\":\"VeevCom\",\"description\":\"Public Relations and Communication in the Music Industry\",\"potentialAction\":[{\"@type\":\"SearchAction\",\"target\":{\"@type\":\"EntryPoint\",\"urlTemplate\":\"https:\\\/\\\/veevcom.com\\\/es\\\/?s={search_term_string}\"},\"query-input\":{\"@type\":\"PropertyValueSpecification\",\"valueRequired\":true,\"valueName\":\"search_term_string\"}}],\"inLanguage\":\"es\"},{\"@type\":\"Person\",\"@id\":\"https:\\\/\\\/veevcom.com\\\/#\\\/schema\\\/person\\\/754f1f5a030d278766b52cf0e0c62e8b\",\"name\":\"severine\",\"image\":{\"@type\":\"ImageObject\",\"inLanguage\":\"es\",\"@id\":\"https:\\\/\\\/secure.gravatar.com\\\/avatar\\\/ba307ed472519f403589981b25bf62b4089c1f82b837eaae855dd05633adf22c?s=96&d=mm&r=g\",\"url\":\"https:\\\/\\\/secure.gravatar.com\\\/avatar\\\/ba307ed472519f403589981b25bf62b4089c1f82b837eaae855dd05633adf22c?s=96&d=mm&r=g\",\"contentUrl\":\"https:\\\/\\\/secure.gravatar.com\\\/avatar\\\/ba307ed472519f403589981b25bf62b4089c1f82b837eaae855dd05633adf22c?s=96&d=mm&r=g\",\"caption\":\"severine\"}}]}<\/script>\n<!-- \/ Yoast SEO plugin. -->","yoast_head_json":{"title":"Yacine Malek Double Trio presentan \u2018\u2019Live in Paris\u2019\u2019 - VeevCom","robots":{"index":"index","follow":"follow","max-snippet":"max-snippet:-1","max-image-preview":"max-image-preview:large","max-video-preview":"max-video-preview:-1"},"canonical":"https:\/\/veevcom.com\/es\/yacine-malek-double-trio-presente-live-in-paris\/","og_locale":"es_ES","og_type":"article","og_title":"Yacine Malek Double Trio presentan \u2018\u2019Live in Paris\u2019\u2019 - VeevCom","og_description":"Disculpa, pero esta entrada est\u00e1 disponible s\u00f3lo en FR y EN.Yacine Malek Double Trio&nbsp;r\u00e9v\u00e8lera&nbsp;\u00abLive in Paris\u00bb son nouvel album \u00e0&nbsp;l&#8217;occasion de sa sortie&nbsp;le&nbsp;15 novembre 2024&nbsp;chez&nbsp;&nbsp;Anotherwo&nbsp;\/&nbsp;Plaza Mayor Company&nbsp;\/&nbsp;Sony Music&nbsp;\/&nbsp;InOu\u00efe Distribution. Cet opus sera pr\u00e9sent\u00e9&nbsp;&nbsp;le&nbsp;jeudi 12 d\u00e9cembre 2024 sur la sc\u00e8ne&nbsp;du&nbsp;Studio de L&#8217;Ermitage&nbsp;lors d&#8217;un&nbsp;concert de&nbsp;lancement&nbsp;exceptionnel. Le single \u00abTallal\u00bb sera disponible d\u00e8s le&nbsp;13 septembre 2024 sur toutes les [&hellip;]","og_url":"https:\/\/veevcom.com\/es\/yacine-malek-double-trio-presente-live-in-paris\/","og_site_name":"VeevCom","article_published_time":"2024-09-13T14:06:08+00:00","article_modified_time":"2024-10-14T14:10:05+00:00","og_image":[{"width":600,"height":600,"url":"https:\/\/veevcom.com\/wp-content\/uploads\/2024\/09\/Yacine-Malek-Double-Trio-live-in-Paris.jpg","type":"image\/jpeg"}],"author":"severine","twitter_card":"summary_large_image","twitter_misc":{"Escrito por":"severine","Tiempo de lectura":"5 minutos"},"schema":{"@context":"https:\/\/schema.org","@graph":[{"@type":"Article","@id":"https:\/\/veevcom.com\/es\/yacine-malek-double-trio-presente-live-in-paris\/#article","isPartOf":{"@id":"https:\/\/veevcom.com\/es\/yacine-malek-double-trio-presente-live-in-paris\/"},"author":{"name":"severine","@id":"https:\/\/veevcom.com\/#\/schema\/person\/754f1f5a030d278766b52cf0e0c62e8b"},"headline":"Yacine Malek Double Trio presentan \u2018\u2019Live in Paris\u2019\u2019","datePublished":"2024-09-13T14:06:08+00:00","dateModified":"2024-10-14T14:10:05+00:00","mainEntityOfPage":{"@id":"https:\/\/veevcom.com\/es\/yacine-malek-double-trio-presente-live-in-paris\/"},"wordCount":1038,"image":{"@id":"https:\/\/veevcom.com\/es\/yacine-malek-double-trio-presente-live-in-paris\/#primaryimage"},"thumbnailUrl":"https:\/\/veevcom.com\/wp-content\/uploads\/2024\/09\/Yacine-Malek-Double-Trio-live-in-Paris.jpg","articleSection":["Actualidad"],"inLanguage":"es"},{"@type":"WebPage","@id":"https:\/\/veevcom.com\/es\/yacine-malek-double-trio-presente-live-in-paris\/","url":"https:\/\/veevcom.com\/es\/yacine-malek-double-trio-presente-live-in-paris\/","name":"Yacine Malek Double Trio presentan \u2018\u2019Live in Paris\u2019\u2019 - VeevCom","isPartOf":{"@id":"https:\/\/veevcom.com\/es\/#website"},"primaryImageOfPage":{"@id":"https:\/\/veevcom.com\/es\/yacine-malek-double-trio-presente-live-in-paris\/#primaryimage"},"image":{"@id":"https:\/\/veevcom.com\/es\/yacine-malek-double-trio-presente-live-in-paris\/#primaryimage"},"thumbnailUrl":"https:\/\/veevcom.com\/wp-content\/uploads\/2024\/09\/Yacine-Malek-Double-Trio-live-in-Paris.jpg","datePublished":"2024-09-13T14:06:08+00:00","dateModified":"2024-10-14T14:10:05+00:00","author":{"@id":"https:\/\/veevcom.com\/#\/schema\/person\/754f1f5a030d278766b52cf0e0c62e8b"},"breadcrumb":{"@id":"https:\/\/veevcom.com\/es\/yacine-malek-double-trio-presente-live-in-paris\/#breadcrumb"},"inLanguage":"es","potentialAction":[{"@type":"ReadAction","target":[["https:\/\/veevcom.com\/es\/yacine-malek-double-trio-presente-live-in-paris\/"]]}]},{"@type":"ImageObject","inLanguage":"es","@id":"https:\/\/veevcom.com\/es\/yacine-malek-double-trio-presente-live-in-paris\/#primaryimage","url":"https:\/\/veevcom.com\/wp-content\/uploads\/2024\/09\/Yacine-Malek-Double-Trio-live-in-Paris.jpg","contentUrl":"https:\/\/veevcom.com\/wp-content\/uploads\/2024\/09\/Yacine-Malek-Double-Trio-live-in-Paris.jpg","width":600,"height":600},{"@type":"BreadcrumbList","@id":"https:\/\/veevcom.com\/es\/yacine-malek-double-trio-presente-live-in-paris\/#breadcrumb","itemListElement":[{"@type":"ListItem","position":1,"name":"Accueil","item":"https:\/\/veevcom.com\/es\/"},{"@type":"ListItem","position":2,"name":"Yacine Malek Double Trio presentan \u2018\u2019Live in Paris\u2019\u2019"}]},{"@type":"WebSite","@id":"https:\/\/veevcom.com\/es\/#website","url":"https:\/\/veevcom.com\/es\/","name":"VeevCom","description":"Public Relations and Communication in the Music Industry","potentialAction":[{"@type":"SearchAction","target":{"@type":"EntryPoint","urlTemplate":"https:\/\/veevcom.com\/es\/?s={search_term_string}"},"query-input":{"@type":"PropertyValueSpecification","valueRequired":true,"valueName":"search_term_string"}}],"inLanguage":"es"},{"@type":"Person","@id":"https:\/\/veevcom.com\/#\/schema\/person\/754f1f5a030d278766b52cf0e0c62e8b","name":"severine","image":{"@type":"ImageObject","inLanguage":"es","@id":"https:\/\/secure.gravatar.com\/avatar\/ba307ed472519f403589981b25bf62b4089c1f82b837eaae855dd05633adf22c?s=96&d=mm&r=g","url":"https:\/\/secure.gravatar.com\/avatar\/ba307ed472519f403589981b25bf62b4089c1f82b837eaae855dd05633adf22c?s=96&d=mm&r=g","contentUrl":"https:\/\/secure.gravatar.com\/avatar\/ba307ed472519f403589981b25bf62b4089c1f82b837eaae855dd05633adf22c?s=96&d=mm&r=g","caption":"severine"}}]}},"_links":{"self":[{"href":"https:\/\/veevcom.com\/es\/wp-json\/wp\/v2\/posts\/54096","targetHints":{"allow":["GET"]}}],"collection":[{"href":"https:\/\/veevcom.com\/es\/wp-json\/wp\/v2\/posts"}],"about":[{"href":"https:\/\/veevcom.com\/es\/wp-json\/wp\/v2\/types\/post"}],"author":[{"embeddable":true,"href":"https:\/\/veevcom.com\/es\/wp-json\/wp\/v2\/users\/3"}],"replies":[{"embeddable":true,"href":"https:\/\/veevcom.com\/es\/wp-json\/wp\/v2\/comments?post=54096"}],"version-history":[{"count":2,"href":"https:\/\/veevcom.com\/es\/wp-json\/wp\/v2\/posts\/54096\/revisions"}],"predecessor-version":[{"id":54155,"href":"https:\/\/veevcom.com\/es\/wp-json\/wp\/v2\/posts\/54096\/revisions\/54155"}],"wp:featuredmedia":[{"embeddable":true,"href":"https:\/\/veevcom.com\/es\/wp-json\/wp\/v2\/media\/54097"}],"wp:attachment":[{"href":"https:\/\/veevcom.com\/es\/wp-json\/wp\/v2\/media?parent=54096"}],"wp:term":[{"taxonomy":"category","embeddable":true,"href":"https:\/\/veevcom.com\/es\/wp-json\/wp\/v2\/categories?post=54096"},{"taxonomy":"post_tag","embeddable":true,"href":"https:\/\/veevcom.com\/es\/wp-json\/wp\/v2\/tags?post=54096"}],"curies":[{"name":"wp","href":"https:\/\/api.w.org\/{rel}","templated":true}]}}