{"id":54032,"date":"2024-06-27T17:13:34","date_gmt":"2024-06-27T15:13:34","guid":{"rendered":"http:\/\/veevcom.com\/?p=54032"},"modified":"2024-06-28T15:49:36","modified_gmt":"2024-06-28T13:49:36","slug":"claire-luzi-presente-ce-corta-jaca-aux-2-pianos","status":"publish","type":"post","link":"https:\/\/veevcom.com\/es\/claire-luzi-presente-ce-corta-jaca-aux-2-pianos\/","title":{"rendered":"Claire Luzi presenta \u00abCe Corta-Jaca\u00bb"},"content":{"rendered":"<p class=\"qtranxs-available-languages-message qtranxs-available-languages-message-es\">Disculpa, pero esta entrada est\u00e1 disponible s\u00f3lo en <a href=\"https:\/\/veevcom.com\/fr\/wp-json\/wp\/v2\/posts\/54032\" class=\"qtranxs-available-language-link qtranxs-available-language-link-fr\" title=\"FR\">FR<\/a> y <a href=\"https:\/\/veevcom.com\/en\/wp-json\/wp\/v2\/posts\/54032\" class=\"qtranxs-available-language-link qtranxs-available-language-link-en\" title=\"EN\">EN<\/a>.<\/p><p><strong>Claire Luzi<\/strong> r\u00e9v\u00e8lera \u00ab <strong>Ce Corta-Jaca<\/strong> \u00bb son nouvel EP \u00e0 l&#8217;occasion de sa sortie le <strong>20 septembre 2024<\/strong> chez <strong>La<\/strong> <strong>Roda<\/strong> \/ <strong>InOu\u00efe<\/strong> <strong>Distribution<\/strong>. Cet opus sera pr\u00e9sent\u00e9 le <strong>jeudi 10 octobre 2024<\/strong> sur la sc\u00e8ne de <strong>Les 2 Pianos<\/strong> lors d&#8217;un concert de lancement exceptionnel.<\/p>\n<p>Le single \u00ab<strong>Le tram qui m\u00e8ne \u00e0 la mer<\/strong>\u00bb sera disponible d\u00e8s le <strong>28 juin 2024<\/strong> sur toutes les plateformes.<\/p>\n<p><strong>Claire Luzi<\/strong> se livre et nous raconte, avec ce nouveau quartet et des chansons en fran\u00e7ais, ses pens\u00e9es, ses r\u00eaves et ses fantaisies. Une ode \u00e0 la nature, aux femmes et \u00e0 la libert\u00e9 o\u00f9 les mots choisis par <strong>Claire Luzi<\/strong> s\u2019entrem\u00ealent parfaitement aux notes de musique sur les joyeuses m\u00e9lodies du choro br\u00e9silien.<br \/>\nLine-up :<br \/>\n<strong>Claire<\/strong> <strong>Luzi<\/strong> : chant, mandoline<br \/>\n<strong>Karine<\/strong> <strong>Huet<\/strong> : accord\u00e9on<br \/>\n<strong>Raquel<\/strong> <strong>Freitas<\/strong> : piano<br \/>\n<strong>Icaro<\/strong> <strong>Kai<\/strong> <strong>Mello<\/strong> : percussions<\/p>\n<p><strong>Claire<\/strong> <strong>Luzi<\/strong> vue par&#8230; <strong>Manu<\/strong> <strong>Th\u00e9ron<\/strong> :<br \/>\n\u00ab Cette mandoliniste-chanteuse \u2013 meneuse de compagnies et d\u2019amiti\u00e9s musicales fid\u00e8les \u2013 nous emm\u00e8ne dans son univers chatoyant, fa\u00e7onn\u00e9 par des ann\u00e9es de rencontres entre Br\u00e9sil et Provence, entre m\u00e9lodies oniriques et rythmes bien terrestres. Elle imagine avec gourmandise et une discr\u00e9tion flamboyantes les mille et une histoires de la vie ordinaire, pass\u00e9es au tamis de ses espoirs, de ses r\u00eaves d\u2019\u00e9galit\u00e9 ou d\u2019\u00e9cologie heureuses, et raconte les mille petits riens qui jalonnent notre quotidien dans ce d\u00e9dale. \u00bb<\/p>\n<p><strong>Claire<\/strong> <strong>Luzi<\/strong> vue par&#8230; <strong>Claire<\/strong> <strong>Luzi<\/strong> :<br \/>\n\u00ab Dans mes chansons j\u2019ai mis tout ce que j\u2019aime, et tout ce que j\u2019ai appris : une solide formation au piano classique avec un engouement total pour les m\u00e9lodies de Chopin ; j\u2019ai grandi en \u00e9coutant Bourvil, Boby Lapointe et plus tard, Nougaro donc chaque mot me bouleverse, et puis Juliette, entre autres&#8230;. Des ann\u00e9es de chant choral en classique, contemporain, un Dipl\u00f4me de Musicien intervenant en milieu scolaire au passage, un compagnonnage (gr\u00e2ce \u00e0 une bourse ADAMI en 2016) pour travailler ma voix avec la grande chanteuse br\u00e9silienne Teca Calazans. Et puis la mandoline ! En Corse, avec mon grand-oncle, puis aupr\u00e8s de Patrick Vaillant, et finalement au Br\u00e9sil avec Pedro Amorim et Marco C\u00e9sar, le Br\u00e9sil o\u00f9 j\u2019ai trouv\u00e9 la musique qui me correspond : le choro, qui allie les m\u00e9lodies de Chopin avec les syncopes qui font danser mon \u00e2me ! Enfin en 2007 j\u2019ai rencontr\u00e9 au Br\u00e9sil le compositeur guitariste Cristiano Nascimento, et depuis notre bin\u00f4me amoureux est fertile en chansons et cr\u00e9ations (et en enfants) ! \u00bb<\/p>","protected":false},"excerpt":{"rendered":"<p>Disculpa, pero esta entrada est\u00e1 disponible s\u00f3lo en FR y EN.Claire Luzi r\u00e9v\u00e8lera \u00ab Ce Corta-Jaca \u00bb son nouvel EP \u00e0 l&#8217;occasion de sa sortie le 20 septembre 2024 chez La Roda \/ InOu\u00efe Distribution. Cet opus sera pr\u00e9sent\u00e9 le jeudi 10 octobre 2024 sur la sc\u00e8ne de Les 2 Pianos lors d&#8217;un concert de [&hellip;]<\/p>\n","protected":false},"author":3,"featured_media":54033,"comment_status":"closed","ping_status":"closed","sticky":false,"template":"","format":"standard","meta":{"_acf_changed":false,"footnotes":""},"categories":[1],"tags":[],"class_list":["post-54032","post","type-post","status-publish","format-standard","has-post-thumbnail","hentry","category-non-classe"],"acf":[],"yoast_head":"<!-- This site is optimized with the Yoast SEO plugin v27.4 - https:\/\/yoast.com\/product\/yoast-seo-wordpress\/ -->\n<title>Claire Luzi presenta &quot;Ce Corta-Jaca&quot;  - VeevCom<\/title>\n<meta name=\"robots\" content=\"index, follow, max-snippet:-1, max-image-preview:large, max-video-preview:-1\" \/>\n<link rel=\"canonical\" href=\"https:\/\/veevcom.com\/es\/claire-luzi-presente-ce-corta-jaca-aux-2-pianos\/\" \/>\n<meta property=\"og:locale\" content=\"es_ES\" \/>\n<meta property=\"og:type\" content=\"article\" \/>\n<meta property=\"og:title\" content=\"Claire Luzi presenta &quot;Ce Corta-Jaca&quot;  - VeevCom\" \/>\n<meta property=\"og:description\" content=\"Disculpa, pero esta entrada est\u00e1 disponible s\u00f3lo en FR y EN.Claire Luzi r\u00e9v\u00e8lera \u00ab Ce Corta-Jaca \u00bb son nouvel EP \u00e0 l&#8217;occasion de sa sortie le 20 septembre 2024 chez La Roda \/ InOu\u00efe Distribution. Cet opus sera pr\u00e9sent\u00e9 le jeudi 10 octobre 2024 sur la sc\u00e8ne de Les 2 Pianos lors d&#8217;un concert de [&hellip;]\" \/>\n<meta property=\"og:url\" content=\"https:\/\/veevcom.com\/es\/claire-luzi-presente-ce-corta-jaca-aux-2-pianos\/\" \/>\n<meta property=\"og:site_name\" content=\"VeevCom\" \/>\n<meta property=\"article:published_time\" content=\"2024-06-27T15:13:34+00:00\" \/>\n<meta property=\"article:modified_time\" content=\"2024-06-28T13:49:36+00:00\" \/>\n<meta property=\"og:image\" content=\"https:\/\/veevcom.com\/wp-content\/uploads\/2024\/06\/Claire-Luzi_POchetteCD_Face-HD-RVB\u00a9-Myriam-Correard.jpg\" \/>\n\t<meta property=\"og:image:width\" content=\"1420\" \/>\n\t<meta property=\"og:image:height\" content=\"1300\" \/>\n\t<meta property=\"og:image:type\" content=\"image\/jpeg\" \/>\n<meta name=\"author\" content=\"severine\" \/>\n<meta name=\"twitter:card\" content=\"summary_large_image\" \/>\n<meta name=\"twitter:label1\" content=\"Escrito por\" \/>\n\t<meta name=\"twitter:data1\" content=\"severine\" \/>\n\t<meta name=\"twitter:label2\" content=\"Tiempo de lectura\" \/>\n\t<meta name=\"twitter:data2\" content=\"4 minutos\" \/>\n<script type=\"application\/ld+json\" class=\"yoast-schema-graph\">{\"@context\":\"https:\\\/\\\/schema.org\",\"@graph\":[{\"@type\":\"Article\",\"@id\":\"https:\\\/\\\/veevcom.com\\\/es\\\/claire-luzi-presente-ce-corta-jaca-aux-2-pianos\\\/#article\",\"isPartOf\":{\"@id\":\"https:\\\/\\\/veevcom.com\\\/es\\\/claire-luzi-presente-ce-corta-jaca-aux-2-pianos\\\/\"},\"author\":{\"name\":\"severine\",\"@id\":\"https:\\\/\\\/veevcom.com\\\/#\\\/schema\\\/person\\\/754f1f5a030d278766b52cf0e0c62e8b\"},\"headline\":\"Claire Luzi presenta \u00abCe Corta-Jaca\u00bb\",\"datePublished\":\"2024-06-27T15:13:34+00:00\",\"dateModified\":\"2024-06-28T13:49:36+00:00\",\"mainEntityOfPage\":{\"@id\":\"https:\\\/\\\/veevcom.com\\\/es\\\/claire-luzi-presente-ce-corta-jaca-aux-2-pianos\\\/\"},\"wordCount\":804,\"image\":{\"@id\":\"https:\\\/\\\/veevcom.com\\\/es\\\/claire-luzi-presente-ce-corta-jaca-aux-2-pianos\\\/#primaryimage\"},\"thumbnailUrl\":\"https:\\\/\\\/veevcom.com\\\/wp-content\\\/uploads\\\/2024\\\/06\\\/Claire-Luzi_POchetteCD_Face-HD-RVB\u00a9-Myriam-Correard.jpg\",\"articleSection\":[\"Actualidad\"],\"inLanguage\":\"es\"},{\"@type\":\"WebPage\",\"@id\":\"https:\\\/\\\/veevcom.com\\\/es\\\/claire-luzi-presente-ce-corta-jaca-aux-2-pianos\\\/\",\"url\":\"https:\\\/\\\/veevcom.com\\\/es\\\/claire-luzi-presente-ce-corta-jaca-aux-2-pianos\\\/\",\"name\":\"Claire Luzi presenta \\\"Ce Corta-Jaca\\\"  - VeevCom\",\"isPartOf\":{\"@id\":\"https:\\\/\\\/veevcom.com\\\/es\\\/#website\"},\"primaryImageOfPage\":{\"@id\":\"https:\\\/\\\/veevcom.com\\\/es\\\/claire-luzi-presente-ce-corta-jaca-aux-2-pianos\\\/#primaryimage\"},\"image\":{\"@id\":\"https:\\\/\\\/veevcom.com\\\/es\\\/claire-luzi-presente-ce-corta-jaca-aux-2-pianos\\\/#primaryimage\"},\"thumbnailUrl\":\"https:\\\/\\\/veevcom.com\\\/wp-content\\\/uploads\\\/2024\\\/06\\\/Claire-Luzi_POchetteCD_Face-HD-RVB\u00a9-Myriam-Correard.jpg\",\"datePublished\":\"2024-06-27T15:13:34+00:00\",\"dateModified\":\"2024-06-28T13:49:36+00:00\",\"author\":{\"@id\":\"https:\\\/\\\/veevcom.com\\\/#\\\/schema\\\/person\\\/754f1f5a030d278766b52cf0e0c62e8b\"},\"breadcrumb\":{\"@id\":\"https:\\\/\\\/veevcom.com\\\/es\\\/claire-luzi-presente-ce-corta-jaca-aux-2-pianos\\\/#breadcrumb\"},\"inLanguage\":\"es\",\"potentialAction\":[{\"@type\":\"ReadAction\",\"target\":[[\"https:\\\/\\\/veevcom.com\\\/es\\\/claire-luzi-presente-ce-corta-jaca-aux-2-pianos\\\/\"]]}]},{\"@type\":\"ImageObject\",\"inLanguage\":\"es\",\"@id\":\"https:\\\/\\\/veevcom.com\\\/es\\\/claire-luzi-presente-ce-corta-jaca-aux-2-pianos\\\/#primaryimage\",\"url\":\"https:\\\/\\\/veevcom.com\\\/wp-content\\\/uploads\\\/2024\\\/06\\\/Claire-Luzi_POchetteCD_Face-HD-RVB\u00a9-Myriam-Correard.jpg\",\"contentUrl\":\"https:\\\/\\\/veevcom.com\\\/wp-content\\\/uploads\\\/2024\\\/06\\\/Claire-Luzi_POchetteCD_Face-HD-RVB\u00a9-Myriam-Correard.jpg\",\"width\":1420,\"height\":1300},{\"@type\":\"BreadcrumbList\",\"@id\":\"https:\\\/\\\/veevcom.com\\\/es\\\/claire-luzi-presente-ce-corta-jaca-aux-2-pianos\\\/#breadcrumb\",\"itemListElement\":[{\"@type\":\"ListItem\",\"position\":1,\"name\":\"Accueil\",\"item\":\"https:\\\/\\\/veevcom.com\\\/es\\\/\"},{\"@type\":\"ListItem\",\"position\":2,\"name\":\"Claire Luzi presenta \u00abCe Corta-Jaca\u00bb\"}]},{\"@type\":\"WebSite\",\"@id\":\"https:\\\/\\\/veevcom.com\\\/es\\\/#website\",\"url\":\"https:\\\/\\\/veevcom.com\\\/es\\\/\",\"name\":\"VeevCom\",\"description\":\"Public Relations and Communication in the Music Industry\",\"potentialAction\":[{\"@type\":\"SearchAction\",\"target\":{\"@type\":\"EntryPoint\",\"urlTemplate\":\"https:\\\/\\\/veevcom.com\\\/es\\\/?s={search_term_string}\"},\"query-input\":{\"@type\":\"PropertyValueSpecification\",\"valueRequired\":true,\"valueName\":\"search_term_string\"}}],\"inLanguage\":\"es\"},{\"@type\":\"Person\",\"@id\":\"https:\\\/\\\/veevcom.com\\\/#\\\/schema\\\/person\\\/754f1f5a030d278766b52cf0e0c62e8b\",\"name\":\"severine\",\"image\":{\"@type\":\"ImageObject\",\"inLanguage\":\"es\",\"@id\":\"https:\\\/\\\/secure.gravatar.com\\\/avatar\\\/ba307ed472519f403589981b25bf62b4089c1f82b837eaae855dd05633adf22c?s=96&d=mm&r=g\",\"url\":\"https:\\\/\\\/secure.gravatar.com\\\/avatar\\\/ba307ed472519f403589981b25bf62b4089c1f82b837eaae855dd05633adf22c?s=96&d=mm&r=g\",\"contentUrl\":\"https:\\\/\\\/secure.gravatar.com\\\/avatar\\\/ba307ed472519f403589981b25bf62b4089c1f82b837eaae855dd05633adf22c?s=96&d=mm&r=g\",\"caption\":\"severine\"}}]}<\/script>\n<!-- \/ Yoast SEO plugin. -->","yoast_head_json":{"title":"Claire Luzi presenta \"Ce Corta-Jaca\"  - VeevCom","robots":{"index":"index","follow":"follow","max-snippet":"max-snippet:-1","max-image-preview":"max-image-preview:large","max-video-preview":"max-video-preview:-1"},"canonical":"https:\/\/veevcom.com\/es\/claire-luzi-presente-ce-corta-jaca-aux-2-pianos\/","og_locale":"es_ES","og_type":"article","og_title":"Claire Luzi presenta \"Ce Corta-Jaca\"  - VeevCom","og_description":"Disculpa, pero esta entrada est\u00e1 disponible s\u00f3lo en FR y EN.Claire Luzi r\u00e9v\u00e8lera \u00ab Ce Corta-Jaca \u00bb son nouvel EP \u00e0 l&#8217;occasion de sa sortie le 20 septembre 2024 chez La Roda \/ InOu\u00efe Distribution. Cet opus sera pr\u00e9sent\u00e9 le jeudi 10 octobre 2024 sur la sc\u00e8ne de Les 2 Pianos lors d&#8217;un concert de [&hellip;]","og_url":"https:\/\/veevcom.com\/es\/claire-luzi-presente-ce-corta-jaca-aux-2-pianos\/","og_site_name":"VeevCom","article_published_time":"2024-06-27T15:13:34+00:00","article_modified_time":"2024-06-28T13:49:36+00:00","og_image":[{"width":1420,"height":1300,"url":"https:\/\/veevcom.com\/wp-content\/uploads\/2024\/06\/Claire-Luzi_POchetteCD_Face-HD-RVB\u00a9-Myriam-Correard.jpg","type":"image\/jpeg"}],"author":"severine","twitter_card":"summary_large_image","twitter_misc":{"Escrito por":"severine","Tiempo de lectura":"4 minutos"},"schema":{"@context":"https:\/\/schema.org","@graph":[{"@type":"Article","@id":"https:\/\/veevcom.com\/es\/claire-luzi-presente-ce-corta-jaca-aux-2-pianos\/#article","isPartOf":{"@id":"https:\/\/veevcom.com\/es\/claire-luzi-presente-ce-corta-jaca-aux-2-pianos\/"},"author":{"name":"severine","@id":"https:\/\/veevcom.com\/#\/schema\/person\/754f1f5a030d278766b52cf0e0c62e8b"},"headline":"Claire Luzi presenta \u00abCe Corta-Jaca\u00bb","datePublished":"2024-06-27T15:13:34+00:00","dateModified":"2024-06-28T13:49:36+00:00","mainEntityOfPage":{"@id":"https:\/\/veevcom.com\/es\/claire-luzi-presente-ce-corta-jaca-aux-2-pianos\/"},"wordCount":804,"image":{"@id":"https:\/\/veevcom.com\/es\/claire-luzi-presente-ce-corta-jaca-aux-2-pianos\/#primaryimage"},"thumbnailUrl":"https:\/\/veevcom.com\/wp-content\/uploads\/2024\/06\/Claire-Luzi_POchetteCD_Face-HD-RVB\u00a9-Myriam-Correard.jpg","articleSection":["Actualidad"],"inLanguage":"es"},{"@type":"WebPage","@id":"https:\/\/veevcom.com\/es\/claire-luzi-presente-ce-corta-jaca-aux-2-pianos\/","url":"https:\/\/veevcom.com\/es\/claire-luzi-presente-ce-corta-jaca-aux-2-pianos\/","name":"Claire Luzi presenta \"Ce Corta-Jaca\"  - VeevCom","isPartOf":{"@id":"https:\/\/veevcom.com\/es\/#website"},"primaryImageOfPage":{"@id":"https:\/\/veevcom.com\/es\/claire-luzi-presente-ce-corta-jaca-aux-2-pianos\/#primaryimage"},"image":{"@id":"https:\/\/veevcom.com\/es\/claire-luzi-presente-ce-corta-jaca-aux-2-pianos\/#primaryimage"},"thumbnailUrl":"https:\/\/veevcom.com\/wp-content\/uploads\/2024\/06\/Claire-Luzi_POchetteCD_Face-HD-RVB\u00a9-Myriam-Correard.jpg","datePublished":"2024-06-27T15:13:34+00:00","dateModified":"2024-06-28T13:49:36+00:00","author":{"@id":"https:\/\/veevcom.com\/#\/schema\/person\/754f1f5a030d278766b52cf0e0c62e8b"},"breadcrumb":{"@id":"https:\/\/veevcom.com\/es\/claire-luzi-presente-ce-corta-jaca-aux-2-pianos\/#breadcrumb"},"inLanguage":"es","potentialAction":[{"@type":"ReadAction","target":[["https:\/\/veevcom.com\/es\/claire-luzi-presente-ce-corta-jaca-aux-2-pianos\/"]]}]},{"@type":"ImageObject","inLanguage":"es","@id":"https:\/\/veevcom.com\/es\/claire-luzi-presente-ce-corta-jaca-aux-2-pianos\/#primaryimage","url":"https:\/\/veevcom.com\/wp-content\/uploads\/2024\/06\/Claire-Luzi_POchetteCD_Face-HD-RVB\u00a9-Myriam-Correard.jpg","contentUrl":"https:\/\/veevcom.com\/wp-content\/uploads\/2024\/06\/Claire-Luzi_POchetteCD_Face-HD-RVB\u00a9-Myriam-Correard.jpg","width":1420,"height":1300},{"@type":"BreadcrumbList","@id":"https:\/\/veevcom.com\/es\/claire-luzi-presente-ce-corta-jaca-aux-2-pianos\/#breadcrumb","itemListElement":[{"@type":"ListItem","position":1,"name":"Accueil","item":"https:\/\/veevcom.com\/es\/"},{"@type":"ListItem","position":2,"name":"Claire Luzi presenta \u00abCe Corta-Jaca\u00bb"}]},{"@type":"WebSite","@id":"https:\/\/veevcom.com\/es\/#website","url":"https:\/\/veevcom.com\/es\/","name":"VeevCom","description":"Public Relations and Communication in the Music Industry","potentialAction":[{"@type":"SearchAction","target":{"@type":"EntryPoint","urlTemplate":"https:\/\/veevcom.com\/es\/?s={search_term_string}"},"query-input":{"@type":"PropertyValueSpecification","valueRequired":true,"valueName":"search_term_string"}}],"inLanguage":"es"},{"@type":"Person","@id":"https:\/\/veevcom.com\/#\/schema\/person\/754f1f5a030d278766b52cf0e0c62e8b","name":"severine","image":{"@type":"ImageObject","inLanguage":"es","@id":"https:\/\/secure.gravatar.com\/avatar\/ba307ed472519f403589981b25bf62b4089c1f82b837eaae855dd05633adf22c?s=96&d=mm&r=g","url":"https:\/\/secure.gravatar.com\/avatar\/ba307ed472519f403589981b25bf62b4089c1f82b837eaae855dd05633adf22c?s=96&d=mm&r=g","contentUrl":"https:\/\/secure.gravatar.com\/avatar\/ba307ed472519f403589981b25bf62b4089c1f82b837eaae855dd05633adf22c?s=96&d=mm&r=g","caption":"severine"}}]}},"_links":{"self":[{"href":"https:\/\/veevcom.com\/es\/wp-json\/wp\/v2\/posts\/54032","targetHints":{"allow":["GET"]}}],"collection":[{"href":"https:\/\/veevcom.com\/es\/wp-json\/wp\/v2\/posts"}],"about":[{"href":"https:\/\/veevcom.com\/es\/wp-json\/wp\/v2\/types\/post"}],"author":[{"embeddable":true,"href":"https:\/\/veevcom.com\/es\/wp-json\/wp\/v2\/users\/3"}],"replies":[{"embeddable":true,"href":"https:\/\/veevcom.com\/es\/wp-json\/wp\/v2\/comments?post=54032"}],"version-history":[{"count":2,"href":"https:\/\/veevcom.com\/es\/wp-json\/wp\/v2\/posts\/54032\/revisions"}],"predecessor-version":[{"id":54038,"href":"https:\/\/veevcom.com\/es\/wp-json\/wp\/v2\/posts\/54032\/revisions\/54038"}],"wp:featuredmedia":[{"embeddable":true,"href":"https:\/\/veevcom.com\/es\/wp-json\/wp\/v2\/media\/54033"}],"wp:attachment":[{"href":"https:\/\/veevcom.com\/es\/wp-json\/wp\/v2\/media?parent=54032"}],"wp:term":[{"taxonomy":"category","embeddable":true,"href":"https:\/\/veevcom.com\/es\/wp-json\/wp\/v2\/categories?post=54032"},{"taxonomy":"post_tag","embeddable":true,"href":"https:\/\/veevcom.com\/es\/wp-json\/wp\/v2\/tags?post=54032"}],"curies":[{"name":"wp","href":"https:\/\/api.w.org\/{rel}","templated":true}]}}