{"id":54011,"date":"2024-06-18T18:23:21","date_gmt":"2024-06-18T16:23:21","guid":{"rendered":"http:\/\/veevcom.com\/?p=54011"},"modified":"2024-06-18T18:24:46","modified_gmt":"2024-06-18T16:24:46","slug":"david-krakauer-presente-le-krakauer-taggs-good-vibes-explosion-tour","status":"publish","type":"post","link":"https:\/\/veevcom.com\/es\/david-krakauer-presente-le-krakauer-taggs-good-vibes-explosion-tour\/","title":{"rendered":"David Krakauer presenta la gira \u00abKrakauer &#038; Tagg\u2019s Good Vibes Explosion\u00bb"},"content":{"rendered":"<p class=\"qtranxs-available-languages-message qtranxs-available-languages-message-es\">Disculpa, pero esta entrada est\u00e1 disponible s\u00f3lo en <a href=\"https:\/\/veevcom.com\/fr\/wp-json\/wp\/v2\/posts\/54011\" class=\"qtranxs-available-language-link qtranxs-available-language-link-fr\" title=\"FR\">FR<\/a> y <a href=\"https:\/\/veevcom.com\/en\/wp-json\/wp\/v2\/posts\/54011\" class=\"qtranxs-available-language-link qtranxs-available-language-link-en\" title=\"EN\">EN<\/a>.<\/p><p><\/p>\n<p class=\"p1\"><span class=\"s1\"><b>David Krakauer<\/b>&nbsp;et&nbsp;<b>Kathleen Tagg<\/b>&nbsp;sont de retour avec \u00ab<b>Krakauer &amp; Tagg&#8217;s Good Vibes Explosion\u00bb<\/b>, \u00e0 l&#8217;occasion de plusieurs dates de&nbsp;<b>concerts<\/b>&nbsp;dans des&nbsp;<b>festivals<\/b>&nbsp;<b>prestigieux d&#8217;Europe.<\/b><\/span><\/p>\n<p class=\"p1\"><span class=\"s1\">L&#8217;album \u00ab<b>Mazel Tov Cocktail Party<\/b>\u00bb \u00e9tait sorti le 25 f\u00e9vrier 2022 chez&nbsp;<b>Label Bleu<\/b>&nbsp;et&nbsp;<b>Table Pounding Records \/ L&#8217;Autre Distribution<\/b>&nbsp;et avait re\u00e7u \u00e0 cette occasion des&nbsp;<b>retours m\u00e9diatiques plus qu&#8217;\u00e9logieux<\/b>&nbsp;(Cf. ci-dessous).<\/span><\/p>\n<p class=\"p1\"><span class=\"s1\"><b>David Krakauer<\/b>&nbsp;et&nbsp;<b>Kathleen Tagg&nbsp;<\/b>ont souhait\u00e9 depuis renommer le projet \u00ab<b>Krakauer &amp; Tagg&#8217;s Good Vibes Explosion<\/b>\u00ab, car cela correspond plus \u00e0 ce qu&#8217;ils veulent transmettre : \u00bb&nbsp;<i>une explosion de bonnes vibrations sans cat\u00e9gorie, avec des musiques et des personnes incroyablement diverses qui s&#8217;unissent dans un nouveau son mondial.<\/i>&nbsp;\u00ab<\/span><\/p>\n<p class=\"p1\"><span class=\"s1\"><b>Krakauer &amp; Tagg&#8217;s Good Vibes Explosion&nbsp;<\/b>est compos\u00e9 de :<\/span><\/p>\n<p class=\"p1\"><span class=\"s1\"><b>David Krakauer<\/b>, clarinette et voix<\/span><\/p>\n<p class=\"p1\"><span class=\"s1\"><b>Kathleen Tagg<\/b>, claviers, violoncelle, accord\u00e9on, \u00e9lectronique\/samples<\/span><\/p>\n<p class=\"p1\"><span class=\"s1\"><b>Sarah MK<\/b>, MC, voix et rap<\/span><\/p>\n<p class=\"p1\"><span class=\"s1\"><b>Martin Shamoonpour<\/b>, daf (tambour \u00e0 cadre iranien), guimbarde et percussions buccales<\/span><\/p>\n<p class=\"p1\"><span class=\"s1\"><b>Yoshie Fruchter<\/b>, guitare \u00e9lectrique, oud et mandoline<\/span><\/p>\n<p class=\"p1\"><span class=\"s1\"><b>Jerome Harris<\/b>, basse et voix<\/span><\/p>\n<p class=\"p1\"><span class=\"s1\"><b>John Hadfield<\/b>, batterie et percussion<\/span><\/p>\n<p class=\"p1\"><span class=\"s1\">Les artistes seront en&nbsp;<b>concert<\/b>&nbsp;cet&nbsp;<b>\u00e9t\u00e9<\/b>&nbsp;en&nbsp;<b>Europe<\/b>&nbsp;aux dates suivantes :&nbsp;<\/span><\/p>\n<p class=\"p1\"><span class=\"s1\">&#8211; 5 juillet :&nbsp;<a href=\"https:\/\/veevcom.us10.list-manage.com\/track\/click?u=5130e33d3c1d66ee5c09432c9&amp;id=bdf77de762&amp;e=17a00574b2\"><span class=\"s2\"><b>Jazz \u00e0 Vienne<\/b><\/span><\/a>&nbsp;(38)<\/span><\/p>\n<p class=\"p1\"><span class=\"s1\">&#8211; 7 juillet :&nbsp;<a href=\"https:\/\/veevcom.us10.list-manage.com\/track\/click?u=5130e33d3c1d66ee5c09432c9&amp;id=5765ffb107&amp;e=17a00574b2\"><span class=\"s2\"><b>Rudolstadt Festival<\/b>&nbsp;<\/span><\/a>(Allemagne)<\/span><\/p>\n<p class=\"p1\"><span class=\"s1\">&#8211; 26 et 27 juillet :&nbsp;<a href=\"https:\/\/veevcom.us10.list-manage.com\/track\/click?u=5130e33d3c1d66ee5c09432c9&amp;id=c5c0c1aa42&amp;e=17a00574b2\"><span class=\"s2\"><b>Schleswig Holstein Festival<\/b><\/span><\/a>&nbsp;(Allemagne)<\/span><\/p>\n<p class=\"p1\"><span class=\"s1\">Ils seront \u00e9galement en&nbsp;<b>concert<\/b>&nbsp;en France \u00e0 l&#8217;<b>automne<\/b>&nbsp;:<\/span><\/p>\n<p class=\"p1\"><span class=\"s1\">&#8211; 19 novembre :&nbsp;<a href=\"https:\/\/veevcom.us10.list-manage.com\/track\/click?u=5130e33d3c1d66ee5c09432c9&amp;id=73ccbf4f5a&amp;e=17a00574b2\"><span class=\"s2\"><strong>La Seine musicale<\/strong><\/span><\/a>, Boulogne (92)<\/span><\/p>\n<p class=\"p1\"><span class=\"s1\">&#8211; 20 novembre :&nbsp;<strong><a href=\"https:\/\/veevcom.us10.list-manage.com\/track\/click?u=5130e33d3c1d66ee5c09432c9&amp;id=10fbafc3b4&amp;e=17a00574b2\"><span class=\"s2\">\u00c9clats d&#8217;\u00c9mail Jazz \u00c9dition<\/span><\/a><\/strong>, Limoges (87)<\/span><\/p>\n<p class=\"p1\"><span class=\"s1\">&#8211; 23 novembre :&nbsp;<a href=\"https:\/\/veevcom.us10.list-manage.com\/track\/click?u=5130e33d3c1d66ee5c09432c9&amp;id=3c866c253b&amp;e=17a00574b2\"><span class=\"s2\"><strong>Cit\u00e9 musicale, L&#8217;Arsenal<\/strong><\/span><\/a><strong>,<\/strong> Metz (57)<\/span><\/p>\n<p class=\"p3\"><span class=\"s1\">&nbsp;<\/span><\/p>\n<p class=\"p4\"><span class=\"s1\"><b>De Mazel Tov Cocktail Party \u00e0&nbsp;Krakauer &amp; Tagg&#8217;s Good Vibes Explosion&nbsp;:<\/b><\/span><\/p>\n<p class=\"p4\"><span class=\"s1\">Toujours en qu\u00eate de nouvelles fronti\u00e8res esth\u00e9tiques et de nouveaux sons, le clarinettiste, compositeur et chef d&#8217;orchestre&nbsp;<b>David Krakauer&nbsp;<\/b>s&#8217;est associ\u00e9 \u00e0 la productrice&nbsp;<b>Kathleen Tagg <\/b>pour cr\u00e9er une expression cathartique de joie et d&#8217;affirmation. En r\u00e9ponse \u00e0 la mont\u00e9e du sectarisme et de l&#8217;intol\u00e9rance dans le monde, Krakauer et Tagg ont r\u00e9uni une \u00e9quipe d&#8217;artistes issus d&#8217;une grande vari\u00e9t\u00e9 de genres et de milieux culturels pour transmettre un contre-message de positivit\u00e9 qui c\u00e9l\u00e8bre notre humanit\u00e9 commune.<\/span><\/p>\n<p class=\"p4\"><span class=\"s1\">L&#8217;album et le projet de tourn\u00e9e&nbsp;<b>Mazel Tov Cocktail Party<\/b>&nbsp;ont \u00e9t\u00e9 con\u00e7us et cr\u00e9\u00e9s par&nbsp;<b>Krakauer<\/b>&nbsp;et la productrice&nbsp;<b>Kathleen Tagg<\/b>&nbsp;comme une \u00abexplosion de bonnes vibrations\u00bb en r\u00e9ponse au climat actuel d&#8217;incroyable polarisation et de n\u00e9gativit\u00e9 qui envahit notre quotidien.&nbsp;<\/span><\/p>\n<p class=\"p4\"><span class=\"s1\">Aux c\u00f4t\u00e9s de&nbsp;<b>Krakauer<\/b>&nbsp;et&nbsp;<b>Tagg<\/b>, l&#8217;album pr\u00e9sente une toute nouvelle formation compos\u00e9e d&#8217;un groupe de musiciens de renomm\u00e9e mondiale : le virtuose de la clarinette&nbsp;<b>Krakauer<\/b>s\u2019impose en parrain des claviers et de la production excentrique de&nbsp;<b>Tagg<\/b>, du batteur iranien et multi-talent&nbsp;<b>Martin Shamanpoor<\/b>, de la basse virtuose du gourou du jazz&nbsp;<b>Jerome Harris<\/b>, de la voix et des mots de la chanteuse et rappeuse soul&nbsp;<b>Sarah MK<\/b>&nbsp;et des lignes du oudiste \/guitariste&nbsp;<b>Yoshie Fruchter<\/b>.<\/span><\/p>\n<p class=\"p4\"><span class=\"s1\">Ce groupe apporte son \u00e9norme diversit\u00e9 musicale et culturelle au projet, et collabore pour cr\u00e9er \u00e0 la fois des \u0153uvres originales et des r\u00e9inventions uniques d&#8217;\u0153uvres du monde entier.&nbsp;L&#8217;album reprend des formes de danses traditionnelles et anciennes et les refond compl\u00e8tement pour apporter un message manifeste de tol\u00e9rance et d&#8217;inclusion. La polka, la danse carr\u00e9e et la&nbsp;<i>hora<\/i>&nbsp;n&#8217;ont jamais sonn\u00e9 de cette fa\u00e7on auparavant, avec des rythmes \u00e9lectro, des tambours \u00e0 main acoustiques du Moyen-Orient, des grooves profonds et des paroles qui appellent \u00e0 l\u2019espace pour tous. La clarinette hurlante de&nbsp;<b>Krakauer<\/b>&nbsp;nous enjoint \u00e0 nous unir, \u00e0 c\u00e9l\u00e9brer et \u00e0 ressentir la puissance de notre vie.<\/span><\/p>\n<p class=\"p4\"><span class=\"s1\">Depuis 25 ans,&nbsp;<b>David Krakauer&nbsp;<\/b>est le fer de lance de projets qui rassemblent des \u00e9l\u00e9ments multiculturels de mani\u00e8re inattendue. Il est consid\u00e9r\u00e9 comme l&#8217;une des principales forces qui red\u00e9finissent et r\u00e9imaginent la musique de son h\u00e9ritage culturel juif d&#8217;Europe de l&#8217;Est.&nbsp;En 2008, il a fond\u00e9&nbsp;<b>Table Pounding Records<\/b>&nbsp;telle une plaque tournante pour des projets qui croisent les genres. Puis en 2015,&nbsp;<b>Kathleen Tagg&nbsp;<\/b>a rejoint&nbsp;<b>Krakauer<\/b>&nbsp;\u00e0 la production et cr\u00e9ation de&nbsp;<b>Table Pounding Records<\/b>&nbsp;:&nbsp;<b>Table Pounding Music<\/b>.<\/span><\/p>\n<p><\/p>","protected":false},"excerpt":{"rendered":"<p>Disculpa, pero esta entrada est\u00e1 disponible s\u00f3lo en FR y EN. David Krakauer&nbsp;et&nbsp;Kathleen Tagg&nbsp;sont de retour avec \u00abKrakauer &amp; Tagg&#8217;s Good Vibes Explosion\u00bb, \u00e0 l&#8217;occasion de plusieurs dates de&nbsp;concerts&nbsp;dans des&nbsp;festivals&nbsp;prestigieux d&#8217;Europe. L&#8217;album \u00abMazel Tov Cocktail Party\u00bb \u00e9tait sorti le 25 f\u00e9vrier 2022 chez&nbsp;Label Bleu&nbsp;et&nbsp;Table Pounding Records \/ L&#8217;Autre Distribution&nbsp;et avait re\u00e7u \u00e0 cette occasion des&nbsp;retours [&hellip;]<\/p>\n","protected":false},"author":3,"featured_media":54012,"comment_status":"closed","ping_status":"closed","sticky":false,"template":"","format":"standard","meta":{"_acf_changed":false,"footnotes":""},"categories":[1],"tags":[],"class_list":["post-54011","post","type-post","status-publish","format-standard","has-post-thumbnail","hentry","category-non-classe"],"acf":[],"yoast_head":"<!-- This site is optimized with the Yoast SEO plugin v27.4 - https:\/\/yoast.com\/product\/yoast-seo-wordpress\/ -->\n<title>David Krakauer presenta la gira &quot;Krakauer &amp; Tagg\u2019s Good Vibes Explosion&quot; - VeevCom<\/title>\n<meta name=\"robots\" content=\"index, follow, max-snippet:-1, max-image-preview:large, max-video-preview:-1\" \/>\n<link rel=\"canonical\" href=\"https:\/\/veevcom.com\/es\/david-krakauer-presente-le-krakauer-taggs-good-vibes-explosion-tour\/\" \/>\n<meta property=\"og:locale\" content=\"es_ES\" \/>\n<meta property=\"og:type\" content=\"article\" \/>\n<meta property=\"og:title\" content=\"David Krakauer presenta la gira &quot;Krakauer &amp; Tagg\u2019s Good Vibes Explosion&quot; - VeevCom\" \/>\n<meta property=\"og:description\" content=\"Disculpa, pero esta entrada est\u00e1 disponible s\u00f3lo en FR y EN. David Krakauer&nbsp;et&nbsp;Kathleen Tagg&nbsp;sont de retour avec \u00abKrakauer &amp; Tagg&#8217;s Good Vibes Explosion\u00bb, \u00e0 l&#8217;occasion de plusieurs dates de&nbsp;concerts&nbsp;dans des&nbsp;festivals&nbsp;prestigieux d&#8217;Europe. L&#8217;album \u00abMazel Tov Cocktail Party\u00bb \u00e9tait sorti le 25 f\u00e9vrier 2022 chez&nbsp;Label Bleu&nbsp;et&nbsp;Table Pounding Records \/ L&#8217;Autre Distribution&nbsp;et avait re\u00e7u \u00e0 cette occasion des&nbsp;retours [&hellip;]\" \/>\n<meta property=\"og:url\" content=\"https:\/\/veevcom.com\/es\/david-krakauer-presente-le-krakauer-taggs-good-vibes-explosion-tour\/\" \/>\n<meta property=\"og:site_name\" content=\"VeevCom\" \/>\n<meta property=\"article:published_time\" content=\"2024-06-18T16:23:21+00:00\" \/>\n<meta property=\"article:modified_time\" content=\"2024-06-18T16:24:46+00:00\" \/>\n<meta property=\"og:image\" content=\"https:\/\/veevcom.com\/wp-content\/uploads\/2024\/06\/Global-Artwork-Horizontal-6\u00a9GraphicTherapy-_-Christophe-Remy-Links-Creation-Graphique-1024x576.png\" \/>\n\t<meta property=\"og:image:width\" content=\"1024\" \/>\n\t<meta property=\"og:image:height\" content=\"576\" \/>\n\t<meta property=\"og:image:type\" content=\"image\/png\" \/>\n<meta name=\"author\" content=\"severine\" \/>\n<meta name=\"twitter:card\" content=\"summary_large_image\" \/>\n<meta name=\"twitter:label1\" content=\"Escrito por\" \/>\n\t<meta name=\"twitter:data1\" content=\"severine\" \/>\n\t<meta name=\"twitter:label2\" content=\"Tiempo de lectura\" \/>\n\t<meta name=\"twitter:data2\" content=\"7 minutos\" \/>\n<script type=\"application\/ld+json\" class=\"yoast-schema-graph\">{\"@context\":\"https:\\\/\\\/schema.org\",\"@graph\":[{\"@type\":\"Article\",\"@id\":\"https:\\\/\\\/veevcom.com\\\/es\\\/david-krakauer-presente-le-krakauer-taggs-good-vibes-explosion-tour\\\/#article\",\"isPartOf\":{\"@id\":\"https:\\\/\\\/veevcom.com\\\/es\\\/david-krakauer-presente-le-krakauer-taggs-good-vibes-explosion-tour\\\/\"},\"author\":{\"name\":\"severine\",\"@id\":\"https:\\\/\\\/veevcom.com\\\/#\\\/schema\\\/person\\\/754f1f5a030d278766b52cf0e0c62e8b\"},\"headline\":\"David Krakauer presenta la gira \u00abKrakauer &#038; Tagg\u2019s Good Vibes Explosion\u00bb\",\"datePublished\":\"2024-06-18T16:23:21+00:00\",\"dateModified\":\"2024-06-18T16:24:46+00:00\",\"mainEntityOfPage\":{\"@id\":\"https:\\\/\\\/veevcom.com\\\/es\\\/david-krakauer-presente-le-krakauer-taggs-good-vibes-explosion-tour\\\/\"},\"wordCount\":1453,\"image\":{\"@id\":\"https:\\\/\\\/veevcom.com\\\/es\\\/david-krakauer-presente-le-krakauer-taggs-good-vibes-explosion-tour\\\/#primaryimage\"},\"thumbnailUrl\":\"https:\\\/\\\/veevcom.com\\\/wp-content\\\/uploads\\\/2024\\\/06\\\/Global-Artwork-Horizontal-6\u00a9GraphicTherapy-_-Christophe-Remy-Links-Creation-Graphique.png\",\"articleSection\":[\"Actualidad\"],\"inLanguage\":\"es\"},{\"@type\":\"WebPage\",\"@id\":\"https:\\\/\\\/veevcom.com\\\/es\\\/david-krakauer-presente-le-krakauer-taggs-good-vibes-explosion-tour\\\/\",\"url\":\"https:\\\/\\\/veevcom.com\\\/es\\\/david-krakauer-presente-le-krakauer-taggs-good-vibes-explosion-tour\\\/\",\"name\":\"David Krakauer presenta la gira \\\"Krakauer & Tagg\u2019s Good Vibes Explosion\\\" - VeevCom\",\"isPartOf\":{\"@id\":\"https:\\\/\\\/veevcom.com\\\/es\\\/#website\"},\"primaryImageOfPage\":{\"@id\":\"https:\\\/\\\/veevcom.com\\\/es\\\/david-krakauer-presente-le-krakauer-taggs-good-vibes-explosion-tour\\\/#primaryimage\"},\"image\":{\"@id\":\"https:\\\/\\\/veevcom.com\\\/es\\\/david-krakauer-presente-le-krakauer-taggs-good-vibes-explosion-tour\\\/#primaryimage\"},\"thumbnailUrl\":\"https:\\\/\\\/veevcom.com\\\/wp-content\\\/uploads\\\/2024\\\/06\\\/Global-Artwork-Horizontal-6\u00a9GraphicTherapy-_-Christophe-Remy-Links-Creation-Graphique.png\",\"datePublished\":\"2024-06-18T16:23:21+00:00\",\"dateModified\":\"2024-06-18T16:24:46+00:00\",\"author\":{\"@id\":\"https:\\\/\\\/veevcom.com\\\/#\\\/schema\\\/person\\\/754f1f5a030d278766b52cf0e0c62e8b\"},\"breadcrumb\":{\"@id\":\"https:\\\/\\\/veevcom.com\\\/es\\\/david-krakauer-presente-le-krakauer-taggs-good-vibes-explosion-tour\\\/#breadcrumb\"},\"inLanguage\":\"es\",\"potentialAction\":[{\"@type\":\"ReadAction\",\"target\":[[\"https:\\\/\\\/veevcom.com\\\/es\\\/david-krakauer-presente-le-krakauer-taggs-good-vibes-explosion-tour\\\/\"]]}]},{\"@type\":\"ImageObject\",\"inLanguage\":\"es\",\"@id\":\"https:\\\/\\\/veevcom.com\\\/es\\\/david-krakauer-presente-le-krakauer-taggs-good-vibes-explosion-tour\\\/#primaryimage\",\"url\":\"https:\\\/\\\/veevcom.com\\\/wp-content\\\/uploads\\\/2024\\\/06\\\/Global-Artwork-Horizontal-6\u00a9GraphicTherapy-_-Christophe-Remy-Links-Creation-Graphique.png\",\"contentUrl\":\"https:\\\/\\\/veevcom.com\\\/wp-content\\\/uploads\\\/2024\\\/06\\\/Global-Artwork-Horizontal-6\u00a9GraphicTherapy-_-Christophe-Remy-Links-Creation-Graphique.png\",\"width\":1920,\"height\":1080},{\"@type\":\"BreadcrumbList\",\"@id\":\"https:\\\/\\\/veevcom.com\\\/es\\\/david-krakauer-presente-le-krakauer-taggs-good-vibes-explosion-tour\\\/#breadcrumb\",\"itemListElement\":[{\"@type\":\"ListItem\",\"position\":1,\"name\":\"Accueil\",\"item\":\"https:\\\/\\\/veevcom.com\\\/es\\\/\"},{\"@type\":\"ListItem\",\"position\":2,\"name\":\"David Krakauer presenta la gira \u00abKrakauer &#038; Tagg\u2019s Good Vibes Explosion\u00bb\"}]},{\"@type\":\"WebSite\",\"@id\":\"https:\\\/\\\/veevcom.com\\\/es\\\/#website\",\"url\":\"https:\\\/\\\/veevcom.com\\\/es\\\/\",\"name\":\"VeevCom\",\"description\":\"Public Relations and Communication in the Music Industry\",\"potentialAction\":[{\"@type\":\"SearchAction\",\"target\":{\"@type\":\"EntryPoint\",\"urlTemplate\":\"https:\\\/\\\/veevcom.com\\\/es\\\/?s={search_term_string}\"},\"query-input\":{\"@type\":\"PropertyValueSpecification\",\"valueRequired\":true,\"valueName\":\"search_term_string\"}}],\"inLanguage\":\"es\"},{\"@type\":\"Person\",\"@id\":\"https:\\\/\\\/veevcom.com\\\/#\\\/schema\\\/person\\\/754f1f5a030d278766b52cf0e0c62e8b\",\"name\":\"severine\",\"image\":{\"@type\":\"ImageObject\",\"inLanguage\":\"es\",\"@id\":\"https:\\\/\\\/secure.gravatar.com\\\/avatar\\\/ba307ed472519f403589981b25bf62b4089c1f82b837eaae855dd05633adf22c?s=96&d=mm&r=g\",\"url\":\"https:\\\/\\\/secure.gravatar.com\\\/avatar\\\/ba307ed472519f403589981b25bf62b4089c1f82b837eaae855dd05633adf22c?s=96&d=mm&r=g\",\"contentUrl\":\"https:\\\/\\\/secure.gravatar.com\\\/avatar\\\/ba307ed472519f403589981b25bf62b4089c1f82b837eaae855dd05633adf22c?s=96&d=mm&r=g\",\"caption\":\"severine\"}}]}<\/script>\n<!-- \/ Yoast SEO plugin. -->","yoast_head_json":{"title":"David Krakauer presenta la gira \"Krakauer & Tagg\u2019s Good Vibes Explosion\" - VeevCom","robots":{"index":"index","follow":"follow","max-snippet":"max-snippet:-1","max-image-preview":"max-image-preview:large","max-video-preview":"max-video-preview:-1"},"canonical":"https:\/\/veevcom.com\/es\/david-krakauer-presente-le-krakauer-taggs-good-vibes-explosion-tour\/","og_locale":"es_ES","og_type":"article","og_title":"David Krakauer presenta la gira \"Krakauer & Tagg\u2019s Good Vibes Explosion\" - VeevCom","og_description":"Disculpa, pero esta entrada est\u00e1 disponible s\u00f3lo en FR y EN. David Krakauer&nbsp;et&nbsp;Kathleen Tagg&nbsp;sont de retour avec \u00abKrakauer &amp; Tagg&#8217;s Good Vibes Explosion\u00bb, \u00e0 l&#8217;occasion de plusieurs dates de&nbsp;concerts&nbsp;dans des&nbsp;festivals&nbsp;prestigieux d&#8217;Europe. L&#8217;album \u00abMazel Tov Cocktail Party\u00bb \u00e9tait sorti le 25 f\u00e9vrier 2022 chez&nbsp;Label Bleu&nbsp;et&nbsp;Table Pounding Records \/ L&#8217;Autre Distribution&nbsp;et avait re\u00e7u \u00e0 cette occasion des&nbsp;retours [&hellip;]","og_url":"https:\/\/veevcom.com\/es\/david-krakauer-presente-le-krakauer-taggs-good-vibes-explosion-tour\/","og_site_name":"VeevCom","article_published_time":"2024-06-18T16:23:21+00:00","article_modified_time":"2024-06-18T16:24:46+00:00","og_image":[{"width":1024,"height":576,"url":"https:\/\/veevcom.com\/wp-content\/uploads\/2024\/06\/Global-Artwork-Horizontal-6\u00a9GraphicTherapy-_-Christophe-Remy-Links-Creation-Graphique-1024x576.png","type":"image\/png"}],"author":"severine","twitter_card":"summary_large_image","twitter_misc":{"Escrito por":"severine","Tiempo de lectura":"7 minutos"},"schema":{"@context":"https:\/\/schema.org","@graph":[{"@type":"Article","@id":"https:\/\/veevcom.com\/es\/david-krakauer-presente-le-krakauer-taggs-good-vibes-explosion-tour\/#article","isPartOf":{"@id":"https:\/\/veevcom.com\/es\/david-krakauer-presente-le-krakauer-taggs-good-vibes-explosion-tour\/"},"author":{"name":"severine","@id":"https:\/\/veevcom.com\/#\/schema\/person\/754f1f5a030d278766b52cf0e0c62e8b"},"headline":"David Krakauer presenta la gira \u00abKrakauer &#038; Tagg\u2019s Good Vibes Explosion\u00bb","datePublished":"2024-06-18T16:23:21+00:00","dateModified":"2024-06-18T16:24:46+00:00","mainEntityOfPage":{"@id":"https:\/\/veevcom.com\/es\/david-krakauer-presente-le-krakauer-taggs-good-vibes-explosion-tour\/"},"wordCount":1453,"image":{"@id":"https:\/\/veevcom.com\/es\/david-krakauer-presente-le-krakauer-taggs-good-vibes-explosion-tour\/#primaryimage"},"thumbnailUrl":"https:\/\/veevcom.com\/wp-content\/uploads\/2024\/06\/Global-Artwork-Horizontal-6\u00a9GraphicTherapy-_-Christophe-Remy-Links-Creation-Graphique.png","articleSection":["Actualidad"],"inLanguage":"es"},{"@type":"WebPage","@id":"https:\/\/veevcom.com\/es\/david-krakauer-presente-le-krakauer-taggs-good-vibes-explosion-tour\/","url":"https:\/\/veevcom.com\/es\/david-krakauer-presente-le-krakauer-taggs-good-vibes-explosion-tour\/","name":"David Krakauer presenta la gira \"Krakauer & Tagg\u2019s Good Vibes Explosion\" - VeevCom","isPartOf":{"@id":"https:\/\/veevcom.com\/es\/#website"},"primaryImageOfPage":{"@id":"https:\/\/veevcom.com\/es\/david-krakauer-presente-le-krakauer-taggs-good-vibes-explosion-tour\/#primaryimage"},"image":{"@id":"https:\/\/veevcom.com\/es\/david-krakauer-presente-le-krakauer-taggs-good-vibes-explosion-tour\/#primaryimage"},"thumbnailUrl":"https:\/\/veevcom.com\/wp-content\/uploads\/2024\/06\/Global-Artwork-Horizontal-6\u00a9GraphicTherapy-_-Christophe-Remy-Links-Creation-Graphique.png","datePublished":"2024-06-18T16:23:21+00:00","dateModified":"2024-06-18T16:24:46+00:00","author":{"@id":"https:\/\/veevcom.com\/#\/schema\/person\/754f1f5a030d278766b52cf0e0c62e8b"},"breadcrumb":{"@id":"https:\/\/veevcom.com\/es\/david-krakauer-presente-le-krakauer-taggs-good-vibes-explosion-tour\/#breadcrumb"},"inLanguage":"es","potentialAction":[{"@type":"ReadAction","target":[["https:\/\/veevcom.com\/es\/david-krakauer-presente-le-krakauer-taggs-good-vibes-explosion-tour\/"]]}]},{"@type":"ImageObject","inLanguage":"es","@id":"https:\/\/veevcom.com\/es\/david-krakauer-presente-le-krakauer-taggs-good-vibes-explosion-tour\/#primaryimage","url":"https:\/\/veevcom.com\/wp-content\/uploads\/2024\/06\/Global-Artwork-Horizontal-6\u00a9GraphicTherapy-_-Christophe-Remy-Links-Creation-Graphique.png","contentUrl":"https:\/\/veevcom.com\/wp-content\/uploads\/2024\/06\/Global-Artwork-Horizontal-6\u00a9GraphicTherapy-_-Christophe-Remy-Links-Creation-Graphique.png","width":1920,"height":1080},{"@type":"BreadcrumbList","@id":"https:\/\/veevcom.com\/es\/david-krakauer-presente-le-krakauer-taggs-good-vibes-explosion-tour\/#breadcrumb","itemListElement":[{"@type":"ListItem","position":1,"name":"Accueil","item":"https:\/\/veevcom.com\/es\/"},{"@type":"ListItem","position":2,"name":"David Krakauer presenta la gira \u00abKrakauer &#038; Tagg\u2019s Good Vibes Explosion\u00bb"}]},{"@type":"WebSite","@id":"https:\/\/veevcom.com\/es\/#website","url":"https:\/\/veevcom.com\/es\/","name":"VeevCom","description":"Public Relations and Communication in the Music Industry","potentialAction":[{"@type":"SearchAction","target":{"@type":"EntryPoint","urlTemplate":"https:\/\/veevcom.com\/es\/?s={search_term_string}"},"query-input":{"@type":"PropertyValueSpecification","valueRequired":true,"valueName":"search_term_string"}}],"inLanguage":"es"},{"@type":"Person","@id":"https:\/\/veevcom.com\/#\/schema\/person\/754f1f5a030d278766b52cf0e0c62e8b","name":"severine","image":{"@type":"ImageObject","inLanguage":"es","@id":"https:\/\/secure.gravatar.com\/avatar\/ba307ed472519f403589981b25bf62b4089c1f82b837eaae855dd05633adf22c?s=96&d=mm&r=g","url":"https:\/\/secure.gravatar.com\/avatar\/ba307ed472519f403589981b25bf62b4089c1f82b837eaae855dd05633adf22c?s=96&d=mm&r=g","contentUrl":"https:\/\/secure.gravatar.com\/avatar\/ba307ed472519f403589981b25bf62b4089c1f82b837eaae855dd05633adf22c?s=96&d=mm&r=g","caption":"severine"}}]}},"_links":{"self":[{"href":"https:\/\/veevcom.com\/es\/wp-json\/wp\/v2\/posts\/54011","targetHints":{"allow":["GET"]}}],"collection":[{"href":"https:\/\/veevcom.com\/es\/wp-json\/wp\/v2\/posts"}],"about":[{"href":"https:\/\/veevcom.com\/es\/wp-json\/wp\/v2\/types\/post"}],"author":[{"embeddable":true,"href":"https:\/\/veevcom.com\/es\/wp-json\/wp\/v2\/users\/3"}],"replies":[{"embeddable":true,"href":"https:\/\/veevcom.com\/es\/wp-json\/wp\/v2\/comments?post=54011"}],"version-history":[{"count":4,"href":"https:\/\/veevcom.com\/es\/wp-json\/wp\/v2\/posts\/54011\/revisions"}],"predecessor-version":[{"id":54016,"href":"https:\/\/veevcom.com\/es\/wp-json\/wp\/v2\/posts\/54011\/revisions\/54016"}],"wp:featuredmedia":[{"embeddable":true,"href":"https:\/\/veevcom.com\/es\/wp-json\/wp\/v2\/media\/54012"}],"wp:attachment":[{"href":"https:\/\/veevcom.com\/es\/wp-json\/wp\/v2\/media?parent=54011"}],"wp:term":[{"taxonomy":"category","embeddable":true,"href":"https:\/\/veevcom.com\/es\/wp-json\/wp\/v2\/categories?post=54011"},{"taxonomy":"post_tag","embeddable":true,"href":"https:\/\/veevcom.com\/es\/wp-json\/wp\/v2\/tags?post=54011"}],"curies":[{"name":"wp","href":"https:\/\/api.w.org\/{rel}","templated":true}]}}