{"id":53944,"date":"2024-05-21T14:51:50","date_gmt":"2024-05-21T12:51:50","guid":{"rendered":"http:\/\/veevcom.com\/?p=53944"},"modified":"2024-05-21T14:51:50","modified_gmt":"2024-05-21T12:51:50","slug":"grupo-polo-montanez-presente-joyas-del-guajiro","status":"publish","type":"post","link":"https:\/\/veevcom.com\/es\/grupo-polo-montanez-presente-joyas-del-guajiro\/","title":{"rendered":"Grupo Polo Monta\u00f1ez presenta \u00abJoyas del Guajiro\u00bb"},"content":{"rendered":"<p>El<strong> Grupo Polo Monta\u00f1ez<\/strong> dar\u00e1 a conocer \u00ab<strong>Joyas del Guajiro<\/strong>\u00ab, su nuevo \u00e1lbum, cuando salga a la venta el <strong>14 de junio de 2024<\/strong> a trav\u00e9s de <strong>Lusafrica \/ Sony<\/strong>. El \u00e1lbum se presentar\u00e1 en un concierto especial de lanzamiento en <strong>Par\u00eds<\/strong> en <strong>septiembre de 2024.<\/strong><\/p>\n<p>Tras la muerte de Polo Monta\u00f1ez en 2002, la banda permaneci\u00f3 inactiva durante alg\u00fan tiempo. La ausencia de Guajiro Natural fue dif\u00edcil, y no consiguieron encontrar un cantante capaz de continuar la obra musical de Polo con el mismo esp\u00edritu. Algunos miembros de la banda decidieron incluso marcharse.<\/p>\n<p>Fue en 2008 cuando incorporaron como cantante a Yosleny Chirino, excelente int\u00e9rprete que con su voz y melod\u00eda supo respetar el trabajo musical del grupo liderado por Amaury Romero Borrego.<\/p>\n<p>En 2014, Gladys P\u00e9rez, coro y percusi\u00f3n menor, reconocida por el p\u00fablico como la segunda voz de Polo y en ocasiones solista, y Pedro Morales la tercera, regresaron al grupo. Una vez m\u00e1s, todos juntos, confirmaron su determinaci\u00f3n de mantener viva la obra musical de Polo Monta\u00f1ez.<\/p>\n<p>A partir de ese momento realizaron una gira internacional, actuando en un crucero por Suecia y Finlandia, y en el Festival de la Juventud de Venezuela. Dirigen su Pe\u00f1a Musical en la Casa del Campesino, en el Poblado las Terrazas, donde tienen sus ra\u00edces, y gozan del reconocimiento de turistas extranjeros y nacionales que acuden a este lugar para disfrutar del grupo y su m\u00fasica.<\/p>\n<p>Todos los a\u00f1os, en junio, se celebra en Las Terrazas el festival internacional Jolgorio Polo Monta\u00f1ez, que conmemora el nacimiento del guajiro natural, y el grupo es la figura del evento como guardianes de este patrimonio.<\/p>\n<p>Se ha grabado un nuevo \u00e1lbum con el sello Lusafrica \u00abJoyas del Guajiro\u00bb en los estudios dBega de La Habana, con diez canciones in\u00e9ditas de la obra de Polo, que ahora est\u00e1 representada por su banda con el mismo coraz\u00f3n, mostrando al mundo que Polo sigue viva a trav\u00e9s de su m\u00fasica.<\/p>","protected":false},"excerpt":{"rendered":"<p>El Grupo Polo Monta\u00f1ez dar\u00e1 a conocer \u00abJoyas del Guajiro\u00ab, su nuevo \u00e1lbum, cuando salga a la venta el 14 de junio de 2024 a trav\u00e9s de Lusafrica \/ Sony. El \u00e1lbum se presentar\u00e1 en un concierto especial de lanzamiento en Par\u00eds en septiembre de 2024. Tras la muerte de Polo Monta\u00f1ez en 2002, la [&hellip;]<\/p>\n","protected":false},"author":3,"featured_media":53945,"comment_status":"closed","ping_status":"closed","sticky":false,"template":"","format":"standard","meta":{"_acf_changed":false,"footnotes":""},"categories":[1],"tags":[],"class_list":["post-53944","post","type-post","status-publish","format-standard","has-post-thumbnail","hentry","category-non-classe"],"acf":[],"yoast_head":"<!-- This site is optimized with the Yoast SEO plugin v27.4 - https:\/\/yoast.com\/product\/yoast-seo-wordpress\/ -->\n<title>Grupo Polo Monta\u00f1ez presenta &quot;Joyas del Guajiro&quot; - VeevCom<\/title>\n<meta name=\"robots\" content=\"index, follow, max-snippet:-1, max-image-preview:large, max-video-preview:-1\" \/>\n<link rel=\"canonical\" href=\"https:\/\/veevcom.com\/es\/grupo-polo-montanez-presente-joyas-del-guajiro\/\" \/>\n<meta property=\"og:locale\" content=\"es_ES\" \/>\n<meta property=\"og:type\" content=\"article\" \/>\n<meta property=\"og:title\" content=\"Grupo Polo Monta\u00f1ez presenta &quot;Joyas del Guajiro&quot; - VeevCom\" \/>\n<meta property=\"og:description\" content=\"El Grupo Polo Monta\u00f1ez dar\u00e1 a conocer \u00abJoyas del Guajiro\u00ab, su nuevo \u00e1lbum, cuando salga a la venta el 14 de junio de 2024 a trav\u00e9s de Lusafrica \/ Sony. El \u00e1lbum se presentar\u00e1 en un concierto especial de lanzamiento en Par\u00eds en septiembre de 2024. Tras la muerte de Polo Monta\u00f1ez en 2002, la [&hellip;]\" \/>\n<meta property=\"og:url\" content=\"https:\/\/veevcom.com\/es\/grupo-polo-montanez-presente-joyas-del-guajiro\/\" \/>\n<meta property=\"og:site_name\" content=\"VeevCom\" \/>\n<meta property=\"article:published_time\" content=\"2024-05-21T12:51:50+00:00\" \/>\n<meta property=\"og:image\" content=\"https:\/\/veevcom.com\/wp-content\/uploads\/2024\/05\/Joyas-del-guajiro_cover-digitale-1\u00a9Lester-Campa-Melo-scaled.jpg\" \/>\n\t<meta property=\"og:image:width\" content=\"2560\" \/>\n\t<meta property=\"og:image:height\" content=\"2560\" \/>\n\t<meta property=\"og:image:type\" content=\"image\/jpeg\" \/>\n<meta name=\"author\" content=\"severine\" \/>\n<meta name=\"twitter:card\" content=\"summary_large_image\" \/>\n<meta name=\"twitter:label1\" content=\"Escrito por\" \/>\n\t<meta name=\"twitter:data1\" content=\"severine\" \/>\n\t<meta name=\"twitter:label2\" content=\"Tiempo de lectura\" \/>\n\t<meta name=\"twitter:data2\" content=\"5 minutos\" \/>\n<script type=\"application\/ld+json\" class=\"yoast-schema-graph\">{\"@context\":\"https:\\\/\\\/schema.org\",\"@graph\":[{\"@type\":\"Article\",\"@id\":\"https:\\\/\\\/veevcom.com\\\/es\\\/grupo-polo-montanez-presente-joyas-del-guajiro\\\/#article\",\"isPartOf\":{\"@id\":\"https:\\\/\\\/veevcom.com\\\/es\\\/grupo-polo-montanez-presente-joyas-del-guajiro\\\/\"},\"author\":{\"name\":\"severine\",\"@id\":\"https:\\\/\\\/veevcom.com\\\/#\\\/schema\\\/person\\\/754f1f5a030d278766b52cf0e0c62e8b\"},\"headline\":\"Grupo Polo Monta\u00f1ez presenta \u00abJoyas del Guajiro\u00bb\",\"datePublished\":\"2024-05-21T12:51:50+00:00\",\"mainEntityOfPage\":{\"@id\":\"https:\\\/\\\/veevcom.com\\\/es\\\/grupo-polo-montanez-presente-joyas-del-guajiro\\\/\"},\"wordCount\":1058,\"image\":{\"@id\":\"https:\\\/\\\/veevcom.com\\\/es\\\/grupo-polo-montanez-presente-joyas-del-guajiro\\\/#primaryimage\"},\"thumbnailUrl\":\"https:\\\/\\\/veevcom.com\\\/wp-content\\\/uploads\\\/2024\\\/05\\\/Joyas-del-guajiro_cover-digitale-1\u00a9Lester-Campa-Melo-scaled.jpg\",\"articleSection\":[\"Actualidad\"],\"inLanguage\":\"es\"},{\"@type\":\"WebPage\",\"@id\":\"https:\\\/\\\/veevcom.com\\\/es\\\/grupo-polo-montanez-presente-joyas-del-guajiro\\\/\",\"url\":\"https:\\\/\\\/veevcom.com\\\/es\\\/grupo-polo-montanez-presente-joyas-del-guajiro\\\/\",\"name\":\"Grupo Polo Monta\u00f1ez presenta \\\"Joyas del Guajiro\\\" - VeevCom\",\"isPartOf\":{\"@id\":\"https:\\\/\\\/veevcom.com\\\/es\\\/#website\"},\"primaryImageOfPage\":{\"@id\":\"https:\\\/\\\/veevcom.com\\\/es\\\/grupo-polo-montanez-presente-joyas-del-guajiro\\\/#primaryimage\"},\"image\":{\"@id\":\"https:\\\/\\\/veevcom.com\\\/es\\\/grupo-polo-montanez-presente-joyas-del-guajiro\\\/#primaryimage\"},\"thumbnailUrl\":\"https:\\\/\\\/veevcom.com\\\/wp-content\\\/uploads\\\/2024\\\/05\\\/Joyas-del-guajiro_cover-digitale-1\u00a9Lester-Campa-Melo-scaled.jpg\",\"datePublished\":\"2024-05-21T12:51:50+00:00\",\"author\":{\"@id\":\"https:\\\/\\\/veevcom.com\\\/#\\\/schema\\\/person\\\/754f1f5a030d278766b52cf0e0c62e8b\"},\"breadcrumb\":{\"@id\":\"https:\\\/\\\/veevcom.com\\\/es\\\/grupo-polo-montanez-presente-joyas-del-guajiro\\\/#breadcrumb\"},\"inLanguage\":\"es\",\"potentialAction\":[{\"@type\":\"ReadAction\",\"target\":[[\"https:\\\/\\\/veevcom.com\\\/es\\\/grupo-polo-montanez-presente-joyas-del-guajiro\\\/\"]]}]},{\"@type\":\"ImageObject\",\"inLanguage\":\"es\",\"@id\":\"https:\\\/\\\/veevcom.com\\\/es\\\/grupo-polo-montanez-presente-joyas-del-guajiro\\\/#primaryimage\",\"url\":\"https:\\\/\\\/veevcom.com\\\/wp-content\\\/uploads\\\/2024\\\/05\\\/Joyas-del-guajiro_cover-digitale-1\u00a9Lester-Campa-Melo-scaled.jpg\",\"contentUrl\":\"https:\\\/\\\/veevcom.com\\\/wp-content\\\/uploads\\\/2024\\\/05\\\/Joyas-del-guajiro_cover-digitale-1\u00a9Lester-Campa-Melo-scaled.jpg\",\"width\":2560,\"height\":2560},{\"@type\":\"BreadcrumbList\",\"@id\":\"https:\\\/\\\/veevcom.com\\\/es\\\/grupo-polo-montanez-presente-joyas-del-guajiro\\\/#breadcrumb\",\"itemListElement\":[{\"@type\":\"ListItem\",\"position\":1,\"name\":\"Accueil\",\"item\":\"https:\\\/\\\/veevcom.com\\\/es\\\/\"},{\"@type\":\"ListItem\",\"position\":2,\"name\":\"Grupo Polo Monta\u00f1ez presenta \u00abJoyas del Guajiro\u00bb\"}]},{\"@type\":\"WebSite\",\"@id\":\"https:\\\/\\\/veevcom.com\\\/es\\\/#website\",\"url\":\"https:\\\/\\\/veevcom.com\\\/es\\\/\",\"name\":\"VeevCom\",\"description\":\"Public Relations and Communication in the Music Industry\",\"potentialAction\":[{\"@type\":\"SearchAction\",\"target\":{\"@type\":\"EntryPoint\",\"urlTemplate\":\"https:\\\/\\\/veevcom.com\\\/es\\\/?s={search_term_string}\"},\"query-input\":{\"@type\":\"PropertyValueSpecification\",\"valueRequired\":true,\"valueName\":\"search_term_string\"}}],\"inLanguage\":\"es\"},{\"@type\":\"Person\",\"@id\":\"https:\\\/\\\/veevcom.com\\\/#\\\/schema\\\/person\\\/754f1f5a030d278766b52cf0e0c62e8b\",\"name\":\"severine\",\"image\":{\"@type\":\"ImageObject\",\"inLanguage\":\"es\",\"@id\":\"https:\\\/\\\/secure.gravatar.com\\\/avatar\\\/ba307ed472519f403589981b25bf62b4089c1f82b837eaae855dd05633adf22c?s=96&d=mm&r=g\",\"url\":\"https:\\\/\\\/secure.gravatar.com\\\/avatar\\\/ba307ed472519f403589981b25bf62b4089c1f82b837eaae855dd05633adf22c?s=96&d=mm&r=g\",\"contentUrl\":\"https:\\\/\\\/secure.gravatar.com\\\/avatar\\\/ba307ed472519f403589981b25bf62b4089c1f82b837eaae855dd05633adf22c?s=96&d=mm&r=g\",\"caption\":\"severine\"}}]}<\/script>\n<!-- \/ Yoast SEO plugin. -->","yoast_head_json":{"title":"Grupo Polo Monta\u00f1ez presenta \"Joyas del Guajiro\" - VeevCom","robots":{"index":"index","follow":"follow","max-snippet":"max-snippet:-1","max-image-preview":"max-image-preview:large","max-video-preview":"max-video-preview:-1"},"canonical":"https:\/\/veevcom.com\/es\/grupo-polo-montanez-presente-joyas-del-guajiro\/","og_locale":"es_ES","og_type":"article","og_title":"Grupo Polo Monta\u00f1ez presenta \"Joyas del Guajiro\" - VeevCom","og_description":"El Grupo Polo Monta\u00f1ez dar\u00e1 a conocer \u00abJoyas del Guajiro\u00ab, su nuevo \u00e1lbum, cuando salga a la venta el 14 de junio de 2024 a trav\u00e9s de Lusafrica \/ Sony. El \u00e1lbum se presentar\u00e1 en un concierto especial de lanzamiento en Par\u00eds en septiembre de 2024. Tras la muerte de Polo Monta\u00f1ez en 2002, la [&hellip;]","og_url":"https:\/\/veevcom.com\/es\/grupo-polo-montanez-presente-joyas-del-guajiro\/","og_site_name":"VeevCom","article_published_time":"2024-05-21T12:51:50+00:00","og_image":[{"width":2560,"height":2560,"url":"https:\/\/veevcom.com\/wp-content\/uploads\/2024\/05\/Joyas-del-guajiro_cover-digitale-1\u00a9Lester-Campa-Melo-scaled.jpg","type":"image\/jpeg"}],"author":"severine","twitter_card":"summary_large_image","twitter_misc":{"Escrito por":"severine","Tiempo de lectura":"5 minutos"},"schema":{"@context":"https:\/\/schema.org","@graph":[{"@type":"Article","@id":"https:\/\/veevcom.com\/es\/grupo-polo-montanez-presente-joyas-del-guajiro\/#article","isPartOf":{"@id":"https:\/\/veevcom.com\/es\/grupo-polo-montanez-presente-joyas-del-guajiro\/"},"author":{"name":"severine","@id":"https:\/\/veevcom.com\/#\/schema\/person\/754f1f5a030d278766b52cf0e0c62e8b"},"headline":"Grupo Polo Monta\u00f1ez presenta \u00abJoyas del Guajiro\u00bb","datePublished":"2024-05-21T12:51:50+00:00","mainEntityOfPage":{"@id":"https:\/\/veevcom.com\/es\/grupo-polo-montanez-presente-joyas-del-guajiro\/"},"wordCount":1058,"image":{"@id":"https:\/\/veevcom.com\/es\/grupo-polo-montanez-presente-joyas-del-guajiro\/#primaryimage"},"thumbnailUrl":"https:\/\/veevcom.com\/wp-content\/uploads\/2024\/05\/Joyas-del-guajiro_cover-digitale-1\u00a9Lester-Campa-Melo-scaled.jpg","articleSection":["Actualidad"],"inLanguage":"es"},{"@type":"WebPage","@id":"https:\/\/veevcom.com\/es\/grupo-polo-montanez-presente-joyas-del-guajiro\/","url":"https:\/\/veevcom.com\/es\/grupo-polo-montanez-presente-joyas-del-guajiro\/","name":"Grupo Polo Monta\u00f1ez presenta \"Joyas del Guajiro\" - VeevCom","isPartOf":{"@id":"https:\/\/veevcom.com\/es\/#website"},"primaryImageOfPage":{"@id":"https:\/\/veevcom.com\/es\/grupo-polo-montanez-presente-joyas-del-guajiro\/#primaryimage"},"image":{"@id":"https:\/\/veevcom.com\/es\/grupo-polo-montanez-presente-joyas-del-guajiro\/#primaryimage"},"thumbnailUrl":"https:\/\/veevcom.com\/wp-content\/uploads\/2024\/05\/Joyas-del-guajiro_cover-digitale-1\u00a9Lester-Campa-Melo-scaled.jpg","datePublished":"2024-05-21T12:51:50+00:00","author":{"@id":"https:\/\/veevcom.com\/#\/schema\/person\/754f1f5a030d278766b52cf0e0c62e8b"},"breadcrumb":{"@id":"https:\/\/veevcom.com\/es\/grupo-polo-montanez-presente-joyas-del-guajiro\/#breadcrumb"},"inLanguage":"es","potentialAction":[{"@type":"ReadAction","target":[["https:\/\/veevcom.com\/es\/grupo-polo-montanez-presente-joyas-del-guajiro\/"]]}]},{"@type":"ImageObject","inLanguage":"es","@id":"https:\/\/veevcom.com\/es\/grupo-polo-montanez-presente-joyas-del-guajiro\/#primaryimage","url":"https:\/\/veevcom.com\/wp-content\/uploads\/2024\/05\/Joyas-del-guajiro_cover-digitale-1\u00a9Lester-Campa-Melo-scaled.jpg","contentUrl":"https:\/\/veevcom.com\/wp-content\/uploads\/2024\/05\/Joyas-del-guajiro_cover-digitale-1\u00a9Lester-Campa-Melo-scaled.jpg","width":2560,"height":2560},{"@type":"BreadcrumbList","@id":"https:\/\/veevcom.com\/es\/grupo-polo-montanez-presente-joyas-del-guajiro\/#breadcrumb","itemListElement":[{"@type":"ListItem","position":1,"name":"Accueil","item":"https:\/\/veevcom.com\/es\/"},{"@type":"ListItem","position":2,"name":"Grupo Polo Monta\u00f1ez presenta \u00abJoyas del Guajiro\u00bb"}]},{"@type":"WebSite","@id":"https:\/\/veevcom.com\/es\/#website","url":"https:\/\/veevcom.com\/es\/","name":"VeevCom","description":"Public Relations and Communication in the Music Industry","potentialAction":[{"@type":"SearchAction","target":{"@type":"EntryPoint","urlTemplate":"https:\/\/veevcom.com\/es\/?s={search_term_string}"},"query-input":{"@type":"PropertyValueSpecification","valueRequired":true,"valueName":"search_term_string"}}],"inLanguage":"es"},{"@type":"Person","@id":"https:\/\/veevcom.com\/#\/schema\/person\/754f1f5a030d278766b52cf0e0c62e8b","name":"severine","image":{"@type":"ImageObject","inLanguage":"es","@id":"https:\/\/secure.gravatar.com\/avatar\/ba307ed472519f403589981b25bf62b4089c1f82b837eaae855dd05633adf22c?s=96&d=mm&r=g","url":"https:\/\/secure.gravatar.com\/avatar\/ba307ed472519f403589981b25bf62b4089c1f82b837eaae855dd05633adf22c?s=96&d=mm&r=g","contentUrl":"https:\/\/secure.gravatar.com\/avatar\/ba307ed472519f403589981b25bf62b4089c1f82b837eaae855dd05633adf22c?s=96&d=mm&r=g","caption":"severine"}}]}},"_links":{"self":[{"href":"https:\/\/veevcom.com\/es\/wp-json\/wp\/v2\/posts\/53944","targetHints":{"allow":["GET"]}}],"collection":[{"href":"https:\/\/veevcom.com\/es\/wp-json\/wp\/v2\/posts"}],"about":[{"href":"https:\/\/veevcom.com\/es\/wp-json\/wp\/v2\/types\/post"}],"author":[{"embeddable":true,"href":"https:\/\/veevcom.com\/es\/wp-json\/wp\/v2\/users\/3"}],"replies":[{"embeddable":true,"href":"https:\/\/veevcom.com\/es\/wp-json\/wp\/v2\/comments?post=53944"}],"version-history":[{"count":3,"href":"https:\/\/veevcom.com\/es\/wp-json\/wp\/v2\/posts\/53944\/revisions"}],"predecessor-version":[{"id":53948,"href":"https:\/\/veevcom.com\/es\/wp-json\/wp\/v2\/posts\/53944\/revisions\/53948"}],"wp:featuredmedia":[{"embeddable":true,"href":"https:\/\/veevcom.com\/es\/wp-json\/wp\/v2\/media\/53945"}],"wp:attachment":[{"href":"https:\/\/veevcom.com\/es\/wp-json\/wp\/v2\/media?parent=53944"}],"wp:term":[{"taxonomy":"category","embeddable":true,"href":"https:\/\/veevcom.com\/es\/wp-json\/wp\/v2\/categories?post=53944"},{"taxonomy":"post_tag","embeddable":true,"href":"https:\/\/veevcom.com\/es\/wp-json\/wp\/v2\/tags?post=53944"}],"curies":[{"name":"wp","href":"https:\/\/api.w.org\/{rel}","templated":true}]}}