{"id":47337,"date":"2024-04-12T17:06:22","date_gmt":"2024-04-12T15:06:22","guid":{"rendered":"http:\/\/veevcom.com\/?p=47337"},"modified":"2024-05-13T17:48:54","modified_gmt":"2024-05-13T15:48:54","slug":"paco-el-lobo-sangitananda-presentent-memoria-de-los-cantes-flamencos-vol-1","status":"publish","type":"post","link":"https:\/\/veevcom.com\/es\/paco-el-lobo-sangitananda-presentent-memoria-de-los-cantes-flamencos-vol-1\/","title":{"rendered":"PACO EL LOBO &#038; SANGITANANDA presentan \u00abMemoria de los Cantes Flamencos. Vol.1&#8243;"},"content":{"rendered":"<p class=\"qtranxs-available-languages-message qtranxs-available-languages-message-es\">Disculpa, pero esta entrada est\u00e1 disponible s\u00f3lo en <a href=\"https:\/\/veevcom.com\/fr\/wp-json\/wp\/v2\/posts\/47337\" class=\"qtranxs-available-language-link qtranxs-available-language-link-fr\" title=\"FR\">FR<\/a> y <a href=\"https:\/\/veevcom.com\/en\/wp-json\/wp\/v2\/posts\/47337\" class=\"qtranxs-available-language-link qtranxs-available-language-link-en\" title=\"EN\">EN<\/a>.<\/p><p><strong>Paco el Lobo <\/strong>et <strong>Sangitananda<\/strong> r\u00e9v\u00e8leront leur nouvel album \u00e0 l\u2019occasion de sa sortie le <strong>19&nbsp;avril 2024<\/strong>&nbsp;chez&nbsp;<strong>Buda Musique<\/strong>&nbsp;\/<strong>&nbsp;Socadisc<\/strong>. Cet opus sera pr\u00e9sent\u00e9 le&nbsp;<strong>mercredi 05 juin 2024<\/strong>&nbsp;sur la sc\u00e8ne du&nbsp;<strong>Studio de L\u2019Ermitage<\/strong>&nbsp;lors d\u2019un concert de lancement exceptionnel.<\/p>\n<p>Ce premier volume de <strong>Memoria de los Cantes Flamencos<\/strong> est un \u00e9v\u00e9nement important. D\u2019une part parce qu\u2019il s\u2019agit du premier projet de cet ordre, en Espagne comme en France, depuis un quart de si\u00e8cle. D\u2019autre part, et surtout, parce qu\u2019il est entrepris, non sans courage, par deux musiciens fran\u00e7ais, <strong>Sangitananda<\/strong> et <strong>Paco el Lobo<\/strong>. Nul mieux que ce dernier ne pouvait affronter un tel d\u00e9fi, apr\u00e8s un demi- si\u00e8cle d\u2019apprentissage et de pratique professionnelle du cante jalonn\u00e9 par quatre albums. Rares sont les cantaores, andalous, espagnols ou non, dont la m\u00e9moire flamenca remonte \u00e0 Pepe de la Matrona, Rafael Romero et Juan Varea (entre autres), dont il a re\u00e7u le magist\u00e8re et avec lesquels il a partag\u00e9 la sc\u00e8ne. Plus rares encore sont ceux qui sont parvenus \u00e0 fondre en un style personnel le legs de ces ma\u00eetres et les innovations ult\u00e9rieures d\u2019Enrique Morente surtout, mais aussi de Camar\u00f3n de la Isla ou des deux derni\u00e8res g\u00e9n\u00e9rations d\u2019artistes j\u00e9r\u00e9zans pour lesquels, selon leur \u00e2ge, il est un \u00abprimo\u00bb ou un \u00abtito\u00bb de r\u00e9f\u00e9rence.<br \/>\nCe premier volume d\u00e9montre que, contrairement \u00e0 un pr\u00e9jug\u00e9 trop r\u00e9pandu, il n\u2019existe pas de \u00ab petits \u00bb et de \u00ab grands \u00bb cantes, pour peu qu\u2019on les interpr\u00e8te tous avec respect et musicalit\u00e9. R\u00e9viser ses classiques, d\u00e9couvrir la richesse du r\u00e9pertoire du cante ou simplement go\u00fbter une belle \u0153uvre musicale, aficionados et m\u00e9lomanes y trouveront ample mati\u00e8re \u00e0 nourrir leur passion. Nous attendons les prochains volumes&#8230; (Claude Worms)<\/p>\n<p><strong>Musiciens invit\u00e9s :<\/strong><br \/>\nJuan Manuel Cortes (palmas et percussions)<br \/>\nM\u00e9d\u00e9ric Collignon (trompette)<br \/>\n\u00c9douard Coquard (basse)<br \/>\nCristina Rodr\u00edguez de Tovar (ch\u0153urs)<br \/>\nDani Bonilla (palmas et ch\u0153urs).<\/p>\n<p><strong>Tracklist :<\/strong><br \/>\n1. Mi ni\u00f1a Churri (Bambera)<br \/>\n2. Oye mi voz (Colombiana)<br \/>\n3. Agua pa\u2019l molino (Buler\u00eda de Jerez)<br \/>\n4. El Rey de los cielos (Campanilleros)<br \/>\n5. Duros como el acero (Cartagenera)<br \/>\n6. Muero por ti (Alegr\u00edas)<br \/>\n7. Reinando (Malague\u00f1a de Chac\u00f3n y jabera)<br \/>\n8. Perd\u00ed mi centro (Sole\u00e1 de la Serneta y \u00c1lcala)<br \/>\n9. Cort\u00e9 una rosa (Liviana y serrana)<br \/>\n10.\u00c1rbol del para\u00edso (Ton\u00e1)<br \/>\n11.Flores del campo (Tangos extreme\u00f1os)<br \/>\n12.Una farruca lloraba (Farruca)<\/p>","protected":false},"excerpt":{"rendered":"<p>Disculpa, pero esta entrada est\u00e1 disponible s\u00f3lo en FR y EN.Paco el Lobo et Sangitananda r\u00e9v\u00e8leront leur nouvel album \u00e0 l\u2019occasion de sa sortie le 19&nbsp;avril 2024&nbsp;chez&nbsp;Buda Musique&nbsp;\/&nbsp;Socadisc. Cet opus sera pr\u00e9sent\u00e9 le&nbsp;mercredi 05 juin 2024&nbsp;sur la sc\u00e8ne du&nbsp;Studio de L\u2019Ermitage&nbsp;lors d\u2019un concert de lancement exceptionnel. Ce premier volume de Memoria de los Cantes Flamencos [&hellip;]<\/p>\n","protected":false},"author":3,"featured_media":47339,"comment_status":"closed","ping_status":"closed","sticky":false,"template":"","format":"standard","meta":{"_acf_changed":false,"footnotes":""},"categories":[1],"tags":[],"class_list":["post-47337","post","type-post","status-publish","format-standard","has-post-thumbnail","hentry","category-non-classe"],"acf":[],"yoast_head":"<!-- This site is optimized with the Yoast SEO plugin v27.4 - https:\/\/yoast.com\/product\/yoast-seo-wordpress\/ -->\n<title>PACO EL LOBO &amp; SANGITANANDA presentan &quot;Memoria de los Cantes Flamencos. Vol.1&quot; - VeevCom<\/title>\n<meta name=\"robots\" content=\"index, follow, max-snippet:-1, max-image-preview:large, max-video-preview:-1\" \/>\n<link rel=\"canonical\" href=\"https:\/\/veevcom.com\/es\/paco-el-lobo-sangitananda-presentent-memoria-de-los-cantes-flamencos-vol-1\/\" \/>\n<meta property=\"og:locale\" content=\"es_ES\" \/>\n<meta property=\"og:type\" content=\"article\" \/>\n<meta property=\"og:title\" content=\"PACO EL LOBO &amp; SANGITANANDA presentan &quot;Memoria de los Cantes Flamencos. Vol.1&quot; - VeevCom\" \/>\n<meta property=\"og:description\" content=\"Disculpa, pero esta entrada est\u00e1 disponible s\u00f3lo en FR y EN.Paco el Lobo et Sangitananda r\u00e9v\u00e8leront leur nouvel album \u00e0 l\u2019occasion de sa sortie le 19&nbsp;avril 2024&nbsp;chez&nbsp;Buda Musique&nbsp;\/&nbsp;Socadisc. Cet opus sera pr\u00e9sent\u00e9 le&nbsp;mercredi 05 juin 2024&nbsp;sur la sc\u00e8ne du&nbsp;Studio de L\u2019Ermitage&nbsp;lors d\u2019un concert de lancement exceptionnel. Ce premier volume de Memoria de los Cantes Flamencos [&hellip;]\" \/>\n<meta property=\"og:url\" content=\"https:\/\/veevcom.com\/es\/paco-el-lobo-sangitananda-presentent-memoria-de-los-cantes-flamencos-vol-1\/\" \/>\n<meta property=\"og:site_name\" content=\"VeevCom\" \/>\n<meta property=\"article:published_time\" content=\"2024-04-12T15:06:22+00:00\" \/>\n<meta property=\"article:modified_time\" content=\"2024-05-13T15:48:54+00:00\" \/>\n<meta property=\"og:image\" content=\"https:\/\/veevcom.com\/wp-content\/uploads\/2024\/04\/BUDA860395\u00a9-Cyrille-Buffet-_-Antoine-Boyer.jpg\" \/>\n\t<meta property=\"og:image:width\" content=\"1440\" \/>\n\t<meta property=\"og:image:height\" content=\"1440\" \/>\n\t<meta property=\"og:image:type\" content=\"image\/jpeg\" \/>\n<meta name=\"author\" content=\"severine\" \/>\n<meta name=\"twitter:card\" content=\"summary_large_image\" \/>\n<meta name=\"twitter:label1\" content=\"Escrito por\" \/>\n\t<meta name=\"twitter:data1\" content=\"severine\" \/>\n\t<meta name=\"twitter:label2\" content=\"Tiempo de lectura\" \/>\n\t<meta name=\"twitter:data2\" content=\"4 minutos\" \/>\n<script type=\"application\/ld+json\" class=\"yoast-schema-graph\">{\"@context\":\"https:\\\/\\\/schema.org\",\"@graph\":[{\"@type\":\"Article\",\"@id\":\"https:\\\/\\\/veevcom.com\\\/es\\\/paco-el-lobo-sangitananda-presentent-memoria-de-los-cantes-flamencos-vol-1\\\/#article\",\"isPartOf\":{\"@id\":\"https:\\\/\\\/veevcom.com\\\/es\\\/paco-el-lobo-sangitananda-presentent-memoria-de-los-cantes-flamencos-vol-1\\\/\"},\"author\":{\"name\":\"severine\",\"@id\":\"https:\\\/\\\/veevcom.com\\\/#\\\/schema\\\/person\\\/754f1f5a030d278766b52cf0e0c62e8b\"},\"headline\":\"PACO EL LOBO &#038; SANGITANANDA presentan \u00abMemoria de los Cantes Flamencos. Vol.1&#8243;\",\"datePublished\":\"2024-04-12T15:06:22+00:00\",\"dateModified\":\"2024-05-13T15:48:54+00:00\",\"mainEntityOfPage\":{\"@id\":\"https:\\\/\\\/veevcom.com\\\/es\\\/paco-el-lobo-sangitananda-presentent-memoria-de-los-cantes-flamencos-vol-1\\\/\"},\"wordCount\":861,\"image\":{\"@id\":\"https:\\\/\\\/veevcom.com\\\/es\\\/paco-el-lobo-sangitananda-presentent-memoria-de-los-cantes-flamencos-vol-1\\\/#primaryimage\"},\"thumbnailUrl\":\"https:\\\/\\\/veevcom.com\\\/wp-content\\\/uploads\\\/2024\\\/04\\\/BUDA860395\u00a9-Cyrille-Buffet-_-Antoine-Boyer.jpg\",\"articleSection\":[\"Actualidad\"],\"inLanguage\":\"es\"},{\"@type\":\"WebPage\",\"@id\":\"https:\\\/\\\/veevcom.com\\\/es\\\/paco-el-lobo-sangitananda-presentent-memoria-de-los-cantes-flamencos-vol-1\\\/\",\"url\":\"https:\\\/\\\/veevcom.com\\\/es\\\/paco-el-lobo-sangitananda-presentent-memoria-de-los-cantes-flamencos-vol-1\\\/\",\"name\":\"PACO EL LOBO & SANGITANANDA presentan \\\"Memoria de los Cantes Flamencos. Vol.1\\\" - VeevCom\",\"isPartOf\":{\"@id\":\"https:\\\/\\\/veevcom.com\\\/es\\\/#website\"},\"primaryImageOfPage\":{\"@id\":\"https:\\\/\\\/veevcom.com\\\/es\\\/paco-el-lobo-sangitananda-presentent-memoria-de-los-cantes-flamencos-vol-1\\\/#primaryimage\"},\"image\":{\"@id\":\"https:\\\/\\\/veevcom.com\\\/es\\\/paco-el-lobo-sangitananda-presentent-memoria-de-los-cantes-flamencos-vol-1\\\/#primaryimage\"},\"thumbnailUrl\":\"https:\\\/\\\/veevcom.com\\\/wp-content\\\/uploads\\\/2024\\\/04\\\/BUDA860395\u00a9-Cyrille-Buffet-_-Antoine-Boyer.jpg\",\"datePublished\":\"2024-04-12T15:06:22+00:00\",\"dateModified\":\"2024-05-13T15:48:54+00:00\",\"author\":{\"@id\":\"https:\\\/\\\/veevcom.com\\\/#\\\/schema\\\/person\\\/754f1f5a030d278766b52cf0e0c62e8b\"},\"breadcrumb\":{\"@id\":\"https:\\\/\\\/veevcom.com\\\/es\\\/paco-el-lobo-sangitananda-presentent-memoria-de-los-cantes-flamencos-vol-1\\\/#breadcrumb\"},\"inLanguage\":\"es\",\"potentialAction\":[{\"@type\":\"ReadAction\",\"target\":[[\"https:\\\/\\\/veevcom.com\\\/es\\\/paco-el-lobo-sangitananda-presentent-memoria-de-los-cantes-flamencos-vol-1\\\/\"]]}]},{\"@type\":\"ImageObject\",\"inLanguage\":\"es\",\"@id\":\"https:\\\/\\\/veevcom.com\\\/es\\\/paco-el-lobo-sangitananda-presentent-memoria-de-los-cantes-flamencos-vol-1\\\/#primaryimage\",\"url\":\"https:\\\/\\\/veevcom.com\\\/wp-content\\\/uploads\\\/2024\\\/04\\\/BUDA860395\u00a9-Cyrille-Buffet-_-Antoine-Boyer.jpg\",\"contentUrl\":\"https:\\\/\\\/veevcom.com\\\/wp-content\\\/uploads\\\/2024\\\/04\\\/BUDA860395\u00a9-Cyrille-Buffet-_-Antoine-Boyer.jpg\",\"width\":1440,\"height\":1440},{\"@type\":\"BreadcrumbList\",\"@id\":\"https:\\\/\\\/veevcom.com\\\/es\\\/paco-el-lobo-sangitananda-presentent-memoria-de-los-cantes-flamencos-vol-1\\\/#breadcrumb\",\"itemListElement\":[{\"@type\":\"ListItem\",\"position\":1,\"name\":\"Accueil\",\"item\":\"https:\\\/\\\/veevcom.com\\\/es\\\/\"},{\"@type\":\"ListItem\",\"position\":2,\"name\":\"PACO EL LOBO &#038; SANGITANANDA presentan \u00abMemoria de los Cantes Flamencos. Vol.1&#8243;\"}]},{\"@type\":\"WebSite\",\"@id\":\"https:\\\/\\\/veevcom.com\\\/es\\\/#website\",\"url\":\"https:\\\/\\\/veevcom.com\\\/es\\\/\",\"name\":\"VeevCom\",\"description\":\"Public Relations and Communication in the Music Industry\",\"potentialAction\":[{\"@type\":\"SearchAction\",\"target\":{\"@type\":\"EntryPoint\",\"urlTemplate\":\"https:\\\/\\\/veevcom.com\\\/es\\\/?s={search_term_string}\"},\"query-input\":{\"@type\":\"PropertyValueSpecification\",\"valueRequired\":true,\"valueName\":\"search_term_string\"}}],\"inLanguage\":\"es\"},{\"@type\":\"Person\",\"@id\":\"https:\\\/\\\/veevcom.com\\\/#\\\/schema\\\/person\\\/754f1f5a030d278766b52cf0e0c62e8b\",\"name\":\"severine\",\"image\":{\"@type\":\"ImageObject\",\"inLanguage\":\"es\",\"@id\":\"https:\\\/\\\/secure.gravatar.com\\\/avatar\\\/ba307ed472519f403589981b25bf62b4089c1f82b837eaae855dd05633adf22c?s=96&d=mm&r=g\",\"url\":\"https:\\\/\\\/secure.gravatar.com\\\/avatar\\\/ba307ed472519f403589981b25bf62b4089c1f82b837eaae855dd05633adf22c?s=96&d=mm&r=g\",\"contentUrl\":\"https:\\\/\\\/secure.gravatar.com\\\/avatar\\\/ba307ed472519f403589981b25bf62b4089c1f82b837eaae855dd05633adf22c?s=96&d=mm&r=g\",\"caption\":\"severine\"}}]}<\/script>\n<!-- \/ Yoast SEO plugin. -->","yoast_head_json":{"title":"PACO EL LOBO & SANGITANANDA presentan \"Memoria de los Cantes Flamencos. Vol.1\" - VeevCom","robots":{"index":"index","follow":"follow","max-snippet":"max-snippet:-1","max-image-preview":"max-image-preview:large","max-video-preview":"max-video-preview:-1"},"canonical":"https:\/\/veevcom.com\/es\/paco-el-lobo-sangitananda-presentent-memoria-de-los-cantes-flamencos-vol-1\/","og_locale":"es_ES","og_type":"article","og_title":"PACO EL LOBO & SANGITANANDA presentan \"Memoria de los Cantes Flamencos. Vol.1\" - VeevCom","og_description":"Disculpa, pero esta entrada est\u00e1 disponible s\u00f3lo en FR y EN.Paco el Lobo et Sangitananda r\u00e9v\u00e8leront leur nouvel album \u00e0 l\u2019occasion de sa sortie le 19&nbsp;avril 2024&nbsp;chez&nbsp;Buda Musique&nbsp;\/&nbsp;Socadisc. Cet opus sera pr\u00e9sent\u00e9 le&nbsp;mercredi 05 juin 2024&nbsp;sur la sc\u00e8ne du&nbsp;Studio de L\u2019Ermitage&nbsp;lors d\u2019un concert de lancement exceptionnel. Ce premier volume de Memoria de los Cantes Flamencos [&hellip;]","og_url":"https:\/\/veevcom.com\/es\/paco-el-lobo-sangitananda-presentent-memoria-de-los-cantes-flamencos-vol-1\/","og_site_name":"VeevCom","article_published_time":"2024-04-12T15:06:22+00:00","article_modified_time":"2024-05-13T15:48:54+00:00","og_image":[{"width":1440,"height":1440,"url":"https:\/\/veevcom.com\/wp-content\/uploads\/2024\/04\/BUDA860395\u00a9-Cyrille-Buffet-_-Antoine-Boyer.jpg","type":"image\/jpeg"}],"author":"severine","twitter_card":"summary_large_image","twitter_misc":{"Escrito por":"severine","Tiempo de lectura":"4 minutos"},"schema":{"@context":"https:\/\/schema.org","@graph":[{"@type":"Article","@id":"https:\/\/veevcom.com\/es\/paco-el-lobo-sangitananda-presentent-memoria-de-los-cantes-flamencos-vol-1\/#article","isPartOf":{"@id":"https:\/\/veevcom.com\/es\/paco-el-lobo-sangitananda-presentent-memoria-de-los-cantes-flamencos-vol-1\/"},"author":{"name":"severine","@id":"https:\/\/veevcom.com\/#\/schema\/person\/754f1f5a030d278766b52cf0e0c62e8b"},"headline":"PACO EL LOBO &#038; SANGITANANDA presentan \u00abMemoria de los Cantes Flamencos. Vol.1&#8243;","datePublished":"2024-04-12T15:06:22+00:00","dateModified":"2024-05-13T15:48:54+00:00","mainEntityOfPage":{"@id":"https:\/\/veevcom.com\/es\/paco-el-lobo-sangitananda-presentent-memoria-de-los-cantes-flamencos-vol-1\/"},"wordCount":861,"image":{"@id":"https:\/\/veevcom.com\/es\/paco-el-lobo-sangitananda-presentent-memoria-de-los-cantes-flamencos-vol-1\/#primaryimage"},"thumbnailUrl":"https:\/\/veevcom.com\/wp-content\/uploads\/2024\/04\/BUDA860395\u00a9-Cyrille-Buffet-_-Antoine-Boyer.jpg","articleSection":["Actualidad"],"inLanguage":"es"},{"@type":"WebPage","@id":"https:\/\/veevcom.com\/es\/paco-el-lobo-sangitananda-presentent-memoria-de-los-cantes-flamencos-vol-1\/","url":"https:\/\/veevcom.com\/es\/paco-el-lobo-sangitananda-presentent-memoria-de-los-cantes-flamencos-vol-1\/","name":"PACO EL LOBO & SANGITANANDA presentan \"Memoria de los Cantes Flamencos. Vol.1\" - VeevCom","isPartOf":{"@id":"https:\/\/veevcom.com\/es\/#website"},"primaryImageOfPage":{"@id":"https:\/\/veevcom.com\/es\/paco-el-lobo-sangitananda-presentent-memoria-de-los-cantes-flamencos-vol-1\/#primaryimage"},"image":{"@id":"https:\/\/veevcom.com\/es\/paco-el-lobo-sangitananda-presentent-memoria-de-los-cantes-flamencos-vol-1\/#primaryimage"},"thumbnailUrl":"https:\/\/veevcom.com\/wp-content\/uploads\/2024\/04\/BUDA860395\u00a9-Cyrille-Buffet-_-Antoine-Boyer.jpg","datePublished":"2024-04-12T15:06:22+00:00","dateModified":"2024-05-13T15:48:54+00:00","author":{"@id":"https:\/\/veevcom.com\/#\/schema\/person\/754f1f5a030d278766b52cf0e0c62e8b"},"breadcrumb":{"@id":"https:\/\/veevcom.com\/es\/paco-el-lobo-sangitananda-presentent-memoria-de-los-cantes-flamencos-vol-1\/#breadcrumb"},"inLanguage":"es","potentialAction":[{"@type":"ReadAction","target":[["https:\/\/veevcom.com\/es\/paco-el-lobo-sangitananda-presentent-memoria-de-los-cantes-flamencos-vol-1\/"]]}]},{"@type":"ImageObject","inLanguage":"es","@id":"https:\/\/veevcom.com\/es\/paco-el-lobo-sangitananda-presentent-memoria-de-los-cantes-flamencos-vol-1\/#primaryimage","url":"https:\/\/veevcom.com\/wp-content\/uploads\/2024\/04\/BUDA860395\u00a9-Cyrille-Buffet-_-Antoine-Boyer.jpg","contentUrl":"https:\/\/veevcom.com\/wp-content\/uploads\/2024\/04\/BUDA860395\u00a9-Cyrille-Buffet-_-Antoine-Boyer.jpg","width":1440,"height":1440},{"@type":"BreadcrumbList","@id":"https:\/\/veevcom.com\/es\/paco-el-lobo-sangitananda-presentent-memoria-de-los-cantes-flamencos-vol-1\/#breadcrumb","itemListElement":[{"@type":"ListItem","position":1,"name":"Accueil","item":"https:\/\/veevcom.com\/es\/"},{"@type":"ListItem","position":2,"name":"PACO EL LOBO &#038; SANGITANANDA presentan \u00abMemoria de los Cantes Flamencos. Vol.1&#8243;"}]},{"@type":"WebSite","@id":"https:\/\/veevcom.com\/es\/#website","url":"https:\/\/veevcom.com\/es\/","name":"VeevCom","description":"Public Relations and Communication in the Music Industry","potentialAction":[{"@type":"SearchAction","target":{"@type":"EntryPoint","urlTemplate":"https:\/\/veevcom.com\/es\/?s={search_term_string}"},"query-input":{"@type":"PropertyValueSpecification","valueRequired":true,"valueName":"search_term_string"}}],"inLanguage":"es"},{"@type":"Person","@id":"https:\/\/veevcom.com\/#\/schema\/person\/754f1f5a030d278766b52cf0e0c62e8b","name":"severine","image":{"@type":"ImageObject","inLanguage":"es","@id":"https:\/\/secure.gravatar.com\/avatar\/ba307ed472519f403589981b25bf62b4089c1f82b837eaae855dd05633adf22c?s=96&d=mm&r=g","url":"https:\/\/secure.gravatar.com\/avatar\/ba307ed472519f403589981b25bf62b4089c1f82b837eaae855dd05633adf22c?s=96&d=mm&r=g","contentUrl":"https:\/\/secure.gravatar.com\/avatar\/ba307ed472519f403589981b25bf62b4089c1f82b837eaae855dd05633adf22c?s=96&d=mm&r=g","caption":"severine"}}]}},"_links":{"self":[{"href":"https:\/\/veevcom.com\/es\/wp-json\/wp\/v2\/posts\/47337","targetHints":{"allow":["GET"]}}],"collection":[{"href":"https:\/\/veevcom.com\/es\/wp-json\/wp\/v2\/posts"}],"about":[{"href":"https:\/\/veevcom.com\/es\/wp-json\/wp\/v2\/types\/post"}],"author":[{"embeddable":true,"href":"https:\/\/veevcom.com\/es\/wp-json\/wp\/v2\/users\/3"}],"replies":[{"embeddable":true,"href":"https:\/\/veevcom.com\/es\/wp-json\/wp\/v2\/comments?post=47337"}],"version-history":[{"count":4,"href":"https:\/\/veevcom.com\/es\/wp-json\/wp\/v2\/posts\/47337\/revisions"}],"predecessor-version":[{"id":53938,"href":"https:\/\/veevcom.com\/es\/wp-json\/wp\/v2\/posts\/47337\/revisions\/53938"}],"wp:featuredmedia":[{"embeddable":true,"href":"https:\/\/veevcom.com\/es\/wp-json\/wp\/v2\/media\/47339"}],"wp:attachment":[{"href":"https:\/\/veevcom.com\/es\/wp-json\/wp\/v2\/media?parent=47337"}],"wp:term":[{"taxonomy":"category","embeddable":true,"href":"https:\/\/veevcom.com\/es\/wp-json\/wp\/v2\/categories?post=47337"},{"taxonomy":"post_tag","embeddable":true,"href":"https:\/\/veevcom.com\/es\/wp-json\/wp\/v2\/tags?post=47337"}],"curies":[{"name":"wp","href":"https:\/\/api.w.org\/{rel}","templated":true}]}}