{"id":47328,"date":"2024-03-27T11:26:11","date_gmt":"2024-03-27T10:26:11","guid":{"rendered":"http:\/\/veevcom.com\/?p=47328"},"modified":"2024-03-27T11:27:11","modified_gmt":"2024-03-27T10:27:11","slug":"auster-loo-collective-presente-auster-loo-collective","status":"publish","type":"post","link":"https:\/\/veevcom.com\/es\/auster-loo-collective-presente-auster-loo-collective\/","title":{"rendered":"Auster Loo Collective presenta \u00ab Auster Loo Collective \u00bb"},"content":{"rendered":"<p class=\"qtranxs-available-languages-message qtranxs-available-languages-message-es\">Disculpa, pero esta entrada est\u00e1 disponible s\u00f3lo en <a href=\"https:\/\/veevcom.com\/fr\/wp-json\/wp\/v2\/posts\/47328\" class=\"qtranxs-available-language-link qtranxs-available-language-link-fr\" title=\"FR\">FR<\/a> y <a href=\"https:\/\/veevcom.com\/en\/wp-json\/wp\/v2\/posts\/47328\" class=\"qtranxs-available-language-link qtranxs-available-language-link-en\" title=\"EN\">EN<\/a>.<\/p><p><strong>Auster Loo Collective<\/strong> r\u00e9v\u00e8leront leur nouvel album (sous la direction de <strong>Simon Leleux<\/strong>) \u00e0 l&#8217;occasion de sa sortie le <strong>26 avril 2024<\/strong> chez <strong>Igloo Records<\/strong> \/<strong> Socadisc<\/strong>. Cet opus sera pr\u00e9sent\u00e9 le <strong>mercredi 22 mai 2024<\/strong> sur la sc\u00e8ne du <strong>Studio de L&#8217;Ermitage<\/strong> lors d&#8217;un concert de lancement exceptionnel.<\/p>\n<p><strong>Auster Loo Collective<\/strong> insuffle un vent nouveau sur la sc\u00e8ne des musiques acoustiques et improvis\u00e9es en Belgique. Au sein du collectif, les musiciens se donnent le d\u00e9fi de mettre leurs parcours au service d&#8217;un langage musical nouveau. Sous la direction artistique de <strong>Simon Leleux<\/strong>, ils partent \u00e0 la recherche d\u2019horizons inexplor\u00e9s. Explorateur versatile, ce percussionniste belge d\u00e9veloppe depuis plusieurs ann\u00e9es des propositions musicales singuli\u00e8res qui tentent de trouver le lien juste entre le calque sensible d\u2019un cheminement personnel et celui de langages musicaux d\u2019une diversit\u00e9 surprenante.<\/p>\n<p><strong>Auster Loo Collective<\/strong> est compos\u00e9 de :<br \/>\n&#8211; <strong>Simon Leleux<\/strong> : percussions et composition<br \/>\n&#8211; <strong>Lydie Thonnard<\/strong> : fl\u00fbtes et chant<br \/>\n&#8211; <strong>Shahab Azinmehr<\/strong> : setar et chant<br \/>\n&#8211; <strong>Bao Sissoko<\/strong> : kora et chant<br \/>\n&#8211; <strong>Aki Sato<\/strong> : koto, shamisen et chant<br \/>\n&#8211; <strong>Vincent Noiret<\/strong> : contrebasse<br \/>\n&#8211; <strong>C\u00e9lestin Massot<\/strong> : piano<br \/>\n&#8211; <strong>Osvaldo Hernandez<\/strong> : percussions et chant<\/p>\n<p><strong>L&#8217;album :<\/strong><\/p>\n<p>Fruit d&#8217;une alchimie unique entre l&#8217;exploration et la cr\u00e9ation de ponts sonores, il en r\u00e9sulte un univers singulier. Chaque musicien apporte sa touche unique, cr\u00e9ant un son original qui m\u00eale la subtilit\u00e9 caract\u00e9ristique du koto aux m\u00e9lodies enjou\u00e9es de la kora<br \/>\nd&#8217;Afrique de l&#8217;Ouest, le piano et la contrebasse, la fl\u00fbte et le setar iranien, les percussions et les voix.<\/p>\n<p>L&#8217;album est un r\u00e9cit en huit chapitres qui t\u00e9moigne de la rencontre de huit musiciens venant de diff\u00e9rents coins du monde et profond\u00e9ment ancr\u00e9s dans une culture musicale. Se nourrissant de ces racines profondes, ils ont fait \u00e9merg\u00e9 de leurs \u00e9changes des compositions nouvelles et uniques, guid\u00e9s par un esprit libre qui embrasse la singularit\u00e9 de chacun. Des m\u00e9lodies poignantes et oniriques alternent avec des compositions rythm\u00e9es et pleines d&#8217;\u00e9nergie sur cet album qui sortira en avril 2024 chez Igloo Records.<\/p>\n<p>Auster Loo est \u00e0 l&#8217;origine un duo compos\u00e9 de <strong>Simon Leleux<\/strong>, sp\u00e9cialiste des percussions \u00e0 doigts (doholla, bendir) et de la fl\u00fbtiste <strong>Lydie Thonnard<\/strong> (fl\u00fbtes, voix). Leur passion commune pour le rythme et l&#8217;improvisation s&#8217;est nourrie de leurs rencontres avec des musiciens de tous horizons. <strong>Auster Loo Collective<\/strong> s\u2019inscrit dans la continuit\u00e9 de ces rencontres. Avec la sortie de cet album, Auster Loo ouvre un nouveau chapitre de son existence.<\/p>","protected":false},"excerpt":{"rendered":"<p>Disculpa, pero esta entrada est\u00e1 disponible s\u00f3lo en FR y EN.Auster Loo Collective r\u00e9v\u00e8leront leur nouvel album (sous la direction de Simon Leleux) \u00e0 l&#8217;occasion de sa sortie le 26 avril 2024 chez Igloo Records \/ Socadisc. Cet opus sera pr\u00e9sent\u00e9 le mercredi 22 mai 2024 sur la sc\u00e8ne du Studio de L&#8217;Ermitage lors d&#8217;un [&hellip;]<\/p>\n","protected":false},"author":3,"featured_media":47329,"comment_status":"closed","ping_status":"closed","sticky":false,"template":"","format":"standard","meta":{"_acf_changed":false,"footnotes":""},"categories":[1],"tags":[],"class_list":["post-47328","post","type-post","status-publish","format-standard","has-post-thumbnail","hentry","category-non-classe"],"acf":[],"yoast_head":"<!-- This site is optimized with the Yoast SEO plugin v27.4 - https:\/\/yoast.com\/product\/yoast-seo-wordpress\/ -->\n<title>Auster Loo Collective presenta \u00ab Auster Loo Collective \u00bb - VeevCom<\/title>\n<meta name=\"robots\" content=\"index, follow, max-snippet:-1, max-image-preview:large, max-video-preview:-1\" \/>\n<link rel=\"canonical\" href=\"https:\/\/veevcom.com\/es\/auster-loo-collective-presente-auster-loo-collective\/\" \/>\n<meta property=\"og:locale\" content=\"es_ES\" \/>\n<meta property=\"og:type\" content=\"article\" \/>\n<meta property=\"og:title\" content=\"Auster Loo Collective presenta \u00ab Auster Loo Collective \u00bb - VeevCom\" \/>\n<meta property=\"og:description\" content=\"Disculpa, pero esta entrada est\u00e1 disponible s\u00f3lo en FR y EN.Auster Loo Collective r\u00e9v\u00e8leront leur nouvel album (sous la direction de Simon Leleux) \u00e0 l&#8217;occasion de sa sortie le 26 avril 2024 chez Igloo Records \/ Socadisc. Cet opus sera pr\u00e9sent\u00e9 le mercredi 22 mai 2024 sur la sc\u00e8ne du Studio de L&#8217;Ermitage lors d&#8217;un [&hellip;]\" \/>\n<meta property=\"og:url\" content=\"https:\/\/veevcom.com\/es\/auster-loo-collective-presente-auster-loo-collective\/\" \/>\n<meta property=\"og:site_name\" content=\"VeevCom\" \/>\n<meta property=\"article:published_time\" content=\"2024-03-27T10:26:11+00:00\" \/>\n<meta property=\"article:modified_time\" content=\"2024-03-27T10:27:11+00:00\" \/>\n<meta property=\"og:image\" content=\"https:\/\/veevcom.com\/wp-content\/uploads\/2024\/03\/AusterLoo_Cover_3000x3000px\u00a9Jan-Sebastiaan-Degeyter-scaled.jpg\" \/>\n\t<meta property=\"og:image:width\" content=\"2560\" \/>\n\t<meta property=\"og:image:height\" content=\"2560\" \/>\n\t<meta property=\"og:image:type\" content=\"image\/jpeg\" \/>\n<meta name=\"author\" content=\"severine\" \/>\n<meta name=\"twitter:card\" content=\"summary_large_image\" \/>\n<meta name=\"twitter:label1\" content=\"Escrito por\" \/>\n\t<meta name=\"twitter:data1\" content=\"severine\" \/>\n\t<meta name=\"twitter:label2\" content=\"Tiempo de lectura\" \/>\n\t<meta name=\"twitter:data2\" content=\"4 minutos\" \/>\n<script type=\"application\/ld+json\" class=\"yoast-schema-graph\">{\"@context\":\"https:\\\/\\\/schema.org\",\"@graph\":[{\"@type\":\"Article\",\"@id\":\"https:\\\/\\\/veevcom.com\\\/es\\\/auster-loo-collective-presente-auster-loo-collective\\\/#article\",\"isPartOf\":{\"@id\":\"https:\\\/\\\/veevcom.com\\\/es\\\/auster-loo-collective-presente-auster-loo-collective\\\/\"},\"author\":{\"name\":\"severine\",\"@id\":\"https:\\\/\\\/veevcom.com\\\/#\\\/schema\\\/person\\\/754f1f5a030d278766b52cf0e0c62e8b\"},\"headline\":\"Auster Loo Collective presenta \u00ab Auster Loo Collective \u00bb\",\"datePublished\":\"2024-03-27T10:26:11+00:00\",\"dateModified\":\"2024-03-27T10:27:11+00:00\",\"mainEntityOfPage\":{\"@id\":\"https:\\\/\\\/veevcom.com\\\/es\\\/auster-loo-collective-presente-auster-loo-collective\\\/\"},\"wordCount\":848,\"image\":{\"@id\":\"https:\\\/\\\/veevcom.com\\\/es\\\/auster-loo-collective-presente-auster-loo-collective\\\/#primaryimage\"},\"thumbnailUrl\":\"https:\\\/\\\/veevcom.com\\\/wp-content\\\/uploads\\\/2024\\\/03\\\/AusterLoo_Cover_3000x3000px\u00a9Jan-Sebastiaan-Degeyter-scaled.jpg\",\"articleSection\":[\"Actualidad\"],\"inLanguage\":\"es\"},{\"@type\":\"WebPage\",\"@id\":\"https:\\\/\\\/veevcom.com\\\/es\\\/auster-loo-collective-presente-auster-loo-collective\\\/\",\"url\":\"https:\\\/\\\/veevcom.com\\\/es\\\/auster-loo-collective-presente-auster-loo-collective\\\/\",\"name\":\"Auster Loo Collective presenta \u00ab Auster Loo Collective \u00bb - VeevCom\",\"isPartOf\":{\"@id\":\"https:\\\/\\\/veevcom.com\\\/es\\\/#website\"},\"primaryImageOfPage\":{\"@id\":\"https:\\\/\\\/veevcom.com\\\/es\\\/auster-loo-collective-presente-auster-loo-collective\\\/#primaryimage\"},\"image\":{\"@id\":\"https:\\\/\\\/veevcom.com\\\/es\\\/auster-loo-collective-presente-auster-loo-collective\\\/#primaryimage\"},\"thumbnailUrl\":\"https:\\\/\\\/veevcom.com\\\/wp-content\\\/uploads\\\/2024\\\/03\\\/AusterLoo_Cover_3000x3000px\u00a9Jan-Sebastiaan-Degeyter-scaled.jpg\",\"datePublished\":\"2024-03-27T10:26:11+00:00\",\"dateModified\":\"2024-03-27T10:27:11+00:00\",\"author\":{\"@id\":\"https:\\\/\\\/veevcom.com\\\/#\\\/schema\\\/person\\\/754f1f5a030d278766b52cf0e0c62e8b\"},\"breadcrumb\":{\"@id\":\"https:\\\/\\\/veevcom.com\\\/es\\\/auster-loo-collective-presente-auster-loo-collective\\\/#breadcrumb\"},\"inLanguage\":\"es\",\"potentialAction\":[{\"@type\":\"ReadAction\",\"target\":[[\"https:\\\/\\\/veevcom.com\\\/es\\\/auster-loo-collective-presente-auster-loo-collective\\\/\"]]}]},{\"@type\":\"ImageObject\",\"inLanguage\":\"es\",\"@id\":\"https:\\\/\\\/veevcom.com\\\/es\\\/auster-loo-collective-presente-auster-loo-collective\\\/#primaryimage\",\"url\":\"https:\\\/\\\/veevcom.com\\\/wp-content\\\/uploads\\\/2024\\\/03\\\/AusterLoo_Cover_3000x3000px\u00a9Jan-Sebastiaan-Degeyter-scaled.jpg\",\"contentUrl\":\"https:\\\/\\\/veevcom.com\\\/wp-content\\\/uploads\\\/2024\\\/03\\\/AusterLoo_Cover_3000x3000px\u00a9Jan-Sebastiaan-Degeyter-scaled.jpg\",\"width\":2560,\"height\":2560},{\"@type\":\"BreadcrumbList\",\"@id\":\"https:\\\/\\\/veevcom.com\\\/es\\\/auster-loo-collective-presente-auster-loo-collective\\\/#breadcrumb\",\"itemListElement\":[{\"@type\":\"ListItem\",\"position\":1,\"name\":\"Accueil\",\"item\":\"https:\\\/\\\/veevcom.com\\\/es\\\/\"},{\"@type\":\"ListItem\",\"position\":2,\"name\":\"Auster Loo Collective presenta \u00ab Auster Loo Collective \u00bb\"}]},{\"@type\":\"WebSite\",\"@id\":\"https:\\\/\\\/veevcom.com\\\/es\\\/#website\",\"url\":\"https:\\\/\\\/veevcom.com\\\/es\\\/\",\"name\":\"VeevCom\",\"description\":\"Public Relations and Communication in the Music Industry\",\"potentialAction\":[{\"@type\":\"SearchAction\",\"target\":{\"@type\":\"EntryPoint\",\"urlTemplate\":\"https:\\\/\\\/veevcom.com\\\/es\\\/?s={search_term_string}\"},\"query-input\":{\"@type\":\"PropertyValueSpecification\",\"valueRequired\":true,\"valueName\":\"search_term_string\"}}],\"inLanguage\":\"es\"},{\"@type\":\"Person\",\"@id\":\"https:\\\/\\\/veevcom.com\\\/#\\\/schema\\\/person\\\/754f1f5a030d278766b52cf0e0c62e8b\",\"name\":\"severine\",\"image\":{\"@type\":\"ImageObject\",\"inLanguage\":\"es\",\"@id\":\"https:\\\/\\\/secure.gravatar.com\\\/avatar\\\/ba307ed472519f403589981b25bf62b4089c1f82b837eaae855dd05633adf22c?s=96&d=mm&r=g\",\"url\":\"https:\\\/\\\/secure.gravatar.com\\\/avatar\\\/ba307ed472519f403589981b25bf62b4089c1f82b837eaae855dd05633adf22c?s=96&d=mm&r=g\",\"contentUrl\":\"https:\\\/\\\/secure.gravatar.com\\\/avatar\\\/ba307ed472519f403589981b25bf62b4089c1f82b837eaae855dd05633adf22c?s=96&d=mm&r=g\",\"caption\":\"severine\"}}]}<\/script>\n<!-- \/ Yoast SEO plugin. -->","yoast_head_json":{"title":"Auster Loo Collective presenta \u00ab Auster Loo Collective \u00bb - VeevCom","robots":{"index":"index","follow":"follow","max-snippet":"max-snippet:-1","max-image-preview":"max-image-preview:large","max-video-preview":"max-video-preview:-1"},"canonical":"https:\/\/veevcom.com\/es\/auster-loo-collective-presente-auster-loo-collective\/","og_locale":"es_ES","og_type":"article","og_title":"Auster Loo Collective presenta \u00ab Auster Loo Collective \u00bb - VeevCom","og_description":"Disculpa, pero esta entrada est\u00e1 disponible s\u00f3lo en FR y EN.Auster Loo Collective r\u00e9v\u00e8leront leur nouvel album (sous la direction de Simon Leleux) \u00e0 l&#8217;occasion de sa sortie le 26 avril 2024 chez Igloo Records \/ Socadisc. Cet opus sera pr\u00e9sent\u00e9 le mercredi 22 mai 2024 sur la sc\u00e8ne du Studio de L&#8217;Ermitage lors d&#8217;un [&hellip;]","og_url":"https:\/\/veevcom.com\/es\/auster-loo-collective-presente-auster-loo-collective\/","og_site_name":"VeevCom","article_published_time":"2024-03-27T10:26:11+00:00","article_modified_time":"2024-03-27T10:27:11+00:00","og_image":[{"width":2560,"height":2560,"url":"https:\/\/veevcom.com\/wp-content\/uploads\/2024\/03\/AusterLoo_Cover_3000x3000px\u00a9Jan-Sebastiaan-Degeyter-scaled.jpg","type":"image\/jpeg"}],"author":"severine","twitter_card":"summary_large_image","twitter_misc":{"Escrito por":"severine","Tiempo de lectura":"4 minutos"},"schema":{"@context":"https:\/\/schema.org","@graph":[{"@type":"Article","@id":"https:\/\/veevcom.com\/es\/auster-loo-collective-presente-auster-loo-collective\/#article","isPartOf":{"@id":"https:\/\/veevcom.com\/es\/auster-loo-collective-presente-auster-loo-collective\/"},"author":{"name":"severine","@id":"https:\/\/veevcom.com\/#\/schema\/person\/754f1f5a030d278766b52cf0e0c62e8b"},"headline":"Auster Loo Collective presenta \u00ab Auster Loo Collective \u00bb","datePublished":"2024-03-27T10:26:11+00:00","dateModified":"2024-03-27T10:27:11+00:00","mainEntityOfPage":{"@id":"https:\/\/veevcom.com\/es\/auster-loo-collective-presente-auster-loo-collective\/"},"wordCount":848,"image":{"@id":"https:\/\/veevcom.com\/es\/auster-loo-collective-presente-auster-loo-collective\/#primaryimage"},"thumbnailUrl":"https:\/\/veevcom.com\/wp-content\/uploads\/2024\/03\/AusterLoo_Cover_3000x3000px\u00a9Jan-Sebastiaan-Degeyter-scaled.jpg","articleSection":["Actualidad"],"inLanguage":"es"},{"@type":"WebPage","@id":"https:\/\/veevcom.com\/es\/auster-loo-collective-presente-auster-loo-collective\/","url":"https:\/\/veevcom.com\/es\/auster-loo-collective-presente-auster-loo-collective\/","name":"Auster Loo Collective presenta \u00ab Auster Loo Collective \u00bb - VeevCom","isPartOf":{"@id":"https:\/\/veevcom.com\/es\/#website"},"primaryImageOfPage":{"@id":"https:\/\/veevcom.com\/es\/auster-loo-collective-presente-auster-loo-collective\/#primaryimage"},"image":{"@id":"https:\/\/veevcom.com\/es\/auster-loo-collective-presente-auster-loo-collective\/#primaryimage"},"thumbnailUrl":"https:\/\/veevcom.com\/wp-content\/uploads\/2024\/03\/AusterLoo_Cover_3000x3000px\u00a9Jan-Sebastiaan-Degeyter-scaled.jpg","datePublished":"2024-03-27T10:26:11+00:00","dateModified":"2024-03-27T10:27:11+00:00","author":{"@id":"https:\/\/veevcom.com\/#\/schema\/person\/754f1f5a030d278766b52cf0e0c62e8b"},"breadcrumb":{"@id":"https:\/\/veevcom.com\/es\/auster-loo-collective-presente-auster-loo-collective\/#breadcrumb"},"inLanguage":"es","potentialAction":[{"@type":"ReadAction","target":[["https:\/\/veevcom.com\/es\/auster-loo-collective-presente-auster-loo-collective\/"]]}]},{"@type":"ImageObject","inLanguage":"es","@id":"https:\/\/veevcom.com\/es\/auster-loo-collective-presente-auster-loo-collective\/#primaryimage","url":"https:\/\/veevcom.com\/wp-content\/uploads\/2024\/03\/AusterLoo_Cover_3000x3000px\u00a9Jan-Sebastiaan-Degeyter-scaled.jpg","contentUrl":"https:\/\/veevcom.com\/wp-content\/uploads\/2024\/03\/AusterLoo_Cover_3000x3000px\u00a9Jan-Sebastiaan-Degeyter-scaled.jpg","width":2560,"height":2560},{"@type":"BreadcrumbList","@id":"https:\/\/veevcom.com\/es\/auster-loo-collective-presente-auster-loo-collective\/#breadcrumb","itemListElement":[{"@type":"ListItem","position":1,"name":"Accueil","item":"https:\/\/veevcom.com\/es\/"},{"@type":"ListItem","position":2,"name":"Auster Loo Collective presenta \u00ab Auster Loo Collective \u00bb"}]},{"@type":"WebSite","@id":"https:\/\/veevcom.com\/es\/#website","url":"https:\/\/veevcom.com\/es\/","name":"VeevCom","description":"Public Relations and Communication in the Music Industry","potentialAction":[{"@type":"SearchAction","target":{"@type":"EntryPoint","urlTemplate":"https:\/\/veevcom.com\/es\/?s={search_term_string}"},"query-input":{"@type":"PropertyValueSpecification","valueRequired":true,"valueName":"search_term_string"}}],"inLanguage":"es"},{"@type":"Person","@id":"https:\/\/veevcom.com\/#\/schema\/person\/754f1f5a030d278766b52cf0e0c62e8b","name":"severine","image":{"@type":"ImageObject","inLanguage":"es","@id":"https:\/\/secure.gravatar.com\/avatar\/ba307ed472519f403589981b25bf62b4089c1f82b837eaae855dd05633adf22c?s=96&d=mm&r=g","url":"https:\/\/secure.gravatar.com\/avatar\/ba307ed472519f403589981b25bf62b4089c1f82b837eaae855dd05633adf22c?s=96&d=mm&r=g","contentUrl":"https:\/\/secure.gravatar.com\/avatar\/ba307ed472519f403589981b25bf62b4089c1f82b837eaae855dd05633adf22c?s=96&d=mm&r=g","caption":"severine"}}]}},"_links":{"self":[{"href":"https:\/\/veevcom.com\/es\/wp-json\/wp\/v2\/posts\/47328","targetHints":{"allow":["GET"]}}],"collection":[{"href":"https:\/\/veevcom.com\/es\/wp-json\/wp\/v2\/posts"}],"about":[{"href":"https:\/\/veevcom.com\/es\/wp-json\/wp\/v2\/types\/post"}],"author":[{"embeddable":true,"href":"https:\/\/veevcom.com\/es\/wp-json\/wp\/v2\/users\/3"}],"replies":[{"embeddable":true,"href":"https:\/\/veevcom.com\/es\/wp-json\/wp\/v2\/comments?post=47328"}],"version-history":[{"count":2,"href":"https:\/\/veevcom.com\/es\/wp-json\/wp\/v2\/posts\/47328\/revisions"}],"predecessor-version":[{"id":47331,"href":"https:\/\/veevcom.com\/es\/wp-json\/wp\/v2\/posts\/47328\/revisions\/47331"}],"wp:featuredmedia":[{"embeddable":true,"href":"https:\/\/veevcom.com\/es\/wp-json\/wp\/v2\/media\/47329"}],"wp:attachment":[{"href":"https:\/\/veevcom.com\/es\/wp-json\/wp\/v2\/media?parent=47328"}],"wp:term":[{"taxonomy":"category","embeddable":true,"href":"https:\/\/veevcom.com\/es\/wp-json\/wp\/v2\/categories?post=47328"},{"taxonomy":"post_tag","embeddable":true,"href":"https:\/\/veevcom.com\/es\/wp-json\/wp\/v2\/tags?post=47328"}],"curies":[{"name":"wp","href":"https:\/\/api.w.org\/{rel}","templated":true}]}}