{"id":47318,"date":"2024-03-22T12:24:56","date_gmt":"2024-03-22T11:24:56","guid":{"rendered":"http:\/\/veevcom.com\/?p=47318"},"modified":"2024-03-22T12:27:45","modified_gmt":"2024-03-22T11:27:45","slug":"tarek-abdallah-presente-ousoul","status":"publish","type":"post","link":"https:\/\/veevcom.com\/es\/tarek-abdallah-presente-ousoul\/","title":{"rendered":"Tarek Abdallah presenta \u00abOusoul\u00bb"},"content":{"rendered":"<p class=\"qtranxs-available-languages-message qtranxs-available-languages-message-es\">Disculpa, pero esta entrada est\u00e1 disponible s\u00f3lo en <a href=\"https:\/\/veevcom.com\/fr\/wp-json\/wp\/v2\/posts\/47318\" class=\"qtranxs-available-language-link qtranxs-available-language-link-fr\" title=\"FR\">FR<\/a> y <a href=\"https:\/\/veevcom.com\/en\/wp-json\/wp\/v2\/posts\/47318\" class=\"qtranxs-available-language-link qtranxs-available-language-link-en\" title=\"EN\">EN<\/a>.<\/p><p><strong>Tarek Abdallah<\/strong> r\u00e9v\u00e8lera <strong>\u00abOusoul<\/strong>\u00bb son nouvel album \u00e0 l&#8217;occasion de sa sortie le <strong>15 mars 2024<\/strong> chez <strong>Buda Musique et Socadisc. <\/strong>Cet opus sera pr\u00e9sent\u00e9 le<strong> jeudi 18 avril 2024 <\/strong>sur la sc\u00e8ne du<strong> Studio de L&#8217;Ermitage <\/strong>lors d&#8217;un<strong> concert de lancement exceptionnel <\/strong>avec deux <strong>invit\u00e9s : Youssef Hbeisch <\/strong>(Riqq) et<strong> Christian Fromentin <\/strong>(Violon).<\/p>\n<p>Dix ans apr\u00e8s le d\u00e9but de leur coop\u00e9ration pour leur premier album, Wasla (2015), <strong>Tarek Abdallah<\/strong> et <strong>Adel Shams El Din<\/strong> ont travaill\u00e9 en compl\u00e8te harmonie pour b\u00e2tir ce nouvel opus. Leurs compositions se succ\u00e8dent sur le mod\u00e8le de la suite musicale<br \/>\nproche-orientale, wasla, qui encha\u00eene sur un m\u00eame mode, <strong>maq\u00e2m<\/strong>, plusieurs formes chant\u00e9es et instrumentales de cycles diff\u00e9rents. Tout en gardant l\u2019improvisation modale comme \u00e9l\u00e9ment central (taqs\u00eem mursal, non mesur\u00e9, et taqs\u00eem muwaqqa\u2019, mesur\u00e9), ils ont utilis\u00e9 des cycles rythmiques traditionnels, dont certains \u00e9taient abandonn\u00e9s, mais ils en ont aussi invent\u00e9 de nouveaux.<\/p>\n<p>Cet album se compose de cinq suites instrumentales bas\u00e9es sur cinq modes\/maq\u00e2m diff\u00e9rents : Nah\u00e2wand, Hig\u00e2zk\u00e2r, R\u00e2st, Bayy\u00e2t\u00ee et S\u00eek\u00e2h. Cette derni\u00e8re, la plus courte, ne contient qu\u2019une seule \u0153uvre vocale.<\/p>\n<p>En arabe, le mot <strong>us\u00fbl<\/strong>, pluriel de asl, signifie : <strong>\u00ab origine, racine, fondement, principe ou encore matrice \u00bb<\/strong>.<\/p>","protected":false},"excerpt":{"rendered":"<p>Disculpa, pero esta entrada est\u00e1 disponible s\u00f3lo en FR y EN.Tarek Abdallah r\u00e9v\u00e8lera \u00abOusoul\u00bb son nouvel album \u00e0 l&#8217;occasion de sa sortie le 15 mars 2024 chez Buda Musique et Socadisc. Cet opus sera pr\u00e9sent\u00e9 le jeudi 18 avril 2024 sur la sc\u00e8ne du Studio de L&#8217;Ermitage lors d&#8217;un concert de lancement exceptionnel avec deux [&hellip;]<\/p>\n","protected":false},"author":3,"featured_media":47320,"comment_status":"closed","ping_status":"closed","sticky":false,"template":"","format":"standard","meta":{"_acf_changed":false,"footnotes":""},"categories":[1],"tags":[],"class_list":["post-47318","post","type-post","status-publish","format-standard","has-post-thumbnail","hentry","category-non-classe"],"acf":[],"yoast_head":"<!-- This site is optimized with the Yoast SEO plugin v27.4 - https:\/\/yoast.com\/product\/yoast-seo-wordpress\/ -->\n<title>Tarek Abdallah presenta &quot;Ousoul&quot; - VeevCom<\/title>\n<meta name=\"robots\" content=\"index, follow, max-snippet:-1, max-image-preview:large, max-video-preview:-1\" \/>\n<link rel=\"canonical\" href=\"https:\/\/veevcom.com\/es\/tarek-abdallah-presente-ousoul\/\" \/>\n<meta property=\"og:locale\" content=\"es_ES\" \/>\n<meta property=\"og:type\" content=\"article\" \/>\n<meta property=\"og:title\" content=\"Tarek Abdallah presenta &quot;Ousoul&quot; - VeevCom\" \/>\n<meta property=\"og:description\" content=\"Disculpa, pero esta entrada est\u00e1 disponible s\u00f3lo en FR y EN.Tarek Abdallah r\u00e9v\u00e8lera \u00abOusoul\u00bb son nouvel album \u00e0 l&#8217;occasion de sa sortie le 15 mars 2024 chez Buda Musique et Socadisc. Cet opus sera pr\u00e9sent\u00e9 le jeudi 18 avril 2024 sur la sc\u00e8ne du Studio de L&#8217;Ermitage lors d&#8217;un concert de lancement exceptionnel avec deux [&hellip;]\" \/>\n<meta property=\"og:url\" content=\"https:\/\/veevcom.com\/es\/tarek-abdallah-presente-ousoul\/\" \/>\n<meta property=\"og:site_name\" content=\"VeevCom\" \/>\n<meta property=\"article:published_time\" content=\"2024-03-22T11:24:56+00:00\" \/>\n<meta property=\"article:modified_time\" content=\"2024-03-22T11:27:45+00:00\" \/>\n<meta property=\"og:image\" content=\"https:\/\/veevcom.com\/wp-content\/uploads\/2024\/03\/BUDA860381\u00a9Cyrille-Buffet.jpg\" \/>\n\t<meta property=\"og:image:width\" content=\"1440\" \/>\n\t<meta property=\"og:image:height\" content=\"1440\" \/>\n\t<meta property=\"og:image:type\" content=\"image\/jpeg\" \/>\n<meta name=\"author\" content=\"severine\" \/>\n<meta name=\"twitter:card\" content=\"summary_large_image\" \/>\n<meta name=\"twitter:label1\" content=\"Escrito por\" \/>\n\t<meta name=\"twitter:data1\" content=\"severine\" \/>\n\t<meta name=\"twitter:label2\" content=\"Tiempo de lectura\" \/>\n\t<meta name=\"twitter:data2\" content=\"2 minutos\" \/>\n<script type=\"application\/ld+json\" class=\"yoast-schema-graph\">{\"@context\":\"https:\\\/\\\/schema.org\",\"@graph\":[{\"@type\":\"Article\",\"@id\":\"https:\\\/\\\/veevcom.com\\\/es\\\/tarek-abdallah-presente-ousoul\\\/#article\",\"isPartOf\":{\"@id\":\"https:\\\/\\\/veevcom.com\\\/es\\\/tarek-abdallah-presente-ousoul\\\/\"},\"author\":{\"name\":\"severine\",\"@id\":\"https:\\\/\\\/veevcom.com\\\/#\\\/schema\\\/person\\\/754f1f5a030d278766b52cf0e0c62e8b\"},\"headline\":\"Tarek Abdallah presenta \u00abOusoul\u00bb\",\"datePublished\":\"2024-03-22T11:24:56+00:00\",\"dateModified\":\"2024-03-22T11:27:45+00:00\",\"mainEntityOfPage\":{\"@id\":\"https:\\\/\\\/veevcom.com\\\/es\\\/tarek-abdallah-presente-ousoul\\\/\"},\"wordCount\":428,\"image\":{\"@id\":\"https:\\\/\\\/veevcom.com\\\/es\\\/tarek-abdallah-presente-ousoul\\\/#primaryimage\"},\"thumbnailUrl\":\"https:\\\/\\\/veevcom.com\\\/wp-content\\\/uploads\\\/2024\\\/03\\\/BUDA860381\u00a9Cyrille-Buffet.jpg\",\"articleSection\":[\"Actualidad\"],\"inLanguage\":\"es\"},{\"@type\":\"WebPage\",\"@id\":\"https:\\\/\\\/veevcom.com\\\/es\\\/tarek-abdallah-presente-ousoul\\\/\",\"url\":\"https:\\\/\\\/veevcom.com\\\/es\\\/tarek-abdallah-presente-ousoul\\\/\",\"name\":\"Tarek Abdallah presenta \\\"Ousoul\\\" - VeevCom\",\"isPartOf\":{\"@id\":\"https:\\\/\\\/veevcom.com\\\/es\\\/#website\"},\"primaryImageOfPage\":{\"@id\":\"https:\\\/\\\/veevcom.com\\\/es\\\/tarek-abdallah-presente-ousoul\\\/#primaryimage\"},\"image\":{\"@id\":\"https:\\\/\\\/veevcom.com\\\/es\\\/tarek-abdallah-presente-ousoul\\\/#primaryimage\"},\"thumbnailUrl\":\"https:\\\/\\\/veevcom.com\\\/wp-content\\\/uploads\\\/2024\\\/03\\\/BUDA860381\u00a9Cyrille-Buffet.jpg\",\"datePublished\":\"2024-03-22T11:24:56+00:00\",\"dateModified\":\"2024-03-22T11:27:45+00:00\",\"author\":{\"@id\":\"https:\\\/\\\/veevcom.com\\\/#\\\/schema\\\/person\\\/754f1f5a030d278766b52cf0e0c62e8b\"},\"breadcrumb\":{\"@id\":\"https:\\\/\\\/veevcom.com\\\/es\\\/tarek-abdallah-presente-ousoul\\\/#breadcrumb\"},\"inLanguage\":\"es\",\"potentialAction\":[{\"@type\":\"ReadAction\",\"target\":[[\"https:\\\/\\\/veevcom.com\\\/es\\\/tarek-abdallah-presente-ousoul\\\/\"]]}]},{\"@type\":\"ImageObject\",\"inLanguage\":\"es\",\"@id\":\"https:\\\/\\\/veevcom.com\\\/es\\\/tarek-abdallah-presente-ousoul\\\/#primaryimage\",\"url\":\"https:\\\/\\\/veevcom.com\\\/wp-content\\\/uploads\\\/2024\\\/03\\\/BUDA860381\u00a9Cyrille-Buffet.jpg\",\"contentUrl\":\"https:\\\/\\\/veevcom.com\\\/wp-content\\\/uploads\\\/2024\\\/03\\\/BUDA860381\u00a9Cyrille-Buffet.jpg\",\"width\":1440,\"height\":1440},{\"@type\":\"BreadcrumbList\",\"@id\":\"https:\\\/\\\/veevcom.com\\\/es\\\/tarek-abdallah-presente-ousoul\\\/#breadcrumb\",\"itemListElement\":[{\"@type\":\"ListItem\",\"position\":1,\"name\":\"Accueil\",\"item\":\"https:\\\/\\\/veevcom.com\\\/es\\\/\"},{\"@type\":\"ListItem\",\"position\":2,\"name\":\"Tarek Abdallah presenta \u00abOusoul\u00bb\"}]},{\"@type\":\"WebSite\",\"@id\":\"https:\\\/\\\/veevcom.com\\\/es\\\/#website\",\"url\":\"https:\\\/\\\/veevcom.com\\\/es\\\/\",\"name\":\"VeevCom\",\"description\":\"Public Relations and Communication in the Music Industry\",\"potentialAction\":[{\"@type\":\"SearchAction\",\"target\":{\"@type\":\"EntryPoint\",\"urlTemplate\":\"https:\\\/\\\/veevcom.com\\\/es\\\/?s={search_term_string}\"},\"query-input\":{\"@type\":\"PropertyValueSpecification\",\"valueRequired\":true,\"valueName\":\"search_term_string\"}}],\"inLanguage\":\"es\"},{\"@type\":\"Person\",\"@id\":\"https:\\\/\\\/veevcom.com\\\/#\\\/schema\\\/person\\\/754f1f5a030d278766b52cf0e0c62e8b\",\"name\":\"severine\",\"image\":{\"@type\":\"ImageObject\",\"inLanguage\":\"es\",\"@id\":\"https:\\\/\\\/secure.gravatar.com\\\/avatar\\\/ba307ed472519f403589981b25bf62b4089c1f82b837eaae855dd05633adf22c?s=96&d=mm&r=g\",\"url\":\"https:\\\/\\\/secure.gravatar.com\\\/avatar\\\/ba307ed472519f403589981b25bf62b4089c1f82b837eaae855dd05633adf22c?s=96&d=mm&r=g\",\"contentUrl\":\"https:\\\/\\\/secure.gravatar.com\\\/avatar\\\/ba307ed472519f403589981b25bf62b4089c1f82b837eaae855dd05633adf22c?s=96&d=mm&r=g\",\"caption\":\"severine\"}}]}<\/script>\n<!-- \/ Yoast SEO plugin. -->","yoast_head_json":{"title":"Tarek Abdallah presenta \"Ousoul\" - VeevCom","robots":{"index":"index","follow":"follow","max-snippet":"max-snippet:-1","max-image-preview":"max-image-preview:large","max-video-preview":"max-video-preview:-1"},"canonical":"https:\/\/veevcom.com\/es\/tarek-abdallah-presente-ousoul\/","og_locale":"es_ES","og_type":"article","og_title":"Tarek Abdallah presenta \"Ousoul\" - VeevCom","og_description":"Disculpa, pero esta entrada est\u00e1 disponible s\u00f3lo en FR y EN.Tarek Abdallah r\u00e9v\u00e8lera \u00abOusoul\u00bb son nouvel album \u00e0 l&#8217;occasion de sa sortie le 15 mars 2024 chez Buda Musique et Socadisc. Cet opus sera pr\u00e9sent\u00e9 le jeudi 18 avril 2024 sur la sc\u00e8ne du Studio de L&#8217;Ermitage lors d&#8217;un concert de lancement exceptionnel avec deux [&hellip;]","og_url":"https:\/\/veevcom.com\/es\/tarek-abdallah-presente-ousoul\/","og_site_name":"VeevCom","article_published_time":"2024-03-22T11:24:56+00:00","article_modified_time":"2024-03-22T11:27:45+00:00","og_image":[{"width":1440,"height":1440,"url":"https:\/\/veevcom.com\/wp-content\/uploads\/2024\/03\/BUDA860381\u00a9Cyrille-Buffet.jpg","type":"image\/jpeg"}],"author":"severine","twitter_card":"summary_large_image","twitter_misc":{"Escrito por":"severine","Tiempo de lectura":"2 minutos"},"schema":{"@context":"https:\/\/schema.org","@graph":[{"@type":"Article","@id":"https:\/\/veevcom.com\/es\/tarek-abdallah-presente-ousoul\/#article","isPartOf":{"@id":"https:\/\/veevcom.com\/es\/tarek-abdallah-presente-ousoul\/"},"author":{"name":"severine","@id":"https:\/\/veevcom.com\/#\/schema\/person\/754f1f5a030d278766b52cf0e0c62e8b"},"headline":"Tarek Abdallah presenta \u00abOusoul\u00bb","datePublished":"2024-03-22T11:24:56+00:00","dateModified":"2024-03-22T11:27:45+00:00","mainEntityOfPage":{"@id":"https:\/\/veevcom.com\/es\/tarek-abdallah-presente-ousoul\/"},"wordCount":428,"image":{"@id":"https:\/\/veevcom.com\/es\/tarek-abdallah-presente-ousoul\/#primaryimage"},"thumbnailUrl":"https:\/\/veevcom.com\/wp-content\/uploads\/2024\/03\/BUDA860381\u00a9Cyrille-Buffet.jpg","articleSection":["Actualidad"],"inLanguage":"es"},{"@type":"WebPage","@id":"https:\/\/veevcom.com\/es\/tarek-abdallah-presente-ousoul\/","url":"https:\/\/veevcom.com\/es\/tarek-abdallah-presente-ousoul\/","name":"Tarek Abdallah presenta \"Ousoul\" - VeevCom","isPartOf":{"@id":"https:\/\/veevcom.com\/es\/#website"},"primaryImageOfPage":{"@id":"https:\/\/veevcom.com\/es\/tarek-abdallah-presente-ousoul\/#primaryimage"},"image":{"@id":"https:\/\/veevcom.com\/es\/tarek-abdallah-presente-ousoul\/#primaryimage"},"thumbnailUrl":"https:\/\/veevcom.com\/wp-content\/uploads\/2024\/03\/BUDA860381\u00a9Cyrille-Buffet.jpg","datePublished":"2024-03-22T11:24:56+00:00","dateModified":"2024-03-22T11:27:45+00:00","author":{"@id":"https:\/\/veevcom.com\/#\/schema\/person\/754f1f5a030d278766b52cf0e0c62e8b"},"breadcrumb":{"@id":"https:\/\/veevcom.com\/es\/tarek-abdallah-presente-ousoul\/#breadcrumb"},"inLanguage":"es","potentialAction":[{"@type":"ReadAction","target":[["https:\/\/veevcom.com\/es\/tarek-abdallah-presente-ousoul\/"]]}]},{"@type":"ImageObject","inLanguage":"es","@id":"https:\/\/veevcom.com\/es\/tarek-abdallah-presente-ousoul\/#primaryimage","url":"https:\/\/veevcom.com\/wp-content\/uploads\/2024\/03\/BUDA860381\u00a9Cyrille-Buffet.jpg","contentUrl":"https:\/\/veevcom.com\/wp-content\/uploads\/2024\/03\/BUDA860381\u00a9Cyrille-Buffet.jpg","width":1440,"height":1440},{"@type":"BreadcrumbList","@id":"https:\/\/veevcom.com\/es\/tarek-abdallah-presente-ousoul\/#breadcrumb","itemListElement":[{"@type":"ListItem","position":1,"name":"Accueil","item":"https:\/\/veevcom.com\/es\/"},{"@type":"ListItem","position":2,"name":"Tarek Abdallah presenta \u00abOusoul\u00bb"}]},{"@type":"WebSite","@id":"https:\/\/veevcom.com\/es\/#website","url":"https:\/\/veevcom.com\/es\/","name":"VeevCom","description":"Public Relations and Communication in the Music Industry","potentialAction":[{"@type":"SearchAction","target":{"@type":"EntryPoint","urlTemplate":"https:\/\/veevcom.com\/es\/?s={search_term_string}"},"query-input":{"@type":"PropertyValueSpecification","valueRequired":true,"valueName":"search_term_string"}}],"inLanguage":"es"},{"@type":"Person","@id":"https:\/\/veevcom.com\/#\/schema\/person\/754f1f5a030d278766b52cf0e0c62e8b","name":"severine","image":{"@type":"ImageObject","inLanguage":"es","@id":"https:\/\/secure.gravatar.com\/avatar\/ba307ed472519f403589981b25bf62b4089c1f82b837eaae855dd05633adf22c?s=96&d=mm&r=g","url":"https:\/\/secure.gravatar.com\/avatar\/ba307ed472519f403589981b25bf62b4089c1f82b837eaae855dd05633adf22c?s=96&d=mm&r=g","contentUrl":"https:\/\/secure.gravatar.com\/avatar\/ba307ed472519f403589981b25bf62b4089c1f82b837eaae855dd05633adf22c?s=96&d=mm&r=g","caption":"severine"}}]}},"_links":{"self":[{"href":"https:\/\/veevcom.com\/es\/wp-json\/wp\/v2\/posts\/47318","targetHints":{"allow":["GET"]}}],"collection":[{"href":"https:\/\/veevcom.com\/es\/wp-json\/wp\/v2\/posts"}],"about":[{"href":"https:\/\/veevcom.com\/es\/wp-json\/wp\/v2\/types\/post"}],"author":[{"embeddable":true,"href":"https:\/\/veevcom.com\/es\/wp-json\/wp\/v2\/users\/3"}],"replies":[{"embeddable":true,"href":"https:\/\/veevcom.com\/es\/wp-json\/wp\/v2\/comments?post=47318"}],"version-history":[{"count":2,"href":"https:\/\/veevcom.com\/es\/wp-json\/wp\/v2\/posts\/47318\/revisions"}],"predecessor-version":[{"id":47322,"href":"https:\/\/veevcom.com\/es\/wp-json\/wp\/v2\/posts\/47318\/revisions\/47322"}],"wp:featuredmedia":[{"embeddable":true,"href":"https:\/\/veevcom.com\/es\/wp-json\/wp\/v2\/media\/47320"}],"wp:attachment":[{"href":"https:\/\/veevcom.com\/es\/wp-json\/wp\/v2\/media?parent=47318"}],"wp:term":[{"taxonomy":"category","embeddable":true,"href":"https:\/\/veevcom.com\/es\/wp-json\/wp\/v2\/categories?post=47318"},{"taxonomy":"post_tag","embeddable":true,"href":"https:\/\/veevcom.com\/es\/wp-json\/wp\/v2\/tags?post=47318"}],"curies":[{"name":"wp","href":"https:\/\/api.w.org\/{rel}","templated":true}]}}