{"id":47307,"date":"2024-03-11T17:40:37","date_gmt":"2024-03-11T16:40:37","guid":{"rendered":"http:\/\/veevcom.com\/?p=47307"},"modified":"2024-03-11T17:51:56","modified_gmt":"2024-03-11T16:51:56","slug":"erwan-menguy-quartet-presente-spi","status":"publish","type":"post","link":"https:\/\/veevcom.com\/es\/erwan-menguy-quartet-presente-spi\/","title":{"rendered":"Erwan Menguy Quartet pr\u00e9sente \u00abSPI\u00bb"},"content":{"rendered":"<p class=\"qtranxs-available-languages-message qtranxs-available-languages-message-es\">Disculpa, pero esta entrada est\u00e1 disponible s\u00f3lo en <a href=\"https:\/\/veevcom.com\/fr\/wp-json\/wp\/v2\/posts\/47307\" class=\"qtranxs-available-language-link qtranxs-available-language-link-fr\" title=\"FR\">FR<\/a> y <a href=\"https:\/\/veevcom.com\/en\/wp-json\/wp\/v2\/posts\/47307\" class=\"qtranxs-available-language-link qtranxs-available-language-link-en\" title=\"EN\">EN<\/a>.<\/p><p><strong>Erwan Menguy Quartet<\/strong> r\u00e9v\u00e8lera <strong>\u00ab SPI \u00bb<\/strong>, son nouvel album \u00e0 l&#8217;occasion de sa sortie le <strong>29 mars 2024<\/strong> chez <strong>Klam Records<\/strong> \/ <strong>L&#8217;Autre Distribution<\/strong>.<\/p>\n<p>Le single <strong>\u00ab A 10 \u00bb<\/strong> sera disponible le <strong>8 mars 2024<\/strong> sur toutes les plateformes.<\/p>\n<p><strong>Erwan Menguy<\/strong>, fl\u00fbtiste reconnu \u00e0 l&#8217;international, lance sa premi\u00e8re cr\u00e9ation \u00e9ponyme. En leader du quartet, il choisit de s&#8217;entourer d&#8217;instruments \u00e0 cordes pour un travail tr\u00e8s acoustique, \u00e0 l&#8217;image des formations de bluegrass ou des ensembles de musique de chambre, sur un r\u00e9pertoire issu de ses compositions.<\/p>\n<p>Pour cette nouvelle cr\u00e9ation sc\u00e9nique et phonographique, il s&#8217;associe \u00e0 trois talentueux musiciens avec lesquels il travaille depuis de nombreuses ann\u00e9es &#8211; <strong>Erwan B\u00e9renguer<\/strong> \u00e0 la guitare, <strong>Kevin Le Pennec<\/strong> au cistre et <strong>Hugues Lassere<\/strong> \u00e0 la contrebasse &#8211; avec l&#8217;envie de les r\u00e9unir au sein d&#8217;une formule plus \u00e9toff\u00e9e, offrant de nouvelles possibilit\u00e9s d&#8217;accompagnement, et permettant d&#8217;aborder diff\u00e9remment le travail d&#8217;\u00e9criture et d&#8217;arrangement.<\/p>\n<p>&nbsp;<\/p>\n<p>\u00ab Le propos artistique se veut tr\u00e8s acoustique, se rapprochant d&#8217;une musique folk am\u00e9ricaine, o\u00f9 la fl\u00fbte en bois se positionne en leader, telle une voix, entour\u00e9e d\u2019un trio de cordes harmoniques et rythmiques. Le choix des instruments est d\u00e9lib\u00e9r\u00e9, favorisant la d\u00e9marche acoustique, et s&#8217;inspirant &#8211; d&#8217;une certaine fa\u00e7on &#8211; de l&#8217;\u00e9quilibre naturel des timbres au sein des quatuors \u00e0 cordes<br \/>\nou ensembles de musique de chambre. Cette volont\u00e9 artistique fait suite \u00e0 un travail passionnant sur la notion de \u00bbprojection sonore\u00bb, sur la facult\u00e9 \u00e0 \u00bbplacer\u00bb les sons au sein d&#8217;un ensemble, et l&#8217;adaptation requise en fonction de l&#8217;\u00e9criture d&#8217;une pi\u00e8ce. Une partie du r\u00e9pertoire s&#8217;affranchit des carrures musicales habituelles occidentales, par le jeu de superpositions au sein de rythmes<br \/>\nasym\u00e9triques, mais aussi par le rapport qu&#8217;entretient le th\u00e8me \u00bblead\u00bb \u00e0 cet accompagnement. Ici, chaque musicien s&#8217;inscrit dans une relation tr\u00e8s \u00bborganique\u00bb et \u00e9nergique \u00e0 la musique et \u00e0 son instrument, incontestablement li\u00e9e \u00e0 l&#8217;importance majeure de la danse dans leurs parcours respectifs. Dans cette id\u00e9e, l&#8217;objectif est de permettre au spectateur d\u2019entendre les moindres d\u00e9tails du jeux des musiciens et de la sonorit\u00e9 intrins\u00e8que des instruments, rendant audible les craquements, les frottements, et tout ce qui rend la musique plus vivante, dans un travail d\u2019arrangement imagin\u00e9 d\u00e8s la phase de composition, et o\u00f9 les parties instrumentales s\u2019\u00e9quilibrent acoustiquement et naturellement, l\u00e0 o\u00f9 les arrangements se veulent parfois tr\u00e8s rythmiques et o\u00f9 chaque instrument ex\u00e9cute une s\u00e9quence minimaliste et obstin\u00e9e d\u2019un m\u00eame puzzle. \u00bb<\/p>\n<p><strong>Erwan Menguy<\/strong><\/p>","protected":false},"excerpt":{"rendered":"<p>Disculpa, pero esta entrada est\u00e1 disponible s\u00f3lo en FR y EN.Erwan Menguy Quartet r\u00e9v\u00e8lera \u00ab SPI \u00bb, son nouvel album \u00e0 l&#8217;occasion de sa sortie le 29 mars 2024 chez Klam Records \/ L&#8217;Autre Distribution. Le single \u00ab A 10 \u00bb sera disponible le 8 mars 2024 sur toutes les plateformes. Erwan Menguy, fl\u00fbtiste reconnu [&hellip;]<\/p>\n","protected":false},"author":3,"featured_media":47308,"comment_status":"closed","ping_status":"closed","sticky":false,"template":"","format":"standard","meta":{"_acf_changed":false,"footnotes":""},"categories":[1],"tags":[],"class_list":["post-47307","post","type-post","status-publish","format-standard","has-post-thumbnail","hentry","category-non-classe"],"acf":[],"yoast_head":"<!-- This site is optimized with the Yoast SEO plugin v27.4 - https:\/\/yoast.com\/product\/yoast-seo-wordpress\/ -->\n<title>Erwan Menguy Quartet pr\u00e9sente &quot;SPI&quot; - VeevCom<\/title>\n<meta name=\"robots\" content=\"index, follow, max-snippet:-1, max-image-preview:large, max-video-preview:-1\" \/>\n<link rel=\"canonical\" href=\"https:\/\/veevcom.com\/es\/erwan-menguy-quartet-presente-spi\/\" \/>\n<meta property=\"og:locale\" content=\"es_ES\" \/>\n<meta property=\"og:type\" content=\"article\" \/>\n<meta property=\"og:title\" content=\"Erwan Menguy Quartet pr\u00e9sente &quot;SPI&quot; - VeevCom\" \/>\n<meta property=\"og:description\" content=\"Disculpa, pero esta entrada est\u00e1 disponible s\u00f3lo en FR y EN.Erwan Menguy Quartet r\u00e9v\u00e8lera \u00ab SPI \u00bb, son nouvel album \u00e0 l&#8217;occasion de sa sortie le 29 mars 2024 chez Klam Records \/ L&#8217;Autre Distribution. Le single \u00ab A 10 \u00bb sera disponible le 8 mars 2024 sur toutes les plateformes. Erwan Menguy, fl\u00fbtiste reconnu [&hellip;]\" \/>\n<meta property=\"og:url\" content=\"https:\/\/veevcom.com\/es\/erwan-menguy-quartet-presente-spi\/\" \/>\n<meta property=\"og:site_name\" content=\"VeevCom\" \/>\n<meta property=\"article:published_time\" content=\"2024-03-11T16:40:37+00:00\" \/>\n<meta property=\"article:modified_time\" content=\"2024-03-11T16:51:56+00:00\" \/>\n<meta property=\"og:image\" content=\"https:\/\/veevcom.com\/wp-content\/uploads\/2024\/03\/COVER-ALBUM-300Dpi-RVB-1024x920.jpg\" \/>\n\t<meta property=\"og:image:width\" content=\"1024\" \/>\n\t<meta property=\"og:image:height\" content=\"920\" \/>\n\t<meta property=\"og:image:type\" content=\"image\/jpeg\" \/>\n<meta name=\"author\" content=\"severine\" \/>\n<meta name=\"twitter:card\" content=\"summary_large_image\" \/>\n<meta name=\"twitter:label1\" content=\"Escrito por\" \/>\n\t<meta name=\"twitter:data1\" content=\"severine\" \/>\n\t<meta name=\"twitter:label2\" content=\"Tiempo de lectura\" \/>\n\t<meta name=\"twitter:data2\" content=\"4 minutos\" \/>\n<script type=\"application\/ld+json\" class=\"yoast-schema-graph\">{\"@context\":\"https:\\\/\\\/schema.org\",\"@graph\":[{\"@type\":\"Article\",\"@id\":\"https:\\\/\\\/veevcom.com\\\/es\\\/erwan-menguy-quartet-presente-spi\\\/#article\",\"isPartOf\":{\"@id\":\"https:\\\/\\\/veevcom.com\\\/es\\\/erwan-menguy-quartet-presente-spi\\\/\"},\"author\":{\"name\":\"severine\",\"@id\":\"https:\\\/\\\/veevcom.com\\\/#\\\/schema\\\/person\\\/754f1f5a030d278766b52cf0e0c62e8b\"},\"headline\":\"Erwan Menguy Quartet pr\u00e9sente \u00abSPI\u00bb\",\"datePublished\":\"2024-03-11T16:40:37+00:00\",\"dateModified\":\"2024-03-11T16:51:56+00:00\",\"mainEntityOfPage\":{\"@id\":\"https:\\\/\\\/veevcom.com\\\/es\\\/erwan-menguy-quartet-presente-spi\\\/\"},\"wordCount\":864,\"image\":{\"@id\":\"https:\\\/\\\/veevcom.com\\\/es\\\/erwan-menguy-quartet-presente-spi\\\/#primaryimage\"},\"thumbnailUrl\":\"https:\\\/\\\/veevcom.com\\\/wp-content\\\/uploads\\\/2024\\\/03\\\/COVER-ALBUM-300Dpi-RVB.jpg\",\"articleSection\":[\"Actualidad\"],\"inLanguage\":\"es\"},{\"@type\":\"WebPage\",\"@id\":\"https:\\\/\\\/veevcom.com\\\/es\\\/erwan-menguy-quartet-presente-spi\\\/\",\"url\":\"https:\\\/\\\/veevcom.com\\\/es\\\/erwan-menguy-quartet-presente-spi\\\/\",\"name\":\"Erwan Menguy Quartet pr\u00e9sente \\\"SPI\\\" - VeevCom\",\"isPartOf\":{\"@id\":\"https:\\\/\\\/veevcom.com\\\/es\\\/#website\"},\"primaryImageOfPage\":{\"@id\":\"https:\\\/\\\/veevcom.com\\\/es\\\/erwan-menguy-quartet-presente-spi\\\/#primaryimage\"},\"image\":{\"@id\":\"https:\\\/\\\/veevcom.com\\\/es\\\/erwan-menguy-quartet-presente-spi\\\/#primaryimage\"},\"thumbnailUrl\":\"https:\\\/\\\/veevcom.com\\\/wp-content\\\/uploads\\\/2024\\\/03\\\/COVER-ALBUM-300Dpi-RVB.jpg\",\"datePublished\":\"2024-03-11T16:40:37+00:00\",\"dateModified\":\"2024-03-11T16:51:56+00:00\",\"author\":{\"@id\":\"https:\\\/\\\/veevcom.com\\\/#\\\/schema\\\/person\\\/754f1f5a030d278766b52cf0e0c62e8b\"},\"breadcrumb\":{\"@id\":\"https:\\\/\\\/veevcom.com\\\/es\\\/erwan-menguy-quartet-presente-spi\\\/#breadcrumb\"},\"inLanguage\":\"es\",\"potentialAction\":[{\"@type\":\"ReadAction\",\"target\":[[\"https:\\\/\\\/veevcom.com\\\/es\\\/erwan-menguy-quartet-presente-spi\\\/\"]]}]},{\"@type\":\"ImageObject\",\"inLanguage\":\"es\",\"@id\":\"https:\\\/\\\/veevcom.com\\\/es\\\/erwan-menguy-quartet-presente-spi\\\/#primaryimage\",\"url\":\"https:\\\/\\\/veevcom.com\\\/wp-content\\\/uploads\\\/2024\\\/03\\\/COVER-ALBUM-300Dpi-RVB.jpg\",\"contentUrl\":\"https:\\\/\\\/veevcom.com\\\/wp-content\\\/uploads\\\/2024\\\/03\\\/COVER-ALBUM-300Dpi-RVB.jpg\",\"width\":1642,\"height\":1476},{\"@type\":\"BreadcrumbList\",\"@id\":\"https:\\\/\\\/veevcom.com\\\/es\\\/erwan-menguy-quartet-presente-spi\\\/#breadcrumb\",\"itemListElement\":[{\"@type\":\"ListItem\",\"position\":1,\"name\":\"Accueil\",\"item\":\"https:\\\/\\\/veevcom.com\\\/es\\\/\"},{\"@type\":\"ListItem\",\"position\":2,\"name\":\"Erwan Menguy Quartet pr\u00e9sente \u00abSPI\u00bb\"}]},{\"@type\":\"WebSite\",\"@id\":\"https:\\\/\\\/veevcom.com\\\/es\\\/#website\",\"url\":\"https:\\\/\\\/veevcom.com\\\/es\\\/\",\"name\":\"VeevCom\",\"description\":\"Public Relations and Communication in the Music Industry\",\"potentialAction\":[{\"@type\":\"SearchAction\",\"target\":{\"@type\":\"EntryPoint\",\"urlTemplate\":\"https:\\\/\\\/veevcom.com\\\/es\\\/?s={search_term_string}\"},\"query-input\":{\"@type\":\"PropertyValueSpecification\",\"valueRequired\":true,\"valueName\":\"search_term_string\"}}],\"inLanguage\":\"es\"},{\"@type\":\"Person\",\"@id\":\"https:\\\/\\\/veevcom.com\\\/#\\\/schema\\\/person\\\/754f1f5a030d278766b52cf0e0c62e8b\",\"name\":\"severine\",\"image\":{\"@type\":\"ImageObject\",\"inLanguage\":\"es\",\"@id\":\"https:\\\/\\\/secure.gravatar.com\\\/avatar\\\/ba307ed472519f403589981b25bf62b4089c1f82b837eaae855dd05633adf22c?s=96&d=mm&r=g\",\"url\":\"https:\\\/\\\/secure.gravatar.com\\\/avatar\\\/ba307ed472519f403589981b25bf62b4089c1f82b837eaae855dd05633adf22c?s=96&d=mm&r=g\",\"contentUrl\":\"https:\\\/\\\/secure.gravatar.com\\\/avatar\\\/ba307ed472519f403589981b25bf62b4089c1f82b837eaae855dd05633adf22c?s=96&d=mm&r=g\",\"caption\":\"severine\"}}]}<\/script>\n<!-- \/ Yoast SEO plugin. -->","yoast_head_json":{"title":"Erwan Menguy Quartet pr\u00e9sente \"SPI\" - VeevCom","robots":{"index":"index","follow":"follow","max-snippet":"max-snippet:-1","max-image-preview":"max-image-preview:large","max-video-preview":"max-video-preview:-1"},"canonical":"https:\/\/veevcom.com\/es\/erwan-menguy-quartet-presente-spi\/","og_locale":"es_ES","og_type":"article","og_title":"Erwan Menguy Quartet pr\u00e9sente \"SPI\" - VeevCom","og_description":"Disculpa, pero esta entrada est\u00e1 disponible s\u00f3lo en FR y EN.Erwan Menguy Quartet r\u00e9v\u00e8lera \u00ab SPI \u00bb, son nouvel album \u00e0 l&#8217;occasion de sa sortie le 29 mars 2024 chez Klam Records \/ L&#8217;Autre Distribution. Le single \u00ab A 10 \u00bb sera disponible le 8 mars 2024 sur toutes les plateformes. Erwan Menguy, fl\u00fbtiste reconnu [&hellip;]","og_url":"https:\/\/veevcom.com\/es\/erwan-menguy-quartet-presente-spi\/","og_site_name":"VeevCom","article_published_time":"2024-03-11T16:40:37+00:00","article_modified_time":"2024-03-11T16:51:56+00:00","og_image":[{"width":1024,"height":920,"url":"https:\/\/veevcom.com\/wp-content\/uploads\/2024\/03\/COVER-ALBUM-300Dpi-RVB-1024x920.jpg","type":"image\/jpeg"}],"author":"severine","twitter_card":"summary_large_image","twitter_misc":{"Escrito por":"severine","Tiempo de lectura":"4 minutos"},"schema":{"@context":"https:\/\/schema.org","@graph":[{"@type":"Article","@id":"https:\/\/veevcom.com\/es\/erwan-menguy-quartet-presente-spi\/#article","isPartOf":{"@id":"https:\/\/veevcom.com\/es\/erwan-menguy-quartet-presente-spi\/"},"author":{"name":"severine","@id":"https:\/\/veevcom.com\/#\/schema\/person\/754f1f5a030d278766b52cf0e0c62e8b"},"headline":"Erwan Menguy Quartet pr\u00e9sente \u00abSPI\u00bb","datePublished":"2024-03-11T16:40:37+00:00","dateModified":"2024-03-11T16:51:56+00:00","mainEntityOfPage":{"@id":"https:\/\/veevcom.com\/es\/erwan-menguy-quartet-presente-spi\/"},"wordCount":864,"image":{"@id":"https:\/\/veevcom.com\/es\/erwan-menguy-quartet-presente-spi\/#primaryimage"},"thumbnailUrl":"https:\/\/veevcom.com\/wp-content\/uploads\/2024\/03\/COVER-ALBUM-300Dpi-RVB.jpg","articleSection":["Actualidad"],"inLanguage":"es"},{"@type":"WebPage","@id":"https:\/\/veevcom.com\/es\/erwan-menguy-quartet-presente-spi\/","url":"https:\/\/veevcom.com\/es\/erwan-menguy-quartet-presente-spi\/","name":"Erwan Menguy Quartet pr\u00e9sente \"SPI\" - VeevCom","isPartOf":{"@id":"https:\/\/veevcom.com\/es\/#website"},"primaryImageOfPage":{"@id":"https:\/\/veevcom.com\/es\/erwan-menguy-quartet-presente-spi\/#primaryimage"},"image":{"@id":"https:\/\/veevcom.com\/es\/erwan-menguy-quartet-presente-spi\/#primaryimage"},"thumbnailUrl":"https:\/\/veevcom.com\/wp-content\/uploads\/2024\/03\/COVER-ALBUM-300Dpi-RVB.jpg","datePublished":"2024-03-11T16:40:37+00:00","dateModified":"2024-03-11T16:51:56+00:00","author":{"@id":"https:\/\/veevcom.com\/#\/schema\/person\/754f1f5a030d278766b52cf0e0c62e8b"},"breadcrumb":{"@id":"https:\/\/veevcom.com\/es\/erwan-menguy-quartet-presente-spi\/#breadcrumb"},"inLanguage":"es","potentialAction":[{"@type":"ReadAction","target":[["https:\/\/veevcom.com\/es\/erwan-menguy-quartet-presente-spi\/"]]}]},{"@type":"ImageObject","inLanguage":"es","@id":"https:\/\/veevcom.com\/es\/erwan-menguy-quartet-presente-spi\/#primaryimage","url":"https:\/\/veevcom.com\/wp-content\/uploads\/2024\/03\/COVER-ALBUM-300Dpi-RVB.jpg","contentUrl":"https:\/\/veevcom.com\/wp-content\/uploads\/2024\/03\/COVER-ALBUM-300Dpi-RVB.jpg","width":1642,"height":1476},{"@type":"BreadcrumbList","@id":"https:\/\/veevcom.com\/es\/erwan-menguy-quartet-presente-spi\/#breadcrumb","itemListElement":[{"@type":"ListItem","position":1,"name":"Accueil","item":"https:\/\/veevcom.com\/es\/"},{"@type":"ListItem","position":2,"name":"Erwan Menguy Quartet pr\u00e9sente \u00abSPI\u00bb"}]},{"@type":"WebSite","@id":"https:\/\/veevcom.com\/es\/#website","url":"https:\/\/veevcom.com\/es\/","name":"VeevCom","description":"Public Relations and Communication in the Music Industry","potentialAction":[{"@type":"SearchAction","target":{"@type":"EntryPoint","urlTemplate":"https:\/\/veevcom.com\/es\/?s={search_term_string}"},"query-input":{"@type":"PropertyValueSpecification","valueRequired":true,"valueName":"search_term_string"}}],"inLanguage":"es"},{"@type":"Person","@id":"https:\/\/veevcom.com\/#\/schema\/person\/754f1f5a030d278766b52cf0e0c62e8b","name":"severine","image":{"@type":"ImageObject","inLanguage":"es","@id":"https:\/\/secure.gravatar.com\/avatar\/ba307ed472519f403589981b25bf62b4089c1f82b837eaae855dd05633adf22c?s=96&d=mm&r=g","url":"https:\/\/secure.gravatar.com\/avatar\/ba307ed472519f403589981b25bf62b4089c1f82b837eaae855dd05633adf22c?s=96&d=mm&r=g","contentUrl":"https:\/\/secure.gravatar.com\/avatar\/ba307ed472519f403589981b25bf62b4089c1f82b837eaae855dd05633adf22c?s=96&d=mm&r=g","caption":"severine"}}]}},"_links":{"self":[{"href":"https:\/\/veevcom.com\/es\/wp-json\/wp\/v2\/posts\/47307","targetHints":{"allow":["GET"]}}],"collection":[{"href":"https:\/\/veevcom.com\/es\/wp-json\/wp\/v2\/posts"}],"about":[{"href":"https:\/\/veevcom.com\/es\/wp-json\/wp\/v2\/types\/post"}],"author":[{"embeddable":true,"href":"https:\/\/veevcom.com\/es\/wp-json\/wp\/v2\/users\/3"}],"replies":[{"embeddable":true,"href":"https:\/\/veevcom.com\/es\/wp-json\/wp\/v2\/comments?post=47307"}],"version-history":[{"count":3,"href":"https:\/\/veevcom.com\/es\/wp-json\/wp\/v2\/posts\/47307\/revisions"}],"predecessor-version":[{"id":47311,"href":"https:\/\/veevcom.com\/es\/wp-json\/wp\/v2\/posts\/47307\/revisions\/47311"}],"wp:featuredmedia":[{"embeddable":true,"href":"https:\/\/veevcom.com\/es\/wp-json\/wp\/v2\/media\/47308"}],"wp:attachment":[{"href":"https:\/\/veevcom.com\/es\/wp-json\/wp\/v2\/media?parent=47307"}],"wp:term":[{"taxonomy":"category","embeddable":true,"href":"https:\/\/veevcom.com\/es\/wp-json\/wp\/v2\/categories?post=47307"},{"taxonomy":"post_tag","embeddable":true,"href":"https:\/\/veevcom.com\/es\/wp-json\/wp\/v2\/tags?post=47307"}],"curies":[{"name":"wp","href":"https:\/\/api.w.org\/{rel}","templated":true}]}}