{"id":47291,"date":"2024-02-19T15:05:22","date_gmt":"2024-02-19T14:05:22","guid":{"rendered":"http:\/\/veevcom.com\/?p=47291"},"modified":"2024-02-19T15:05:22","modified_gmt":"2024-02-19T14:05:22","slug":"amina-mezaache-maracuja-presentent-vortex","status":"publish","type":"post","link":"https:\/\/veevcom.com\/es\/amina-mezaache-maracuja-presentent-vortex\/","title":{"rendered":"Amina Mezaache &#038; Maracuja presentan \u00ab Vortex \u00bb"},"content":{"rendered":"<p class=\"qtranxs-available-languages-message qtranxs-available-languages-message-es\">Disculpa, pero esta entrada est\u00e1 disponible s\u00f3lo en <a href=\"https:\/\/veevcom.com\/fr\/wp-json\/wp\/v2\/posts\/47291\" class=\"qtranxs-available-language-link qtranxs-available-language-link-fr\" title=\"FR\">FR<\/a> y <a href=\"https:\/\/veevcom.com\/en\/wp-json\/wp\/v2\/posts\/47291\" class=\"qtranxs-available-language-link qtranxs-available-language-link-en\" title=\"EN\">EN<\/a>.<\/p><p><strong>Amina Mezaache &amp; Maracuja<\/strong> r\u00e9v\u00e8leront <strong>\u00abVortex\u00bb<\/strong> leur troisi\u00e8me album \u00e0 l&#8217;occasion de sa sortie le <strong>26 avril 2024<\/strong> chez <strong>Veston L\u00e9ger \/ Inou\u00efe Distribution<\/strong>. Cet opus sera pr\u00e9sent\u00e9 le <strong>jeudi 16 mai 2024<\/strong> sur la sc\u00e8ne du <strong>Studio de L&#8217;Ermitage<\/strong> lors d&#8217;un <strong>concert de lancement<\/strong> exceptionnel.<\/p>\n<p>Leur premier single <strong>\u00ab 6 B\u00e9mols \u00bb<\/strong> est disponible depuis le <strong>9 f\u00e9vrier 2024<\/strong> sur toutes les <a href=\"https:\/\/bfan.link\/6-bemols\"><strong>plateformes<\/strong><\/a>.<\/p>\n<p>Amina Mezaache &amp; Maracuja est compos\u00e9 de :<br \/>\n&#8211; <strong>Amina Mezaache :<\/strong> fl\u00fbtes et compositions<br \/>\n&#8211; <strong>Yoan Fernandez :<\/strong> guitares<br \/>\n&#8211; <strong>Fabien Debellefontaine :<\/strong> sousaphone et fl\u00fbte<br \/>\n&#8211; <strong>Jonathan Edo :<\/strong> percussions<\/p>\n<p>Les artistes invit\u00e9s sur l&#8217;album sont :<br \/>\n&#8211; <strong>Simon Deslandes :<\/strong> trompette et bugle (titres 1 et 7)<br \/>\n&#8211; <strong>Florent Sepchat :<\/strong> accord\u00e9on (titres 1 et 9)<br \/>\n&#8211; <strong>Edgar Sekloka :<\/strong> rap (titre 6)<\/p>\n<p><strong>Vortex : tourbillon de cr\u00e9ation et d&#8217;interactions<\/strong><\/p>\n<p>Vortex se veut le reflet de notre \u00e9poque, pleine de turbulences et d\u2019\u00e9l\u00e9ments en fusion, d\u2019\u00e9nergies qui circulent, s\u2019entrechoquent et se contaminent. Apr\u00e8s plus de 10 ans d\u2019exp\u00e9rimentations et d&#8217;aventures, ce 3e album apporte un vent nouveau dans l&#8217;histoire de <strong>Maracuja<\/strong>. Grande voyageuse et passionn\u00e9e de rencontres musicales, <strong>Amina Mezaache<\/strong>, que l\u2019on a r\u00e9cemment entendue aux c\u00f4t\u00e9s de <strong>Julien Coriatt<\/strong>, <strong>Sonny Troup\u00e9<\/strong>, ou encore <strong>Chano Domingues<\/strong>, <strong>Hamilton de Holanda<\/strong> et <strong>Itiber\u00ea Zwarg Orquestra Familia<\/strong>, nous livre un carnet de voyage singulier, nourri d&#8217;hybridations entre ses racines africaines, son amour pour les rythmiques br\u00e9siliennes et son attachement au jazz toujours en mouvement. Vortex est travers\u00e9 par un foisonnement d&#8217;ambiances et de couleurs, qui \u00e9voquent tour \u00e0 tour la danse, le nomadisme, les voyages int\u00e9rieurs, les paysages psych\u00e9d\u00e9liques, les atmosph\u00e8res brumeuses et impressionnistes..<br \/>\nDans ce 3e album, <strong>Maracuja<\/strong> \u00e9toffe sa palette sonore en lui ajoutant le son profond de la fl\u00fbte peule, les timbres de la trompette et du bugle de <strong>Simon Deslandes<\/strong> et l&#8217;accord\u00e9on de <strong>Florent Sepchat<\/strong>, qui s&#8217;entrelacent joyeusement d\u00e8s le d\u00e9but de l&#8217;album.<br \/>\nTr\u00e8s attach\u00e9e aux mots et \u00e0 leurs r\u00e9sonances, Amina a choisi d&#8217;inviter le rappeur et po\u00e8te <strong>Edgar Sekloka<\/strong>, qui livre un texte puissant et \u00e9vocateur sur le titre Sirocco. Enfin, le disque s&#8217;ach\u00e8ve sur un hommage d\u00e9lirant au g\u00e9nie br\u00e9silien <strong>Hermeto Pascoal<\/strong>, cr\u00e9ateur insatiable et grand inspirateur du groupe.<\/p>\n<p>&nbsp;<\/p>","protected":false},"excerpt":{"rendered":"<p>Disculpa, pero esta entrada est\u00e1 disponible s\u00f3lo en FR y EN.Amina Mezaache &amp; Maracuja r\u00e9v\u00e8leront \u00abVortex\u00bb leur troisi\u00e8me album \u00e0 l&#8217;occasion de sa sortie le 26 avril 2024 chez Veston L\u00e9ger \/ Inou\u00efe Distribution. Cet opus sera pr\u00e9sent\u00e9 le jeudi 16 mai 2024 sur la sc\u00e8ne du Studio de L&#8217;Ermitage lors d&#8217;un concert de lancement [&hellip;]<\/p>\n","protected":false},"author":3,"featured_media":47296,"comment_status":"closed","ping_status":"closed","sticky":false,"template":"","format":"standard","meta":{"_acf_changed":false,"footnotes":""},"categories":[1],"tags":[],"class_list":["post-47291","post","type-post","status-publish","format-standard","has-post-thumbnail","hentry","category-non-classe"],"acf":[],"yoast_head":"<!-- This site is optimized with the Yoast SEO plugin v27.4 - https:\/\/yoast.com\/product\/yoast-seo-wordpress\/ -->\n<title>Amina Mezaache &amp; Maracuja presentan \u00ab Vortex \u00bb - VeevCom<\/title>\n<meta name=\"robots\" content=\"index, follow, max-snippet:-1, max-image-preview:large, max-video-preview:-1\" \/>\n<link rel=\"canonical\" href=\"https:\/\/veevcom.com\/es\/amina-mezaache-maracuja-presentent-vortex\/\" \/>\n<meta property=\"og:locale\" content=\"es_ES\" \/>\n<meta property=\"og:type\" content=\"article\" \/>\n<meta property=\"og:title\" content=\"Amina Mezaache &amp; Maracuja presentan \u00ab Vortex \u00bb - VeevCom\" \/>\n<meta property=\"og:description\" content=\"Disculpa, pero esta entrada est\u00e1 disponible s\u00f3lo en FR y EN.Amina Mezaache &amp; Maracuja r\u00e9v\u00e8leront \u00abVortex\u00bb leur troisi\u00e8me album \u00e0 l&#8217;occasion de sa sortie le 26 avril 2024 chez Veston L\u00e9ger \/ Inou\u00efe Distribution. Cet opus sera pr\u00e9sent\u00e9 le jeudi 16 mai 2024 sur la sc\u00e8ne du Studio de L&#8217;Ermitage lors d&#8217;un concert de lancement [&hellip;]\" \/>\n<meta property=\"og:url\" content=\"https:\/\/veevcom.com\/es\/amina-mezaache-maracuja-presentent-vortex\/\" \/>\n<meta property=\"og:site_name\" content=\"VeevCom\" \/>\n<meta property=\"article:published_time\" content=\"2024-02-19T14:05:22+00:00\" \/>\n<meta property=\"og:image\" content=\"https:\/\/veevcom.com\/wp-content\/uploads\/2024\/02\/Vortex-front-2000x2000-RVB\u00a9Rodin-Sotolongo.jpg\" \/>\n\t<meta property=\"og:image:width\" content=\"2000\" \/>\n\t<meta property=\"og:image:height\" content=\"2000\" \/>\n\t<meta property=\"og:image:type\" content=\"image\/jpeg\" \/>\n<meta name=\"author\" content=\"severine\" \/>\n<meta name=\"twitter:card\" content=\"summary_large_image\" \/>\n<meta name=\"twitter:label1\" content=\"Escrito por\" \/>\n\t<meta name=\"twitter:data1\" content=\"severine\" \/>\n\t<meta name=\"twitter:label2\" content=\"Tiempo de lectura\" \/>\n\t<meta name=\"twitter:data2\" content=\"4 minutos\" \/>\n<script type=\"application\/ld+json\" class=\"yoast-schema-graph\">{\"@context\":\"https:\\\/\\\/schema.org\",\"@graph\":[{\"@type\":\"Article\",\"@id\":\"https:\\\/\\\/veevcom.com\\\/es\\\/amina-mezaache-maracuja-presentent-vortex\\\/#article\",\"isPartOf\":{\"@id\":\"https:\\\/\\\/veevcom.com\\\/es\\\/amina-mezaache-maracuja-presentent-vortex\\\/\"},\"author\":{\"name\":\"severine\",\"@id\":\"https:\\\/\\\/veevcom.com\\\/#\\\/schema\\\/person\\\/754f1f5a030d278766b52cf0e0c62e8b\"},\"headline\":\"Amina Mezaache &#038; Maracuja presentan \u00ab Vortex \u00bb\",\"datePublished\":\"2024-02-19T14:05:22+00:00\",\"mainEntityOfPage\":{\"@id\":\"https:\\\/\\\/veevcom.com\\\/es\\\/amina-mezaache-maracuja-presentent-vortex\\\/\"},\"wordCount\":847,\"image\":{\"@id\":\"https:\\\/\\\/veevcom.com\\\/es\\\/amina-mezaache-maracuja-presentent-vortex\\\/#primaryimage\"},\"thumbnailUrl\":\"https:\\\/\\\/veevcom.com\\\/wp-content\\\/uploads\\\/2024\\\/02\\\/Vortex-front-2000x2000-RVB\u00a9Rodin-Sotolongo.jpg\",\"articleSection\":[\"Actualidad\"],\"inLanguage\":\"es\"},{\"@type\":\"WebPage\",\"@id\":\"https:\\\/\\\/veevcom.com\\\/es\\\/amina-mezaache-maracuja-presentent-vortex\\\/\",\"url\":\"https:\\\/\\\/veevcom.com\\\/es\\\/amina-mezaache-maracuja-presentent-vortex\\\/\",\"name\":\"Amina Mezaache & Maracuja presentan \u00ab Vortex \u00bb - VeevCom\",\"isPartOf\":{\"@id\":\"https:\\\/\\\/veevcom.com\\\/es\\\/#website\"},\"primaryImageOfPage\":{\"@id\":\"https:\\\/\\\/veevcom.com\\\/es\\\/amina-mezaache-maracuja-presentent-vortex\\\/#primaryimage\"},\"image\":{\"@id\":\"https:\\\/\\\/veevcom.com\\\/es\\\/amina-mezaache-maracuja-presentent-vortex\\\/#primaryimage\"},\"thumbnailUrl\":\"https:\\\/\\\/veevcom.com\\\/wp-content\\\/uploads\\\/2024\\\/02\\\/Vortex-front-2000x2000-RVB\u00a9Rodin-Sotolongo.jpg\",\"datePublished\":\"2024-02-19T14:05:22+00:00\",\"author\":{\"@id\":\"https:\\\/\\\/veevcom.com\\\/#\\\/schema\\\/person\\\/754f1f5a030d278766b52cf0e0c62e8b\"},\"breadcrumb\":{\"@id\":\"https:\\\/\\\/veevcom.com\\\/es\\\/amina-mezaache-maracuja-presentent-vortex\\\/#breadcrumb\"},\"inLanguage\":\"es\",\"potentialAction\":[{\"@type\":\"ReadAction\",\"target\":[[\"https:\\\/\\\/veevcom.com\\\/es\\\/amina-mezaache-maracuja-presentent-vortex\\\/\"]]}]},{\"@type\":\"ImageObject\",\"inLanguage\":\"es\",\"@id\":\"https:\\\/\\\/veevcom.com\\\/es\\\/amina-mezaache-maracuja-presentent-vortex\\\/#primaryimage\",\"url\":\"https:\\\/\\\/veevcom.com\\\/wp-content\\\/uploads\\\/2024\\\/02\\\/Vortex-front-2000x2000-RVB\u00a9Rodin-Sotolongo.jpg\",\"contentUrl\":\"https:\\\/\\\/veevcom.com\\\/wp-content\\\/uploads\\\/2024\\\/02\\\/Vortex-front-2000x2000-RVB\u00a9Rodin-Sotolongo.jpg\",\"width\":2000,\"height\":2000},{\"@type\":\"BreadcrumbList\",\"@id\":\"https:\\\/\\\/veevcom.com\\\/es\\\/amina-mezaache-maracuja-presentent-vortex\\\/#breadcrumb\",\"itemListElement\":[{\"@type\":\"ListItem\",\"position\":1,\"name\":\"Accueil\",\"item\":\"https:\\\/\\\/veevcom.com\\\/es\\\/\"},{\"@type\":\"ListItem\",\"position\":2,\"name\":\"Amina Mezaache &#038; Maracuja presentan \u00ab Vortex \u00bb\"}]},{\"@type\":\"WebSite\",\"@id\":\"https:\\\/\\\/veevcom.com\\\/es\\\/#website\",\"url\":\"https:\\\/\\\/veevcom.com\\\/es\\\/\",\"name\":\"VeevCom\",\"description\":\"Public Relations and Communication in the Music Industry\",\"potentialAction\":[{\"@type\":\"SearchAction\",\"target\":{\"@type\":\"EntryPoint\",\"urlTemplate\":\"https:\\\/\\\/veevcom.com\\\/es\\\/?s={search_term_string}\"},\"query-input\":{\"@type\":\"PropertyValueSpecification\",\"valueRequired\":true,\"valueName\":\"search_term_string\"}}],\"inLanguage\":\"es\"},{\"@type\":\"Person\",\"@id\":\"https:\\\/\\\/veevcom.com\\\/#\\\/schema\\\/person\\\/754f1f5a030d278766b52cf0e0c62e8b\",\"name\":\"severine\",\"image\":{\"@type\":\"ImageObject\",\"inLanguage\":\"es\",\"@id\":\"https:\\\/\\\/secure.gravatar.com\\\/avatar\\\/ba307ed472519f403589981b25bf62b4089c1f82b837eaae855dd05633adf22c?s=96&d=mm&r=g\",\"url\":\"https:\\\/\\\/secure.gravatar.com\\\/avatar\\\/ba307ed472519f403589981b25bf62b4089c1f82b837eaae855dd05633adf22c?s=96&d=mm&r=g\",\"contentUrl\":\"https:\\\/\\\/secure.gravatar.com\\\/avatar\\\/ba307ed472519f403589981b25bf62b4089c1f82b837eaae855dd05633adf22c?s=96&d=mm&r=g\",\"caption\":\"severine\"}}]}<\/script>\n<!-- \/ Yoast SEO plugin. -->","yoast_head_json":{"title":"Amina Mezaache & Maracuja presentan \u00ab Vortex \u00bb - VeevCom","robots":{"index":"index","follow":"follow","max-snippet":"max-snippet:-1","max-image-preview":"max-image-preview:large","max-video-preview":"max-video-preview:-1"},"canonical":"https:\/\/veevcom.com\/es\/amina-mezaache-maracuja-presentent-vortex\/","og_locale":"es_ES","og_type":"article","og_title":"Amina Mezaache & Maracuja presentan \u00ab Vortex \u00bb - VeevCom","og_description":"Disculpa, pero esta entrada est\u00e1 disponible s\u00f3lo en FR y EN.Amina Mezaache &amp; Maracuja r\u00e9v\u00e8leront \u00abVortex\u00bb leur troisi\u00e8me album \u00e0 l&#8217;occasion de sa sortie le 26 avril 2024 chez Veston L\u00e9ger \/ Inou\u00efe Distribution. Cet opus sera pr\u00e9sent\u00e9 le jeudi 16 mai 2024 sur la sc\u00e8ne du Studio de L&#8217;Ermitage lors d&#8217;un concert de lancement [&hellip;]","og_url":"https:\/\/veevcom.com\/es\/amina-mezaache-maracuja-presentent-vortex\/","og_site_name":"VeevCom","article_published_time":"2024-02-19T14:05:22+00:00","og_image":[{"width":2000,"height":2000,"url":"https:\/\/veevcom.com\/wp-content\/uploads\/2024\/02\/Vortex-front-2000x2000-RVB\u00a9Rodin-Sotolongo.jpg","type":"image\/jpeg"}],"author":"severine","twitter_card":"summary_large_image","twitter_misc":{"Escrito por":"severine","Tiempo de lectura":"4 minutos"},"schema":{"@context":"https:\/\/schema.org","@graph":[{"@type":"Article","@id":"https:\/\/veevcom.com\/es\/amina-mezaache-maracuja-presentent-vortex\/#article","isPartOf":{"@id":"https:\/\/veevcom.com\/es\/amina-mezaache-maracuja-presentent-vortex\/"},"author":{"name":"severine","@id":"https:\/\/veevcom.com\/#\/schema\/person\/754f1f5a030d278766b52cf0e0c62e8b"},"headline":"Amina Mezaache &#038; Maracuja presentan \u00ab Vortex \u00bb","datePublished":"2024-02-19T14:05:22+00:00","mainEntityOfPage":{"@id":"https:\/\/veevcom.com\/es\/amina-mezaache-maracuja-presentent-vortex\/"},"wordCount":847,"image":{"@id":"https:\/\/veevcom.com\/es\/amina-mezaache-maracuja-presentent-vortex\/#primaryimage"},"thumbnailUrl":"https:\/\/veevcom.com\/wp-content\/uploads\/2024\/02\/Vortex-front-2000x2000-RVB\u00a9Rodin-Sotolongo.jpg","articleSection":["Actualidad"],"inLanguage":"es"},{"@type":"WebPage","@id":"https:\/\/veevcom.com\/es\/amina-mezaache-maracuja-presentent-vortex\/","url":"https:\/\/veevcom.com\/es\/amina-mezaache-maracuja-presentent-vortex\/","name":"Amina Mezaache & Maracuja presentan \u00ab Vortex \u00bb - VeevCom","isPartOf":{"@id":"https:\/\/veevcom.com\/es\/#website"},"primaryImageOfPage":{"@id":"https:\/\/veevcom.com\/es\/amina-mezaache-maracuja-presentent-vortex\/#primaryimage"},"image":{"@id":"https:\/\/veevcom.com\/es\/amina-mezaache-maracuja-presentent-vortex\/#primaryimage"},"thumbnailUrl":"https:\/\/veevcom.com\/wp-content\/uploads\/2024\/02\/Vortex-front-2000x2000-RVB\u00a9Rodin-Sotolongo.jpg","datePublished":"2024-02-19T14:05:22+00:00","author":{"@id":"https:\/\/veevcom.com\/#\/schema\/person\/754f1f5a030d278766b52cf0e0c62e8b"},"breadcrumb":{"@id":"https:\/\/veevcom.com\/es\/amina-mezaache-maracuja-presentent-vortex\/#breadcrumb"},"inLanguage":"es","potentialAction":[{"@type":"ReadAction","target":[["https:\/\/veevcom.com\/es\/amina-mezaache-maracuja-presentent-vortex\/"]]}]},{"@type":"ImageObject","inLanguage":"es","@id":"https:\/\/veevcom.com\/es\/amina-mezaache-maracuja-presentent-vortex\/#primaryimage","url":"https:\/\/veevcom.com\/wp-content\/uploads\/2024\/02\/Vortex-front-2000x2000-RVB\u00a9Rodin-Sotolongo.jpg","contentUrl":"https:\/\/veevcom.com\/wp-content\/uploads\/2024\/02\/Vortex-front-2000x2000-RVB\u00a9Rodin-Sotolongo.jpg","width":2000,"height":2000},{"@type":"BreadcrumbList","@id":"https:\/\/veevcom.com\/es\/amina-mezaache-maracuja-presentent-vortex\/#breadcrumb","itemListElement":[{"@type":"ListItem","position":1,"name":"Accueil","item":"https:\/\/veevcom.com\/es\/"},{"@type":"ListItem","position":2,"name":"Amina Mezaache &#038; Maracuja presentan \u00ab Vortex \u00bb"}]},{"@type":"WebSite","@id":"https:\/\/veevcom.com\/es\/#website","url":"https:\/\/veevcom.com\/es\/","name":"VeevCom","description":"Public Relations and Communication in the Music Industry","potentialAction":[{"@type":"SearchAction","target":{"@type":"EntryPoint","urlTemplate":"https:\/\/veevcom.com\/es\/?s={search_term_string}"},"query-input":{"@type":"PropertyValueSpecification","valueRequired":true,"valueName":"search_term_string"}}],"inLanguage":"es"},{"@type":"Person","@id":"https:\/\/veevcom.com\/#\/schema\/person\/754f1f5a030d278766b52cf0e0c62e8b","name":"severine","image":{"@type":"ImageObject","inLanguage":"es","@id":"https:\/\/secure.gravatar.com\/avatar\/ba307ed472519f403589981b25bf62b4089c1f82b837eaae855dd05633adf22c?s=96&d=mm&r=g","url":"https:\/\/secure.gravatar.com\/avatar\/ba307ed472519f403589981b25bf62b4089c1f82b837eaae855dd05633adf22c?s=96&d=mm&r=g","contentUrl":"https:\/\/secure.gravatar.com\/avatar\/ba307ed472519f403589981b25bf62b4089c1f82b837eaae855dd05633adf22c?s=96&d=mm&r=g","caption":"severine"}}]}},"_links":{"self":[{"href":"https:\/\/veevcom.com\/es\/wp-json\/wp\/v2\/posts\/47291","targetHints":{"allow":["GET"]}}],"collection":[{"href":"https:\/\/veevcom.com\/es\/wp-json\/wp\/v2\/posts"}],"about":[{"href":"https:\/\/veevcom.com\/es\/wp-json\/wp\/v2\/types\/post"}],"author":[{"embeddable":true,"href":"https:\/\/veevcom.com\/es\/wp-json\/wp\/v2\/users\/3"}],"replies":[{"embeddable":true,"href":"https:\/\/veevcom.com\/es\/wp-json\/wp\/v2\/comments?post=47291"}],"version-history":[{"count":7,"href":"https:\/\/veevcom.com\/es\/wp-json\/wp\/v2\/posts\/47291\/revisions"}],"predecessor-version":[{"id":47299,"href":"https:\/\/veevcom.com\/es\/wp-json\/wp\/v2\/posts\/47291\/revisions\/47299"}],"wp:featuredmedia":[{"embeddable":true,"href":"https:\/\/veevcom.com\/es\/wp-json\/wp\/v2\/media\/47296"}],"wp:attachment":[{"href":"https:\/\/veevcom.com\/es\/wp-json\/wp\/v2\/media?parent=47291"}],"wp:term":[{"taxonomy":"category","embeddable":true,"href":"https:\/\/veevcom.com\/es\/wp-json\/wp\/v2\/categories?post=47291"},{"taxonomy":"post_tag","embeddable":true,"href":"https:\/\/veevcom.com\/es\/wp-json\/wp\/v2\/tags?post=47291"}],"curies":[{"name":"wp","href":"https:\/\/api.w.org\/{rel}","templated":true}]}}