{"id":40710,"date":"2024-01-31T16:06:59","date_gmt":"2024-01-31T15:06:59","guid":{"rendered":"https:\/\/veevcom.com\/?p=40710"},"modified":"2024-01-31T16:51:34","modified_gmt":"2024-01-31T15:51:34","slug":"claudia-meyer-presente-la-negra","status":"publish","type":"post","link":"https:\/\/veevcom.com\/es\/claudia-meyer-presente-la-negra\/","title":{"rendered":"Claudia Meyer presenta \u00abLa Negra\u00bb"},"content":{"rendered":"<p class=\"qtranxs-available-languages-message qtranxs-available-languages-message-es\">Disculpa, pero esta entrada est\u00e1 disponible s\u00f3lo en <a href=\"https:\/\/veevcom.com\/fr\/wp-json\/wp\/v2\/posts\/40710\" class=\"qtranxs-available-language-link qtranxs-available-language-link-fr\" title=\"FR\">FR<\/a> y <a href=\"https:\/\/veevcom.com\/en\/wp-json\/wp\/v2\/posts\/40710\" class=\"qtranxs-available-language-link qtranxs-available-language-link-en\" title=\"EN\">EN<\/a>.<\/p><p><strong>Claudia Meyer<\/strong> r\u00e9v\u00e8lera \u00ab<strong>La Negra &#8211; Tribute to Mercedes Sosa, The voice of Latin America<\/strong>\u00bb son nouvel album \u00e0 l&#8217;occasion de sa sortie le<strong> 22 mars 2024<\/strong> chez<strong> Kobbi Prod \/ InOu\u00efe Distribution<\/strong>. Cet opus sera pr\u00e9sent\u00e9 le <strong>jeudi 25 avril 2024<\/strong> sur la sc\u00e8ne du <strong>Caf\u00e9 de la Danse<\/strong> lors d&#8217;un concert de lancement exceptionnel.<\/p>\n<p>Le premier <strong>single<\/strong> \u00ab<strong>La Maza<\/strong>\u00bb est disponible depuis le 26 janvier 2024 sur toutes les plateformes.<\/p>\n<p>Cet album est tir\u00e9 du spectacle musical. Le caract\u00e8re original et innovant de l\u2019angle choisi par <strong>Claudia Meyer<\/strong> est de faire revivre l\u2019artiste et de red\u00e9couvrir l\u2019oeuvre et l\u2019itin\u00e9raire d\u2019une femme internationalement connue pour sa voix, son engagement, ses succ\u00e8s et les diff\u00e9rentes \u00e9tapes de sa vie d\u2019artiste et de femme. Elle est \u201cla voix du peuple silencieux\u201d.<\/p>\n<p>Ce disque comprend deux <strong>duos<\/strong> : un exceptionnel avec <strong>Mercedes Sosa<\/strong>, et un avec <strong>Maurane<\/strong>, auquel l&#8217;album est d\u00e9di\u00e9.<\/p>\n<p><strong>Un mot sur Mercedes Sosa :<\/strong><\/p>\n<p>\u00ab Mercedes Sosa est la voix qui m\u2019a influenc\u00e9e, elle m\u2019a emport\u00e9e dans son histoire et j\u2019ai plong\u00e9 dans sa musique. Bien que n\u2019\u00e9tant pas sud-am\u00e9ricaine et que l\u2019espagnol ne soit pas ma langue maternelle, j\u2019ai \u00e9t\u00e9 saisie et happ\u00e9e par cette culture, sa musicalit\u00e9 et boulevers\u00e9e par la puissance de sa voix riche en \u00e9motions. J\u2019ai \u00e9t\u00e9 sensible \u00e0 son histoire, \u00e0 sa vie de femme, \u00e0 son engagement aupr\u00e8s des plus d\u00e9munis et \u00e0 l\u2019immense interpr\u00e8te qu\u2019elle fut. Elle a toujours fait partie de mon itin\u00e9raire musical, je la chante depuis mon adolescence et lui ai rendu hommage sur mes deux albums pr\u00e9c\u00e9dents, Azul et Fuego. Je suis tr\u00e8s \u00e9mue et heureuse de faire revivre sa musique sur sc\u00e8ne, et sur l\u2019album \u201cLa Negra\u201d. \u00bb <strong>Claudia<\/strong> <strong>Meyer<\/strong><\/p>\n<p><strong>L&#8217;album :<\/strong><\/p>\n<p>Cet album et le spectacle proposent un m\u00e9lange de tradition et de modernit\u00e9, revisit\u00e9s par Claudia Meyer, accompagn\u00e9e de Marc Benabou \u201cMarquito\u201d aux percussions. Tout en restant fid\u00e8le aux versions originales, ce duo apporte une touche personnelle et color\u00e9e en ins\u00e9rant des instruments ethniques tels que le charango, le cuatro et particuli\u00e8rement le bombo (tambour andin) qui \u00e9tait l\u2019instrument traditionnel que jouait Mercedes Sosa sur sc\u00e8ne. L\u2019album est \u00e0 l\u2019identique du spectacle, le parti pris de proximit\u00e9 et d\u2019intimit\u00e9 d\u2019un duo comme l\u2019\u00e9tait le plus souvent <strong>Mercedes Sosa<\/strong> avec son guitariste <strong>Nicolas Brizuela<\/strong>.<\/p>","protected":false},"excerpt":{"rendered":"<p>Disculpa, pero esta entrada est\u00e1 disponible s\u00f3lo en FR y EN.Claudia Meyer r\u00e9v\u00e8lera \u00abLa Negra &#8211; Tribute to Mercedes Sosa, The voice of Latin America\u00bb son nouvel album \u00e0 l&#8217;occasion de sa sortie le 22 mars 2024 chez Kobbi Prod \/ InOu\u00efe Distribution. Cet opus sera pr\u00e9sent\u00e9 le jeudi 25 avril 2024 sur la sc\u00e8ne [&hellip;]<\/p>\n","protected":false},"author":3,"featured_media":40712,"comment_status":"closed","ping_status":"closed","sticky":false,"template":"","format":"standard","meta":{"_acf_changed":false,"footnotes":""},"categories":[1],"tags":[],"class_list":["post-40710","post","type-post","status-publish","format-standard","has-post-thumbnail","hentry","category-non-classe"],"acf":[],"yoast_head":"<!-- This site is optimized with the Yoast SEO plugin v27.4 - https:\/\/yoast.com\/product\/yoast-seo-wordpress\/ -->\n<title>Claudia Meyer presenta \u00abLa Negra\u00bb - VeevCom<\/title>\n<meta name=\"robots\" content=\"index, follow, max-snippet:-1, max-image-preview:large, max-video-preview:-1\" \/>\n<link rel=\"canonical\" href=\"https:\/\/veevcom.com\/es\/claudia-meyer-presente-la-negra\/\" \/>\n<meta property=\"og:locale\" content=\"es_ES\" \/>\n<meta property=\"og:type\" content=\"article\" \/>\n<meta property=\"og:title\" content=\"Claudia Meyer presenta \u00abLa Negra\u00bb - VeevCom\" \/>\n<meta property=\"og:description\" content=\"Disculpa, pero esta entrada est\u00e1 disponible s\u00f3lo en FR y EN.Claudia Meyer r\u00e9v\u00e8lera \u00abLa Negra &#8211; Tribute to Mercedes Sosa, The voice of Latin America\u00bb son nouvel album \u00e0 l&#8217;occasion de sa sortie le 22 mars 2024 chez Kobbi Prod \/ InOu\u00efe Distribution. Cet opus sera pr\u00e9sent\u00e9 le jeudi 25 avril 2024 sur la sc\u00e8ne [&hellip;]\" \/>\n<meta property=\"og:url\" content=\"https:\/\/veevcom.com\/es\/claudia-meyer-presente-la-negra\/\" \/>\n<meta property=\"og:site_name\" content=\"VeevCom\" \/>\n<meta property=\"article:published_time\" content=\"2024-01-31T15:06:59+00:00\" \/>\n<meta property=\"article:modified_time\" content=\"2024-01-31T15:51:34+00:00\" \/>\n<meta property=\"og:image\" content=\"https:\/\/veevcom.com\/wp-content\/uploads\/2024\/01\/couv-cmjk\u00a9Clement-Checoury-1024x914.jpg\" \/>\n\t<meta property=\"og:image:width\" content=\"1024\" \/>\n\t<meta property=\"og:image:height\" content=\"914\" \/>\n\t<meta property=\"og:image:type\" content=\"image\/jpeg\" \/>\n<meta name=\"author\" content=\"severine\" \/>\n<meta name=\"twitter:card\" content=\"summary_large_image\" \/>\n<meta name=\"twitter:label1\" content=\"Escrito por\" \/>\n\t<meta name=\"twitter:data1\" content=\"severine\" \/>\n\t<meta name=\"twitter:label2\" content=\"Tiempo de lectura\" \/>\n\t<meta name=\"twitter:data2\" content=\"4 minutos\" \/>\n<script type=\"application\/ld+json\" class=\"yoast-schema-graph\">{\"@context\":\"https:\\\/\\\/schema.org\",\"@graph\":[{\"@type\":\"Article\",\"@id\":\"https:\\\/\\\/veevcom.com\\\/es\\\/claudia-meyer-presente-la-negra\\\/#article\",\"isPartOf\":{\"@id\":\"https:\\\/\\\/veevcom.com\\\/es\\\/claudia-meyer-presente-la-negra\\\/\"},\"author\":{\"name\":\"severine\",\"@id\":\"https:\\\/\\\/veevcom.com\\\/#\\\/schema\\\/person\\\/754f1f5a030d278766b52cf0e0c62e8b\"},\"headline\":\"Claudia Meyer presenta \u00abLa Negra\u00bb\",\"datePublished\":\"2024-01-31T15:06:59+00:00\",\"dateModified\":\"2024-01-31T15:51:34+00:00\",\"mainEntityOfPage\":{\"@id\":\"https:\\\/\\\/veevcom.com\\\/es\\\/claudia-meyer-presente-la-negra\\\/\"},\"wordCount\":802,\"image\":{\"@id\":\"https:\\\/\\\/veevcom.com\\\/es\\\/claudia-meyer-presente-la-negra\\\/#primaryimage\"},\"thumbnailUrl\":\"https:\\\/\\\/veevcom.com\\\/wp-content\\\/uploads\\\/2024\\\/01\\\/couv-cmjk\u00a9Clement-Checoury.jpg\",\"articleSection\":[\"Actualidad\"],\"inLanguage\":\"es\"},{\"@type\":\"WebPage\",\"@id\":\"https:\\\/\\\/veevcom.com\\\/es\\\/claudia-meyer-presente-la-negra\\\/\",\"url\":\"https:\\\/\\\/veevcom.com\\\/es\\\/claudia-meyer-presente-la-negra\\\/\",\"name\":\"Claudia Meyer presenta \u00abLa Negra\u00bb - VeevCom\",\"isPartOf\":{\"@id\":\"https:\\\/\\\/veevcom.com\\\/es\\\/#website\"},\"primaryImageOfPage\":{\"@id\":\"https:\\\/\\\/veevcom.com\\\/es\\\/claudia-meyer-presente-la-negra\\\/#primaryimage\"},\"image\":{\"@id\":\"https:\\\/\\\/veevcom.com\\\/es\\\/claudia-meyer-presente-la-negra\\\/#primaryimage\"},\"thumbnailUrl\":\"https:\\\/\\\/veevcom.com\\\/wp-content\\\/uploads\\\/2024\\\/01\\\/couv-cmjk\u00a9Clement-Checoury.jpg\",\"datePublished\":\"2024-01-31T15:06:59+00:00\",\"dateModified\":\"2024-01-31T15:51:34+00:00\",\"author\":{\"@id\":\"https:\\\/\\\/veevcom.com\\\/#\\\/schema\\\/person\\\/754f1f5a030d278766b52cf0e0c62e8b\"},\"breadcrumb\":{\"@id\":\"https:\\\/\\\/veevcom.com\\\/es\\\/claudia-meyer-presente-la-negra\\\/#breadcrumb\"},\"inLanguage\":\"es\",\"potentialAction\":[{\"@type\":\"ReadAction\",\"target\":[[\"https:\\\/\\\/veevcom.com\\\/es\\\/claudia-meyer-presente-la-negra\\\/\"]]}]},{\"@type\":\"ImageObject\",\"inLanguage\":\"es\",\"@id\":\"https:\\\/\\\/veevcom.com\\\/es\\\/claudia-meyer-presente-la-negra\\\/#primaryimage\",\"url\":\"https:\\\/\\\/veevcom.com\\\/wp-content\\\/uploads\\\/2024\\\/01\\\/couv-cmjk\u00a9Clement-Checoury.jpg\",\"contentUrl\":\"https:\\\/\\\/veevcom.com\\\/wp-content\\\/uploads\\\/2024\\\/01\\\/couv-cmjk\u00a9Clement-Checoury.jpg\",\"width\":1652,\"height\":1475},{\"@type\":\"BreadcrumbList\",\"@id\":\"https:\\\/\\\/veevcom.com\\\/es\\\/claudia-meyer-presente-la-negra\\\/#breadcrumb\",\"itemListElement\":[{\"@type\":\"ListItem\",\"position\":1,\"name\":\"Accueil\",\"item\":\"https:\\\/\\\/veevcom.com\\\/es\\\/\"},{\"@type\":\"ListItem\",\"position\":2,\"name\":\"Claudia Meyer presenta \u00abLa Negra\u00bb\"}]},{\"@type\":\"WebSite\",\"@id\":\"https:\\\/\\\/veevcom.com\\\/es\\\/#website\",\"url\":\"https:\\\/\\\/veevcom.com\\\/es\\\/\",\"name\":\"VeevCom\",\"description\":\"Public Relations and Communication in the Music Industry\",\"potentialAction\":[{\"@type\":\"SearchAction\",\"target\":{\"@type\":\"EntryPoint\",\"urlTemplate\":\"https:\\\/\\\/veevcom.com\\\/es\\\/?s={search_term_string}\"},\"query-input\":{\"@type\":\"PropertyValueSpecification\",\"valueRequired\":true,\"valueName\":\"search_term_string\"}}],\"inLanguage\":\"es\"},{\"@type\":\"Person\",\"@id\":\"https:\\\/\\\/veevcom.com\\\/#\\\/schema\\\/person\\\/754f1f5a030d278766b52cf0e0c62e8b\",\"name\":\"severine\",\"image\":{\"@type\":\"ImageObject\",\"inLanguage\":\"es\",\"@id\":\"https:\\\/\\\/secure.gravatar.com\\\/avatar\\\/ba307ed472519f403589981b25bf62b4089c1f82b837eaae855dd05633adf22c?s=96&d=mm&r=g\",\"url\":\"https:\\\/\\\/secure.gravatar.com\\\/avatar\\\/ba307ed472519f403589981b25bf62b4089c1f82b837eaae855dd05633adf22c?s=96&d=mm&r=g\",\"contentUrl\":\"https:\\\/\\\/secure.gravatar.com\\\/avatar\\\/ba307ed472519f403589981b25bf62b4089c1f82b837eaae855dd05633adf22c?s=96&d=mm&r=g\",\"caption\":\"severine\"}}]}<\/script>\n<!-- \/ Yoast SEO plugin. -->","yoast_head_json":{"title":"Claudia Meyer presenta \u00abLa Negra\u00bb - VeevCom","robots":{"index":"index","follow":"follow","max-snippet":"max-snippet:-1","max-image-preview":"max-image-preview:large","max-video-preview":"max-video-preview:-1"},"canonical":"https:\/\/veevcom.com\/es\/claudia-meyer-presente-la-negra\/","og_locale":"es_ES","og_type":"article","og_title":"Claudia Meyer presenta \u00abLa Negra\u00bb - VeevCom","og_description":"Disculpa, pero esta entrada est\u00e1 disponible s\u00f3lo en FR y EN.Claudia Meyer r\u00e9v\u00e8lera \u00abLa Negra &#8211; Tribute to Mercedes Sosa, The voice of Latin America\u00bb son nouvel album \u00e0 l&#8217;occasion de sa sortie le 22 mars 2024 chez Kobbi Prod \/ InOu\u00efe Distribution. Cet opus sera pr\u00e9sent\u00e9 le jeudi 25 avril 2024 sur la sc\u00e8ne [&hellip;]","og_url":"https:\/\/veevcom.com\/es\/claudia-meyer-presente-la-negra\/","og_site_name":"VeevCom","article_published_time":"2024-01-31T15:06:59+00:00","article_modified_time":"2024-01-31T15:51:34+00:00","og_image":[{"width":1024,"height":914,"url":"https:\/\/veevcom.com\/wp-content\/uploads\/2024\/01\/couv-cmjk\u00a9Clement-Checoury-1024x914.jpg","type":"image\/jpeg"}],"author":"severine","twitter_card":"summary_large_image","twitter_misc":{"Escrito por":"severine","Tiempo de lectura":"4 minutos"},"schema":{"@context":"https:\/\/schema.org","@graph":[{"@type":"Article","@id":"https:\/\/veevcom.com\/es\/claudia-meyer-presente-la-negra\/#article","isPartOf":{"@id":"https:\/\/veevcom.com\/es\/claudia-meyer-presente-la-negra\/"},"author":{"name":"severine","@id":"https:\/\/veevcom.com\/#\/schema\/person\/754f1f5a030d278766b52cf0e0c62e8b"},"headline":"Claudia Meyer presenta \u00abLa Negra\u00bb","datePublished":"2024-01-31T15:06:59+00:00","dateModified":"2024-01-31T15:51:34+00:00","mainEntityOfPage":{"@id":"https:\/\/veevcom.com\/es\/claudia-meyer-presente-la-negra\/"},"wordCount":802,"image":{"@id":"https:\/\/veevcom.com\/es\/claudia-meyer-presente-la-negra\/#primaryimage"},"thumbnailUrl":"https:\/\/veevcom.com\/wp-content\/uploads\/2024\/01\/couv-cmjk\u00a9Clement-Checoury.jpg","articleSection":["Actualidad"],"inLanguage":"es"},{"@type":"WebPage","@id":"https:\/\/veevcom.com\/es\/claudia-meyer-presente-la-negra\/","url":"https:\/\/veevcom.com\/es\/claudia-meyer-presente-la-negra\/","name":"Claudia Meyer presenta \u00abLa Negra\u00bb - VeevCom","isPartOf":{"@id":"https:\/\/veevcom.com\/es\/#website"},"primaryImageOfPage":{"@id":"https:\/\/veevcom.com\/es\/claudia-meyer-presente-la-negra\/#primaryimage"},"image":{"@id":"https:\/\/veevcom.com\/es\/claudia-meyer-presente-la-negra\/#primaryimage"},"thumbnailUrl":"https:\/\/veevcom.com\/wp-content\/uploads\/2024\/01\/couv-cmjk\u00a9Clement-Checoury.jpg","datePublished":"2024-01-31T15:06:59+00:00","dateModified":"2024-01-31T15:51:34+00:00","author":{"@id":"https:\/\/veevcom.com\/#\/schema\/person\/754f1f5a030d278766b52cf0e0c62e8b"},"breadcrumb":{"@id":"https:\/\/veevcom.com\/es\/claudia-meyer-presente-la-negra\/#breadcrumb"},"inLanguage":"es","potentialAction":[{"@type":"ReadAction","target":[["https:\/\/veevcom.com\/es\/claudia-meyer-presente-la-negra\/"]]}]},{"@type":"ImageObject","inLanguage":"es","@id":"https:\/\/veevcom.com\/es\/claudia-meyer-presente-la-negra\/#primaryimage","url":"https:\/\/veevcom.com\/wp-content\/uploads\/2024\/01\/couv-cmjk\u00a9Clement-Checoury.jpg","contentUrl":"https:\/\/veevcom.com\/wp-content\/uploads\/2024\/01\/couv-cmjk\u00a9Clement-Checoury.jpg","width":1652,"height":1475},{"@type":"BreadcrumbList","@id":"https:\/\/veevcom.com\/es\/claudia-meyer-presente-la-negra\/#breadcrumb","itemListElement":[{"@type":"ListItem","position":1,"name":"Accueil","item":"https:\/\/veevcom.com\/es\/"},{"@type":"ListItem","position":2,"name":"Claudia Meyer presenta \u00abLa Negra\u00bb"}]},{"@type":"WebSite","@id":"https:\/\/veevcom.com\/es\/#website","url":"https:\/\/veevcom.com\/es\/","name":"VeevCom","description":"Public Relations and Communication in the Music Industry","potentialAction":[{"@type":"SearchAction","target":{"@type":"EntryPoint","urlTemplate":"https:\/\/veevcom.com\/es\/?s={search_term_string}"},"query-input":{"@type":"PropertyValueSpecification","valueRequired":true,"valueName":"search_term_string"}}],"inLanguage":"es"},{"@type":"Person","@id":"https:\/\/veevcom.com\/#\/schema\/person\/754f1f5a030d278766b52cf0e0c62e8b","name":"severine","image":{"@type":"ImageObject","inLanguage":"es","@id":"https:\/\/secure.gravatar.com\/avatar\/ba307ed472519f403589981b25bf62b4089c1f82b837eaae855dd05633adf22c?s=96&d=mm&r=g","url":"https:\/\/secure.gravatar.com\/avatar\/ba307ed472519f403589981b25bf62b4089c1f82b837eaae855dd05633adf22c?s=96&d=mm&r=g","contentUrl":"https:\/\/secure.gravatar.com\/avatar\/ba307ed472519f403589981b25bf62b4089c1f82b837eaae855dd05633adf22c?s=96&d=mm&r=g","caption":"severine"}}]}},"_links":{"self":[{"href":"https:\/\/veevcom.com\/es\/wp-json\/wp\/v2\/posts\/40710","targetHints":{"allow":["GET"]}}],"collection":[{"href":"https:\/\/veevcom.com\/es\/wp-json\/wp\/v2\/posts"}],"about":[{"href":"https:\/\/veevcom.com\/es\/wp-json\/wp\/v2\/types\/post"}],"author":[{"embeddable":true,"href":"https:\/\/veevcom.com\/es\/wp-json\/wp\/v2\/users\/3"}],"replies":[{"embeddable":true,"href":"https:\/\/veevcom.com\/es\/wp-json\/wp\/v2\/comments?post=40710"}],"version-history":[{"count":6,"href":"https:\/\/veevcom.com\/es\/wp-json\/wp\/v2\/posts\/40710\/revisions"}],"predecessor-version":[{"id":40723,"href":"https:\/\/veevcom.com\/es\/wp-json\/wp\/v2\/posts\/40710\/revisions\/40723"}],"wp:featuredmedia":[{"embeddable":true,"href":"https:\/\/veevcom.com\/es\/wp-json\/wp\/v2\/media\/40712"}],"wp:attachment":[{"href":"https:\/\/veevcom.com\/es\/wp-json\/wp\/v2\/media?parent=40710"}],"wp:term":[{"taxonomy":"category","embeddable":true,"href":"https:\/\/veevcom.com\/es\/wp-json\/wp\/v2\/categories?post=40710"},{"taxonomy":"post_tag","embeddable":true,"href":"https:\/\/veevcom.com\/es\/wp-json\/wp\/v2\/tags?post=40710"}],"curies":[{"name":"wp","href":"https:\/\/api.w.org\/{rel}","templated":true}]}}