{"id":40701,"date":"2024-01-15T11:33:22","date_gmt":"2024-01-15T10:33:22","guid":{"rendered":"https:\/\/veevcom.com\/?p=40701"},"modified":"2024-01-16T11:21:45","modified_gmt":"2024-01-16T10:21:45","slug":"johanni-curtet-presente-if-only-i-could-hibernate","status":"publish","type":"post","link":"https:\/\/veevcom.com\/es\/johanni-curtet-presente-if-only-i-could-hibernate\/","title":{"rendered":"Johanni Curtet presenta  \u00abIf Only I Could Hibernate\u00bb"},"content":{"rendered":"<p class=\"qtranxs-available-languages-message qtranxs-available-languages-message-es\">Disculpa, pero esta entrada est\u00e1 disponible s\u00f3lo en <a href=\"https:\/\/veevcom.com\/fr\/wp-json\/wp\/v2\/posts\/40701\" class=\"qtranxs-available-language-link qtranxs-available-language-link-fr\" title=\"FR\">FR<\/a> y <a href=\"https:\/\/veevcom.com\/en\/wp-json\/wp\/v2\/posts\/40701\" class=\"qtranxs-available-language-link qtranxs-available-language-link-en\" title=\"EN\">EN<\/a>.<\/p><p><\/p>\n<p class=\"p1\"><span class=\"s1\"><strong>Johanni<\/strong> <strong>Curtet<\/strong><b>&nbsp;<\/b>r\u00e9v\u00e8lera&nbsp;\u00ab&nbsp;<b>If Only I Could Hibernate&nbsp;\u00bb<\/b>, son&nbsp;nouvel&nbsp;album \u00e0&nbsp;l&#8217;occasion de sa sortie&nbsp;le&nbsp;<b>05 janvier 2024<\/b>&nbsp; chez<b>&nbsp;Buda Musique \/ Socadisc&nbsp;<\/b>et<b>&nbsp;Amygdala Films &amp; Urban Factory<\/b>.<\/span><\/p>\n<p class=\"p3\"><span class=\"s1\"><b>\u00ab&nbsp;<\/b><strong>I<\/strong><b>f Only I Could Hibernate&nbsp;\u00bb&nbsp;<\/b>(Si seulement je pouvais hiberner) est la bande originale du film de&nbsp;<b>Zoljargal Purevdash<\/b>&nbsp;(sortie fran\u00e7aise 10\/01\/24) qui a fait partie de la&nbsp;<b>S\u00e9lection officielle du&nbsp;Festival de Cannes<\/b>&nbsp;(Un Certain Regard 2023).<\/span><\/p>\n<p class=\"p3\"><span class=\"s1\">Avec&nbsp;:<\/span><\/p>\n<ul class=\"ul1\">\n<li class=\"li4\"><b><\/b><span class=\"s2\"><b>Johanni Curtet&nbsp;<\/b>: composition, beatbox, kh\u00f6\u00f6mii, chant de gorge, guitare, luth doshpuluur, guimbardes, carillon&nbsp;<\/span><\/li>\n<li class=\"li4\"><b><\/b><span class=\"s2\"><b>Mandakhjargal Daansuren<\/b>&nbsp;: vi\u00e8le morin khuur, kh\u00f6\u00f6mii, chant de gorge<\/span><\/li>\n<li class=\"li4\"><b><\/b><span class=\"s2\"><b>Kham Meslien<\/b>&nbsp;: contrebasse&nbsp;<\/span><\/li>\n<\/ul>\n<p class=\"p3\"><span class=\"s1\">Enregistr\u00e9 et mix\u00e9 par&nbsp;<b>Bob Coke<\/b>.<\/span><\/p>\n<p class=\"p3\"><span class=\"s1\"><b>Johanni Curtet&nbsp;<\/b>est musicien, ethnomusicologue, producteur et directeur artistique de Routes Nomades. Depuis 20 ans, il pratique et \u00e9tudie le kh\u00f6\u00f6mii, chant diphonique mongol, en l\u2019exp\u00e9rimentant \u00e0 travers diverses cr\u00e9ations. Plusieurs disques de sa r\u00e9alisation sont parus chez&nbsp;<b>Buda musique&nbsp;<\/b>avec Tserendavaa &amp; Tsogtgerel (2008)&nbsp;; Une Anthologie du kh\u00f6\u00f6mii mongol (2017)&nbsp;; Khusugtun (2020)&nbsp;; Bats\u00fckh Dorj (2023)&nbsp;; ainsi que ceux de son trio Me\u00efkh\u00e2neh. Avec cette B.O., Johanni signe une double premi\u00e8re, une musique de film et un disque en son nom.<\/span><\/p>\n<p class=\"p3\"><span class=\"s1\">Ce film est un cri du c\u0153ur pour la Mongolie&nbsp;per\u00e7u \u00e0 travers la rude vie quotidienne d\u2019une famille d\u2019Oulan-Bator : les quartiers de yourtes d\u00e9laiss\u00e9s, le combat quotidien pour survivre l\u2019hiver, la pollution de la capitale la plus froide du monde,&nbsp; la question de l\u2019\u00e9galit\u00e9 des chances, mais aussi les enjeux sociaux tels que l\u2019exode rural et le d\u00e9calage entre la pr\u00e9sence nomade et l\u2019urbanisme. Au-del\u00e0 des probl\u00e8mes, Ulzii, le personnage principal incarne un grand espoir qui p\u00e9n\u00e8tre toute l\u2019histoire.<\/span><\/p>\n<p class=\"p3\"><span class=\"s1\">La voix diphonique est le relai de cette voie d\u2019espoir sem\u00e9e des doutes que suit Ulzii, mais rappelle sa r\u00e9gion d\u2019origine, l\u2019Alta\u00ef. \u00c0 l\u2019image de sa vie, l\u2019instrumentarium est simple&nbsp;: guitare, luth doshpuluur, vi\u00e8le morin khuur, contrebasse, guimbardes et beatbox&nbsp;; tout comme leurs modes de jeu. Cette musique est \u00e0 la fois minimale, gaie, douce ou \u00e9nerv\u00e9e, r\u00e9p\u00e9titive jusqu\u2019\u00e0 l\u2019ent\u00eatement, comme les \u00e9tats d\u2019\u00e2me qui traversent les questionnements de cet adolescent qui cherche \u00e0 s\u2019en sortir. Elle se r\u00e9f\u00e8re \u00e0 l\u2019identit\u00e9 mongole pour devenir universelle. Les modes pentatoniques se frottent aux dissonances ou au blues en allant parfois chercher des rythmiques d\u2019autres cultures nomades. Mais la pr\u00e9sence harmonique, discr\u00e8te, est partout.<\/span><\/p>\n<p><\/p>","protected":false},"excerpt":{"rendered":"<p>Disculpa, pero esta entrada est\u00e1 disponible s\u00f3lo en FR y EN. Johanni Curtet&nbsp;r\u00e9v\u00e8lera&nbsp;\u00ab&nbsp;If Only I Could Hibernate&nbsp;\u00bb, son&nbsp;nouvel&nbsp;album \u00e0&nbsp;l&#8217;occasion de sa sortie&nbsp;le&nbsp;05 janvier 2024&nbsp; chez&nbsp;Buda Musique \/ Socadisc&nbsp;et&nbsp;Amygdala Films &amp; Urban Factory. \u00ab&nbsp;If Only I Could Hibernate&nbsp;\u00bb&nbsp;(Si seulement je pouvais hiberner) est la bande originale du film de&nbsp;Zoljargal Purevdash&nbsp;(sortie fran\u00e7aise 10\/01\/24) qui a fait partie [&hellip;]<\/p>\n","protected":false},"author":3,"featured_media":40702,"comment_status":"closed","ping_status":"closed","sticky":false,"template":"","format":"standard","meta":{"_acf_changed":false,"footnotes":""},"categories":[1],"tags":[],"class_list":["post-40701","post","type-post","status-publish","format-standard","has-post-thumbnail","hentry","category-non-classe"],"acf":[],"yoast_head":"<!-- This site is optimized with the Yoast SEO plugin v27.4 - https:\/\/yoast.com\/product\/yoast-seo-wordpress\/ -->\n<title>Johanni Curtet presenta &quot;If Only I Could Hibernate&quot; - VeevCom<\/title>\n<meta name=\"robots\" content=\"index, follow, max-snippet:-1, max-image-preview:large, max-video-preview:-1\" \/>\n<link rel=\"canonical\" href=\"https:\/\/veevcom.com\/es\/johanni-curtet-presente-if-only-i-could-hibernate\/\" \/>\n<meta property=\"og:locale\" content=\"es_ES\" \/>\n<meta property=\"og:type\" content=\"article\" \/>\n<meta property=\"og:title\" content=\"Johanni Curtet presenta &quot;If Only I Could Hibernate&quot; - VeevCom\" \/>\n<meta property=\"og:description\" content=\"Disculpa, pero esta entrada est\u00e1 disponible s\u00f3lo en FR y EN. Johanni Curtet&nbsp;r\u00e9v\u00e8lera&nbsp;\u00ab&nbsp;If Only I Could Hibernate&nbsp;\u00bb, son&nbsp;nouvel&nbsp;album \u00e0&nbsp;l&#8217;occasion de sa sortie&nbsp;le&nbsp;05 janvier 2024&nbsp; chez&nbsp;Buda Musique \/ Socadisc&nbsp;et&nbsp;Amygdala Films &amp; Urban Factory. \u00ab&nbsp;If Only I Could Hibernate&nbsp;\u00bb&nbsp;(Si seulement je pouvais hiberner) est la bande originale du film de&nbsp;Zoljargal Purevdash&nbsp;(sortie fran\u00e7aise 10\/01\/24) qui a fait partie [&hellip;]\" \/>\n<meta property=\"og:url\" content=\"https:\/\/veevcom.com\/es\/johanni-curtet-presente-if-only-i-could-hibernate\/\" \/>\n<meta property=\"og:site_name\" content=\"VeevCom\" \/>\n<meta property=\"article:published_time\" content=\"2024-01-15T10:33:22+00:00\" \/>\n<meta property=\"article:modified_time\" content=\"2024-01-16T10:21:45+00:00\" \/>\n<meta property=\"og:image\" content=\"https:\/\/veevcom.com\/wp-content\/uploads\/2024\/01\/front_cover_HDA\u00a9Noise-Art-Media-_-EI\u0081ric-Collet-1024x921.jpg\" \/>\n\t<meta property=\"og:image:width\" content=\"1024\" \/>\n\t<meta property=\"og:image:height\" content=\"921\" \/>\n\t<meta property=\"og:image:type\" content=\"image\/jpeg\" \/>\n<meta name=\"author\" content=\"severine\" \/>\n<meta name=\"twitter:card\" content=\"summary_large_image\" \/>\n<meta name=\"twitter:label1\" content=\"Escrito por\" \/>\n\t<meta name=\"twitter:data1\" content=\"severine\" \/>\n\t<meta name=\"twitter:label2\" content=\"Tiempo de lectura\" \/>\n\t<meta name=\"twitter:data2\" content=\"4 minutos\" \/>\n<script type=\"application\/ld+json\" class=\"yoast-schema-graph\">{\"@context\":\"https:\\\/\\\/schema.org\",\"@graph\":[{\"@type\":\"Article\",\"@id\":\"https:\\\/\\\/veevcom.com\\\/es\\\/johanni-curtet-presente-if-only-i-could-hibernate\\\/#article\",\"isPartOf\":{\"@id\":\"https:\\\/\\\/veevcom.com\\\/es\\\/johanni-curtet-presente-if-only-i-could-hibernate\\\/\"},\"author\":{\"name\":\"severine\",\"@id\":\"https:\\\/\\\/veevcom.com\\\/#\\\/schema\\\/person\\\/754f1f5a030d278766b52cf0e0c62e8b\"},\"headline\":\"Johanni Curtet presenta \u00abIf Only I Could Hibernate\u00bb\",\"datePublished\":\"2024-01-15T10:33:22+00:00\",\"dateModified\":\"2024-01-16T10:21:45+00:00\",\"mainEntityOfPage\":{\"@id\":\"https:\\\/\\\/veevcom.com\\\/es\\\/johanni-curtet-presente-if-only-i-could-hibernate\\\/\"},\"wordCount\":861,\"image\":{\"@id\":\"https:\\\/\\\/veevcom.com\\\/es\\\/johanni-curtet-presente-if-only-i-could-hibernate\\\/#primaryimage\"},\"thumbnailUrl\":\"https:\\\/\\\/veevcom.com\\\/wp-content\\\/uploads\\\/2024\\\/01\\\/front_cover_HDA\u00a9Noise-Art-Media-_-EI\u0081ric-Collet.jpg\",\"articleSection\":[\"Actualidad\"],\"inLanguage\":\"es\"},{\"@type\":\"WebPage\",\"@id\":\"https:\\\/\\\/veevcom.com\\\/es\\\/johanni-curtet-presente-if-only-i-could-hibernate\\\/\",\"url\":\"https:\\\/\\\/veevcom.com\\\/es\\\/johanni-curtet-presente-if-only-i-could-hibernate\\\/\",\"name\":\"Johanni Curtet presenta \\\"If Only I Could Hibernate\\\" - VeevCom\",\"isPartOf\":{\"@id\":\"https:\\\/\\\/veevcom.com\\\/es\\\/#website\"},\"primaryImageOfPage\":{\"@id\":\"https:\\\/\\\/veevcom.com\\\/es\\\/johanni-curtet-presente-if-only-i-could-hibernate\\\/#primaryimage\"},\"image\":{\"@id\":\"https:\\\/\\\/veevcom.com\\\/es\\\/johanni-curtet-presente-if-only-i-could-hibernate\\\/#primaryimage\"},\"thumbnailUrl\":\"https:\\\/\\\/veevcom.com\\\/wp-content\\\/uploads\\\/2024\\\/01\\\/front_cover_HDA\u00a9Noise-Art-Media-_-EI\u0081ric-Collet.jpg\",\"datePublished\":\"2024-01-15T10:33:22+00:00\",\"dateModified\":\"2024-01-16T10:21:45+00:00\",\"author\":{\"@id\":\"https:\\\/\\\/veevcom.com\\\/#\\\/schema\\\/person\\\/754f1f5a030d278766b52cf0e0c62e8b\"},\"breadcrumb\":{\"@id\":\"https:\\\/\\\/veevcom.com\\\/es\\\/johanni-curtet-presente-if-only-i-could-hibernate\\\/#breadcrumb\"},\"inLanguage\":\"es\",\"potentialAction\":[{\"@type\":\"ReadAction\",\"target\":[[\"https:\\\/\\\/veevcom.com\\\/es\\\/johanni-curtet-presente-if-only-i-could-hibernate\\\/\"]]}]},{\"@type\":\"ImageObject\",\"inLanguage\":\"es\",\"@id\":\"https:\\\/\\\/veevcom.com\\\/es\\\/johanni-curtet-presente-if-only-i-could-hibernate\\\/#primaryimage\",\"url\":\"https:\\\/\\\/veevcom.com\\\/wp-content\\\/uploads\\\/2024\\\/01\\\/front_cover_HDA\u00a9Noise-Art-Media-_-EI\u0081ric-Collet.jpg\",\"contentUrl\":\"https:\\\/\\\/veevcom.com\\\/wp-content\\\/uploads\\\/2024\\\/01\\\/front_cover_HDA\u00a9Noise-Art-Media-_-EI\u0081ric-Collet.jpg\",\"width\":1648,\"height\":1483},{\"@type\":\"BreadcrumbList\",\"@id\":\"https:\\\/\\\/veevcom.com\\\/es\\\/johanni-curtet-presente-if-only-i-could-hibernate\\\/#breadcrumb\",\"itemListElement\":[{\"@type\":\"ListItem\",\"position\":1,\"name\":\"Accueil\",\"item\":\"https:\\\/\\\/veevcom.com\\\/es\\\/\"},{\"@type\":\"ListItem\",\"position\":2,\"name\":\"Johanni Curtet presenta \u00abIf Only I Could Hibernate\u00bb\"}]},{\"@type\":\"WebSite\",\"@id\":\"https:\\\/\\\/veevcom.com\\\/es\\\/#website\",\"url\":\"https:\\\/\\\/veevcom.com\\\/es\\\/\",\"name\":\"VeevCom\",\"description\":\"Public Relations and Communication in the Music Industry\",\"potentialAction\":[{\"@type\":\"SearchAction\",\"target\":{\"@type\":\"EntryPoint\",\"urlTemplate\":\"https:\\\/\\\/veevcom.com\\\/es\\\/?s={search_term_string}\"},\"query-input\":{\"@type\":\"PropertyValueSpecification\",\"valueRequired\":true,\"valueName\":\"search_term_string\"}}],\"inLanguage\":\"es\"},{\"@type\":\"Person\",\"@id\":\"https:\\\/\\\/veevcom.com\\\/#\\\/schema\\\/person\\\/754f1f5a030d278766b52cf0e0c62e8b\",\"name\":\"severine\",\"image\":{\"@type\":\"ImageObject\",\"inLanguage\":\"es\",\"@id\":\"https:\\\/\\\/secure.gravatar.com\\\/avatar\\\/ba307ed472519f403589981b25bf62b4089c1f82b837eaae855dd05633adf22c?s=96&d=mm&r=g\",\"url\":\"https:\\\/\\\/secure.gravatar.com\\\/avatar\\\/ba307ed472519f403589981b25bf62b4089c1f82b837eaae855dd05633adf22c?s=96&d=mm&r=g\",\"contentUrl\":\"https:\\\/\\\/secure.gravatar.com\\\/avatar\\\/ba307ed472519f403589981b25bf62b4089c1f82b837eaae855dd05633adf22c?s=96&d=mm&r=g\",\"caption\":\"severine\"}}]}<\/script>\n<!-- \/ Yoast SEO plugin. -->","yoast_head_json":{"title":"Johanni Curtet presenta \"If Only I Could Hibernate\" - VeevCom","robots":{"index":"index","follow":"follow","max-snippet":"max-snippet:-1","max-image-preview":"max-image-preview:large","max-video-preview":"max-video-preview:-1"},"canonical":"https:\/\/veevcom.com\/es\/johanni-curtet-presente-if-only-i-could-hibernate\/","og_locale":"es_ES","og_type":"article","og_title":"Johanni Curtet presenta \"If Only I Could Hibernate\" - VeevCom","og_description":"Disculpa, pero esta entrada est\u00e1 disponible s\u00f3lo en FR y EN. Johanni Curtet&nbsp;r\u00e9v\u00e8lera&nbsp;\u00ab&nbsp;If Only I Could Hibernate&nbsp;\u00bb, son&nbsp;nouvel&nbsp;album \u00e0&nbsp;l&#8217;occasion de sa sortie&nbsp;le&nbsp;05 janvier 2024&nbsp; chez&nbsp;Buda Musique \/ Socadisc&nbsp;et&nbsp;Amygdala Films &amp; Urban Factory. \u00ab&nbsp;If Only I Could Hibernate&nbsp;\u00bb&nbsp;(Si seulement je pouvais hiberner) est la bande originale du film de&nbsp;Zoljargal Purevdash&nbsp;(sortie fran\u00e7aise 10\/01\/24) qui a fait partie [&hellip;]","og_url":"https:\/\/veevcom.com\/es\/johanni-curtet-presente-if-only-i-could-hibernate\/","og_site_name":"VeevCom","article_published_time":"2024-01-15T10:33:22+00:00","article_modified_time":"2024-01-16T10:21:45+00:00","og_image":[{"width":1024,"height":921,"url":"https:\/\/veevcom.com\/wp-content\/uploads\/2024\/01\/front_cover_HDA\u00a9Noise-Art-Media-_-EI\u0081ric-Collet-1024x921.jpg","type":"image\/jpeg"}],"author":"severine","twitter_card":"summary_large_image","twitter_misc":{"Escrito por":"severine","Tiempo de lectura":"4 minutos"},"schema":{"@context":"https:\/\/schema.org","@graph":[{"@type":"Article","@id":"https:\/\/veevcom.com\/es\/johanni-curtet-presente-if-only-i-could-hibernate\/#article","isPartOf":{"@id":"https:\/\/veevcom.com\/es\/johanni-curtet-presente-if-only-i-could-hibernate\/"},"author":{"name":"severine","@id":"https:\/\/veevcom.com\/#\/schema\/person\/754f1f5a030d278766b52cf0e0c62e8b"},"headline":"Johanni Curtet presenta \u00abIf Only I Could Hibernate\u00bb","datePublished":"2024-01-15T10:33:22+00:00","dateModified":"2024-01-16T10:21:45+00:00","mainEntityOfPage":{"@id":"https:\/\/veevcom.com\/es\/johanni-curtet-presente-if-only-i-could-hibernate\/"},"wordCount":861,"image":{"@id":"https:\/\/veevcom.com\/es\/johanni-curtet-presente-if-only-i-could-hibernate\/#primaryimage"},"thumbnailUrl":"https:\/\/veevcom.com\/wp-content\/uploads\/2024\/01\/front_cover_HDA\u00a9Noise-Art-Media-_-EI\u0081ric-Collet.jpg","articleSection":["Actualidad"],"inLanguage":"es"},{"@type":"WebPage","@id":"https:\/\/veevcom.com\/es\/johanni-curtet-presente-if-only-i-could-hibernate\/","url":"https:\/\/veevcom.com\/es\/johanni-curtet-presente-if-only-i-could-hibernate\/","name":"Johanni Curtet presenta \"If Only I Could Hibernate\" - VeevCom","isPartOf":{"@id":"https:\/\/veevcom.com\/es\/#website"},"primaryImageOfPage":{"@id":"https:\/\/veevcom.com\/es\/johanni-curtet-presente-if-only-i-could-hibernate\/#primaryimage"},"image":{"@id":"https:\/\/veevcom.com\/es\/johanni-curtet-presente-if-only-i-could-hibernate\/#primaryimage"},"thumbnailUrl":"https:\/\/veevcom.com\/wp-content\/uploads\/2024\/01\/front_cover_HDA\u00a9Noise-Art-Media-_-EI\u0081ric-Collet.jpg","datePublished":"2024-01-15T10:33:22+00:00","dateModified":"2024-01-16T10:21:45+00:00","author":{"@id":"https:\/\/veevcom.com\/#\/schema\/person\/754f1f5a030d278766b52cf0e0c62e8b"},"breadcrumb":{"@id":"https:\/\/veevcom.com\/es\/johanni-curtet-presente-if-only-i-could-hibernate\/#breadcrumb"},"inLanguage":"es","potentialAction":[{"@type":"ReadAction","target":[["https:\/\/veevcom.com\/es\/johanni-curtet-presente-if-only-i-could-hibernate\/"]]}]},{"@type":"ImageObject","inLanguage":"es","@id":"https:\/\/veevcom.com\/es\/johanni-curtet-presente-if-only-i-could-hibernate\/#primaryimage","url":"https:\/\/veevcom.com\/wp-content\/uploads\/2024\/01\/front_cover_HDA\u00a9Noise-Art-Media-_-EI\u0081ric-Collet.jpg","contentUrl":"https:\/\/veevcom.com\/wp-content\/uploads\/2024\/01\/front_cover_HDA\u00a9Noise-Art-Media-_-EI\u0081ric-Collet.jpg","width":1648,"height":1483},{"@type":"BreadcrumbList","@id":"https:\/\/veevcom.com\/es\/johanni-curtet-presente-if-only-i-could-hibernate\/#breadcrumb","itemListElement":[{"@type":"ListItem","position":1,"name":"Accueil","item":"https:\/\/veevcom.com\/es\/"},{"@type":"ListItem","position":2,"name":"Johanni Curtet presenta \u00abIf Only I Could Hibernate\u00bb"}]},{"@type":"WebSite","@id":"https:\/\/veevcom.com\/es\/#website","url":"https:\/\/veevcom.com\/es\/","name":"VeevCom","description":"Public Relations and Communication in the Music Industry","potentialAction":[{"@type":"SearchAction","target":{"@type":"EntryPoint","urlTemplate":"https:\/\/veevcom.com\/es\/?s={search_term_string}"},"query-input":{"@type":"PropertyValueSpecification","valueRequired":true,"valueName":"search_term_string"}}],"inLanguage":"es"},{"@type":"Person","@id":"https:\/\/veevcom.com\/#\/schema\/person\/754f1f5a030d278766b52cf0e0c62e8b","name":"severine","image":{"@type":"ImageObject","inLanguage":"es","@id":"https:\/\/secure.gravatar.com\/avatar\/ba307ed472519f403589981b25bf62b4089c1f82b837eaae855dd05633adf22c?s=96&d=mm&r=g","url":"https:\/\/secure.gravatar.com\/avatar\/ba307ed472519f403589981b25bf62b4089c1f82b837eaae855dd05633adf22c?s=96&d=mm&r=g","contentUrl":"https:\/\/secure.gravatar.com\/avatar\/ba307ed472519f403589981b25bf62b4089c1f82b837eaae855dd05633adf22c?s=96&d=mm&r=g","caption":"severine"}}]}},"_links":{"self":[{"href":"https:\/\/veevcom.com\/es\/wp-json\/wp\/v2\/posts\/40701","targetHints":{"allow":["GET"]}}],"collection":[{"href":"https:\/\/veevcom.com\/es\/wp-json\/wp\/v2\/posts"}],"about":[{"href":"https:\/\/veevcom.com\/es\/wp-json\/wp\/v2\/types\/post"}],"author":[{"embeddable":true,"href":"https:\/\/veevcom.com\/es\/wp-json\/wp\/v2\/users\/3"}],"replies":[{"embeddable":true,"href":"https:\/\/veevcom.com\/es\/wp-json\/wp\/v2\/comments?post=40701"}],"version-history":[{"count":4,"href":"https:\/\/veevcom.com\/es\/wp-json\/wp\/v2\/posts\/40701\/revisions"}],"predecessor-version":[{"id":40708,"href":"https:\/\/veevcom.com\/es\/wp-json\/wp\/v2\/posts\/40701\/revisions\/40708"}],"wp:featuredmedia":[{"embeddable":true,"href":"https:\/\/veevcom.com\/es\/wp-json\/wp\/v2\/media\/40702"}],"wp:attachment":[{"href":"https:\/\/veevcom.com\/es\/wp-json\/wp\/v2\/media?parent=40701"}],"wp:term":[{"taxonomy":"category","embeddable":true,"href":"https:\/\/veevcom.com\/es\/wp-json\/wp\/v2\/categories?post=40701"},{"taxonomy":"post_tag","embeddable":true,"href":"https:\/\/veevcom.com\/es\/wp-json\/wp\/v2\/tags?post=40701"}],"curies":[{"name":"wp","href":"https:\/\/api.w.org\/{rel}","templated":true}]}}