{"id":40691,"date":"2023-12-14T17:50:28","date_gmt":"2023-12-14T16:50:28","guid":{"rendered":"https:\/\/veevcom.com\/?p=40691"},"modified":"2023-12-14T17:51:18","modified_gmt":"2023-12-14T16:51:18","slug":"giuliano-gabriele-presente-basta","status":"publish","type":"post","link":"https:\/\/veevcom.com\/es\/giuliano-gabriele-presente-basta\/","title":{"rendered":"Giuliano Gabriele\u00a0presenta \u00a0\u00abBasta!\u00bb"},"content":{"rendered":"<p class=\"qtranxs-available-languages-message qtranxs-available-languages-message-es\">Disculpa, pero esta entrada est\u00e1 disponible s\u00f3lo en <a href=\"https:\/\/veevcom.com\/fr\/wp-json\/wp\/v2\/posts\/40691\" class=\"qtranxs-available-language-link qtranxs-available-language-link-fr\" title=\"FR\">FR<\/a> y <a href=\"https:\/\/veevcom.com\/en\/wp-json\/wp\/v2\/posts\/40691\" class=\"qtranxs-available-language-link qtranxs-available-language-link-en\" title=\"EN\">EN<\/a>.<\/p><p><\/p>\n<p class=\"p1\"><span class=\"s1\"><b>Giuliano Gabriele&nbsp;<\/b>r\u00e9v\u00e8lera &nbsp;\u00ab<b>Basta! <\/b><\/span>\u00bb <span class=\"s1\"><b><\/b>son nouvel album \u00e0 l&#8217;occasion de sa sortie le <b>23 f\u00e9vrier 2024<\/b>&nbsp;chez<b> Coming MusicArt \/ Inou\u00efe Distribution<\/b>. Cet opus sera pr\u00e9sent\u00e9&nbsp;&nbsp;le&nbsp;jeudi<b>&nbsp;21 mars 2024&nbsp;<\/b>sur la sc\u00e8ne&nbsp;du<b>&nbsp;Studio de L&#8217;Ermitage&nbsp;<\/b>lors d&#8217;un<b>&nbsp;concert de&nbsp;lancement<\/b>&nbsp;exceptionnel.<\/span><\/p>\n<p class=\"p1\"><span class=\"s1\">Rythmes cathartiques du Sud de l&#8217;Italie, dans un album dissident au titre embl\u00e9matique.&nbsp;<b>Basta!&nbsp;<\/b>raconte les individus en mouvement, id\u00e9alement ou inconsciemment libres, emprisonn\u00e9s dans les \u201csyst\u00e8mes contemporains\u201d, l\u00e0 o\u00f9 vivent toutes les frustrations et les peurs. Les cadences traditionnelles s&#8217;enlacent avec des m\u00e9tissages actuel entre M\u00e9diterran\u00e9e et musiques du monde. L&#8217;album est produit par l&#8217;\u00e9clectique&nbsp;<b>Martin Meissonnier&nbsp;<\/b>(Fela Kuti, Khaled, Alan Stivell, Robert Plant and Jimmy Page, Manu Dibango, Papa Wemba, Tony Allen\u2026)<\/span><\/p>\n<p class=\"p1\"><span class=\"s1\">Sur cet album&nbsp;<b>Giuliano Gabriele<\/b>&nbsp;(voix &#8211; accord\u00e9on diatonique) est accompagn\u00e9 de :<\/span><\/p>\n<ul>\n<li class=\"p1\"><span class=\"s1\"><b>Lucia Cremonesi : <\/b>Alto &#8211; Lyre calabraise<\/span><\/li>\n<li class=\"p1\"><b>Eduardo Vessella : <\/b>Tambourin<\/li>\n<li class=\"p1\"><b>Gianfranco De Lisi : <\/b>Basse \u00e9lectrique<\/li>\n<li class=\"p1\"><b>Riccardo Bianchi : <\/b>Batterie<\/li>\n<li class=\"p1\"><b>Carmine Scialla : <\/b>Bouzouki &#8211; Guitare Battente<\/li>\n<li class=\"p1\"><b>Giovanni Aquino : <\/b>Guitare \u00c9lectrique &#8211; Synth<\/li>\n<li class=\"p1\"><b>Gianmarco Gabriele : <\/b>Programmation<\/li>\n<li class=\"p1\"><b>Martin Meissonnier : <\/b>Programmation<\/li>\n<\/ul>\n<p class=\"p1\"><span class=\"s1\"><b>Giuliano Gabriele<\/b><\/span><\/p>\n<p class=\"p3\"><span class=\"s1\">Auteur-compositeur, chanteur et accord\u00e9oniste italo-fran\u00e7ais.&nbsp;<b>Giuliano Gabriele&nbsp;<\/b>est consid\u00e9r\u00e9 comme l\u2019un des artistes en vogue de la sc\u00e8ne World Music italienne. \u00c0 son actif d&#8217;importantes exp\u00e9riences live : le Moods de Zurich, le Rudolstad festival en Allemagne, le Festival du Chant de Marin \u00e0 Paimpol (Bretagne), l&#8217;European Jazz Expo de Cagliari, le Ravenna Festival et bien d\u2019autres. Parmi ses rencontres musicales on trouve : Hevia, Carlos N\u00fa\u00f1ez, Bombino, Martin Meissonnier, Francesco de Gregori, Nada, Enzo Avitabile, Eugenio Bennato, Peppe Voltarelli, Riccardo Tesi, Marc Perrone&#8230;Il remporte plusieurs prix, dont le Festival Andrea Parodi 2015 (le plus important prix world music en Italie). Il travaille comme acteur-musicien aux c\u00f4t\u00e9s du l\u00e9gendaire Lindsay Kemp. Son pr\u00e9c\u00e9dent album, sorti en 2015, a re\u00e7u des critiques excellentes, notamment : quatre \u00e9toiles \u00abSonglines\u00bb (UK), top 20 \u00abWorld Music Central\u00bb (Usa) et World Music Charts Europe. Depuis des ann\u00e9es il s&#8217;implique \u00e9galement dans la direction artistique et la programmation des festivals d\u00e9di\u00e9s aux musiques du monde.<\/span><\/p>\n<p><\/p>","protected":false},"excerpt":{"rendered":"<p>Disculpa, pero esta entrada est\u00e1 disponible s\u00f3lo en FR y EN. Giuliano Gabriele&nbsp;r\u00e9v\u00e8lera &nbsp;\u00abBasta! \u00bb son nouvel album \u00e0 l&#8217;occasion de sa sortie le 23 f\u00e9vrier 2024&nbsp;chez Coming MusicArt \/ Inou\u00efe Distribution. Cet opus sera pr\u00e9sent\u00e9&nbsp;&nbsp;le&nbsp;jeudi&nbsp;21 mars 2024&nbsp;sur la sc\u00e8ne&nbsp;du&nbsp;Studio de L&#8217;Ermitage&nbsp;lors d&#8217;un&nbsp;concert de&nbsp;lancement&nbsp;exceptionnel. Rythmes cathartiques du Sud de l&#8217;Italie, dans un album dissident au [&hellip;]<\/p>\n","protected":false},"author":3,"featured_media":40692,"comment_status":"closed","ping_status":"closed","sticky":false,"template":"","format":"standard","meta":{"_acf_changed":false,"footnotes":""},"categories":[1],"tags":[],"class_list":["post-40691","post","type-post","status-publish","format-standard","has-post-thumbnail","hentry","category-non-classe"],"acf":[],"yoast_head":"<!-- This site is optimized with the Yoast SEO plugin v27.4 - https:\/\/yoast.com\/product\/yoast-seo-wordpress\/ -->\n<title>Giuliano Gabriele\u00a0presenta \u00a0&quot;Basta!&quot; - VeevCom<\/title>\n<meta name=\"robots\" content=\"index, follow, max-snippet:-1, max-image-preview:large, max-video-preview:-1\" \/>\n<link rel=\"canonical\" href=\"https:\/\/veevcom.com\/es\/giuliano-gabriele-presente-basta\/\" \/>\n<meta property=\"og:locale\" content=\"es_ES\" \/>\n<meta property=\"og:type\" content=\"article\" \/>\n<meta property=\"og:title\" content=\"Giuliano Gabriele\u00a0presenta \u00a0&quot;Basta!&quot; - VeevCom\" \/>\n<meta property=\"og:description\" content=\"Disculpa, pero esta entrada est\u00e1 disponible s\u00f3lo en FR y EN. Giuliano Gabriele&nbsp;r\u00e9v\u00e8lera &nbsp;\u00abBasta! \u00bb son nouvel album \u00e0 l&#8217;occasion de sa sortie le 23 f\u00e9vrier 2024&nbsp;chez Coming MusicArt \/ Inou\u00efe Distribution. Cet opus sera pr\u00e9sent\u00e9&nbsp;&nbsp;le&nbsp;jeudi&nbsp;21 mars 2024&nbsp;sur la sc\u00e8ne&nbsp;du&nbsp;Studio de L&#8217;Ermitage&nbsp;lors d&#8217;un&nbsp;concert de&nbsp;lancement&nbsp;exceptionnel. Rythmes cathartiques du Sud de l&#8217;Italie, dans un album dissident au [&hellip;]\" \/>\n<meta property=\"og:url\" content=\"https:\/\/veevcom.com\/es\/giuliano-gabriele-presente-basta\/\" \/>\n<meta property=\"og:site_name\" content=\"VeevCom\" \/>\n<meta property=\"article:published_time\" content=\"2023-12-14T16:50:28+00:00\" \/>\n<meta property=\"article:modified_time\" content=\"2023-12-14T16:51:18+00:00\" \/>\n<meta property=\"og:image\" content=\"https:\/\/veevcom.com\/wp-content\/uploads\/2023\/12\/Cover-Album-e-Single-Basta-Giuliano-Gabriele\u00a9Jules-Lahana.jpg\" \/>\n\t<meta property=\"og:image:width\" content=\"1440\" \/>\n\t<meta property=\"og:image:height\" content=\"1440\" \/>\n\t<meta property=\"og:image:type\" content=\"image\/jpeg\" \/>\n<meta name=\"author\" content=\"severine\" \/>\n<meta name=\"twitter:card\" content=\"summary_large_image\" \/>\n<meta name=\"twitter:label1\" content=\"Escrito por\" \/>\n\t<meta name=\"twitter:data1\" content=\"severine\" \/>\n\t<meta name=\"twitter:label2\" content=\"Tiempo de lectura\" \/>\n\t<meta name=\"twitter:data2\" content=\"3 minutos\" \/>\n<script type=\"application\/ld+json\" class=\"yoast-schema-graph\">{\"@context\":\"https:\\\/\\\/schema.org\",\"@graph\":[{\"@type\":\"Article\",\"@id\":\"https:\\\/\\\/veevcom.com\\\/es\\\/giuliano-gabriele-presente-basta\\\/#article\",\"isPartOf\":{\"@id\":\"https:\\\/\\\/veevcom.com\\\/es\\\/giuliano-gabriele-presente-basta\\\/\"},\"author\":{\"name\":\"severine\",\"@id\":\"https:\\\/\\\/veevcom.com\\\/#\\\/schema\\\/person\\\/754f1f5a030d278766b52cf0e0c62e8b\"},\"headline\":\"Giuliano Gabriele\u00a0presenta \u00a0\u00abBasta!\u00bb\",\"datePublished\":\"2023-12-14T16:50:28+00:00\",\"dateModified\":\"2023-12-14T16:51:18+00:00\",\"mainEntityOfPage\":{\"@id\":\"https:\\\/\\\/veevcom.com\\\/es\\\/giuliano-gabriele-presente-basta\\\/\"},\"wordCount\":702,\"image\":{\"@id\":\"https:\\\/\\\/veevcom.com\\\/es\\\/giuliano-gabriele-presente-basta\\\/#primaryimage\"},\"thumbnailUrl\":\"https:\\\/\\\/veevcom.com\\\/wp-content\\\/uploads\\\/2023\\\/12\\\/Cover-Album-e-Single-Basta-Giuliano-Gabriele\u00a9Jules-Lahana.jpg\",\"articleSection\":[\"Actualidad\"],\"inLanguage\":\"es\"},{\"@type\":\"WebPage\",\"@id\":\"https:\\\/\\\/veevcom.com\\\/es\\\/giuliano-gabriele-presente-basta\\\/\",\"url\":\"https:\\\/\\\/veevcom.com\\\/es\\\/giuliano-gabriele-presente-basta\\\/\",\"name\":\"Giuliano Gabriele\u00a0presenta \u00a0\\\"Basta!\\\" - VeevCom\",\"isPartOf\":{\"@id\":\"https:\\\/\\\/veevcom.com\\\/es\\\/#website\"},\"primaryImageOfPage\":{\"@id\":\"https:\\\/\\\/veevcom.com\\\/es\\\/giuliano-gabriele-presente-basta\\\/#primaryimage\"},\"image\":{\"@id\":\"https:\\\/\\\/veevcom.com\\\/es\\\/giuliano-gabriele-presente-basta\\\/#primaryimage\"},\"thumbnailUrl\":\"https:\\\/\\\/veevcom.com\\\/wp-content\\\/uploads\\\/2023\\\/12\\\/Cover-Album-e-Single-Basta-Giuliano-Gabriele\u00a9Jules-Lahana.jpg\",\"datePublished\":\"2023-12-14T16:50:28+00:00\",\"dateModified\":\"2023-12-14T16:51:18+00:00\",\"author\":{\"@id\":\"https:\\\/\\\/veevcom.com\\\/#\\\/schema\\\/person\\\/754f1f5a030d278766b52cf0e0c62e8b\"},\"breadcrumb\":{\"@id\":\"https:\\\/\\\/veevcom.com\\\/es\\\/giuliano-gabriele-presente-basta\\\/#breadcrumb\"},\"inLanguage\":\"es\",\"potentialAction\":[{\"@type\":\"ReadAction\",\"target\":[[\"https:\\\/\\\/veevcom.com\\\/es\\\/giuliano-gabriele-presente-basta\\\/\"]]}]},{\"@type\":\"ImageObject\",\"inLanguage\":\"es\",\"@id\":\"https:\\\/\\\/veevcom.com\\\/es\\\/giuliano-gabriele-presente-basta\\\/#primaryimage\",\"url\":\"https:\\\/\\\/veevcom.com\\\/wp-content\\\/uploads\\\/2023\\\/12\\\/Cover-Album-e-Single-Basta-Giuliano-Gabriele\u00a9Jules-Lahana.jpg\",\"contentUrl\":\"https:\\\/\\\/veevcom.com\\\/wp-content\\\/uploads\\\/2023\\\/12\\\/Cover-Album-e-Single-Basta-Giuliano-Gabriele\u00a9Jules-Lahana.jpg\",\"width\":1440,\"height\":1440},{\"@type\":\"BreadcrumbList\",\"@id\":\"https:\\\/\\\/veevcom.com\\\/es\\\/giuliano-gabriele-presente-basta\\\/#breadcrumb\",\"itemListElement\":[{\"@type\":\"ListItem\",\"position\":1,\"name\":\"Accueil\",\"item\":\"https:\\\/\\\/veevcom.com\\\/es\\\/\"},{\"@type\":\"ListItem\",\"position\":2,\"name\":\"Giuliano Gabriele\u00a0presenta \u00a0\u00abBasta!\u00bb\"}]},{\"@type\":\"WebSite\",\"@id\":\"https:\\\/\\\/veevcom.com\\\/es\\\/#website\",\"url\":\"https:\\\/\\\/veevcom.com\\\/es\\\/\",\"name\":\"VeevCom\",\"description\":\"Public Relations and Communication in the Music Industry\",\"potentialAction\":[{\"@type\":\"SearchAction\",\"target\":{\"@type\":\"EntryPoint\",\"urlTemplate\":\"https:\\\/\\\/veevcom.com\\\/es\\\/?s={search_term_string}\"},\"query-input\":{\"@type\":\"PropertyValueSpecification\",\"valueRequired\":true,\"valueName\":\"search_term_string\"}}],\"inLanguage\":\"es\"},{\"@type\":\"Person\",\"@id\":\"https:\\\/\\\/veevcom.com\\\/#\\\/schema\\\/person\\\/754f1f5a030d278766b52cf0e0c62e8b\",\"name\":\"severine\",\"image\":{\"@type\":\"ImageObject\",\"inLanguage\":\"es\",\"@id\":\"https:\\\/\\\/secure.gravatar.com\\\/avatar\\\/ba307ed472519f403589981b25bf62b4089c1f82b837eaae855dd05633adf22c?s=96&d=mm&r=g\",\"url\":\"https:\\\/\\\/secure.gravatar.com\\\/avatar\\\/ba307ed472519f403589981b25bf62b4089c1f82b837eaae855dd05633adf22c?s=96&d=mm&r=g\",\"contentUrl\":\"https:\\\/\\\/secure.gravatar.com\\\/avatar\\\/ba307ed472519f403589981b25bf62b4089c1f82b837eaae855dd05633adf22c?s=96&d=mm&r=g\",\"caption\":\"severine\"}}]}<\/script>\n<!-- \/ Yoast SEO plugin. -->","yoast_head_json":{"title":"Giuliano Gabriele\u00a0presenta \u00a0\"Basta!\" - VeevCom","robots":{"index":"index","follow":"follow","max-snippet":"max-snippet:-1","max-image-preview":"max-image-preview:large","max-video-preview":"max-video-preview:-1"},"canonical":"https:\/\/veevcom.com\/es\/giuliano-gabriele-presente-basta\/","og_locale":"es_ES","og_type":"article","og_title":"Giuliano Gabriele\u00a0presenta \u00a0\"Basta!\" - VeevCom","og_description":"Disculpa, pero esta entrada est\u00e1 disponible s\u00f3lo en FR y EN. Giuliano Gabriele&nbsp;r\u00e9v\u00e8lera &nbsp;\u00abBasta! \u00bb son nouvel album \u00e0 l&#8217;occasion de sa sortie le 23 f\u00e9vrier 2024&nbsp;chez Coming MusicArt \/ Inou\u00efe Distribution. Cet opus sera pr\u00e9sent\u00e9&nbsp;&nbsp;le&nbsp;jeudi&nbsp;21 mars 2024&nbsp;sur la sc\u00e8ne&nbsp;du&nbsp;Studio de L&#8217;Ermitage&nbsp;lors d&#8217;un&nbsp;concert de&nbsp;lancement&nbsp;exceptionnel. Rythmes cathartiques du Sud de l&#8217;Italie, dans un album dissident au [&hellip;]","og_url":"https:\/\/veevcom.com\/es\/giuliano-gabriele-presente-basta\/","og_site_name":"VeevCom","article_published_time":"2023-12-14T16:50:28+00:00","article_modified_time":"2023-12-14T16:51:18+00:00","og_image":[{"width":1440,"height":1440,"url":"https:\/\/veevcom.com\/wp-content\/uploads\/2023\/12\/Cover-Album-e-Single-Basta-Giuliano-Gabriele\u00a9Jules-Lahana.jpg","type":"image\/jpeg"}],"author":"severine","twitter_card":"summary_large_image","twitter_misc":{"Escrito por":"severine","Tiempo de lectura":"3 minutos"},"schema":{"@context":"https:\/\/schema.org","@graph":[{"@type":"Article","@id":"https:\/\/veevcom.com\/es\/giuliano-gabriele-presente-basta\/#article","isPartOf":{"@id":"https:\/\/veevcom.com\/es\/giuliano-gabriele-presente-basta\/"},"author":{"name":"severine","@id":"https:\/\/veevcom.com\/#\/schema\/person\/754f1f5a030d278766b52cf0e0c62e8b"},"headline":"Giuliano Gabriele\u00a0presenta \u00a0\u00abBasta!\u00bb","datePublished":"2023-12-14T16:50:28+00:00","dateModified":"2023-12-14T16:51:18+00:00","mainEntityOfPage":{"@id":"https:\/\/veevcom.com\/es\/giuliano-gabriele-presente-basta\/"},"wordCount":702,"image":{"@id":"https:\/\/veevcom.com\/es\/giuliano-gabriele-presente-basta\/#primaryimage"},"thumbnailUrl":"https:\/\/veevcom.com\/wp-content\/uploads\/2023\/12\/Cover-Album-e-Single-Basta-Giuliano-Gabriele\u00a9Jules-Lahana.jpg","articleSection":["Actualidad"],"inLanguage":"es"},{"@type":"WebPage","@id":"https:\/\/veevcom.com\/es\/giuliano-gabriele-presente-basta\/","url":"https:\/\/veevcom.com\/es\/giuliano-gabriele-presente-basta\/","name":"Giuliano Gabriele\u00a0presenta \u00a0\"Basta!\" - VeevCom","isPartOf":{"@id":"https:\/\/veevcom.com\/es\/#website"},"primaryImageOfPage":{"@id":"https:\/\/veevcom.com\/es\/giuliano-gabriele-presente-basta\/#primaryimage"},"image":{"@id":"https:\/\/veevcom.com\/es\/giuliano-gabriele-presente-basta\/#primaryimage"},"thumbnailUrl":"https:\/\/veevcom.com\/wp-content\/uploads\/2023\/12\/Cover-Album-e-Single-Basta-Giuliano-Gabriele\u00a9Jules-Lahana.jpg","datePublished":"2023-12-14T16:50:28+00:00","dateModified":"2023-12-14T16:51:18+00:00","author":{"@id":"https:\/\/veevcom.com\/#\/schema\/person\/754f1f5a030d278766b52cf0e0c62e8b"},"breadcrumb":{"@id":"https:\/\/veevcom.com\/es\/giuliano-gabriele-presente-basta\/#breadcrumb"},"inLanguage":"es","potentialAction":[{"@type":"ReadAction","target":[["https:\/\/veevcom.com\/es\/giuliano-gabriele-presente-basta\/"]]}]},{"@type":"ImageObject","inLanguage":"es","@id":"https:\/\/veevcom.com\/es\/giuliano-gabriele-presente-basta\/#primaryimage","url":"https:\/\/veevcom.com\/wp-content\/uploads\/2023\/12\/Cover-Album-e-Single-Basta-Giuliano-Gabriele\u00a9Jules-Lahana.jpg","contentUrl":"https:\/\/veevcom.com\/wp-content\/uploads\/2023\/12\/Cover-Album-e-Single-Basta-Giuliano-Gabriele\u00a9Jules-Lahana.jpg","width":1440,"height":1440},{"@type":"BreadcrumbList","@id":"https:\/\/veevcom.com\/es\/giuliano-gabriele-presente-basta\/#breadcrumb","itemListElement":[{"@type":"ListItem","position":1,"name":"Accueil","item":"https:\/\/veevcom.com\/es\/"},{"@type":"ListItem","position":2,"name":"Giuliano Gabriele\u00a0presenta \u00a0\u00abBasta!\u00bb"}]},{"@type":"WebSite","@id":"https:\/\/veevcom.com\/es\/#website","url":"https:\/\/veevcom.com\/es\/","name":"VeevCom","description":"Public Relations and Communication in the Music Industry","potentialAction":[{"@type":"SearchAction","target":{"@type":"EntryPoint","urlTemplate":"https:\/\/veevcom.com\/es\/?s={search_term_string}"},"query-input":{"@type":"PropertyValueSpecification","valueRequired":true,"valueName":"search_term_string"}}],"inLanguage":"es"},{"@type":"Person","@id":"https:\/\/veevcom.com\/#\/schema\/person\/754f1f5a030d278766b52cf0e0c62e8b","name":"severine","image":{"@type":"ImageObject","inLanguage":"es","@id":"https:\/\/secure.gravatar.com\/avatar\/ba307ed472519f403589981b25bf62b4089c1f82b837eaae855dd05633adf22c?s=96&d=mm&r=g","url":"https:\/\/secure.gravatar.com\/avatar\/ba307ed472519f403589981b25bf62b4089c1f82b837eaae855dd05633adf22c?s=96&d=mm&r=g","contentUrl":"https:\/\/secure.gravatar.com\/avatar\/ba307ed472519f403589981b25bf62b4089c1f82b837eaae855dd05633adf22c?s=96&d=mm&r=g","caption":"severine"}}]}},"_links":{"self":[{"href":"https:\/\/veevcom.com\/es\/wp-json\/wp\/v2\/posts\/40691","targetHints":{"allow":["GET"]}}],"collection":[{"href":"https:\/\/veevcom.com\/es\/wp-json\/wp\/v2\/posts"}],"about":[{"href":"https:\/\/veevcom.com\/es\/wp-json\/wp\/v2\/types\/post"}],"author":[{"embeddable":true,"href":"https:\/\/veevcom.com\/es\/wp-json\/wp\/v2\/users\/3"}],"replies":[{"embeddable":true,"href":"https:\/\/veevcom.com\/es\/wp-json\/wp\/v2\/comments?post=40691"}],"version-history":[{"count":2,"href":"https:\/\/veevcom.com\/es\/wp-json\/wp\/v2\/posts\/40691\/revisions"}],"predecessor-version":[{"id":40694,"href":"https:\/\/veevcom.com\/es\/wp-json\/wp\/v2\/posts\/40691\/revisions\/40694"}],"wp:featuredmedia":[{"embeddable":true,"href":"https:\/\/veevcom.com\/es\/wp-json\/wp\/v2\/media\/40692"}],"wp:attachment":[{"href":"https:\/\/veevcom.com\/es\/wp-json\/wp\/v2\/media?parent=40691"}],"wp:term":[{"taxonomy":"category","embeddable":true,"href":"https:\/\/veevcom.com\/es\/wp-json\/wp\/v2\/categories?post=40691"},{"taxonomy":"post_tag","embeddable":true,"href":"https:\/\/veevcom.com\/es\/wp-json\/wp\/v2\/tags?post=40691"}],"curies":[{"name":"wp","href":"https:\/\/api.w.org\/{rel}","templated":true}]}}