{"id":40663,"date":"2023-11-14T12:48:06","date_gmt":"2023-11-14T11:48:06","guid":{"rendered":"https:\/\/veevcom.com\/?p=40663"},"modified":"2023-11-14T14:53:19","modified_gmt":"2023-11-14T13:53:19","slug":"gwendoline-absalon-presente-kif-kif-featuring-pixl","status":"publish","type":"post","link":"https:\/\/veevcom.com\/es\/gwendoline-absalon-presente-kif-kif-featuring-pixl\/","title":{"rendered":"Gwendoline Absalon presenta \u00abKIF-KIF\u00bb con Pix\u2019L"},"content":{"rendered":"<p class=\"qtranxs-available-languages-message qtranxs-available-languages-message-es\">Disculpa, pero esta entrada est\u00e1 disponible s\u00f3lo en <a href=\"https:\/\/veevcom.com\/fr\/wp-json\/wp\/v2\/posts\/40663\" class=\"qtranxs-available-language-link qtranxs-available-language-link-fr\" title=\"FR\">FR<\/a> y <a href=\"https:\/\/veevcom.com\/en\/wp-json\/wp\/v2\/posts\/40663\" class=\"qtranxs-available-language-link qtranxs-available-language-link-en\" title=\"EN\">EN<\/a>.<\/p><p><strong>Gwendoline Absalon<\/strong> r\u00e9v\u00e8lera \u00ab<strong> KIF-KIF<\/strong> \u00bb&nbsp;son nouveau single et clip (sign\u00e9 <strong>Allison Gran<\/strong>) \u00e0 l&#8217;occasion de sa sortie le <strong>15 novembre 2023<\/strong> chez <strong>Ting Bang \/ Inou\u00efe Distribution<\/strong>.<\/p>\n<p>Compos\u00e9 par la chanteuse et interpr\u00e9t\u00e9 avec cette voix toujours aussi envoutante, le morceau s&#8217;est enrichi d&#8217;un featuring du chanteur r\u00e9unionnais <strong>Pix&#8217;L<\/strong>. Les deux artistes \u00e9voluent dans des univers diff\u00e9rents : lui, les musiques urbaines, elle, les musiques du monde mais tous deux sont des enfants du maloya.<\/p>\n<p><strong>KIF-KIF, le single<\/strong><br \/>\nInt\u00e9gr\u00e9e depuis longtemps dans le langage francophone courant, cette expression d\u2019origine arabe donne le ton au nouveau single de la chanteuse r\u00e9unionnaise <strong>Gwendoline Absalon<\/strong>. Mais attention, elle y met plus de sens encore ! Donner chacun sa part \u00e0 l\u2019autre et un peu plus si \u00e7a peut am\u00e9liorer son chez-soi, son entourage, l\u2019humanit\u00e9 ! Puis&#8230; Kiffer, avec deux f cette fois, avoir conscience de sa place dans le monde, la prendre sans avoir peur&#8230;<\/p>\n<p>Voici en substance le nouveau message merveilleusement port\u00e9 par <strong>Gwendoline Absalon<\/strong>, apr\u00e8s la sortie de son 2e album <strong>Vangasay<\/strong> (TING BANG\/L\u2019Autre Distribution) qui a fait d\u2019elle une des figures majeures de la sc\u00e8ne r\u00e9unionnaise. Compos\u00e9 par la chanteuse et interpr\u00e9t\u00e9 avec cette voix toujours aussi envoutante, le morceau s&#8217;est enrichi d&#8217;un featuring du chanteur r\u00e9unionnais<br \/>\n<strong>Pix&#8217;L<\/strong>. Les deux artistes \u00e9voluent dans des univers diff\u00e9rents : lui, les musiques urbaines, elle, les musiques du monde mais tous deux sont des enfants du maloya. Appr\u00e9ciant r\u00e9ciproquement la carri\u00e8re de l\u2019autre, ils se sont retrouv\u00e9s sur sc\u00e8ne de fa\u00e7on inattendue en m\u00e9tropole et Gwendoline a partag\u00e9 la sc\u00e8ne de <strong>Pix\u2019L<\/strong> fin 2022 au Teat Champ fleuri (La R\u00e9union). Dans <strong>KIF-KIF<\/strong>,<br \/>\nla voix de Pix\u2019L surgit soudain, absolument magistrale, pour un duo d\u00e9tonant, qu\u2019a imagin\u00e9 l\u2019arrangeur-r\u00e9alisateur de Gwendoline, le pianiste <strong>Herv\u00e9 Celcal<\/strong>. <strong>KIF-KIF<\/strong> est alors un single complet, charg\u00e9 d\u2019une histoire forte et qui invite irr\u00e9sistiblement \u00e0 la danse.<\/p>\n<p><strong>KIF-KIF, le clip<\/strong><br \/>\nLe clip <strong>KIF-KIF<\/strong>, r\u00e9alis\u00e9 \u00e0 la R\u00e9union par<strong> Allison Gran<\/strong>, a \u00e9t\u00e9 imagin\u00e9 et \u00e9crit dans les moindres d\u00e9tails par <strong>Gwendoline Absalon<\/strong> pour donner \u00e0 voir des couleurs (rouge, marron, jaune, terra cotta et m\u00e9langes de mati\u00e8res qui rappellent toutes les origines) et des attitudes symboliques, des pas de danse et des objets (un sari indien familial, des lances et des bijoux keynians, les s\u00e9zis : nates de vacoa malgaches), en relation avec un texte m\u00fbri en 2021, lors d\u2019un voyage au Cap Vert. En tourn\u00e9e l\u00e0-bas, Gwendoline \u00e9crit ce qui deviendra <strong>KIF-KIF<\/strong> en quasi \u00e9tat de choc. Elle y a d\u00e9couvert Cidade Velha (ex-Ribeira Grande) et sa forteresse o\u00f9 \u00e9taient enferm\u00e9s les futurs esclaves avant la grande travers\u00e9e. \u00ab Nous sortons tous de cette forteresse, mais avant tout des cases en terre de l\u2019Afrique \u00bb dit la chanteuse cr\u00e9ole qui rend \u00e0 nouveau un fier hommage \u00e0 ses anc\u00eatres africains, malgaches, indiens. \u00ab La nout kaz, zot i kon\u00e9 d\u00e9za marmay, sa la \u00bb (L\u00e0 c&#8217;est notre maison, cela vous le savez d\u00e9j\u00e0 \u00ab les enfants \u00bb). Son cr\u00e9ole, une fois de plus, puise dans toutes les cultures.<\/p>","protected":false},"excerpt":{"rendered":"<p>Disculpa, pero esta entrada est\u00e1 disponible s\u00f3lo en FR y EN.Gwendoline Absalon r\u00e9v\u00e8lera \u00ab KIF-KIF \u00bb&nbsp;son nouveau single et clip (sign\u00e9 Allison Gran) \u00e0 l&#8217;occasion de sa sortie le 15 novembre 2023 chez Ting Bang \/ Inou\u00efe Distribution. Compos\u00e9 par la chanteuse et interpr\u00e9t\u00e9 avec cette voix toujours aussi envoutante, le morceau s&#8217;est enrichi d&#8217;un [&hellip;]<\/p>\n","protected":false},"author":3,"featured_media":40664,"comment_status":"closed","ping_status":"closed","sticky":false,"template":"","format":"standard","meta":{"_acf_changed":false,"footnotes":""},"categories":[1],"tags":[],"class_list":["post-40663","post","type-post","status-publish","format-standard","has-post-thumbnail","hentry","category-non-classe"],"acf":[],"yoast_head":"<!-- This site is optimized with the Yoast SEO plugin v27.4 - https:\/\/yoast.com\/product\/yoast-seo-wordpress\/ -->\n<title>Gwendoline Absalon presenta \u00abKIF-KIF\u00bb con Pix\u2019L - VeevCom<\/title>\n<meta name=\"robots\" content=\"index, follow, max-snippet:-1, max-image-preview:large, max-video-preview:-1\" \/>\n<link rel=\"canonical\" href=\"https:\/\/veevcom.com\/es\/gwendoline-absalon-presente-kif-kif-featuring-pixl\/\" \/>\n<meta property=\"og:locale\" content=\"es_ES\" \/>\n<meta property=\"og:type\" content=\"article\" \/>\n<meta property=\"og:title\" content=\"Gwendoline Absalon presenta \u00abKIF-KIF\u00bb con Pix\u2019L - VeevCom\" \/>\n<meta property=\"og:description\" content=\"Disculpa, pero esta entrada est\u00e1 disponible s\u00f3lo en FR y EN.Gwendoline Absalon r\u00e9v\u00e8lera \u00ab KIF-KIF \u00bb&nbsp;son nouveau single et clip (sign\u00e9 Allison Gran) \u00e0 l&#8217;occasion de sa sortie le 15 novembre 2023 chez Ting Bang \/ Inou\u00efe Distribution. Compos\u00e9 par la chanteuse et interpr\u00e9t\u00e9 avec cette voix toujours aussi envoutante, le morceau s&#8217;est enrichi d&#8217;un [&hellip;]\" \/>\n<meta property=\"og:url\" content=\"https:\/\/veevcom.com\/es\/gwendoline-absalon-presente-kif-kif-featuring-pixl\/\" \/>\n<meta property=\"og:site_name\" content=\"VeevCom\" \/>\n<meta property=\"article:published_time\" content=\"2023-11-14T11:48:06+00:00\" \/>\n<meta property=\"article:modified_time\" content=\"2023-11-14T13:53:19+00:00\" \/>\n<meta property=\"og:image\" content=\"https:\/\/veevcom.com\/wp-content\/uploads\/2023\/11\/Cover-2-Kif-Kif\u00a9Allison-Gran-1024x896.jpg\" \/>\n\t<meta property=\"og:image:width\" content=\"1024\" \/>\n\t<meta property=\"og:image:height\" content=\"896\" \/>\n\t<meta property=\"og:image:type\" content=\"image\/jpeg\" \/>\n<meta name=\"author\" content=\"severine\" \/>\n<meta name=\"twitter:card\" content=\"summary_large_image\" \/>\n<meta name=\"twitter:label1\" content=\"Escrito por\" \/>\n\t<meta name=\"twitter:data1\" content=\"severine\" \/>\n\t<meta name=\"twitter:label2\" content=\"Tiempo de lectura\" \/>\n\t<meta name=\"twitter:data2\" content=\"6 minutos\" \/>\n<script type=\"application\/ld+json\" class=\"yoast-schema-graph\">{\"@context\":\"https:\\\/\\\/schema.org\",\"@graph\":[{\"@type\":\"Article\",\"@id\":\"https:\\\/\\\/veevcom.com\\\/es\\\/gwendoline-absalon-presente-kif-kif-featuring-pixl\\\/#article\",\"isPartOf\":{\"@id\":\"https:\\\/\\\/veevcom.com\\\/es\\\/gwendoline-absalon-presente-kif-kif-featuring-pixl\\\/\"},\"author\":{\"name\":\"severine\",\"@id\":\"https:\\\/\\\/veevcom.com\\\/#\\\/schema\\\/person\\\/754f1f5a030d278766b52cf0e0c62e8b\"},\"headline\":\"Gwendoline Absalon presenta \u00abKIF-KIF\u00bb con Pix\u2019L\",\"datePublished\":\"2023-11-14T11:48:06+00:00\",\"dateModified\":\"2023-11-14T13:53:19+00:00\",\"mainEntityOfPage\":{\"@id\":\"https:\\\/\\\/veevcom.com\\\/es\\\/gwendoline-absalon-presente-kif-kif-featuring-pixl\\\/\"},\"wordCount\":1310,\"image\":{\"@id\":\"https:\\\/\\\/veevcom.com\\\/es\\\/gwendoline-absalon-presente-kif-kif-featuring-pixl\\\/#primaryimage\"},\"thumbnailUrl\":\"https:\\\/\\\/veevcom.com\\\/wp-content\\\/uploads\\\/2023\\\/11\\\/Cover-2-Kif-Kif\u00a9Allison-Gran.jpg\",\"articleSection\":[\"Actualidad\"],\"inLanguage\":\"es\"},{\"@type\":\"WebPage\",\"@id\":\"https:\\\/\\\/veevcom.com\\\/es\\\/gwendoline-absalon-presente-kif-kif-featuring-pixl\\\/\",\"url\":\"https:\\\/\\\/veevcom.com\\\/es\\\/gwendoline-absalon-presente-kif-kif-featuring-pixl\\\/\",\"name\":\"Gwendoline Absalon presenta \u00abKIF-KIF\u00bb con Pix\u2019L - VeevCom\",\"isPartOf\":{\"@id\":\"https:\\\/\\\/veevcom.com\\\/es\\\/#website\"},\"primaryImageOfPage\":{\"@id\":\"https:\\\/\\\/veevcom.com\\\/es\\\/gwendoline-absalon-presente-kif-kif-featuring-pixl\\\/#primaryimage\"},\"image\":{\"@id\":\"https:\\\/\\\/veevcom.com\\\/es\\\/gwendoline-absalon-presente-kif-kif-featuring-pixl\\\/#primaryimage\"},\"thumbnailUrl\":\"https:\\\/\\\/veevcom.com\\\/wp-content\\\/uploads\\\/2023\\\/11\\\/Cover-2-Kif-Kif\u00a9Allison-Gran.jpg\",\"datePublished\":\"2023-11-14T11:48:06+00:00\",\"dateModified\":\"2023-11-14T13:53:19+00:00\",\"author\":{\"@id\":\"https:\\\/\\\/veevcom.com\\\/#\\\/schema\\\/person\\\/754f1f5a030d278766b52cf0e0c62e8b\"},\"breadcrumb\":{\"@id\":\"https:\\\/\\\/veevcom.com\\\/es\\\/gwendoline-absalon-presente-kif-kif-featuring-pixl\\\/#breadcrumb\"},\"inLanguage\":\"es\",\"potentialAction\":[{\"@type\":\"ReadAction\",\"target\":[[\"https:\\\/\\\/veevcom.com\\\/es\\\/gwendoline-absalon-presente-kif-kif-featuring-pixl\\\/\"]]}]},{\"@type\":\"ImageObject\",\"inLanguage\":\"es\",\"@id\":\"https:\\\/\\\/veevcom.com\\\/es\\\/gwendoline-absalon-presente-kif-kif-featuring-pixl\\\/#primaryimage\",\"url\":\"https:\\\/\\\/veevcom.com\\\/wp-content\\\/uploads\\\/2023\\\/11\\\/Cover-2-Kif-Kif\u00a9Allison-Gran.jpg\",\"contentUrl\":\"https:\\\/\\\/veevcom.com\\\/wp-content\\\/uploads\\\/2023\\\/11\\\/Cover-2-Kif-Kif\u00a9Allison-Gran.jpg\",\"width\":2364,\"height\":2068},{\"@type\":\"BreadcrumbList\",\"@id\":\"https:\\\/\\\/veevcom.com\\\/es\\\/gwendoline-absalon-presente-kif-kif-featuring-pixl\\\/#breadcrumb\",\"itemListElement\":[{\"@type\":\"ListItem\",\"position\":1,\"name\":\"Accueil\",\"item\":\"https:\\\/\\\/veevcom.com\\\/es\\\/\"},{\"@type\":\"ListItem\",\"position\":2,\"name\":\"Gwendoline Absalon presenta \u00abKIF-KIF\u00bb con Pix\u2019L\"}]},{\"@type\":\"WebSite\",\"@id\":\"https:\\\/\\\/veevcom.com\\\/es\\\/#website\",\"url\":\"https:\\\/\\\/veevcom.com\\\/es\\\/\",\"name\":\"VeevCom\",\"description\":\"Public Relations and Communication in the Music Industry\",\"potentialAction\":[{\"@type\":\"SearchAction\",\"target\":{\"@type\":\"EntryPoint\",\"urlTemplate\":\"https:\\\/\\\/veevcom.com\\\/es\\\/?s={search_term_string}\"},\"query-input\":{\"@type\":\"PropertyValueSpecification\",\"valueRequired\":true,\"valueName\":\"search_term_string\"}}],\"inLanguage\":\"es\"},{\"@type\":\"Person\",\"@id\":\"https:\\\/\\\/veevcom.com\\\/#\\\/schema\\\/person\\\/754f1f5a030d278766b52cf0e0c62e8b\",\"name\":\"severine\",\"image\":{\"@type\":\"ImageObject\",\"inLanguage\":\"es\",\"@id\":\"https:\\\/\\\/secure.gravatar.com\\\/avatar\\\/ba307ed472519f403589981b25bf62b4089c1f82b837eaae855dd05633adf22c?s=96&d=mm&r=g\",\"url\":\"https:\\\/\\\/secure.gravatar.com\\\/avatar\\\/ba307ed472519f403589981b25bf62b4089c1f82b837eaae855dd05633adf22c?s=96&d=mm&r=g\",\"contentUrl\":\"https:\\\/\\\/secure.gravatar.com\\\/avatar\\\/ba307ed472519f403589981b25bf62b4089c1f82b837eaae855dd05633adf22c?s=96&d=mm&r=g\",\"caption\":\"severine\"}}]}<\/script>\n<!-- \/ Yoast SEO plugin. -->","yoast_head_json":{"title":"Gwendoline Absalon presenta \u00abKIF-KIF\u00bb con Pix\u2019L - VeevCom","robots":{"index":"index","follow":"follow","max-snippet":"max-snippet:-1","max-image-preview":"max-image-preview:large","max-video-preview":"max-video-preview:-1"},"canonical":"https:\/\/veevcom.com\/es\/gwendoline-absalon-presente-kif-kif-featuring-pixl\/","og_locale":"es_ES","og_type":"article","og_title":"Gwendoline Absalon presenta \u00abKIF-KIF\u00bb con Pix\u2019L - VeevCom","og_description":"Disculpa, pero esta entrada est\u00e1 disponible s\u00f3lo en FR y EN.Gwendoline Absalon r\u00e9v\u00e8lera \u00ab KIF-KIF \u00bb&nbsp;son nouveau single et clip (sign\u00e9 Allison Gran) \u00e0 l&#8217;occasion de sa sortie le 15 novembre 2023 chez Ting Bang \/ Inou\u00efe Distribution. Compos\u00e9 par la chanteuse et interpr\u00e9t\u00e9 avec cette voix toujours aussi envoutante, le morceau s&#8217;est enrichi d&#8217;un [&hellip;]","og_url":"https:\/\/veevcom.com\/es\/gwendoline-absalon-presente-kif-kif-featuring-pixl\/","og_site_name":"VeevCom","article_published_time":"2023-11-14T11:48:06+00:00","article_modified_time":"2023-11-14T13:53:19+00:00","og_image":[{"width":1024,"height":896,"url":"https:\/\/veevcom.com\/wp-content\/uploads\/2023\/11\/Cover-2-Kif-Kif\u00a9Allison-Gran-1024x896.jpg","type":"image\/jpeg"}],"author":"severine","twitter_card":"summary_large_image","twitter_misc":{"Escrito por":"severine","Tiempo de lectura":"6 minutos"},"schema":{"@context":"https:\/\/schema.org","@graph":[{"@type":"Article","@id":"https:\/\/veevcom.com\/es\/gwendoline-absalon-presente-kif-kif-featuring-pixl\/#article","isPartOf":{"@id":"https:\/\/veevcom.com\/es\/gwendoline-absalon-presente-kif-kif-featuring-pixl\/"},"author":{"name":"severine","@id":"https:\/\/veevcom.com\/#\/schema\/person\/754f1f5a030d278766b52cf0e0c62e8b"},"headline":"Gwendoline Absalon presenta \u00abKIF-KIF\u00bb con Pix\u2019L","datePublished":"2023-11-14T11:48:06+00:00","dateModified":"2023-11-14T13:53:19+00:00","mainEntityOfPage":{"@id":"https:\/\/veevcom.com\/es\/gwendoline-absalon-presente-kif-kif-featuring-pixl\/"},"wordCount":1310,"image":{"@id":"https:\/\/veevcom.com\/es\/gwendoline-absalon-presente-kif-kif-featuring-pixl\/#primaryimage"},"thumbnailUrl":"https:\/\/veevcom.com\/wp-content\/uploads\/2023\/11\/Cover-2-Kif-Kif\u00a9Allison-Gran.jpg","articleSection":["Actualidad"],"inLanguage":"es"},{"@type":"WebPage","@id":"https:\/\/veevcom.com\/es\/gwendoline-absalon-presente-kif-kif-featuring-pixl\/","url":"https:\/\/veevcom.com\/es\/gwendoline-absalon-presente-kif-kif-featuring-pixl\/","name":"Gwendoline Absalon presenta \u00abKIF-KIF\u00bb con Pix\u2019L - VeevCom","isPartOf":{"@id":"https:\/\/veevcom.com\/es\/#website"},"primaryImageOfPage":{"@id":"https:\/\/veevcom.com\/es\/gwendoline-absalon-presente-kif-kif-featuring-pixl\/#primaryimage"},"image":{"@id":"https:\/\/veevcom.com\/es\/gwendoline-absalon-presente-kif-kif-featuring-pixl\/#primaryimage"},"thumbnailUrl":"https:\/\/veevcom.com\/wp-content\/uploads\/2023\/11\/Cover-2-Kif-Kif\u00a9Allison-Gran.jpg","datePublished":"2023-11-14T11:48:06+00:00","dateModified":"2023-11-14T13:53:19+00:00","author":{"@id":"https:\/\/veevcom.com\/#\/schema\/person\/754f1f5a030d278766b52cf0e0c62e8b"},"breadcrumb":{"@id":"https:\/\/veevcom.com\/es\/gwendoline-absalon-presente-kif-kif-featuring-pixl\/#breadcrumb"},"inLanguage":"es","potentialAction":[{"@type":"ReadAction","target":[["https:\/\/veevcom.com\/es\/gwendoline-absalon-presente-kif-kif-featuring-pixl\/"]]}]},{"@type":"ImageObject","inLanguage":"es","@id":"https:\/\/veevcom.com\/es\/gwendoline-absalon-presente-kif-kif-featuring-pixl\/#primaryimage","url":"https:\/\/veevcom.com\/wp-content\/uploads\/2023\/11\/Cover-2-Kif-Kif\u00a9Allison-Gran.jpg","contentUrl":"https:\/\/veevcom.com\/wp-content\/uploads\/2023\/11\/Cover-2-Kif-Kif\u00a9Allison-Gran.jpg","width":2364,"height":2068},{"@type":"BreadcrumbList","@id":"https:\/\/veevcom.com\/es\/gwendoline-absalon-presente-kif-kif-featuring-pixl\/#breadcrumb","itemListElement":[{"@type":"ListItem","position":1,"name":"Accueil","item":"https:\/\/veevcom.com\/es\/"},{"@type":"ListItem","position":2,"name":"Gwendoline Absalon presenta \u00abKIF-KIF\u00bb con Pix\u2019L"}]},{"@type":"WebSite","@id":"https:\/\/veevcom.com\/es\/#website","url":"https:\/\/veevcom.com\/es\/","name":"VeevCom","description":"Public Relations and Communication in the Music Industry","potentialAction":[{"@type":"SearchAction","target":{"@type":"EntryPoint","urlTemplate":"https:\/\/veevcom.com\/es\/?s={search_term_string}"},"query-input":{"@type":"PropertyValueSpecification","valueRequired":true,"valueName":"search_term_string"}}],"inLanguage":"es"},{"@type":"Person","@id":"https:\/\/veevcom.com\/#\/schema\/person\/754f1f5a030d278766b52cf0e0c62e8b","name":"severine","image":{"@type":"ImageObject","inLanguage":"es","@id":"https:\/\/secure.gravatar.com\/avatar\/ba307ed472519f403589981b25bf62b4089c1f82b837eaae855dd05633adf22c?s=96&d=mm&r=g","url":"https:\/\/secure.gravatar.com\/avatar\/ba307ed472519f403589981b25bf62b4089c1f82b837eaae855dd05633adf22c?s=96&d=mm&r=g","contentUrl":"https:\/\/secure.gravatar.com\/avatar\/ba307ed472519f403589981b25bf62b4089c1f82b837eaae855dd05633adf22c?s=96&d=mm&r=g","caption":"severine"}}]}},"_links":{"self":[{"href":"https:\/\/veevcom.com\/es\/wp-json\/wp\/v2\/posts\/40663","targetHints":{"allow":["GET"]}}],"collection":[{"href":"https:\/\/veevcom.com\/es\/wp-json\/wp\/v2\/posts"}],"about":[{"href":"https:\/\/veevcom.com\/es\/wp-json\/wp\/v2\/types\/post"}],"author":[{"embeddable":true,"href":"https:\/\/veevcom.com\/es\/wp-json\/wp\/v2\/users\/3"}],"replies":[{"embeddable":true,"href":"https:\/\/veevcom.com\/es\/wp-json\/wp\/v2\/comments?post=40663"}],"version-history":[{"count":2,"href":"https:\/\/veevcom.com\/es\/wp-json\/wp\/v2\/posts\/40663\/revisions"}],"predecessor-version":[{"id":40668,"href":"https:\/\/veevcom.com\/es\/wp-json\/wp\/v2\/posts\/40663\/revisions\/40668"}],"wp:featuredmedia":[{"embeddable":true,"href":"https:\/\/veevcom.com\/es\/wp-json\/wp\/v2\/media\/40664"}],"wp:attachment":[{"href":"https:\/\/veevcom.com\/es\/wp-json\/wp\/v2\/media?parent=40663"}],"wp:term":[{"taxonomy":"category","embeddable":true,"href":"https:\/\/veevcom.com\/es\/wp-json\/wp\/v2\/categories?post=40663"},{"taxonomy":"post_tag","embeddable":true,"href":"https:\/\/veevcom.com\/es\/wp-json\/wp\/v2\/tags?post=40663"}],"curies":[{"name":"wp","href":"https:\/\/api.w.org\/{rel}","templated":true}]}}