{"id":29913,"date":"2023-09-01T17:07:20","date_gmt":"2023-09-01T15:07:20","guid":{"rendered":"https:\/\/veevcom.com\/?p=29913"},"modified":"2023-09-01T17:07:51","modified_gmt":"2023-09-01T15:07:51","slug":"amin-al-aiedy-presente-shams","status":"publish","type":"post","link":"https:\/\/veevcom.com\/es\/amin-al-aiedy-presente-shams\/","title":{"rendered":"Amin Al Aiedy presenta \u00ab Shams \u00bb"},"content":{"rendered":"<p class=\"qtranxs-available-languages-message qtranxs-available-languages-message-es\">Disculpa, pero esta entrada est\u00e1 disponible s\u00f3lo en <a href=\"https:\/\/veevcom.com\/fr\/wp-json\/wp\/v2\/posts\/29913\" class=\"qtranxs-available-language-link qtranxs-available-language-link-fr\" title=\"FR\">FR<\/a> y <a href=\"https:\/\/veevcom.com\/en\/wp-json\/wp\/v2\/posts\/29913\" class=\"qtranxs-available-language-link qtranxs-available-language-link-en\" title=\"EN\">EN<\/a>.<\/p><p><\/p>\n<p class=\"p1\"><span class=\"s1\"><strong>Amin Al Aiedy<\/strong> r\u00e9v\u00e8lera \u00ab <strong>Shams <\/strong>\u00bb&nbsp;son nouvel album \u00e0 l&#8217;occasion de sa sortie le <strong>17 novembre 2023<\/strong> en <strong>CD,<\/strong> <strong>vinyle<\/strong> et <strong>digital<\/strong> chez <strong>Musiques en Balade<\/strong> \/ <strong>InOu\u00efe Distribution<\/strong>. Cet opus sera pr\u00e9sent\u00e9 en quartet le <strong>jeudi 30 novembre 2023<\/strong> \u00e0 <strong>20h00<\/strong> (ouvertures des portes \u00e0 19h30) sur la sc\u00e8ne du <strong>360 Paris Music Factory<\/strong> lors d&#8217;un concert de lancement exceptionnel.<\/span><\/p>\n<p class=\"p1\"><span class=\"s1\">L&#8217;artiste pr\u00e9sentera \u00e9galement son album sur la sc\u00e8ne du <strong>P\u00e9riscope<\/strong> \u00e0 <strong>Lyon<\/strong> le <strong>mercredi 22 novembre 2023<\/strong>.<\/span><\/p>\n<p class=\"p1\"><span class=\"s1\">\u00ab SHAMS est une all\u00e9gorie de cette r\u00e9gion du monde qui me fascine : Balad al Sham&nbsp; \u00abPays du Soleil\u00bb qui correspond au Levant ou Moyen-Orient. Je me suis librement inspir\u00e9 de cette culture riche et solaire pour tenter de r\u00e9aliser une musique aussi lumineuse que possible. \u00bb <\/span><strong><span class=\"s1\">Amin Al Aiedy<\/span><\/strong><\/p>\n<p class=\"p1\"><span class=\"s1\">Sur cet album ainsi que sur la sc\u00e8ne, <strong>Amin Al Aiedy<\/strong> (oud et compositions) se produit en <strong>quartet<\/strong> et est accompagn\u00e9 des <strong>musiciens<\/strong> suivants :<\/span><\/p>\n<ul>\n<li class=\"p1\"><span class=\"s1\"><strong>Vincent Forestier<\/strong> : piano<\/span><\/li>\n<li class=\"p1\"><span class=\"s1\"><strong>Matheo Cielsa<\/strong> : batterie<\/span><\/li>\n<li class=\"p1\"><span class=\"s1\"><strong>Jean Wach\u00e9<\/strong> : contrebasse<\/span><\/li>\n<\/ul>\n<p>&nbsp;<\/p>\n<p class=\"p1\"><span class=\"s1\"><strong>Amin Al Aiedy<\/strong>, compositeur, oudiste :<\/span><\/p>\n<p class=\"p1\"><span class=\"s1\">\u00ab Depuis l\u2019enfance, l\u2019Orient et l\u2019Occident ont toujours v\u00e9cu en moi, que ce soit dans le sang, la langue ou encore la musique \u00e9cout\u00e9e en famille. Apr\u00e8s avoir \u00e9tudi\u00e9 les musiques actuelles puis le classique pour enfin arriver au jazz, les sentiers de la vie m\u2019ont ensuite amen\u00e9 \u00e0 vivre et \u00e9tudier de l\u2019autre c\u00f4t\u00e9 de la M\u00e9diterran\u00e9e, o\u00f9 j\u2019ai pu absorber en profondeur la musique et la culture arabe. C\u2019est au retour de ce p\u00e9riple que le besoin de cr\u00e9er une musique bi- dimensionnelle s\u2019est impos\u00e9. <\/span><span class=\"s1\">L\u2019id\u00e9e a germ\u00e9 durant ce long moment introspectif du confinement pour enfin aboutir \u00e0 la cr\u00e9ation, au d\u00e9but de l\u2019\u00e9t\u00e9 2020, d\u2019un projet faisant la synth\u00e8se de ce parcours. \u00bb<\/span><\/p>\n<p>&nbsp;<\/p>\n<p class=\"p1\"><strong><span class=\"s1\">Le projet :<\/span><\/strong><\/p>\n<p class=\"p1\"><span class=\"s1\">\u00ab L\u2019objectif de cette musique est de rassembler les richesses harmoniques et rythmiques du monde occidental avec l\u2019oralit\u00e9 et la spiritualit\u00e9 m\u00e9lodique du monde oriental. Les modes venant du jazz s\u2019infusent avec les maqams arabes et chevauchent les polyrythmies aux <\/span><span class=\"s1\">m\u00e9triques vari\u00e9es. L\u2019improvisation prend \u00e9galement tout son envol entre les cadences \u00e9crites et dessinent ensemble de nouvelles arabesques. <\/span><span class=\"s1\">SHAMS est une all\u00e9gorie de cette r\u00e9gion du monde qui me fascine : Balad al Sham \u00ab Pays du Soleil \u00bb qui correspond au Levant ou Moyen-Orient. Je me suis librement inspir\u00e9 de cette culture riche et solaire pour tenter de r\u00e9aliser une musique aussi lumineuse que possible. Pendant deux ann\u00e9es, j\u2019ai compos\u00e9 ces neuf morceaux en voulant peindre un paysage contrast\u00e9, m\u00e9langeant jazz, modes et rythmes arabes sans contraintes. La m\u00e9lodie y trouve une place centrale, traversant les m\u00e9triques impaires et s\u2019\u00e9chappant lors des improvisations de chacun des musiciens avec lesquels j\u2019ai un plaisir immense \u00e0 jouer. \u00bb <\/span><strong><span class=\"s1\">Amin Al Aiedy<\/span><\/strong><\/p>\n<p><\/p>","protected":false},"excerpt":{"rendered":"<p>Disculpa, pero esta entrada est\u00e1 disponible s\u00f3lo en FR y EN. Amin Al Aiedy r\u00e9v\u00e8lera \u00ab Shams \u00bb&nbsp;son nouvel album \u00e0 l&#8217;occasion de sa sortie le 17 novembre 2023 en CD, vinyle et digital chez Musiques en Balade \/ InOu\u00efe Distribution. Cet opus sera pr\u00e9sent\u00e9 en quartet le jeudi 30 novembre 2023 \u00e0 20h00 (ouvertures [&hellip;]<\/p>\n","protected":false},"author":3,"featured_media":29914,"comment_status":"closed","ping_status":"closed","sticky":false,"template":"","format":"standard","meta":{"_acf_changed":false,"footnotes":""},"categories":[1],"tags":[],"class_list":["post-29913","post","type-post","status-publish","format-standard","has-post-thumbnail","hentry","category-non-classe"],"acf":[],"yoast_head":"<!-- This site is optimized with the Yoast SEO plugin v27.4 - https:\/\/yoast.com\/product\/yoast-seo-wordpress\/ -->\n<title>Amin Al Aiedy presenta \u00ab Shams \u00bb - VeevCom<\/title>\n<meta name=\"robots\" content=\"index, follow, max-snippet:-1, max-image-preview:large, max-video-preview:-1\" \/>\n<link rel=\"canonical\" href=\"https:\/\/veevcom.com\/es\/amin-al-aiedy-presente-shams\/\" \/>\n<meta property=\"og:locale\" content=\"es_ES\" \/>\n<meta property=\"og:type\" content=\"article\" \/>\n<meta property=\"og:title\" content=\"Amin Al Aiedy presenta \u00ab Shams \u00bb - VeevCom\" \/>\n<meta property=\"og:description\" content=\"Disculpa, pero esta entrada est\u00e1 disponible s\u00f3lo en FR y EN. Amin Al Aiedy r\u00e9v\u00e8lera \u00ab Shams \u00bb&nbsp;son nouvel album \u00e0 l&#8217;occasion de sa sortie le 17 novembre 2023 en CD, vinyle et digital chez Musiques en Balade \/ InOu\u00efe Distribution. Cet opus sera pr\u00e9sent\u00e9 en quartet le jeudi 30 novembre 2023 \u00e0 20h00 (ouvertures [&hellip;]\" \/>\n<meta property=\"og:url\" content=\"https:\/\/veevcom.com\/es\/amin-al-aiedy-presente-shams\/\" \/>\n<meta property=\"og:site_name\" content=\"VeevCom\" \/>\n<meta property=\"article:published_time\" content=\"2023-09-01T15:07:20+00:00\" \/>\n<meta property=\"article:modified_time\" content=\"2023-09-01T15:07:51+00:00\" \/>\n<meta property=\"og:image\" content=\"https:\/\/veevcom.com\/wp-content\/uploads\/2023\/09\/Visuel-Album-RVB-sd-\u00a9-Calligraphie-Afanah-Zohier-_-Graphisme-Pauline-Bertrand.jpg\" \/>\n\t<meta property=\"og:image:width\" content=\"1400\" \/>\n\t<meta property=\"og:image:height\" content=\"1400\" \/>\n\t<meta property=\"og:image:type\" content=\"image\/jpeg\" \/>\n<meta name=\"author\" content=\"severine\" \/>\n<meta name=\"twitter:card\" content=\"summary_large_image\" \/>\n<meta name=\"twitter:label1\" content=\"Escrito por\" \/>\n\t<meta name=\"twitter:data1\" content=\"severine\" \/>\n\t<meta name=\"twitter:label2\" content=\"Tiempo de lectura\" \/>\n\t<meta name=\"twitter:data2\" content=\"4 minutos\" \/>\n<script type=\"application\/ld+json\" class=\"yoast-schema-graph\">{\"@context\":\"https:\\\/\\\/schema.org\",\"@graph\":[{\"@type\":\"Article\",\"@id\":\"https:\\\/\\\/veevcom.com\\\/es\\\/amin-al-aiedy-presente-shams\\\/#article\",\"isPartOf\":{\"@id\":\"https:\\\/\\\/veevcom.com\\\/es\\\/amin-al-aiedy-presente-shams\\\/\"},\"author\":{\"name\":\"severine\",\"@id\":\"https:\\\/\\\/veevcom.com\\\/#\\\/schema\\\/person\\\/754f1f5a030d278766b52cf0e0c62e8b\"},\"headline\":\"Amin Al Aiedy presenta \u00ab Shams \u00bb\",\"datePublished\":\"2023-09-01T15:07:20+00:00\",\"dateModified\":\"2023-09-01T15:07:51+00:00\",\"mainEntityOfPage\":{\"@id\":\"https:\\\/\\\/veevcom.com\\\/es\\\/amin-al-aiedy-presente-shams\\\/\"},\"wordCount\":892,\"image\":{\"@id\":\"https:\\\/\\\/veevcom.com\\\/es\\\/amin-al-aiedy-presente-shams\\\/#primaryimage\"},\"thumbnailUrl\":\"https:\\\/\\\/veevcom.com\\\/wp-content\\\/uploads\\\/2023\\\/09\\\/Visuel-Album-RVB-sd-\u00a9-Calligraphie-Afanah-Zohier-_-Graphisme-Pauline-Bertrand.jpg\",\"articleSection\":[\"Actualidad\"],\"inLanguage\":\"es\"},{\"@type\":\"WebPage\",\"@id\":\"https:\\\/\\\/veevcom.com\\\/es\\\/amin-al-aiedy-presente-shams\\\/\",\"url\":\"https:\\\/\\\/veevcom.com\\\/es\\\/amin-al-aiedy-presente-shams\\\/\",\"name\":\"Amin Al Aiedy presenta \u00ab Shams \u00bb - VeevCom\",\"isPartOf\":{\"@id\":\"https:\\\/\\\/veevcom.com\\\/es\\\/#website\"},\"primaryImageOfPage\":{\"@id\":\"https:\\\/\\\/veevcom.com\\\/es\\\/amin-al-aiedy-presente-shams\\\/#primaryimage\"},\"image\":{\"@id\":\"https:\\\/\\\/veevcom.com\\\/es\\\/amin-al-aiedy-presente-shams\\\/#primaryimage\"},\"thumbnailUrl\":\"https:\\\/\\\/veevcom.com\\\/wp-content\\\/uploads\\\/2023\\\/09\\\/Visuel-Album-RVB-sd-\u00a9-Calligraphie-Afanah-Zohier-_-Graphisme-Pauline-Bertrand.jpg\",\"datePublished\":\"2023-09-01T15:07:20+00:00\",\"dateModified\":\"2023-09-01T15:07:51+00:00\",\"author\":{\"@id\":\"https:\\\/\\\/veevcom.com\\\/#\\\/schema\\\/person\\\/754f1f5a030d278766b52cf0e0c62e8b\"},\"breadcrumb\":{\"@id\":\"https:\\\/\\\/veevcom.com\\\/es\\\/amin-al-aiedy-presente-shams\\\/#breadcrumb\"},\"inLanguage\":\"es\",\"potentialAction\":[{\"@type\":\"ReadAction\",\"target\":[[\"https:\\\/\\\/veevcom.com\\\/es\\\/amin-al-aiedy-presente-shams\\\/\"]]}]},{\"@type\":\"ImageObject\",\"inLanguage\":\"es\",\"@id\":\"https:\\\/\\\/veevcom.com\\\/es\\\/amin-al-aiedy-presente-shams\\\/#primaryimage\",\"url\":\"https:\\\/\\\/veevcom.com\\\/wp-content\\\/uploads\\\/2023\\\/09\\\/Visuel-Album-RVB-sd-\u00a9-Calligraphie-Afanah-Zohier-_-Graphisme-Pauline-Bertrand.jpg\",\"contentUrl\":\"https:\\\/\\\/veevcom.com\\\/wp-content\\\/uploads\\\/2023\\\/09\\\/Visuel-Album-RVB-sd-\u00a9-Calligraphie-Afanah-Zohier-_-Graphisme-Pauline-Bertrand.jpg\",\"width\":1400,\"height\":1400},{\"@type\":\"BreadcrumbList\",\"@id\":\"https:\\\/\\\/veevcom.com\\\/es\\\/amin-al-aiedy-presente-shams\\\/#breadcrumb\",\"itemListElement\":[{\"@type\":\"ListItem\",\"position\":1,\"name\":\"Accueil\",\"item\":\"https:\\\/\\\/veevcom.com\\\/es\\\/\"},{\"@type\":\"ListItem\",\"position\":2,\"name\":\"Amin Al Aiedy presenta \u00ab Shams \u00bb\"}]},{\"@type\":\"WebSite\",\"@id\":\"https:\\\/\\\/veevcom.com\\\/es\\\/#website\",\"url\":\"https:\\\/\\\/veevcom.com\\\/es\\\/\",\"name\":\"VeevCom\",\"description\":\"Public Relations and Communication in the Music Industry\",\"potentialAction\":[{\"@type\":\"SearchAction\",\"target\":{\"@type\":\"EntryPoint\",\"urlTemplate\":\"https:\\\/\\\/veevcom.com\\\/es\\\/?s={search_term_string}\"},\"query-input\":{\"@type\":\"PropertyValueSpecification\",\"valueRequired\":true,\"valueName\":\"search_term_string\"}}],\"inLanguage\":\"es\"},{\"@type\":\"Person\",\"@id\":\"https:\\\/\\\/veevcom.com\\\/#\\\/schema\\\/person\\\/754f1f5a030d278766b52cf0e0c62e8b\",\"name\":\"severine\",\"image\":{\"@type\":\"ImageObject\",\"inLanguage\":\"es\",\"@id\":\"https:\\\/\\\/secure.gravatar.com\\\/avatar\\\/ba307ed472519f403589981b25bf62b4089c1f82b837eaae855dd05633adf22c?s=96&d=mm&r=g\",\"url\":\"https:\\\/\\\/secure.gravatar.com\\\/avatar\\\/ba307ed472519f403589981b25bf62b4089c1f82b837eaae855dd05633adf22c?s=96&d=mm&r=g\",\"contentUrl\":\"https:\\\/\\\/secure.gravatar.com\\\/avatar\\\/ba307ed472519f403589981b25bf62b4089c1f82b837eaae855dd05633adf22c?s=96&d=mm&r=g\",\"caption\":\"severine\"}}]}<\/script>\n<!-- \/ Yoast SEO plugin. -->","yoast_head_json":{"title":"Amin Al Aiedy presenta \u00ab Shams \u00bb - VeevCom","robots":{"index":"index","follow":"follow","max-snippet":"max-snippet:-1","max-image-preview":"max-image-preview:large","max-video-preview":"max-video-preview:-1"},"canonical":"https:\/\/veevcom.com\/es\/amin-al-aiedy-presente-shams\/","og_locale":"es_ES","og_type":"article","og_title":"Amin Al Aiedy presenta \u00ab Shams \u00bb - VeevCom","og_description":"Disculpa, pero esta entrada est\u00e1 disponible s\u00f3lo en FR y EN. Amin Al Aiedy r\u00e9v\u00e8lera \u00ab Shams \u00bb&nbsp;son nouvel album \u00e0 l&#8217;occasion de sa sortie le 17 novembre 2023 en CD, vinyle et digital chez Musiques en Balade \/ InOu\u00efe Distribution. Cet opus sera pr\u00e9sent\u00e9 en quartet le jeudi 30 novembre 2023 \u00e0 20h00 (ouvertures [&hellip;]","og_url":"https:\/\/veevcom.com\/es\/amin-al-aiedy-presente-shams\/","og_site_name":"VeevCom","article_published_time":"2023-09-01T15:07:20+00:00","article_modified_time":"2023-09-01T15:07:51+00:00","og_image":[{"width":1400,"height":1400,"url":"https:\/\/veevcom.com\/wp-content\/uploads\/2023\/09\/Visuel-Album-RVB-sd-\u00a9-Calligraphie-Afanah-Zohier-_-Graphisme-Pauline-Bertrand.jpg","type":"image\/jpeg"}],"author":"severine","twitter_card":"summary_large_image","twitter_misc":{"Escrito por":"severine","Tiempo de lectura":"4 minutos"},"schema":{"@context":"https:\/\/schema.org","@graph":[{"@type":"Article","@id":"https:\/\/veevcom.com\/es\/amin-al-aiedy-presente-shams\/#article","isPartOf":{"@id":"https:\/\/veevcom.com\/es\/amin-al-aiedy-presente-shams\/"},"author":{"name":"severine","@id":"https:\/\/veevcom.com\/#\/schema\/person\/754f1f5a030d278766b52cf0e0c62e8b"},"headline":"Amin Al Aiedy presenta \u00ab Shams \u00bb","datePublished":"2023-09-01T15:07:20+00:00","dateModified":"2023-09-01T15:07:51+00:00","mainEntityOfPage":{"@id":"https:\/\/veevcom.com\/es\/amin-al-aiedy-presente-shams\/"},"wordCount":892,"image":{"@id":"https:\/\/veevcom.com\/es\/amin-al-aiedy-presente-shams\/#primaryimage"},"thumbnailUrl":"https:\/\/veevcom.com\/wp-content\/uploads\/2023\/09\/Visuel-Album-RVB-sd-\u00a9-Calligraphie-Afanah-Zohier-_-Graphisme-Pauline-Bertrand.jpg","articleSection":["Actualidad"],"inLanguage":"es"},{"@type":"WebPage","@id":"https:\/\/veevcom.com\/es\/amin-al-aiedy-presente-shams\/","url":"https:\/\/veevcom.com\/es\/amin-al-aiedy-presente-shams\/","name":"Amin Al Aiedy presenta \u00ab Shams \u00bb - VeevCom","isPartOf":{"@id":"https:\/\/veevcom.com\/es\/#website"},"primaryImageOfPage":{"@id":"https:\/\/veevcom.com\/es\/amin-al-aiedy-presente-shams\/#primaryimage"},"image":{"@id":"https:\/\/veevcom.com\/es\/amin-al-aiedy-presente-shams\/#primaryimage"},"thumbnailUrl":"https:\/\/veevcom.com\/wp-content\/uploads\/2023\/09\/Visuel-Album-RVB-sd-\u00a9-Calligraphie-Afanah-Zohier-_-Graphisme-Pauline-Bertrand.jpg","datePublished":"2023-09-01T15:07:20+00:00","dateModified":"2023-09-01T15:07:51+00:00","author":{"@id":"https:\/\/veevcom.com\/#\/schema\/person\/754f1f5a030d278766b52cf0e0c62e8b"},"breadcrumb":{"@id":"https:\/\/veevcom.com\/es\/amin-al-aiedy-presente-shams\/#breadcrumb"},"inLanguage":"es","potentialAction":[{"@type":"ReadAction","target":[["https:\/\/veevcom.com\/es\/amin-al-aiedy-presente-shams\/"]]}]},{"@type":"ImageObject","inLanguage":"es","@id":"https:\/\/veevcom.com\/es\/amin-al-aiedy-presente-shams\/#primaryimage","url":"https:\/\/veevcom.com\/wp-content\/uploads\/2023\/09\/Visuel-Album-RVB-sd-\u00a9-Calligraphie-Afanah-Zohier-_-Graphisme-Pauline-Bertrand.jpg","contentUrl":"https:\/\/veevcom.com\/wp-content\/uploads\/2023\/09\/Visuel-Album-RVB-sd-\u00a9-Calligraphie-Afanah-Zohier-_-Graphisme-Pauline-Bertrand.jpg","width":1400,"height":1400},{"@type":"BreadcrumbList","@id":"https:\/\/veevcom.com\/es\/amin-al-aiedy-presente-shams\/#breadcrumb","itemListElement":[{"@type":"ListItem","position":1,"name":"Accueil","item":"https:\/\/veevcom.com\/es\/"},{"@type":"ListItem","position":2,"name":"Amin Al Aiedy presenta \u00ab Shams \u00bb"}]},{"@type":"WebSite","@id":"https:\/\/veevcom.com\/es\/#website","url":"https:\/\/veevcom.com\/es\/","name":"VeevCom","description":"Public Relations and Communication in the Music Industry","potentialAction":[{"@type":"SearchAction","target":{"@type":"EntryPoint","urlTemplate":"https:\/\/veevcom.com\/es\/?s={search_term_string}"},"query-input":{"@type":"PropertyValueSpecification","valueRequired":true,"valueName":"search_term_string"}}],"inLanguage":"es"},{"@type":"Person","@id":"https:\/\/veevcom.com\/#\/schema\/person\/754f1f5a030d278766b52cf0e0c62e8b","name":"severine","image":{"@type":"ImageObject","inLanguage":"es","@id":"https:\/\/secure.gravatar.com\/avatar\/ba307ed472519f403589981b25bf62b4089c1f82b837eaae855dd05633adf22c?s=96&d=mm&r=g","url":"https:\/\/secure.gravatar.com\/avatar\/ba307ed472519f403589981b25bf62b4089c1f82b837eaae855dd05633adf22c?s=96&d=mm&r=g","contentUrl":"https:\/\/secure.gravatar.com\/avatar\/ba307ed472519f403589981b25bf62b4089c1f82b837eaae855dd05633adf22c?s=96&d=mm&r=g","caption":"severine"}}]}},"_links":{"self":[{"href":"https:\/\/veevcom.com\/es\/wp-json\/wp\/v2\/posts\/29913","targetHints":{"allow":["GET"]}}],"collection":[{"href":"https:\/\/veevcom.com\/es\/wp-json\/wp\/v2\/posts"}],"about":[{"href":"https:\/\/veevcom.com\/es\/wp-json\/wp\/v2\/types\/post"}],"author":[{"embeddable":true,"href":"https:\/\/veevcom.com\/es\/wp-json\/wp\/v2\/users\/3"}],"replies":[{"embeddable":true,"href":"https:\/\/veevcom.com\/es\/wp-json\/wp\/v2\/comments?post=29913"}],"version-history":[{"count":3,"href":"https:\/\/veevcom.com\/es\/wp-json\/wp\/v2\/posts\/29913\/revisions"}],"predecessor-version":[{"id":29917,"href":"https:\/\/veevcom.com\/es\/wp-json\/wp\/v2\/posts\/29913\/revisions\/29917"}],"wp:featuredmedia":[{"embeddable":true,"href":"https:\/\/veevcom.com\/es\/wp-json\/wp\/v2\/media\/29914"}],"wp:attachment":[{"href":"https:\/\/veevcom.com\/es\/wp-json\/wp\/v2\/media?parent=29913"}],"wp:term":[{"taxonomy":"category","embeddable":true,"href":"https:\/\/veevcom.com\/es\/wp-json\/wp\/v2\/categories?post=29913"},{"taxonomy":"post_tag","embeddable":true,"href":"https:\/\/veevcom.com\/es\/wp-json\/wp\/v2\/tags?post=29913"}],"curies":[{"name":"wp","href":"https:\/\/api.w.org\/{rel}","templated":true}]}}