{"id":26236,"date":"2023-06-30T14:02:24","date_gmt":"2023-06-30T12:02:24","guid":{"rendered":"https:\/\/veevcom.com\/?p=26236"},"modified":"2023-06-30T14:03:12","modified_gmt":"2023-06-30T12:03:12","slug":"matje-presente-sur-mon-dos","status":"publish","type":"post","link":"https:\/\/veevcom.com\/es\/matje-presente-sur-mon-dos\/","title":{"rendered":"Matj\u00e9 presenta \u00abSur mon dos\u00bb"},"content":{"rendered":"<p class=\"qtranxs-available-languages-message qtranxs-available-languages-message-es\">Disculpa, pero esta entrada est\u00e1 disponible s\u00f3lo en <a href=\"https:\/\/veevcom.com\/fr\/wp-json\/wp\/v2\/posts\/26236\" class=\"qtranxs-available-language-link qtranxs-available-language-link-fr\" title=\"FR\">FR<\/a> y <a href=\"https:\/\/veevcom.com\/en\/wp-json\/wp\/v2\/posts\/26236\" class=\"qtranxs-available-language-link qtranxs-available-language-link-en\" title=\"EN\">EN<\/a>.<\/p><p><\/p>\n<p class=\"p1\"><span class=\"s1\"><b>Matj\u00e9&nbsp;<\/b>r\u00e9v\u00e8lera \u00ab <b>Sur mon dos \u00bb<\/b>&nbsp;son&nbsp;nouvel&nbsp;album \u00e0&nbsp;l&#8217;occasion de sa sortie&nbsp;le&nbsp;<b>22&nbsp;septembre&nbsp;2023<\/b>&nbsp;en&nbsp;<b>CD<\/b>&nbsp;et&nbsp;<b>digital<\/b>&nbsp;et le&nbsp;<b>9 novembre 2023<\/b>&nbsp;en&nbsp;<b>vinyle<\/b>&nbsp;chez<b> Label d&#8217;\u00c0 c\u00f4t\u00e9 \/ InOu\u00efe Distribution<\/b>. Cet opus sera pr\u00e9sent\u00e9 le&nbsp;jeudi<b>&nbsp;16 novembre&nbsp;2023&nbsp;\u00e0 20h00<\/b>&nbsp;(ouvertures des portes \u00e0 19h30) sur la sc\u00e8ne&nbsp;<b>du 360 Paris Music Factory&nbsp;<\/b>lors d&#8217;un<b> concert de&nbsp;lancement&nbsp;<\/b>exceptionnel.<\/span><\/p>\n<p class=\"p1\"><span class=\"s1\">La 1re partie sera assur\u00e9e par&nbsp;<b>Alee<\/b>&nbsp;&amp;&nbsp;<b>Mourad Musset&nbsp;<\/b>de&nbsp;<i>La Rue K\u00e9tanou<\/i>.<\/span><\/p>\n<p class=\"p1\"><span class=\"s1\">A la crois\u00e9e des chemins de la Chanson fran\u00e7aise avec la World music aux&nbsp; influences afro-latines,&nbsp;<b>Matj\u00e9<\/b>&nbsp;pose une plume po\u00e9tique, sur une musique chaleureuse et entra\u00eenante alliant tradition et modernit\u00e9.<\/span><\/p>\n<p class=\"p1\"><span class=\"s1\">Sur cet album,&nbsp;<b>Matj\u00e9<\/b>&nbsp;s&#8217;est entour\u00e9&nbsp;d&#8217;<b>invit\u00e9s&nbsp;<\/b>de prestige tels que :<\/span><\/p>\n<ul>\n<li class=\"p1\"><span class=\"s1\"><b>Mourad Musset<\/b>&nbsp;(<i>La Rue K\u00e9tanou<\/i>) :&nbsp;&nbsp;voix (\u00abPalabres\u00bb)<\/span><\/li>\n<li class=\"p1\"><span class=\"s1\"><b>Bi.Ba <\/b>: voix (\u00bbMitsio\u00bb)<\/span><\/li>\n<li class=\"p1\"><span class=\"s1\"><b>Isla<\/b>&nbsp;: voix (\u00abSur mon dos\u00bb)<\/span><\/li>\n<li class=\"p1\"><span class=\"s1\"><b>Alain Debiossat<\/b>&nbsp;(<i>Sixun<\/i>) : saxophones (\u00bb Palabres\u00bb et \u00abCumbia Fan\u00e9e\u00bb)&nbsp;<\/span><\/li>\n<li class=\"p1\"><span class=\"s1\"><b>Fran\u00e7ois Causse<\/b>&nbsp;(<i>Zoufris Maracas<\/i>) : batteries et percussions<\/span><\/li>\n<\/ul>\n<p class=\"p1\"><span class=\"s1\">Il est \u00e9galement accompagn\u00e9 des&nbsp;<b>musiciens<\/b>&nbsp;suivants :<\/span><\/p>\n<ul>\n<li class=\"p3\"><span class=\"s1\"><b>S\u00e9bastien Gloriod<\/b>&nbsp;: accord\u00e9on<\/span><\/li>\n<li class=\"p3\"><span class=\"s1\"><b>Ludovic Hellet<\/b>&nbsp;: contrebasse<\/span><\/li>\n<li class=\"p3\"><span class=\"s1\"><b>Yoann Grenouilleau<\/b>&nbsp;: batterie<\/span><\/li>\n<li class=\"p1\"><span class=\"s1\"><b>Charles Giraud<\/b>&nbsp;: claviers, clarinette, choeurs et percussions<\/span><\/li>\n<\/ul>\n<p>&nbsp;<\/p>\n<p class=\"p1\"><span class=\"s1\"><b>Biographie Matj\u00e9 :<\/b><\/span><\/p>\n<p class=\"p2\"><span class=\"s1\">Ayant&nbsp; grandi dans l&#8217;univers des voyages maritimes de Saint-Malo, il r\u00eave d\u00e8s son plus jeune \u00e2ge de pays lointains et ensoleill\u00e9s. Adolescent, il y rencontrera l\u2019\u00e9crivain Rapha\u00ebl Confiant au festival \u00abEtonnants Voyageurs\u00bb&nbsp;et d\u00e9couvrira la \u00abcr\u00e9olit\u00e9\u00bb. Plus tard, habitant \u00e0 Montreuil (93), il s&#8217;appropriera ce concept avec le sens que&nbsp; pouvait&nbsp; lui donner&nbsp;Aim\u00e9 C\u00e9saire. Tel un \u00bblaminaire accroch\u00e9 au rocher\u00bb de la Chanson fran\u00e7aise, il se pla\u00eet alors \u00e0 se laisser porter par des courants musicaux divers d\u00e9couverts \u00e0 l\u2019\u00e9tranger, et dans une France encore ouverte sur le monde, ayant la chance d&#8217;accueillir depuis toujours de nombreuses cultures. Il se choisit le nom d&#8217;artiste \u00bb<b>Matj\u00e9<\/b>\u00bb en d\u00e9couvrant que cette contraction de son pr\u00e9nom et nom de famille signifie \u00bb\u00e9crire\u00bb en cr\u00e9ole.<\/span><\/p>\n<p class=\"p2\"><span class=\"s1\">Habitant aujourd&#8217;hui proche&nbsp;de l&#8217;Oc\u00e9an Atlantique, il m\u00e9tisse&nbsp; ses chansons de souvenirs de&nbsp; voyages du Br\u00e9sil, des Antilles,&nbsp; de Madagascar, du Cap Vert,&nbsp; de La R\u00e9union&#8230; Il aime&nbsp; aussi les&nbsp; enrichir des&nbsp; influences de ses musiciens et&nbsp; nous rappelle \u00e0 chacun de ses&nbsp; concerts&nbsp; que la musique est avant&nbsp; tout une question de partage&#8230;&nbsp;<\/span><\/p>\n<p>&nbsp;<\/p>\n<p class=\"p1\"><span class=\"s1\"><b>L&#8217;album \u00abSur mon dos\u00bb :<\/b><\/span><\/p>\n<p class=\"p2\"><span class=\"s1\">Dans ce nouvel album, le pseudonyme de ce chanteur, auteur et compositeur prend&nbsp; tout son sens \u00e0 travers ses histoires chant\u00e9es ou rapp\u00e9es en fran\u00e7ais sur des musiques tropicales. Ses mots l\u00e9gers et po\u00e9tiques mais lourds de sens se m\u00ealent, entre autres, \u00e0 la Cumbia colombienne, au Forro br\u00e9silien, au Soukous africain, au Maloya r\u00e9unionnais, au Salegy malgache&#8230;&nbsp;&nbsp;Bien que puisant dans les musiques traditionnelles, ce nouvel opus est ancr\u00e9 dans la modernit\u00e9 et l&#8217;on ressent parfois des influences Hip hop dans le flow ou la production de certains titres.&nbsp;&nbsp;Sa musique solaire et entra\u00eenante d\u00e9gage&nbsp; une \u00e9nergie positive invitant \u00e0 la danse alors que l&#8217;\u00e9criture soign\u00e9e et po\u00e9tique am\u00e8ne \u00e0 prendre du recul et incite \u00e0 la r\u00e9flexion.&nbsp;4 titres de l\u2019album \u00abSur mon dos\u00bb&nbsp;ont \u00e9t\u00e9 dans un premier temps r\u00e9alis\u00e9s au Batiskaf \u00e0 Nantes (44).&nbsp;&nbsp;Puis, suite \u00e0 sa rencontre avec son manager Julio Rodrigues (qui a r\u00e9v\u00e9l\u00e9 les Zoufris Maracas&nbsp; et accompagn\u00e9 La Rue Ketanou), il rencontrera Fran\u00e7ois Causse (r\u00e9alisateur, entre autres, des albums de Zoufris Maracas). Il r\u00e9alisera avec lui 6 nouveaux titres \u00e0 Massy (91).&nbsp;Julio lui fera \u00e9galement rencontrer Mourad Musset de La Rue K\u00e9tanou (en Feat. sur \u00abPalabres\u00bb) lors d\u2019une premi\u00e8re partie au Cabaret Sauvage&nbsp;(Paris, 19e) et lui permettra de sortir l\u2019album sur le Label d\u2019\u00e0 C\u00f4t\u00e9.<\/span><\/p>\n<p><\/p>","protected":false},"excerpt":{"rendered":"<p>Disculpa, pero esta entrada est\u00e1 disponible s\u00f3lo en FR y EN. Matj\u00e9&nbsp;r\u00e9v\u00e8lera \u00ab Sur mon dos \u00bb&nbsp;son&nbsp;nouvel&nbsp;album \u00e0&nbsp;l&#8217;occasion de sa sortie&nbsp;le&nbsp;22&nbsp;septembre&nbsp;2023&nbsp;en&nbsp;CD&nbsp;et&nbsp;digital&nbsp;et le&nbsp;9 novembre 2023&nbsp;en&nbsp;vinyle&nbsp;chez Label d&#8217;\u00c0 c\u00f4t\u00e9 \/ InOu\u00efe Distribution. Cet opus sera pr\u00e9sent\u00e9 le&nbsp;jeudi&nbsp;16 novembre&nbsp;2023&nbsp;\u00e0 20h00&nbsp;(ouvertures des portes \u00e0 19h30) sur la sc\u00e8ne&nbsp;du 360 Paris Music Factory&nbsp;lors d&#8217;un concert de&nbsp;lancement&nbsp;exceptionnel. La 1re partie sera [&hellip;]<\/p>\n","protected":false},"author":3,"featured_media":26237,"comment_status":"closed","ping_status":"closed","sticky":false,"template":"","format":"standard","meta":{"_acf_changed":false,"footnotes":""},"categories":[1],"tags":[],"class_list":["post-26236","post","type-post","status-publish","format-standard","has-post-thumbnail","hentry","category-non-classe"],"acf":[],"yoast_head":"<!-- This site is optimized with the Yoast SEO plugin v27.4 - https:\/\/yoast.com\/product\/yoast-seo-wordpress\/ -->\n<title>Matj\u00e9 presenta &quot;Sur mon dos&quot; - VeevCom<\/title>\n<meta name=\"robots\" content=\"index, follow, max-snippet:-1, max-image-preview:large, max-video-preview:-1\" \/>\n<link rel=\"canonical\" href=\"https:\/\/veevcom.com\/es\/matje-presente-sur-mon-dos\/\" \/>\n<meta property=\"og:locale\" content=\"es_ES\" \/>\n<meta property=\"og:type\" content=\"article\" \/>\n<meta property=\"og:title\" content=\"Matj\u00e9 presenta &quot;Sur mon dos&quot; - VeevCom\" \/>\n<meta property=\"og:description\" content=\"Disculpa, pero esta entrada est\u00e1 disponible s\u00f3lo en FR y EN. Matj\u00e9&nbsp;r\u00e9v\u00e8lera \u00ab Sur mon dos \u00bb&nbsp;son&nbsp;nouvel&nbsp;album \u00e0&nbsp;l&#8217;occasion de sa sortie&nbsp;le&nbsp;22&nbsp;septembre&nbsp;2023&nbsp;en&nbsp;CD&nbsp;et&nbsp;digital&nbsp;et le&nbsp;9 novembre 2023&nbsp;en&nbsp;vinyle&nbsp;chez Label d&#8217;\u00c0 c\u00f4t\u00e9 \/ InOu\u00efe Distribution. Cet opus sera pr\u00e9sent\u00e9 le&nbsp;jeudi&nbsp;16 novembre&nbsp;2023&nbsp;\u00e0 20h00&nbsp;(ouvertures des portes \u00e0 19h30) sur la sc\u00e8ne&nbsp;du 360 Paris Music Factory&nbsp;lors d&#8217;un concert de&nbsp;lancement&nbsp;exceptionnel. La 1re partie sera [&hellip;]\" \/>\n<meta property=\"og:url\" content=\"https:\/\/veevcom.com\/es\/matje-presente-sur-mon-dos\/\" \/>\n<meta property=\"og:site_name\" content=\"VeevCom\" \/>\n<meta property=\"article:published_time\" content=\"2023-06-30T12:02:24+00:00\" \/>\n<meta property=\"article:modified_time\" content=\"2023-06-30T12:03:12+00:00\" \/>\n<meta property=\"og:image\" content=\"https:\/\/veevcom.com\/wp-content\/uploads\/2023\/06\/ALB-2023-FACE-fin8-gris-RVB\u00a9Matje-scaled.jpg\" \/>\n\t<meta property=\"og:image:width\" content=\"2560\" \/>\n\t<meta property=\"og:image:height\" content=\"2560\" \/>\n\t<meta property=\"og:image:type\" content=\"image\/jpeg\" \/>\n<meta name=\"author\" content=\"severine\" \/>\n<meta name=\"twitter:card\" content=\"summary_large_image\" \/>\n<meta name=\"twitter:label1\" content=\"Escrito por\" \/>\n\t<meta name=\"twitter:data1\" content=\"severine\" \/>\n\t<meta name=\"twitter:label2\" content=\"Tiempo de lectura\" \/>\n\t<meta name=\"twitter:data2\" content=\"6 minutos\" \/>\n<script type=\"application\/ld+json\" class=\"yoast-schema-graph\">{\"@context\":\"https:\\\/\\\/schema.org\",\"@graph\":[{\"@type\":\"Article\",\"@id\":\"https:\\\/\\\/veevcom.com\\\/es\\\/matje-presente-sur-mon-dos\\\/#article\",\"isPartOf\":{\"@id\":\"https:\\\/\\\/veevcom.com\\\/es\\\/matje-presente-sur-mon-dos\\\/\"},\"author\":{\"name\":\"severine\",\"@id\":\"https:\\\/\\\/veevcom.com\\\/#\\\/schema\\\/person\\\/754f1f5a030d278766b52cf0e0c62e8b\"},\"headline\":\"Matj\u00e9 presenta \u00abSur mon dos\u00bb\",\"datePublished\":\"2023-06-30T12:02:24+00:00\",\"dateModified\":\"2023-06-30T12:03:12+00:00\",\"mainEntityOfPage\":{\"@id\":\"https:\\\/\\\/veevcom.com\\\/es\\\/matje-presente-sur-mon-dos\\\/\"},\"wordCount\":1233,\"image\":{\"@id\":\"https:\\\/\\\/veevcom.com\\\/es\\\/matje-presente-sur-mon-dos\\\/#primaryimage\"},\"thumbnailUrl\":\"https:\\\/\\\/veevcom.com\\\/wp-content\\\/uploads\\\/2023\\\/06\\\/ALB-2023-FACE-fin8-gris-RVB\u00a9Matje-scaled.jpg\",\"articleSection\":[\"Actualidad\"],\"inLanguage\":\"es\"},{\"@type\":\"WebPage\",\"@id\":\"https:\\\/\\\/veevcom.com\\\/es\\\/matje-presente-sur-mon-dos\\\/\",\"url\":\"https:\\\/\\\/veevcom.com\\\/es\\\/matje-presente-sur-mon-dos\\\/\",\"name\":\"Matj\u00e9 presenta \\\"Sur mon dos\\\" - VeevCom\",\"isPartOf\":{\"@id\":\"https:\\\/\\\/veevcom.com\\\/es\\\/#website\"},\"primaryImageOfPage\":{\"@id\":\"https:\\\/\\\/veevcom.com\\\/es\\\/matje-presente-sur-mon-dos\\\/#primaryimage\"},\"image\":{\"@id\":\"https:\\\/\\\/veevcom.com\\\/es\\\/matje-presente-sur-mon-dos\\\/#primaryimage\"},\"thumbnailUrl\":\"https:\\\/\\\/veevcom.com\\\/wp-content\\\/uploads\\\/2023\\\/06\\\/ALB-2023-FACE-fin8-gris-RVB\u00a9Matje-scaled.jpg\",\"datePublished\":\"2023-06-30T12:02:24+00:00\",\"dateModified\":\"2023-06-30T12:03:12+00:00\",\"author\":{\"@id\":\"https:\\\/\\\/veevcom.com\\\/#\\\/schema\\\/person\\\/754f1f5a030d278766b52cf0e0c62e8b\"},\"breadcrumb\":{\"@id\":\"https:\\\/\\\/veevcom.com\\\/es\\\/matje-presente-sur-mon-dos\\\/#breadcrumb\"},\"inLanguage\":\"es\",\"potentialAction\":[{\"@type\":\"ReadAction\",\"target\":[[\"https:\\\/\\\/veevcom.com\\\/es\\\/matje-presente-sur-mon-dos\\\/\"]]}]},{\"@type\":\"ImageObject\",\"inLanguage\":\"es\",\"@id\":\"https:\\\/\\\/veevcom.com\\\/es\\\/matje-presente-sur-mon-dos\\\/#primaryimage\",\"url\":\"https:\\\/\\\/veevcom.com\\\/wp-content\\\/uploads\\\/2023\\\/06\\\/ALB-2023-FACE-fin8-gris-RVB\u00a9Matje-scaled.jpg\",\"contentUrl\":\"https:\\\/\\\/veevcom.com\\\/wp-content\\\/uploads\\\/2023\\\/06\\\/ALB-2023-FACE-fin8-gris-RVB\u00a9Matje-scaled.jpg\",\"width\":2560,\"height\":2560},{\"@type\":\"BreadcrumbList\",\"@id\":\"https:\\\/\\\/veevcom.com\\\/es\\\/matje-presente-sur-mon-dos\\\/#breadcrumb\",\"itemListElement\":[{\"@type\":\"ListItem\",\"position\":1,\"name\":\"Accueil\",\"item\":\"https:\\\/\\\/veevcom.com\\\/es\\\/\"},{\"@type\":\"ListItem\",\"position\":2,\"name\":\"Matj\u00e9 presenta \u00abSur mon dos\u00bb\"}]},{\"@type\":\"WebSite\",\"@id\":\"https:\\\/\\\/veevcom.com\\\/es\\\/#website\",\"url\":\"https:\\\/\\\/veevcom.com\\\/es\\\/\",\"name\":\"VeevCom\",\"description\":\"Public Relations and Communication in the Music Industry\",\"potentialAction\":[{\"@type\":\"SearchAction\",\"target\":{\"@type\":\"EntryPoint\",\"urlTemplate\":\"https:\\\/\\\/veevcom.com\\\/es\\\/?s={search_term_string}\"},\"query-input\":{\"@type\":\"PropertyValueSpecification\",\"valueRequired\":true,\"valueName\":\"search_term_string\"}}],\"inLanguage\":\"es\"},{\"@type\":\"Person\",\"@id\":\"https:\\\/\\\/veevcom.com\\\/#\\\/schema\\\/person\\\/754f1f5a030d278766b52cf0e0c62e8b\",\"name\":\"severine\",\"image\":{\"@type\":\"ImageObject\",\"inLanguage\":\"es\",\"@id\":\"https:\\\/\\\/secure.gravatar.com\\\/avatar\\\/ba307ed472519f403589981b25bf62b4089c1f82b837eaae855dd05633adf22c?s=96&d=mm&r=g\",\"url\":\"https:\\\/\\\/secure.gravatar.com\\\/avatar\\\/ba307ed472519f403589981b25bf62b4089c1f82b837eaae855dd05633adf22c?s=96&d=mm&r=g\",\"contentUrl\":\"https:\\\/\\\/secure.gravatar.com\\\/avatar\\\/ba307ed472519f403589981b25bf62b4089c1f82b837eaae855dd05633adf22c?s=96&d=mm&r=g\",\"caption\":\"severine\"}}]}<\/script>\n<!-- \/ Yoast SEO plugin. -->","yoast_head_json":{"title":"Matj\u00e9 presenta \"Sur mon dos\" - VeevCom","robots":{"index":"index","follow":"follow","max-snippet":"max-snippet:-1","max-image-preview":"max-image-preview:large","max-video-preview":"max-video-preview:-1"},"canonical":"https:\/\/veevcom.com\/es\/matje-presente-sur-mon-dos\/","og_locale":"es_ES","og_type":"article","og_title":"Matj\u00e9 presenta \"Sur mon dos\" - VeevCom","og_description":"Disculpa, pero esta entrada est\u00e1 disponible s\u00f3lo en FR y EN. Matj\u00e9&nbsp;r\u00e9v\u00e8lera \u00ab Sur mon dos \u00bb&nbsp;son&nbsp;nouvel&nbsp;album \u00e0&nbsp;l&#8217;occasion de sa sortie&nbsp;le&nbsp;22&nbsp;septembre&nbsp;2023&nbsp;en&nbsp;CD&nbsp;et&nbsp;digital&nbsp;et le&nbsp;9 novembre 2023&nbsp;en&nbsp;vinyle&nbsp;chez Label d&#8217;\u00c0 c\u00f4t\u00e9 \/ InOu\u00efe Distribution. Cet opus sera pr\u00e9sent\u00e9 le&nbsp;jeudi&nbsp;16 novembre&nbsp;2023&nbsp;\u00e0 20h00&nbsp;(ouvertures des portes \u00e0 19h30) sur la sc\u00e8ne&nbsp;du 360 Paris Music Factory&nbsp;lors d&#8217;un concert de&nbsp;lancement&nbsp;exceptionnel. La 1re partie sera [&hellip;]","og_url":"https:\/\/veevcom.com\/es\/matje-presente-sur-mon-dos\/","og_site_name":"VeevCom","article_published_time":"2023-06-30T12:02:24+00:00","article_modified_time":"2023-06-30T12:03:12+00:00","og_image":[{"width":2560,"height":2560,"url":"https:\/\/veevcom.com\/wp-content\/uploads\/2023\/06\/ALB-2023-FACE-fin8-gris-RVB\u00a9Matje-scaled.jpg","type":"image\/jpeg"}],"author":"severine","twitter_card":"summary_large_image","twitter_misc":{"Escrito por":"severine","Tiempo de lectura":"6 minutos"},"schema":{"@context":"https:\/\/schema.org","@graph":[{"@type":"Article","@id":"https:\/\/veevcom.com\/es\/matje-presente-sur-mon-dos\/#article","isPartOf":{"@id":"https:\/\/veevcom.com\/es\/matje-presente-sur-mon-dos\/"},"author":{"name":"severine","@id":"https:\/\/veevcom.com\/#\/schema\/person\/754f1f5a030d278766b52cf0e0c62e8b"},"headline":"Matj\u00e9 presenta \u00abSur mon dos\u00bb","datePublished":"2023-06-30T12:02:24+00:00","dateModified":"2023-06-30T12:03:12+00:00","mainEntityOfPage":{"@id":"https:\/\/veevcom.com\/es\/matje-presente-sur-mon-dos\/"},"wordCount":1233,"image":{"@id":"https:\/\/veevcom.com\/es\/matje-presente-sur-mon-dos\/#primaryimage"},"thumbnailUrl":"https:\/\/veevcom.com\/wp-content\/uploads\/2023\/06\/ALB-2023-FACE-fin8-gris-RVB\u00a9Matje-scaled.jpg","articleSection":["Actualidad"],"inLanguage":"es"},{"@type":"WebPage","@id":"https:\/\/veevcom.com\/es\/matje-presente-sur-mon-dos\/","url":"https:\/\/veevcom.com\/es\/matje-presente-sur-mon-dos\/","name":"Matj\u00e9 presenta \"Sur mon dos\" - VeevCom","isPartOf":{"@id":"https:\/\/veevcom.com\/es\/#website"},"primaryImageOfPage":{"@id":"https:\/\/veevcom.com\/es\/matje-presente-sur-mon-dos\/#primaryimage"},"image":{"@id":"https:\/\/veevcom.com\/es\/matje-presente-sur-mon-dos\/#primaryimage"},"thumbnailUrl":"https:\/\/veevcom.com\/wp-content\/uploads\/2023\/06\/ALB-2023-FACE-fin8-gris-RVB\u00a9Matje-scaled.jpg","datePublished":"2023-06-30T12:02:24+00:00","dateModified":"2023-06-30T12:03:12+00:00","author":{"@id":"https:\/\/veevcom.com\/#\/schema\/person\/754f1f5a030d278766b52cf0e0c62e8b"},"breadcrumb":{"@id":"https:\/\/veevcom.com\/es\/matje-presente-sur-mon-dos\/#breadcrumb"},"inLanguage":"es","potentialAction":[{"@type":"ReadAction","target":[["https:\/\/veevcom.com\/es\/matje-presente-sur-mon-dos\/"]]}]},{"@type":"ImageObject","inLanguage":"es","@id":"https:\/\/veevcom.com\/es\/matje-presente-sur-mon-dos\/#primaryimage","url":"https:\/\/veevcom.com\/wp-content\/uploads\/2023\/06\/ALB-2023-FACE-fin8-gris-RVB\u00a9Matje-scaled.jpg","contentUrl":"https:\/\/veevcom.com\/wp-content\/uploads\/2023\/06\/ALB-2023-FACE-fin8-gris-RVB\u00a9Matje-scaled.jpg","width":2560,"height":2560},{"@type":"BreadcrumbList","@id":"https:\/\/veevcom.com\/es\/matje-presente-sur-mon-dos\/#breadcrumb","itemListElement":[{"@type":"ListItem","position":1,"name":"Accueil","item":"https:\/\/veevcom.com\/es\/"},{"@type":"ListItem","position":2,"name":"Matj\u00e9 presenta \u00abSur mon dos\u00bb"}]},{"@type":"WebSite","@id":"https:\/\/veevcom.com\/es\/#website","url":"https:\/\/veevcom.com\/es\/","name":"VeevCom","description":"Public Relations and Communication in the Music Industry","potentialAction":[{"@type":"SearchAction","target":{"@type":"EntryPoint","urlTemplate":"https:\/\/veevcom.com\/es\/?s={search_term_string}"},"query-input":{"@type":"PropertyValueSpecification","valueRequired":true,"valueName":"search_term_string"}}],"inLanguage":"es"},{"@type":"Person","@id":"https:\/\/veevcom.com\/#\/schema\/person\/754f1f5a030d278766b52cf0e0c62e8b","name":"severine","image":{"@type":"ImageObject","inLanguage":"es","@id":"https:\/\/secure.gravatar.com\/avatar\/ba307ed472519f403589981b25bf62b4089c1f82b837eaae855dd05633adf22c?s=96&d=mm&r=g","url":"https:\/\/secure.gravatar.com\/avatar\/ba307ed472519f403589981b25bf62b4089c1f82b837eaae855dd05633adf22c?s=96&d=mm&r=g","contentUrl":"https:\/\/secure.gravatar.com\/avatar\/ba307ed472519f403589981b25bf62b4089c1f82b837eaae855dd05633adf22c?s=96&d=mm&r=g","caption":"severine"}}]}},"_links":{"self":[{"href":"https:\/\/veevcom.com\/es\/wp-json\/wp\/v2\/posts\/26236","targetHints":{"allow":["GET"]}}],"collection":[{"href":"https:\/\/veevcom.com\/es\/wp-json\/wp\/v2\/posts"}],"about":[{"href":"https:\/\/veevcom.com\/es\/wp-json\/wp\/v2\/types\/post"}],"author":[{"embeddable":true,"href":"https:\/\/veevcom.com\/es\/wp-json\/wp\/v2\/users\/3"}],"replies":[{"embeddable":true,"href":"https:\/\/veevcom.com\/es\/wp-json\/wp\/v2\/comments?post=26236"}],"version-history":[{"count":2,"href":"https:\/\/veevcom.com\/es\/wp-json\/wp\/v2\/posts\/26236\/revisions"}],"predecessor-version":[{"id":26239,"href":"https:\/\/veevcom.com\/es\/wp-json\/wp\/v2\/posts\/26236\/revisions\/26239"}],"wp:featuredmedia":[{"embeddable":true,"href":"https:\/\/veevcom.com\/es\/wp-json\/wp\/v2\/media\/26237"}],"wp:attachment":[{"href":"https:\/\/veevcom.com\/es\/wp-json\/wp\/v2\/media?parent=26236"}],"wp:term":[{"taxonomy":"category","embeddable":true,"href":"https:\/\/veevcom.com\/es\/wp-json\/wp\/v2\/categories?post=26236"},{"taxonomy":"post_tag","embeddable":true,"href":"https:\/\/veevcom.com\/es\/wp-json\/wp\/v2\/tags?post=26236"}],"curies":[{"name":"wp","href":"https:\/\/api.w.org\/{rel}","templated":true}]}}