{"id":14406,"date":"2023-03-14T16:54:09","date_gmt":"2023-03-14T15:54:09","guid":{"rendered":"https:\/\/veevcom.com\/?p=14406"},"modified":"2023-03-14T16:54:09","modified_gmt":"2023-03-14T15:54:09","slug":"lensemble-al-kindi-presente-transe-soufie-des-derviches-tourneurs-de-damas","status":"publish","type":"post","link":"https:\/\/veevcom.com\/es\/lensemble-al-kindi-presente-transe-soufie-des-derviches-tourneurs-de-damas\/","title":{"rendered":"El Grupo Al-Kindi presenta \u00abTranse soufie des Derviches tourneurs de Damas\u00bb"},"content":{"rendered":"<p class=\"qtranxs-available-languages-message qtranxs-available-languages-message-es\">Disculpa, pero esta entrada est\u00e1 disponible s\u00f3lo en <a href=\"https:\/\/veevcom.com\/fr\/wp-json\/wp\/v2\/posts\/14406\" class=\"qtranxs-available-language-link qtranxs-available-language-link-fr\" title=\"FR\">FR<\/a> y <a href=\"https:\/\/veevcom.com\/en\/wp-json\/wp\/v2\/posts\/14406\" class=\"qtranxs-available-language-link qtranxs-available-language-link-en\" title=\"EN\">EN<\/a>.<\/p><p><\/p>\n<p class=\"p1\"><b>L&#8217;Ensemble Al-Kindi<\/b>, accompagn\u00e9 de <b>Sheik Hamed Daoud<\/b> et des<b> Derviches tourneurs <\/b>de<b>Damas, <\/b>r\u00e9v\u00e8lera \u00ab<b>Transe soufie des Derviches tourneurs de Damas\u00bb <\/b>son nouvel album \u00e0 l&#8217;occasion de sa sortie le <b>24 mars 2023<\/b> chez<b> Buda Musique \/ Socadisc<\/b>.<span class=\"Apple-converted-space\">&nbsp; <\/span>Le groupe f\u00eatera ses <b>40 ans<\/b> d&#8217;existence les <b>26 et 27 mars 2023<\/b> lors de deux concerts exceptionnels au <b>Caf\u00e9 de la Danse<\/b> (Paris).<\/p>\n<p class=\"p3\"><b>L\u2019ENSEMBLE AL KINDI &#8211; 1983 &#8211; 2023 : 40 ans de musique arabe.<\/b><\/p>\n<p class=\"p4\">&nbsp;<\/p>\n<p class=\"p3\">En 2023, l\u2019ensemble Al-Kindi, fond\u00e9 par le virtuose du <i>q\u00e2nun<\/i> <b>Julien J\u00e2lal Eddine Weiss<\/b>(1953\/2015) c\u00e9l\u00e8bre ses <b>40 ans<\/b> avec la sortie d\u2019un <b>nouvel album<\/b> et <b>deux concerts parisiens<\/b>dans le cadre chaleureux du Caf\u00e9 de la Danse.<\/p>\n<p class=\"p3\">La quintessence de l\u2019art musical syrien avec <b>Adel Shams el Din<\/b> (Riqq et direction musicale), <b>Ziad Qadi Amin <\/b>(ney), <b>Mohamad Qadri Dalal<\/b> (Ud), <b>Khadija el-Afritt<\/b> (Qanun), port\u00e9e par les chants soufis de l\u2019hymnode damasc\u00e8ne <b>Sheikh Hamed Daoud<\/b> et les fascinants <b>derviches tourneurs<\/b> <b>de la Grande Mosqu\u00e9e des Omeyyades de Damas. <\/b><\/p>\n<p class=\"p3\">En cette ann\u00e9e 2023, l&#8217;Ensemble Al Kindi f\u00eate ses quarante ans d\u2019existence, quarante ann\u00e9es de belles noces ininterrompues avec la grande musique savante du monde arabe.<\/p>\n<p class=\"p3\">En 1983 lorsque Julien Weiss ( qui ne s&#8217;appelait pas encore Jalal Eddine) fonde un petit trio de musique arabe traditionnelle qu&#8217;il baptise du nom d&#8217;Al Kindi, en hommage au grand philosophe, math\u00e9maticien et th\u00e9oricien de la musique, Abu Yusuf Al-Kindi, il n\u2019imagine pas que quarante ans plus tard, ce nom sera celui d\u2019un des meilleurs ensemble de musique arabe, une r\u00e9f\u00e9rence du genre.<\/p>\n<p class=\"p3\">Avec ses compagnons de route <b>Ziad Kadi Amin<\/b> de Damas (ney, flute en roseau), <b>Mohamad Qadri Dalal<\/b> d\u2019Alep (Ud), et <b>Adel Shams El Din<\/b> d\u2019Alexandrie (riqq, percussion \u00e0 cymbalettes), il n\u2019a cess\u00e9 d\u2019explorer les richesses et l\u2019universalit\u00e9 de la culture et de la musique classique arabe avec l\u2019espoir d\u2019exacerber l\u2019id\u00e9e positive de coexistence pacifique entre les peuples.<\/p>\n<p class=\"p3\">A l\u2019instar des ensembles de musique classique occidentale, l\u2019ensemble Al-Kindi a suscit\u00e9 des rencontres, des collaborations avec les meilleurs chanteurs et musiciens de Syrie, d\u2019Irak et de Turquie avec lesquels ils se sont produits sur les plus grandes sc\u00e8nes musicales du monde jusqu\u2019au Carnegie Hall de NY, enchainant des tourn\u00e9es dans toute l\u2019Europe, du Th\u00e9\u00e2tre de la Ville \u00e0 Paris, \u00e0 l\u2019Institut du Monde Arabe, au Festival des Musiques Sacr\u00e9es de F\u00e8s, Festival de Baalbeck\u2026<\/p>\n<p class=\"p3\">La guerre en Syrie avec ses exils forc\u00e9s, ses fronti\u00e8res ferm\u00e9es, et la disparition pr\u00e9matur\u00e9e de Julien Weiss<span class=\"Apple-converted-space\">&nbsp; <\/span>en janvier 2015 ont impact\u00e9 fortement les activit\u00e9s de l\u2019ensemble.<\/p>\n<p class=\"p3\">Sous la direction musicale d&#8217;Adel Shams el Din et autour du noyau d&#8217;origine, un nouvel ensemble s&#8217;est form\u00e9 avec, comme voix soliste, le <b>Sheikh Hamed Daoud<\/b>, hymnode de la Grande Mosqu\u00e9e des Omeyyades de Damas et la tunisienne <b>Khadija el Afritt <\/b>au qanun, auxquels se sont joints deux choristes, <b>Diaa Daoud et Mohamed Husam Takrori.<\/b><\/p>\n<p class=\"p1\">Le groupe est compos\u00e9 de 9 artistes, chanteurs, musiciens, danseurs venant de Syrie, Egypte et Tunisie :<\/p>\n<p class=\"p1\"><b>Sheikh Hamed Daoud<\/b> : chant<\/p>\n<p class=\"p1\"><b>Ziad Kadi Amin<\/b> : ney (fl\u00fbte en roseau)<\/p>\n<p class=\"p1\"><b>Adel Shams El Din<\/b> : riqq (tambourin \u00e0 cymbalettes)<\/p>\n<p class=\"p1\"><b>Mohamed Qadri Dalal :<\/b> Ud (luth oriental)<\/p>\n<p class=\"p1\"><b>Khadija El-Afritt<\/b> : Qanun (cythare orientale)<\/p>\n<p class=\"p1\"><b>Diaa Daoud :<\/b> choriste (Munshid)<\/p>\n<p class=\"p1\"><b>Husam Takrori :<\/b> choriste (Munshid)<\/p>\n<p class=\"p1\"><b>Hatem Al-Jamal<\/b><span class=\"Apple-converted-space\">&nbsp; <\/span>: derviche tourneur<\/p>\n<p class=\"p1\"><b>Yazan Al Jamal :<\/b> derviche tourneur<\/p>\n<p><\/p>","protected":false},"excerpt":{"rendered":"<p>Disculpa, pero esta entrada est\u00e1 disponible s\u00f3lo en FR y EN. L&#8217;Ensemble Al-Kindi, accompagn\u00e9 de Sheik Hamed Daoud et des Derviches tourneurs deDamas, r\u00e9v\u00e8lera \u00abTranse soufie des Derviches tourneurs de Damas\u00bb son nouvel album \u00e0 l&#8217;occasion de sa sortie le 24 mars 2023 chez Buda Musique \/ Socadisc.&nbsp; Le groupe f\u00eatera ses 40 ans d&#8217;existence [&hellip;]<\/p>\n","protected":false},"author":3,"featured_media":14404,"comment_status":"closed","ping_status":"closed","sticky":false,"template":"","format":"standard","meta":{"_acf_changed":false,"footnotes":""},"categories":[1],"tags":[],"class_list":["post-14406","post","type-post","status-publish","format-standard","has-post-thumbnail","hentry","category-non-classe"],"acf":[],"yoast_head":"<!-- This site is optimized with the Yoast SEO plugin v27.4 - https:\/\/yoast.com\/product\/yoast-seo-wordpress\/ -->\n<title>El Grupo Al-Kindi presenta &quot;Transe soufie des Derviches tourneurs de Damas&quot; - VeevCom<\/title>\n<meta name=\"robots\" content=\"index, follow, max-snippet:-1, max-image-preview:large, max-video-preview:-1\" \/>\n<link rel=\"canonical\" href=\"https:\/\/veevcom.com\/es\/lensemble-al-kindi-presente-transe-soufie-des-derviches-tourneurs-de-damas\/\" \/>\n<meta property=\"og:locale\" content=\"es_ES\" \/>\n<meta property=\"og:type\" content=\"article\" \/>\n<meta property=\"og:title\" content=\"El Grupo Al-Kindi presenta &quot;Transe soufie des Derviches tourneurs de Damas&quot; - VeevCom\" \/>\n<meta property=\"og:description\" content=\"Disculpa, pero esta entrada est\u00e1 disponible s\u00f3lo en FR y EN. L&#8217;Ensemble Al-Kindi, accompagn\u00e9 de Sheik Hamed Daoud et des Derviches tourneurs deDamas, r\u00e9v\u00e8lera \u00abTranse soufie des Derviches tourneurs de Damas\u00bb son nouvel album \u00e0 l&#8217;occasion de sa sortie le 24 mars 2023 chez Buda Musique \/ Socadisc.&nbsp; Le groupe f\u00eatera ses 40 ans d&#8217;existence [&hellip;]\" \/>\n<meta property=\"og:url\" content=\"https:\/\/veevcom.com\/es\/lensemble-al-kindi-presente-transe-soufie-des-derviches-tourneurs-de-damas\/\" \/>\n<meta property=\"og:site_name\" content=\"VeevCom\" \/>\n<meta property=\"article:published_time\" content=\"2023-03-14T15:54:09+00:00\" \/>\n<meta property=\"og:image\" content=\"https:\/\/veevcom.com\/wp-content\/uploads\/2023\/03\/BUDA860382\u00a9Sabine-Chatel-Cyrille-Buffet.jpg\" \/>\n\t<meta property=\"og:image:width\" content=\"1440\" \/>\n\t<meta property=\"og:image:height\" content=\"1440\" \/>\n\t<meta property=\"og:image:type\" content=\"image\/jpeg\" \/>\n<meta name=\"author\" content=\"severine\" \/>\n<meta name=\"twitter:card\" content=\"summary_large_image\" \/>\n<meta name=\"twitter:label1\" content=\"Escrito por\" \/>\n\t<meta name=\"twitter:data1\" content=\"severine\" \/>\n\t<meta name=\"twitter:label2\" content=\"Tiempo de lectura\" \/>\n\t<meta name=\"twitter:data2\" content=\"10 minutos\" \/>\n<script type=\"application\/ld+json\" class=\"yoast-schema-graph\">{\"@context\":\"https:\\\/\\\/schema.org\",\"@graph\":[{\"@type\":\"Article\",\"@id\":\"https:\\\/\\\/veevcom.com\\\/es\\\/lensemble-al-kindi-presente-transe-soufie-des-derviches-tourneurs-de-damas\\\/#article\",\"isPartOf\":{\"@id\":\"https:\\\/\\\/veevcom.com\\\/es\\\/lensemble-al-kindi-presente-transe-soufie-des-derviches-tourneurs-de-damas\\\/\"},\"author\":{\"name\":\"severine\",\"@id\":\"https:\\\/\\\/veevcom.com\\\/#\\\/schema\\\/person\\\/754f1f5a030d278766b52cf0e0c62e8b\"},\"headline\":\"El Grupo Al-Kindi presenta \u00abTranse soufie des Derviches tourneurs de Damas\u00bb\",\"datePublished\":\"2023-03-14T15:54:09+00:00\",\"mainEntityOfPage\":{\"@id\":\"https:\\\/\\\/veevcom.com\\\/es\\\/lensemble-al-kindi-presente-transe-soufie-des-derviches-tourneurs-de-damas\\\/\"},\"wordCount\":2071,\"image\":{\"@id\":\"https:\\\/\\\/veevcom.com\\\/es\\\/lensemble-al-kindi-presente-transe-soufie-des-derviches-tourneurs-de-damas\\\/#primaryimage\"},\"thumbnailUrl\":\"https:\\\/\\\/veevcom.com\\\/wp-content\\\/uploads\\\/2023\\\/03\\\/BUDA860382\u00a9Sabine-Chatel-Cyrille-Buffet.jpg\",\"articleSection\":[\"Actualidad\"],\"inLanguage\":\"es\"},{\"@type\":\"WebPage\",\"@id\":\"https:\\\/\\\/veevcom.com\\\/es\\\/lensemble-al-kindi-presente-transe-soufie-des-derviches-tourneurs-de-damas\\\/\",\"url\":\"https:\\\/\\\/veevcom.com\\\/es\\\/lensemble-al-kindi-presente-transe-soufie-des-derviches-tourneurs-de-damas\\\/\",\"name\":\"El Grupo Al-Kindi presenta \\\"Transe soufie des Derviches tourneurs de Damas\\\" - VeevCom\",\"isPartOf\":{\"@id\":\"https:\\\/\\\/veevcom.com\\\/es\\\/#website\"},\"primaryImageOfPage\":{\"@id\":\"https:\\\/\\\/veevcom.com\\\/es\\\/lensemble-al-kindi-presente-transe-soufie-des-derviches-tourneurs-de-damas\\\/#primaryimage\"},\"image\":{\"@id\":\"https:\\\/\\\/veevcom.com\\\/es\\\/lensemble-al-kindi-presente-transe-soufie-des-derviches-tourneurs-de-damas\\\/#primaryimage\"},\"thumbnailUrl\":\"https:\\\/\\\/veevcom.com\\\/wp-content\\\/uploads\\\/2023\\\/03\\\/BUDA860382\u00a9Sabine-Chatel-Cyrille-Buffet.jpg\",\"datePublished\":\"2023-03-14T15:54:09+00:00\",\"author\":{\"@id\":\"https:\\\/\\\/veevcom.com\\\/#\\\/schema\\\/person\\\/754f1f5a030d278766b52cf0e0c62e8b\"},\"breadcrumb\":{\"@id\":\"https:\\\/\\\/veevcom.com\\\/es\\\/lensemble-al-kindi-presente-transe-soufie-des-derviches-tourneurs-de-damas\\\/#breadcrumb\"},\"inLanguage\":\"es\",\"potentialAction\":[{\"@type\":\"ReadAction\",\"target\":[[\"https:\\\/\\\/veevcom.com\\\/es\\\/lensemble-al-kindi-presente-transe-soufie-des-derviches-tourneurs-de-damas\\\/\"]]}]},{\"@type\":\"ImageObject\",\"inLanguage\":\"es\",\"@id\":\"https:\\\/\\\/veevcom.com\\\/es\\\/lensemble-al-kindi-presente-transe-soufie-des-derviches-tourneurs-de-damas\\\/#primaryimage\",\"url\":\"https:\\\/\\\/veevcom.com\\\/wp-content\\\/uploads\\\/2023\\\/03\\\/BUDA860382\u00a9Sabine-Chatel-Cyrille-Buffet.jpg\",\"contentUrl\":\"https:\\\/\\\/veevcom.com\\\/wp-content\\\/uploads\\\/2023\\\/03\\\/BUDA860382\u00a9Sabine-Chatel-Cyrille-Buffet.jpg\",\"width\":1440,\"height\":1440},{\"@type\":\"BreadcrumbList\",\"@id\":\"https:\\\/\\\/veevcom.com\\\/es\\\/lensemble-al-kindi-presente-transe-soufie-des-derviches-tourneurs-de-damas\\\/#breadcrumb\",\"itemListElement\":[{\"@type\":\"ListItem\",\"position\":1,\"name\":\"Accueil\",\"item\":\"https:\\\/\\\/veevcom.com\\\/es\\\/\"},{\"@type\":\"ListItem\",\"position\":2,\"name\":\"El Grupo Al-Kindi presenta \u00abTranse soufie des Derviches tourneurs de Damas\u00bb\"}]},{\"@type\":\"WebSite\",\"@id\":\"https:\\\/\\\/veevcom.com\\\/es\\\/#website\",\"url\":\"https:\\\/\\\/veevcom.com\\\/es\\\/\",\"name\":\"VeevCom\",\"description\":\"Public Relations and Communication in the Music Industry\",\"potentialAction\":[{\"@type\":\"SearchAction\",\"target\":{\"@type\":\"EntryPoint\",\"urlTemplate\":\"https:\\\/\\\/veevcom.com\\\/es\\\/?s={search_term_string}\"},\"query-input\":{\"@type\":\"PropertyValueSpecification\",\"valueRequired\":true,\"valueName\":\"search_term_string\"}}],\"inLanguage\":\"es\"},{\"@type\":\"Person\",\"@id\":\"https:\\\/\\\/veevcom.com\\\/#\\\/schema\\\/person\\\/754f1f5a030d278766b52cf0e0c62e8b\",\"name\":\"severine\",\"image\":{\"@type\":\"ImageObject\",\"inLanguage\":\"es\",\"@id\":\"https:\\\/\\\/secure.gravatar.com\\\/avatar\\\/ba307ed472519f403589981b25bf62b4089c1f82b837eaae855dd05633adf22c?s=96&d=mm&r=g\",\"url\":\"https:\\\/\\\/secure.gravatar.com\\\/avatar\\\/ba307ed472519f403589981b25bf62b4089c1f82b837eaae855dd05633adf22c?s=96&d=mm&r=g\",\"contentUrl\":\"https:\\\/\\\/secure.gravatar.com\\\/avatar\\\/ba307ed472519f403589981b25bf62b4089c1f82b837eaae855dd05633adf22c?s=96&d=mm&r=g\",\"caption\":\"severine\"}}]}<\/script>\n<!-- \/ Yoast SEO plugin. -->","yoast_head_json":{"title":"El Grupo Al-Kindi presenta \"Transe soufie des Derviches tourneurs de Damas\" - VeevCom","robots":{"index":"index","follow":"follow","max-snippet":"max-snippet:-1","max-image-preview":"max-image-preview:large","max-video-preview":"max-video-preview:-1"},"canonical":"https:\/\/veevcom.com\/es\/lensemble-al-kindi-presente-transe-soufie-des-derviches-tourneurs-de-damas\/","og_locale":"es_ES","og_type":"article","og_title":"El Grupo Al-Kindi presenta \"Transe soufie des Derviches tourneurs de Damas\" - VeevCom","og_description":"Disculpa, pero esta entrada est\u00e1 disponible s\u00f3lo en FR y EN. L&#8217;Ensemble Al-Kindi, accompagn\u00e9 de Sheik Hamed Daoud et des Derviches tourneurs deDamas, r\u00e9v\u00e8lera \u00abTranse soufie des Derviches tourneurs de Damas\u00bb son nouvel album \u00e0 l&#8217;occasion de sa sortie le 24 mars 2023 chez Buda Musique \/ Socadisc.&nbsp; Le groupe f\u00eatera ses 40 ans d&#8217;existence [&hellip;]","og_url":"https:\/\/veevcom.com\/es\/lensemble-al-kindi-presente-transe-soufie-des-derviches-tourneurs-de-damas\/","og_site_name":"VeevCom","article_published_time":"2023-03-14T15:54:09+00:00","og_image":[{"width":1440,"height":1440,"url":"https:\/\/veevcom.com\/wp-content\/uploads\/2023\/03\/BUDA860382\u00a9Sabine-Chatel-Cyrille-Buffet.jpg","type":"image\/jpeg"}],"author":"severine","twitter_card":"summary_large_image","twitter_misc":{"Escrito por":"severine","Tiempo de lectura":"10 minutos"},"schema":{"@context":"https:\/\/schema.org","@graph":[{"@type":"Article","@id":"https:\/\/veevcom.com\/es\/lensemble-al-kindi-presente-transe-soufie-des-derviches-tourneurs-de-damas\/#article","isPartOf":{"@id":"https:\/\/veevcom.com\/es\/lensemble-al-kindi-presente-transe-soufie-des-derviches-tourneurs-de-damas\/"},"author":{"name":"severine","@id":"https:\/\/veevcom.com\/#\/schema\/person\/754f1f5a030d278766b52cf0e0c62e8b"},"headline":"El Grupo Al-Kindi presenta \u00abTranse soufie des Derviches tourneurs de Damas\u00bb","datePublished":"2023-03-14T15:54:09+00:00","mainEntityOfPage":{"@id":"https:\/\/veevcom.com\/es\/lensemble-al-kindi-presente-transe-soufie-des-derviches-tourneurs-de-damas\/"},"wordCount":2071,"image":{"@id":"https:\/\/veevcom.com\/es\/lensemble-al-kindi-presente-transe-soufie-des-derviches-tourneurs-de-damas\/#primaryimage"},"thumbnailUrl":"https:\/\/veevcom.com\/wp-content\/uploads\/2023\/03\/BUDA860382\u00a9Sabine-Chatel-Cyrille-Buffet.jpg","articleSection":["Actualidad"],"inLanguage":"es"},{"@type":"WebPage","@id":"https:\/\/veevcom.com\/es\/lensemble-al-kindi-presente-transe-soufie-des-derviches-tourneurs-de-damas\/","url":"https:\/\/veevcom.com\/es\/lensemble-al-kindi-presente-transe-soufie-des-derviches-tourneurs-de-damas\/","name":"El Grupo Al-Kindi presenta \"Transe soufie des Derviches tourneurs de Damas\" - VeevCom","isPartOf":{"@id":"https:\/\/veevcom.com\/es\/#website"},"primaryImageOfPage":{"@id":"https:\/\/veevcom.com\/es\/lensemble-al-kindi-presente-transe-soufie-des-derviches-tourneurs-de-damas\/#primaryimage"},"image":{"@id":"https:\/\/veevcom.com\/es\/lensemble-al-kindi-presente-transe-soufie-des-derviches-tourneurs-de-damas\/#primaryimage"},"thumbnailUrl":"https:\/\/veevcom.com\/wp-content\/uploads\/2023\/03\/BUDA860382\u00a9Sabine-Chatel-Cyrille-Buffet.jpg","datePublished":"2023-03-14T15:54:09+00:00","author":{"@id":"https:\/\/veevcom.com\/#\/schema\/person\/754f1f5a030d278766b52cf0e0c62e8b"},"breadcrumb":{"@id":"https:\/\/veevcom.com\/es\/lensemble-al-kindi-presente-transe-soufie-des-derviches-tourneurs-de-damas\/#breadcrumb"},"inLanguage":"es","potentialAction":[{"@type":"ReadAction","target":[["https:\/\/veevcom.com\/es\/lensemble-al-kindi-presente-transe-soufie-des-derviches-tourneurs-de-damas\/"]]}]},{"@type":"ImageObject","inLanguage":"es","@id":"https:\/\/veevcom.com\/es\/lensemble-al-kindi-presente-transe-soufie-des-derviches-tourneurs-de-damas\/#primaryimage","url":"https:\/\/veevcom.com\/wp-content\/uploads\/2023\/03\/BUDA860382\u00a9Sabine-Chatel-Cyrille-Buffet.jpg","contentUrl":"https:\/\/veevcom.com\/wp-content\/uploads\/2023\/03\/BUDA860382\u00a9Sabine-Chatel-Cyrille-Buffet.jpg","width":1440,"height":1440},{"@type":"BreadcrumbList","@id":"https:\/\/veevcom.com\/es\/lensemble-al-kindi-presente-transe-soufie-des-derviches-tourneurs-de-damas\/#breadcrumb","itemListElement":[{"@type":"ListItem","position":1,"name":"Accueil","item":"https:\/\/veevcom.com\/es\/"},{"@type":"ListItem","position":2,"name":"El Grupo Al-Kindi presenta \u00abTranse soufie des Derviches tourneurs de Damas\u00bb"}]},{"@type":"WebSite","@id":"https:\/\/veevcom.com\/es\/#website","url":"https:\/\/veevcom.com\/es\/","name":"VeevCom","description":"Public Relations and Communication in the Music Industry","potentialAction":[{"@type":"SearchAction","target":{"@type":"EntryPoint","urlTemplate":"https:\/\/veevcom.com\/es\/?s={search_term_string}"},"query-input":{"@type":"PropertyValueSpecification","valueRequired":true,"valueName":"search_term_string"}}],"inLanguage":"es"},{"@type":"Person","@id":"https:\/\/veevcom.com\/#\/schema\/person\/754f1f5a030d278766b52cf0e0c62e8b","name":"severine","image":{"@type":"ImageObject","inLanguage":"es","@id":"https:\/\/secure.gravatar.com\/avatar\/ba307ed472519f403589981b25bf62b4089c1f82b837eaae855dd05633adf22c?s=96&d=mm&r=g","url":"https:\/\/secure.gravatar.com\/avatar\/ba307ed472519f403589981b25bf62b4089c1f82b837eaae855dd05633adf22c?s=96&d=mm&r=g","contentUrl":"https:\/\/secure.gravatar.com\/avatar\/ba307ed472519f403589981b25bf62b4089c1f82b837eaae855dd05633adf22c?s=96&d=mm&r=g","caption":"severine"}}]}},"_links":{"self":[{"href":"https:\/\/veevcom.com\/es\/wp-json\/wp\/v2\/posts\/14406","targetHints":{"allow":["GET"]}}],"collection":[{"href":"https:\/\/veevcom.com\/es\/wp-json\/wp\/v2\/posts"}],"about":[{"href":"https:\/\/veevcom.com\/es\/wp-json\/wp\/v2\/types\/post"}],"author":[{"embeddable":true,"href":"https:\/\/veevcom.com\/es\/wp-json\/wp\/v2\/users\/3"}],"replies":[{"embeddable":true,"href":"https:\/\/veevcom.com\/es\/wp-json\/wp\/v2\/comments?post=14406"}],"version-history":[{"count":4,"href":"https:\/\/veevcom.com\/es\/wp-json\/wp\/v2\/posts\/14406\/revisions"}],"predecessor-version":[{"id":14410,"href":"https:\/\/veevcom.com\/es\/wp-json\/wp\/v2\/posts\/14406\/revisions\/14410"}],"wp:featuredmedia":[{"embeddable":true,"href":"https:\/\/veevcom.com\/es\/wp-json\/wp\/v2\/media\/14404"}],"wp:attachment":[{"href":"https:\/\/veevcom.com\/es\/wp-json\/wp\/v2\/media?parent=14406"}],"wp:term":[{"taxonomy":"category","embeddable":true,"href":"https:\/\/veevcom.com\/es\/wp-json\/wp\/v2\/categories?post=14406"},{"taxonomy":"post_tag","embeddable":true,"href":"https:\/\/veevcom.com\/es\/wp-json\/wp\/v2\/tags?post=14406"}],"curies":[{"name":"wp","href":"https:\/\/api.w.org\/{rel}","templated":true}]}}