{"id":14390,"date":"2023-02-14T13:08:24","date_gmt":"2023-02-14T12:08:24","guid":{"rendered":"https:\/\/veevcom.com\/?p=14390"},"modified":"2023-02-17T16:33:52","modified_gmt":"2023-02-17T15:33:52","slug":"kala-jula-gangbe-brass-band-feat-fama-diabate-presentent-asro","status":"publish","type":"post","link":"https:\/\/veevcom.com\/es\/kala-jula-gangbe-brass-band-feat-fama-diabate-presentent-asro\/","title":{"rendered":"Kala Jula &#038; Gangb\u00e9 Brass Band feat. Fama Diabat\u00e9 presentan \u00abAsro\u00bb"},"content":{"rendered":"<p class=\"qtranxs-available-languages-message qtranxs-available-languages-message-es\">Disculpa, pero esta entrada est\u00e1 disponible s\u00f3lo en <a href=\"https:\/\/veevcom.com\/fr\/wp-json\/wp\/v2\/posts\/14390\" class=\"qtranxs-available-language-link qtranxs-available-language-link-fr\" title=\"FR\">FR<\/a> y <a href=\"https:\/\/veevcom.com\/en\/wp-json\/wp\/v2\/posts\/14390\" class=\"qtranxs-available-language-link qtranxs-available-language-link-en\" title=\"EN\">EN<\/a>.<\/p><p><\/p>\n<div>\n<div><strong>Kala Jula &amp; Gangb Brass Band feat. Fama Diabat\u00e9&nbsp;<\/strong>r\u00e9v\u00e8leront&nbsp;\u00ab<strong>Asro<\/strong>\u00bb leur nouvel&nbsp;album \u00e0&nbsp;l&#8217;occasion de sa sortie&nbsp;le <strong>17 mars&nbsp;2023<\/strong>&nbsp;chez<strong>&nbsp;Buda Musique&nbsp;\/ Socadisc<\/strong>.&nbsp;<\/div>\n<div>Du Mali au B\u00e9nin et de l\u2019Afrique de l\u2019Ouest aux Cara\u00efbes, port\u00e9e par un orchestre flamboyant de cordes, de peaux et de cuivre, la voix d\u2019un g\u00e9nie adolescent explore les routes de la cr\u00e9olit\u00e9.&nbsp; Pour ce p\u00e9riple panafricain entre soul et blues sah\u00e9lien, le groupe <strong>Kala Jula<\/strong> fait peau neuve et se d\u00e9multiplie, abreuvant sa mue aux sources du vaudou autant qu\u2019\u00e0 celles de la tradition des griots du Mand\u00e9.&nbsp;<\/div>\n<\/div>\n<div>\n<div>\n<div>Les musiciens pr\u00e9sents sur \u00abAsro\u00bb sont :<br \/>\n<strong>Kala Jula <\/strong>(Mali, Suisse) :<br \/>\n&#8211; <strong>Fama Diabat\u00e9 <\/strong>: voix, balafon<br \/>\n&#8211;<strong> Mahamadou Diabat\u00e9 <\/strong>: <em>jeli n\u2019goni<\/em><br \/>\n&#8211;&nbsp;<strong>Samba Diabat\u00e9 <\/strong>: guitare<br \/>\n&#8211; <strong>Vincent Zanetti <\/strong>: djemb\u00e9, kora, guitare&nbsp;<\/div>\n<p><strong>Gangb\u00e9 Brass Band <\/strong>(B\u00e9nin) :<br \/>\n&#8211; <strong>Beno\u00eet Avihou\u00e9 <\/strong>: percussions et chant<br \/>\n&#8211; <strong>Wendo Martial Ahouandjinou <\/strong>: trombone et chant<br \/>\n&#8211;&nbsp;<strong>Ebenezer Abdias Z\u00e9sahou Aklo\u00e9 <\/strong>: saxophones et chant<br \/>\n&#8211;&nbsp;<strong>Athanase Obed Dehoumon <\/strong>: bugle, chant<br \/>\n&#8211; <strong>Crespin Kpitiki <\/strong>: percussions, voix soliste<br \/>\n&#8211; <strong>Prosper Odjo <\/strong>: trompette et chant<br \/>\n&#8211; <strong>James Vodounon <\/strong>: sousaphone et chant&nbsp;<\/p>\n<\/div>\n<p>En octobre 2019, pour f\u00eater son trenti\u00e8me anniversaire, l\u2019association artistique valaisanne <strong>Djinn Djow Productions<\/strong> rendait hommage \u00e0 <strong>Kass\u00e9 Mady Diabat\u00e9<\/strong>, \u00e9minent repr\u00e9sentant de la tradition des griots mandingues et un des plus brillants chanteurs maliens de son temps, d\u00e9c\u00e9d\u00e9 \u00e0 Bamako le 24 mai 2018 \u00e0 l&#8217;\u00e2ge de 69 ans, en mettant en sc\u00e8ne son petit neveu, le jeune chanteur <strong>Fama Diabat\u00e9<\/strong>. \u00c2g\u00e9 de 14 ans au moment du spectacle, sa voix lui avait d\u00e9j\u00e0 valu d&#8217;\u00eatre s\u00e9lectionn\u00e9 par la fondation Aga Khan pour repr\u00e9senter la tradition des griots sur plusieurs sc\u00e8nes internationales.&nbsp;<\/p>\n<p>Autour de lui, le guitariste <strong>Samba Diabat\u00e9 <\/strong>et le multi-instrumentiste <strong>Vincent Zanetti <\/strong>(initiateur et directeur artistique du projet) r\u00e9inventaient leur ensemble Kala Jula pour une cr\u00e9ation en premi\u00e8re mondiale au Th\u00e9\u00e2tre du Crochetan, \u00e0 Monthey, en invitant le <strong>Gangb\u00e9 Brass Band<\/strong>, fanfare l\u00e9gendaire, pionni\u00e8re du renouveau de la musique de cuivres du B\u00e9nin.&nbsp;<\/p>\n<p>Pr\u00e9sent\u00e9 en cr\u00e9ation au Th\u00e9\u00e2tre du Crochetan \u00e0 Monthey (Suisse) le 3 octobre 2019, le spectacle a fait l&#8217;objet d&#8217;une double captation, audio et vid\u00e9o, de la part de Lionel Darbellay et Gilles Vuissoz, respectivement ing\u00e9nieur du son et r\u00e9alisateur au sein du collectif artistique valaisan <strong>Dimension cinq<\/strong>. Apr\u00e8s une premi\u00e8re mise en ligne de la vid\u00e9o en acc\u00e8s payant sur Vim\u00e9o \u00e0 la fin 2020, pour palier au report des concerts du fait de la crise sanitaire, la publication de l\u2019album <strong><em>ASRO<\/em><\/strong> par le label fran\u00e7ais <strong>Buda Musique<\/strong>, le 17 mars 2023, repr\u00e9sente \u00e0 la fois un aboutissement et une cons\u00e9cration de ce projet.&nbsp; Elle donnera lieu \u00e0 une s\u00e9rie de concerts dans quatre th\u00e9\u00e2tres importants de Suisse romande : le TKM Th\u00e9\u00e2tre Kl\u00e9ber-M\u00e9leau \u00e0 Renens (29 et 30 avril), le th\u00e9\u00e2tre du Crochetan \u00e0 Monthey (4 mai) et le th\u00e9\u00e2tre de l\u2019Alhambra \u00e0 Gen\u00e8ve (organis\u00e9 par les ADEM, Ateliers d\u2019ethnomusicologie de Gen\u00e8ve, 5 mai).<\/p>\n<\/div>\n<p><\/p>","protected":false},"excerpt":{"rendered":"<p>Disculpa, pero esta entrada est\u00e1 disponible s\u00f3lo en FR y EN. Kala Jula &amp; Gangb Brass Band feat. Fama Diabat\u00e9&nbsp;r\u00e9v\u00e8leront&nbsp;\u00abAsro\u00bb leur nouvel&nbsp;album \u00e0&nbsp;l&#8217;occasion de sa sortie&nbsp;le 17 mars&nbsp;2023&nbsp;chez&nbsp;Buda Musique&nbsp;\/ Socadisc.&nbsp; Du Mali au B\u00e9nin et de l\u2019Afrique de l\u2019Ouest aux Cara\u00efbes, port\u00e9e par un orchestre flamboyant de cordes, de peaux et de cuivre, la voix [&hellip;]<\/p>\n","protected":false},"author":3,"featured_media":14391,"comment_status":"closed","ping_status":"closed","sticky":false,"template":"","format":"standard","meta":{"_acf_changed":false,"footnotes":""},"categories":[1],"tags":[],"class_list":["post-14390","post","type-post","status-publish","format-standard","has-post-thumbnail","hentry","category-non-classe"],"acf":[],"yoast_head":"<!-- This site is optimized with the Yoast SEO plugin v27.4 - https:\/\/yoast.com\/product\/yoast-seo-wordpress\/ -->\n<title>Kala Jula &amp; Gangb\u00e9 Brass Band feat. Fama Diabat\u00e9 presentan &quot;Asro&quot; - VeevCom<\/title>\n<meta name=\"robots\" content=\"index, follow, max-snippet:-1, max-image-preview:large, max-video-preview:-1\" \/>\n<link rel=\"canonical\" href=\"https:\/\/veevcom.com\/es\/kala-jula-gangbe-brass-band-feat-fama-diabate-presentent-asro\/\" \/>\n<meta property=\"og:locale\" content=\"es_ES\" \/>\n<meta property=\"og:type\" content=\"article\" \/>\n<meta property=\"og:title\" content=\"Kala Jula &amp; Gangb\u00e9 Brass Band feat. Fama Diabat\u00e9 presentan &quot;Asro&quot; - VeevCom\" \/>\n<meta property=\"og:description\" content=\"Disculpa, pero esta entrada est\u00e1 disponible s\u00f3lo en FR y EN. Kala Jula &amp; Gangb Brass Band feat. Fama Diabat\u00e9&nbsp;r\u00e9v\u00e8leront&nbsp;\u00abAsro\u00bb leur nouvel&nbsp;album \u00e0&nbsp;l&#8217;occasion de sa sortie&nbsp;le 17 mars&nbsp;2023&nbsp;chez&nbsp;Buda Musique&nbsp;\/ Socadisc.&nbsp; Du Mali au B\u00e9nin et de l\u2019Afrique de l\u2019Ouest aux Cara\u00efbes, port\u00e9e par un orchestre flamboyant de cordes, de peaux et de cuivre, la voix [&hellip;]\" \/>\n<meta property=\"og:url\" content=\"https:\/\/veevcom.com\/es\/kala-jula-gangbe-brass-band-feat-fama-diabate-presentent-asro\/\" \/>\n<meta property=\"og:site_name\" content=\"VeevCom\" \/>\n<meta property=\"article:published_time\" content=\"2023-02-14T12:08:24+00:00\" \/>\n<meta property=\"article:modified_time\" content=\"2023-02-17T15:33:52+00:00\" \/>\n<meta property=\"og:image\" content=\"https:\/\/veevcom.com\/wp-content\/uploads\/2023\/02\/Asro_booklet-front_RVB\u00a9Vincent-Zanetti-Suzy_Mazzanisi-1024x919.jpg\" \/>\n\t<meta property=\"og:image:width\" content=\"1024\" \/>\n\t<meta property=\"og:image:height\" content=\"919\" \/>\n\t<meta property=\"og:image:type\" content=\"image\/jpeg\" \/>\n<meta name=\"author\" content=\"severine\" \/>\n<meta name=\"twitter:card\" content=\"summary_large_image\" \/>\n<meta name=\"twitter:label1\" content=\"Escrito por\" \/>\n\t<meta name=\"twitter:data1\" content=\"severine\" \/>\n\t<meta name=\"twitter:label2\" content=\"Tiempo de lectura\" \/>\n\t<meta name=\"twitter:data2\" content=\"5 minutos\" \/>\n<script type=\"application\/ld+json\" class=\"yoast-schema-graph\">{\"@context\":\"https:\\\/\\\/schema.org\",\"@graph\":[{\"@type\":\"Article\",\"@id\":\"https:\\\/\\\/veevcom.com\\\/es\\\/kala-jula-gangbe-brass-band-feat-fama-diabate-presentent-asro\\\/#article\",\"isPartOf\":{\"@id\":\"https:\\\/\\\/veevcom.com\\\/es\\\/kala-jula-gangbe-brass-band-feat-fama-diabate-presentent-asro\\\/\"},\"author\":{\"name\":\"severine\",\"@id\":\"https:\\\/\\\/veevcom.com\\\/#\\\/schema\\\/person\\\/754f1f5a030d278766b52cf0e0c62e8b\"},\"headline\":\"Kala Jula &#038; Gangb\u00e9 Brass Band feat. Fama Diabat\u00e9 presentan \u00abAsro\u00bb\",\"datePublished\":\"2023-02-14T12:08:24+00:00\",\"dateModified\":\"2023-02-17T15:33:52+00:00\",\"mainEntityOfPage\":{\"@id\":\"https:\\\/\\\/veevcom.com\\\/es\\\/kala-jula-gangbe-brass-band-feat-fama-diabate-presentent-asro\\\/\"},\"wordCount\":942,\"image\":{\"@id\":\"https:\\\/\\\/veevcom.com\\\/es\\\/kala-jula-gangbe-brass-band-feat-fama-diabate-presentent-asro\\\/#primaryimage\"},\"thumbnailUrl\":\"https:\\\/\\\/veevcom.com\\\/wp-content\\\/uploads\\\/2023\\\/02\\\/Asro_booklet-front_RVB\u00a9Vincent-Zanetti-Suzy_Mazzanisi.jpg\",\"articleSection\":[\"Actualidad\"],\"inLanguage\":\"es\"},{\"@type\":\"WebPage\",\"@id\":\"https:\\\/\\\/veevcom.com\\\/es\\\/kala-jula-gangbe-brass-band-feat-fama-diabate-presentent-asro\\\/\",\"url\":\"https:\\\/\\\/veevcom.com\\\/es\\\/kala-jula-gangbe-brass-band-feat-fama-diabate-presentent-asro\\\/\",\"name\":\"Kala Jula & Gangb\u00e9 Brass Band feat. Fama Diabat\u00e9 presentan \\\"Asro\\\" - VeevCom\",\"isPartOf\":{\"@id\":\"https:\\\/\\\/veevcom.com\\\/es\\\/#website\"},\"primaryImageOfPage\":{\"@id\":\"https:\\\/\\\/veevcom.com\\\/es\\\/kala-jula-gangbe-brass-band-feat-fama-diabate-presentent-asro\\\/#primaryimage\"},\"image\":{\"@id\":\"https:\\\/\\\/veevcom.com\\\/es\\\/kala-jula-gangbe-brass-band-feat-fama-diabate-presentent-asro\\\/#primaryimage\"},\"thumbnailUrl\":\"https:\\\/\\\/veevcom.com\\\/wp-content\\\/uploads\\\/2023\\\/02\\\/Asro_booklet-front_RVB\u00a9Vincent-Zanetti-Suzy_Mazzanisi.jpg\",\"datePublished\":\"2023-02-14T12:08:24+00:00\",\"dateModified\":\"2023-02-17T15:33:52+00:00\",\"author\":{\"@id\":\"https:\\\/\\\/veevcom.com\\\/#\\\/schema\\\/person\\\/754f1f5a030d278766b52cf0e0c62e8b\"},\"breadcrumb\":{\"@id\":\"https:\\\/\\\/veevcom.com\\\/es\\\/kala-jula-gangbe-brass-band-feat-fama-diabate-presentent-asro\\\/#breadcrumb\"},\"inLanguage\":\"es\",\"potentialAction\":[{\"@type\":\"ReadAction\",\"target\":[[\"https:\\\/\\\/veevcom.com\\\/es\\\/kala-jula-gangbe-brass-band-feat-fama-diabate-presentent-asro\\\/\"]]}]},{\"@type\":\"ImageObject\",\"inLanguage\":\"es\",\"@id\":\"https:\\\/\\\/veevcom.com\\\/es\\\/kala-jula-gangbe-brass-band-feat-fama-diabate-presentent-asro\\\/#primaryimage\",\"url\":\"https:\\\/\\\/veevcom.com\\\/wp-content\\\/uploads\\\/2023\\\/02\\\/Asro_booklet-front_RVB\u00a9Vincent-Zanetti-Suzy_Mazzanisi.jpg\",\"contentUrl\":\"https:\\\/\\\/veevcom.com\\\/wp-content\\\/uploads\\\/2023\\\/02\\\/Asro_booklet-front_RVB\u00a9Vincent-Zanetti-Suzy_Mazzanisi.jpg\",\"width\":1675,\"height\":1504},{\"@type\":\"BreadcrumbList\",\"@id\":\"https:\\\/\\\/veevcom.com\\\/es\\\/kala-jula-gangbe-brass-band-feat-fama-diabate-presentent-asro\\\/#breadcrumb\",\"itemListElement\":[{\"@type\":\"ListItem\",\"position\":1,\"name\":\"Accueil\",\"item\":\"https:\\\/\\\/veevcom.com\\\/es\\\/\"},{\"@type\":\"ListItem\",\"position\":2,\"name\":\"Kala Jula &#038; Gangb\u00e9 Brass Band feat. Fama Diabat\u00e9 presentan \u00abAsro\u00bb\"}]},{\"@type\":\"WebSite\",\"@id\":\"https:\\\/\\\/veevcom.com\\\/es\\\/#website\",\"url\":\"https:\\\/\\\/veevcom.com\\\/es\\\/\",\"name\":\"VeevCom\",\"description\":\"Public Relations and Communication in the Music Industry\",\"potentialAction\":[{\"@type\":\"SearchAction\",\"target\":{\"@type\":\"EntryPoint\",\"urlTemplate\":\"https:\\\/\\\/veevcom.com\\\/es\\\/?s={search_term_string}\"},\"query-input\":{\"@type\":\"PropertyValueSpecification\",\"valueRequired\":true,\"valueName\":\"search_term_string\"}}],\"inLanguage\":\"es\"},{\"@type\":\"Person\",\"@id\":\"https:\\\/\\\/veevcom.com\\\/#\\\/schema\\\/person\\\/754f1f5a030d278766b52cf0e0c62e8b\",\"name\":\"severine\",\"image\":{\"@type\":\"ImageObject\",\"inLanguage\":\"es\",\"@id\":\"https:\\\/\\\/secure.gravatar.com\\\/avatar\\\/ba307ed472519f403589981b25bf62b4089c1f82b837eaae855dd05633adf22c?s=96&d=mm&r=g\",\"url\":\"https:\\\/\\\/secure.gravatar.com\\\/avatar\\\/ba307ed472519f403589981b25bf62b4089c1f82b837eaae855dd05633adf22c?s=96&d=mm&r=g\",\"contentUrl\":\"https:\\\/\\\/secure.gravatar.com\\\/avatar\\\/ba307ed472519f403589981b25bf62b4089c1f82b837eaae855dd05633adf22c?s=96&d=mm&r=g\",\"caption\":\"severine\"}}]}<\/script>\n<!-- \/ Yoast SEO plugin. -->","yoast_head_json":{"title":"Kala Jula & Gangb\u00e9 Brass Band feat. Fama Diabat\u00e9 presentan \"Asro\" - VeevCom","robots":{"index":"index","follow":"follow","max-snippet":"max-snippet:-1","max-image-preview":"max-image-preview:large","max-video-preview":"max-video-preview:-1"},"canonical":"https:\/\/veevcom.com\/es\/kala-jula-gangbe-brass-band-feat-fama-diabate-presentent-asro\/","og_locale":"es_ES","og_type":"article","og_title":"Kala Jula & Gangb\u00e9 Brass Band feat. Fama Diabat\u00e9 presentan \"Asro\" - VeevCom","og_description":"Disculpa, pero esta entrada est\u00e1 disponible s\u00f3lo en FR y EN. Kala Jula &amp; Gangb Brass Band feat. Fama Diabat\u00e9&nbsp;r\u00e9v\u00e8leront&nbsp;\u00abAsro\u00bb leur nouvel&nbsp;album \u00e0&nbsp;l&#8217;occasion de sa sortie&nbsp;le 17 mars&nbsp;2023&nbsp;chez&nbsp;Buda Musique&nbsp;\/ Socadisc.&nbsp; Du Mali au B\u00e9nin et de l\u2019Afrique de l\u2019Ouest aux Cara\u00efbes, port\u00e9e par un orchestre flamboyant de cordes, de peaux et de cuivre, la voix [&hellip;]","og_url":"https:\/\/veevcom.com\/es\/kala-jula-gangbe-brass-band-feat-fama-diabate-presentent-asro\/","og_site_name":"VeevCom","article_published_time":"2023-02-14T12:08:24+00:00","article_modified_time":"2023-02-17T15:33:52+00:00","og_image":[{"width":1024,"height":919,"url":"https:\/\/veevcom.com\/wp-content\/uploads\/2023\/02\/Asro_booklet-front_RVB\u00a9Vincent-Zanetti-Suzy_Mazzanisi-1024x919.jpg","type":"image\/jpeg"}],"author":"severine","twitter_card":"summary_large_image","twitter_misc":{"Escrito por":"severine","Tiempo de lectura":"5 minutos"},"schema":{"@context":"https:\/\/schema.org","@graph":[{"@type":"Article","@id":"https:\/\/veevcom.com\/es\/kala-jula-gangbe-brass-band-feat-fama-diabate-presentent-asro\/#article","isPartOf":{"@id":"https:\/\/veevcom.com\/es\/kala-jula-gangbe-brass-band-feat-fama-diabate-presentent-asro\/"},"author":{"name":"severine","@id":"https:\/\/veevcom.com\/#\/schema\/person\/754f1f5a030d278766b52cf0e0c62e8b"},"headline":"Kala Jula &#038; Gangb\u00e9 Brass Band feat. Fama Diabat\u00e9 presentan \u00abAsro\u00bb","datePublished":"2023-02-14T12:08:24+00:00","dateModified":"2023-02-17T15:33:52+00:00","mainEntityOfPage":{"@id":"https:\/\/veevcom.com\/es\/kala-jula-gangbe-brass-band-feat-fama-diabate-presentent-asro\/"},"wordCount":942,"image":{"@id":"https:\/\/veevcom.com\/es\/kala-jula-gangbe-brass-band-feat-fama-diabate-presentent-asro\/#primaryimage"},"thumbnailUrl":"https:\/\/veevcom.com\/wp-content\/uploads\/2023\/02\/Asro_booklet-front_RVB\u00a9Vincent-Zanetti-Suzy_Mazzanisi.jpg","articleSection":["Actualidad"],"inLanguage":"es"},{"@type":"WebPage","@id":"https:\/\/veevcom.com\/es\/kala-jula-gangbe-brass-band-feat-fama-diabate-presentent-asro\/","url":"https:\/\/veevcom.com\/es\/kala-jula-gangbe-brass-band-feat-fama-diabate-presentent-asro\/","name":"Kala Jula & Gangb\u00e9 Brass Band feat. Fama Diabat\u00e9 presentan \"Asro\" - VeevCom","isPartOf":{"@id":"https:\/\/veevcom.com\/es\/#website"},"primaryImageOfPage":{"@id":"https:\/\/veevcom.com\/es\/kala-jula-gangbe-brass-band-feat-fama-diabate-presentent-asro\/#primaryimage"},"image":{"@id":"https:\/\/veevcom.com\/es\/kala-jula-gangbe-brass-band-feat-fama-diabate-presentent-asro\/#primaryimage"},"thumbnailUrl":"https:\/\/veevcom.com\/wp-content\/uploads\/2023\/02\/Asro_booklet-front_RVB\u00a9Vincent-Zanetti-Suzy_Mazzanisi.jpg","datePublished":"2023-02-14T12:08:24+00:00","dateModified":"2023-02-17T15:33:52+00:00","author":{"@id":"https:\/\/veevcom.com\/#\/schema\/person\/754f1f5a030d278766b52cf0e0c62e8b"},"breadcrumb":{"@id":"https:\/\/veevcom.com\/es\/kala-jula-gangbe-brass-band-feat-fama-diabate-presentent-asro\/#breadcrumb"},"inLanguage":"es","potentialAction":[{"@type":"ReadAction","target":[["https:\/\/veevcom.com\/es\/kala-jula-gangbe-brass-band-feat-fama-diabate-presentent-asro\/"]]}]},{"@type":"ImageObject","inLanguage":"es","@id":"https:\/\/veevcom.com\/es\/kala-jula-gangbe-brass-band-feat-fama-diabate-presentent-asro\/#primaryimage","url":"https:\/\/veevcom.com\/wp-content\/uploads\/2023\/02\/Asro_booklet-front_RVB\u00a9Vincent-Zanetti-Suzy_Mazzanisi.jpg","contentUrl":"https:\/\/veevcom.com\/wp-content\/uploads\/2023\/02\/Asro_booklet-front_RVB\u00a9Vincent-Zanetti-Suzy_Mazzanisi.jpg","width":1675,"height":1504},{"@type":"BreadcrumbList","@id":"https:\/\/veevcom.com\/es\/kala-jula-gangbe-brass-band-feat-fama-diabate-presentent-asro\/#breadcrumb","itemListElement":[{"@type":"ListItem","position":1,"name":"Accueil","item":"https:\/\/veevcom.com\/es\/"},{"@type":"ListItem","position":2,"name":"Kala Jula &#038; Gangb\u00e9 Brass Band feat. Fama Diabat\u00e9 presentan \u00abAsro\u00bb"}]},{"@type":"WebSite","@id":"https:\/\/veevcom.com\/es\/#website","url":"https:\/\/veevcom.com\/es\/","name":"VeevCom","description":"Public Relations and Communication in the Music Industry","potentialAction":[{"@type":"SearchAction","target":{"@type":"EntryPoint","urlTemplate":"https:\/\/veevcom.com\/es\/?s={search_term_string}"},"query-input":{"@type":"PropertyValueSpecification","valueRequired":true,"valueName":"search_term_string"}}],"inLanguage":"es"},{"@type":"Person","@id":"https:\/\/veevcom.com\/#\/schema\/person\/754f1f5a030d278766b52cf0e0c62e8b","name":"severine","image":{"@type":"ImageObject","inLanguage":"es","@id":"https:\/\/secure.gravatar.com\/avatar\/ba307ed472519f403589981b25bf62b4089c1f82b837eaae855dd05633adf22c?s=96&d=mm&r=g","url":"https:\/\/secure.gravatar.com\/avatar\/ba307ed472519f403589981b25bf62b4089c1f82b837eaae855dd05633adf22c?s=96&d=mm&r=g","contentUrl":"https:\/\/secure.gravatar.com\/avatar\/ba307ed472519f403589981b25bf62b4089c1f82b837eaae855dd05633adf22c?s=96&d=mm&r=g","caption":"severine"}}]}},"_links":{"self":[{"href":"https:\/\/veevcom.com\/es\/wp-json\/wp\/v2\/posts\/14390","targetHints":{"allow":["GET"]}}],"collection":[{"href":"https:\/\/veevcom.com\/es\/wp-json\/wp\/v2\/posts"}],"about":[{"href":"https:\/\/veevcom.com\/es\/wp-json\/wp\/v2\/types\/post"}],"author":[{"embeddable":true,"href":"https:\/\/veevcom.com\/es\/wp-json\/wp\/v2\/users\/3"}],"replies":[{"embeddable":true,"href":"https:\/\/veevcom.com\/es\/wp-json\/wp\/v2\/comments?post=14390"}],"version-history":[{"count":3,"href":"https:\/\/veevcom.com\/es\/wp-json\/wp\/v2\/posts\/14390\/revisions"}],"predecessor-version":[{"id":14393,"href":"https:\/\/veevcom.com\/es\/wp-json\/wp\/v2\/posts\/14390\/revisions\/14393"}],"wp:featuredmedia":[{"embeddable":true,"href":"https:\/\/veevcom.com\/es\/wp-json\/wp\/v2\/media\/14391"}],"wp:attachment":[{"href":"https:\/\/veevcom.com\/es\/wp-json\/wp\/v2\/media?parent=14390"}],"wp:term":[{"taxonomy":"category","embeddable":true,"href":"https:\/\/veevcom.com\/es\/wp-json\/wp\/v2\/categories?post=14390"},{"taxonomy":"post_tag","embeddable":true,"href":"https:\/\/veevcom.com\/es\/wp-json\/wp\/v2\/tags?post=14390"}],"curies":[{"name":"wp","href":"https:\/\/api.w.org\/{rel}","templated":true}]}}