{"id":70436,"date":"2026-03-11T16:46:54","date_gmt":"2026-03-11T15:46:54","guid":{"rendered":"https:\/\/veevcom.com\/?p=70436"},"modified":"2026-03-11T16:46:54","modified_gmt":"2026-03-11T15:46:54","slug":"simon-bolzinger-et-zumbao-presentent-chachacha-contra-la-guerra","status":"publish","type":"post","link":"https:\/\/veevcom.com\/en\/simon-bolzinger-et-zumbao-presentent-chachacha-contra-la-guerra\/","title":{"rendered":"Simon Bolzinger and Zumbao present &#8220;Chachacha contra la guerra&#8221;"},"content":{"rendered":"<p class=\"qtranxs-available-languages-message qtranxs-available-languages-message-en\">Sorry, this entry is only available in <a href=\"https:\/\/veevcom.com\/fr\/wp-json\/wp\/v2\/posts\/70436\" class=\"qtranxs-available-language-link qtranxs-available-language-link-fr\" title=\"FR\">FR<\/a>.<\/p><p>Le groupe <strong>Zumbao<\/strong>, sous la direction du pianiste, compositeur et arrangeur <strong>SimonBolzinger<\/strong> r\u00e9v\u00e8lera le <strong>13 mars 2026<\/strong> chez <strong>Picante <\/strong>\/ <strong>Socadisc<\/strong> <strong>&#8220;Chachacha contra la guerra&#8221;<\/strong>, un single engag\u00e9 et vibrant d&#8217;actualit\u00e9, en hommage \u00e0 <strong>Rafael Quintero<\/strong> (d\u00e9c\u00e9d\u00e9 en 2024) chanteur et compositeur du groupe.<\/p>\n<p>Le single <strong>&#8220;Chachacha contra la guerra&#8221; <\/strong>sera disponible sur toutes les plateformes, et aussi en clip \u00e0 la m\u00eame date.<\/p>\n<p>Cette chanson est e\u0301crite par <strong>Rafael Quintero<\/strong>, poe\u0300te et chanteur ve\u0301ne\u0301zue\u0301lien installe\u0301 a\u0300 Marseille, au de\u0301but des anne\u0301es 2000, en protestation aux nouvelles guerres fomente\u0301es par les E\u0301tats Unis dans le monde, et notamment en Irak. <strong>Rafael Quintero<\/strong> est alors le chanteur et le compositeur du groupe <strong>Zumbao<\/strong>, base\u0301 a\u0300 Marseille et dirige\u0301 par <strong>Simon Bolzinger<\/strong>. La musique est co-e\u0301crite entre <strong>Quintero<\/strong> et <strong>Bolzinger<\/strong>, et le groupe interpre\u0300te le titre a\u0300 l&#8217;occasion de nombreux concerts, comme en particulier la Fe\u0302te de l&#8217;Humanite\u0301 a\u0300 Paris en septembre 2001. Comme le font tous les soneros, <strong>Rafael Quintero<\/strong> re\u0301invente les paroles des couplets a\u0300 chaque interpre\u0301tation. Au fil du temps la chanson se dirige plus ge\u0301ne\u0301ralement contre les fabricants d&#8217;armes qui s&#8217;enrichissent gra\u0302ce a\u0300 la guerre.<br \/>\nLe groupe <strong>Zumbao<\/strong> sera re\u0301uni a\u0300 Marseille le <strong>26 mars 2026<\/strong> pour rendre hommage a\u0300 <strong>Rafael Quintero<\/strong>, et a\u0300 son \u0153uvre. Il re\u0301interpre\u0301tera a\u0300 cette occasion le \u00ab <strong>Chachacha contra la guerra<\/strong> \u00bb.<\/p>\n<p>Le groupe <strong>Zumbao<\/strong> est constitu\u00e9 de musiciens de renom de la sc\u00e8ne <strong>Latin Jazz<\/strong> :<br \/>\n&#8211; <strong>Simon Bolzinger<\/strong> (piano, direction)<br \/>\n&#8211; <strong>Martin Fuenmayor<\/strong> (voix lead )<br \/>\n&#8211; <strong>Gilles Grivolla<\/strong> (saxophone)<br \/>\n&#8211; <strong>Alain Henriot<\/strong> (trompette)<br \/>\n&#8211; <strong>Isabel de la Roca<\/strong> (trombone)<br \/>\n&#8211; <strong>Carlos Sanoja<\/strong> (basse)<br \/>\n&#8211; <strong>Edwin Sanz<\/strong> (timbales, congas, percussion mineure )<br \/>\n&#8211;<strong> Ce\u0301dric Le\u0301onardi<\/strong> (batterie)<\/p>\n<p><strong>Historique de &#8220;Chachacha contra la guerra&#8221; :<\/strong><\/p>\n<p>Cette chanson est e\u0301crite par <strong>Rafael Quintero<\/strong>, poe\u0300te et chanteur ve\u0301ne\u0301zue\u0301lien installe\u0301 a\u0300 Marseille, au de\u0301but des anne\u0301es 2000, en protestation aux nouvelles guerres fomente\u0301es par les E\u0301tats Unis dans le monde, et notamment en Irak.<\/p>\n<p><em>ese el coloso del norte<\/em><br \/>\n<em>que en su colmillo estridente siempre tiene aqui clavado en los paises independientes<\/em><\/p>\n<p><em>le dieron palo en Vietnam saben a quien me refiero le daran palos en el Irak palo palo con palo<\/em><\/p>\n<p><strong>Rafael Quintero<\/strong> est alors le chanteur et le compositeur du groupe <strong>Zumbao<\/strong>, base\u0301 a\u0300 Marseille et dirige\u0301 par <strong>Simon Bolzinger<\/strong>. La musique est co-e\u0301crite entre <strong>Quintero<\/strong> et <strong>Bolzinger<\/strong>, et le groupe interpre\u0300te le titre a\u0300 l&#8217;occasion de nombreux concerts, comme en particulier la Fe\u0302te de l&#8217;Humanite\u0301 a\u0300 Paris en septembre 2001.<\/p>\n<p>Comme le font tous les soneros, <strong>Rafael Quintero<\/strong> re\u0301invente les paroles des couplets a\u0300 chaque interpre\u0301tation. Au fil du temps, la chanson se dirige plus ge\u0301ne\u0301ralement contre les fabricants d&#8217;armes qui s&#8217;enrichissent gra\u0302ce a\u0300 la guerre.<\/p>\n<p><em>quienes fabrican las armas tambien van a fabricar<\/em><br \/>\n<em>la manera de venderlas guerras van a fomentar<\/em><\/p>\n<p><em>los gringos tienen un master ese es gran interes<\/em><br \/>\n<em>canones rifles misiles<\/em><br \/>\n<em>a todos quieren vender<\/em><\/p>\n<p>En 2006, <strong>Zumbao<\/strong> joue en ouverture de la <strong>Feria de Cali en Colombie<\/strong>, capitale mondiale de la salsa. Afin de gagner a\u0300 sa cause le public colombien, <strong>Rafael Quintero<\/strong> de\u0301nonce une nouvelle fois l&#8217;impe\u0301rialisme e\u0301tats-unien, et sa tentative de provoquer une guerre entre le Venezuela et la Colombie, tentative qui sera par la suite voue\u0301e a\u0300 l&#8217;e\u0301chec.<\/p>\n<p><em>me aseguro que yo nunca<\/em><br \/>\n<em>lo podria pensar<\/em><br \/>\n<em>que un pais tan hermoso<\/em><br \/>\n<em>no consigua el camino hacia la paz<\/em><\/p>\n<p>Le groupe <strong>Zumbao<\/strong> se disloque apre\u0300s la <strong>Feria de Cali<\/strong> et la chanson n&#8217;est pas enregistre\u0301e.<\/p>\n<p><strong>Quintero<\/strong> tombe malade en 2022 et quitte la France pour le Venezuela. Bolzinger lui propose d&#8217;enregistrer ses chansons ine\u0301dites, dont le \u00ab <strong>Chachacha contra la guerra<\/strong> \u00bb. Les nouvelles paroles destine\u0301es a\u0300 l&#8217;enregistrement s&#8217;adapteront a\u0300 l&#8217;actualite\u0301, toujours domine\u0301e par les guerres finance\u0301es par les E\u0301tats-Unis, en particulier a\u0300 Gaza et en Ukraine.<\/p>\n<p><em>Genocidio en Palestina<\/em><br \/>\n<em>La ONU guarda silencio<\/em><br \/>\n<em>Aunque hay un repudio inmenso Contra Israel que asesina<\/em><\/p>\n<p>La production est lance\u0301e en 2024 et durera un an et demi, avec des enregistrements re\u0301alise\u0301s a\u0300 distance de manie\u0300re a\u0300 regrouper les anciens membres du groupe <strong>Zumbao<\/strong> : Marseille, Paris, Gene\u0300ve, Mexico, Cali et Caracas apporteront leurs pierres a\u0300 l&#8217;e\u0301difice. L&#8217;e\u0301tat de sante\u0301 de <strong>Quintero<\/strong> s&#8217;e\u0301tant de\u0301grade\u0301, il ne pourra pas enregistrer la chanson et de\u0301ce\u0300de en de\u0301cembre 2024. <strong>Bolzinger<\/strong> fait appel au chanteur ve\u0301ne\u0301zue\u0301lien <strong>Martin Fuenmayor<\/strong> pour la partie salsa, mais ne trouve pas de nouvel interpre\u0300te pour la partie rap pre\u0301vue par <strong>Quintero<\/strong> :<\/p>\n<p><em>La OTAN es instigador<\/em><br \/>\n<em>De ataques y destruccio\u0301n Paso\u0301 de defensa a ataque<\/em><br \/>\n<em>De cuidar a amenazar<\/em><br \/>\n<em>Quiero tu petro\u0301leo<\/em><br \/>\n<em>Te hago la guerra<\/em><br \/>\n<em>No me gusta tu gobierno<\/em><br \/>\n<em>Te hago la guerra<\/em><br \/>\n<em>Viene aumentando tu industria Te hago la guerra<\/em><\/p>\n<p>Afin de permettre la sortie du single a\u0300 temps avant le concert d&#8217;hommage a\u0300 <strong>Rafael Quintero<\/strong>, organise\u0301 par Radio Gale\u0300re a\u0300 Marseille le 26 mars 2026, <strong>Bolzinger<\/strong> de\u0301cide de remplacer le rap initialement pre\u0301vu avec <strong>Quintero<\/strong> par un remix du discours pour la paix prononce\u0301 par <strong>Nicolas Maduro<\/strong>, pre\u0301sident du Venezuela le 17 novembre 2025, qui fait le buzz et est de\u0301ja\u0300 remixe\u0301 par l&#8217;influenceur dominicain <strong>Hey Santana<\/strong>.<\/p>\n<p>Le 3 janvier 2026, le pouvoir change de main au Venezuela. La production du master est termine\u0301e quelques jours plus tard et le clip vide\u0301o dans les semaines qui suivent, en puisant des images dans les cha\u00eenes d&#8217;information sur YouTube.<\/p>\n<p>Le single \u00ab <strong>Chachacha contra la guerra<\/strong> \u00bb sortira le <strong>13 mars 2026<\/strong>, distribue\u0301 par <strong>Inoui\u0308e Distribution<\/strong>.<\/p>\n<p>Le groupe <strong>Zumbao<\/strong> sera re\u0301uni a\u0300 Marseille le<strong> 26 mars 2026<\/strong> pour rendre hommage a\u0300 <strong>Rafael Quintero<\/strong>, et a\u0300 son \u0153uvre. Il re\u0301interpre\u0301tera a\u0300 cette occasion le \u00ab <strong>Chachacha contra la guerra<\/strong>\u00bb.<\/p>\n<p>Par la suite sera lance\u0301 un appel a\u0300 contributions a\u0300 tous les artistes chanteurs.ses et rappeurs.euses souhaitant enregistrer a\u0300 leur tour de nouveaux couplets de la chanson, afin que perdure la protestation mondiale contre ceux qui financent les guerres et s&#8217;enrichissent gra\u0302ce a\u0300 l&#8217;oppression des peuples.<\/p>","protected":false},"excerpt":{"rendered":"<p>Sorry, this entry is only available in FR.Le groupe Zumbao, sous la direction du pianiste, compositeur et arrangeur SimonBolzinger r\u00e9v\u00e8lera le 13 mars 2026 chez Picante \/ Socadisc &#8220;Chachacha contra la guerra&#8221;, un single engag\u00e9 et vibrant d&#8217;actualit\u00e9, en hommage \u00e0 Rafael Quintero (d\u00e9c\u00e9d\u00e9 en 2024) chanteur et compositeur du groupe. Le single &#8220;Chachacha contra [&hellip;]<\/p>\n","protected":false},"author":3,"featured_media":70438,"comment_status":"closed","ping_status":"closed","sticky":false,"template":"","format":"standard","meta":{"_acf_changed":false,"footnotes":""},"categories":[1],"tags":[],"class_list":["post-70436","post","type-post","status-publish","format-standard","has-post-thumbnail","hentry","category-non-classe"],"acf":[],"yoast_head":"<!-- This site is optimized with the Yoast SEO plugin v27.4 - https:\/\/yoast.com\/product\/yoast-seo-wordpress\/ -->\n<title>Simon Bolzinger and Zumbao present &quot;Chachacha contra la guerra&quot; - VeevCom<\/title>\n<meta name=\"robots\" content=\"index, follow, max-snippet:-1, max-image-preview:large, max-video-preview:-1\" \/>\n<link rel=\"canonical\" href=\"https:\/\/veevcom.com\/en\/simon-bolzinger-et-zumbao-presentent-chachacha-contra-la-guerra\/\" \/>\n<meta property=\"og:locale\" content=\"en_US\" \/>\n<meta property=\"og:type\" content=\"article\" \/>\n<meta property=\"og:title\" content=\"Simon Bolzinger and Zumbao present &quot;Chachacha contra la guerra&quot; - VeevCom\" \/>\n<meta property=\"og:description\" content=\"Sorry, this entry is only available in FR.Le groupe Zumbao, sous la direction du pianiste, compositeur et arrangeur SimonBolzinger r\u00e9v\u00e8lera le 13 mars 2026 chez Picante \/ Socadisc &#8220;Chachacha contra la guerra&#8221;, un single engag\u00e9 et vibrant d&#8217;actualit\u00e9, en hommage \u00e0 Rafael Quintero (d\u00e9c\u00e9d\u00e9 en 2024) chanteur et compositeur du groupe. Le single &#8220;Chachacha contra [&hellip;]\" \/>\n<meta property=\"og:url\" content=\"https:\/\/veevcom.com\/en\/simon-bolzinger-et-zumbao-presentent-chachacha-contra-la-guerra\/\" \/>\n<meta property=\"og:site_name\" content=\"VeevCom\" \/>\n<meta property=\"article:published_time\" content=\"2026-03-11T15:46:54+00:00\" \/>\n<meta property=\"og:image\" content=\"http:\/\/veevcom.com\/wp-content\/uploads\/2026\/03\/Chachacha-contra-la-guerra-1\u00a9-Picante.jpg\" \/>\n\t<meta property=\"og:image:width\" content=\"1440\" \/>\n\t<meta property=\"og:image:height\" content=\"1440\" \/>\n\t<meta property=\"og:image:type\" content=\"image\/jpeg\" \/>\n<meta name=\"author\" content=\"severine\" \/>\n<meta name=\"twitter:card\" content=\"summary_large_image\" \/>\n<meta name=\"twitter:label1\" content=\"Written by\" \/>\n\t<meta name=\"twitter:data1\" content=\"severine\" \/>\n\t<meta name=\"twitter:label2\" content=\"Est. reading time\" \/>\n\t<meta name=\"twitter:data2\" content=\"6 minutes\" \/>\n<script type=\"application\/ld+json\" class=\"yoast-schema-graph\">{\"@context\":\"https:\\\/\\\/schema.org\",\"@graph\":[{\"@type\":\"Article\",\"@id\":\"https:\\\/\\\/veevcom.com\\\/simon-bolzinger-et-zumbao-presentent-chachacha-contra-la-guerra\\\/#article\",\"isPartOf\":{\"@id\":\"https:\\\/\\\/veevcom.com\\\/simon-bolzinger-et-zumbao-presentent-chachacha-contra-la-guerra\\\/\"},\"author\":{\"name\":\"severine\",\"@id\":\"https:\\\/\\\/veevcom.com\\\/#\\\/schema\\\/person\\\/754f1f5a030d278766b52cf0e0c62e8b\"},\"headline\":\"Simon Bolzinger and Zumbao present &#8220;Chachacha contra la guerra&#8221;\",\"datePublished\":\"2026-03-11T15:46:54+00:00\",\"mainEntityOfPage\":{\"@id\":\"https:\\\/\\\/veevcom.com\\\/simon-bolzinger-et-zumbao-presentent-chachacha-contra-la-guerra\\\/\"},\"wordCount\":1076,\"image\":{\"@id\":\"https:\\\/\\\/veevcom.com\\\/simon-bolzinger-et-zumbao-presentent-chachacha-contra-la-guerra\\\/#primaryimage\"},\"thumbnailUrl\":\"https:\\\/\\\/veevcom.com\\\/wp-content\\\/uploads\\\/2026\\\/03\\\/Chachacha-contra-la-guerra-1\u00a9-Picante.jpg\",\"articleSection\":[\"News\"],\"inLanguage\":\"en-US\"},{\"@type\":\"WebPage\",\"@id\":\"https:\\\/\\\/veevcom.com\\\/en\\\/simon-bolzinger-et-zumbao-presentent-chachacha-contra-la-guerra\\\/\",\"url\":\"https:\\\/\\\/veevcom.com\\\/en\\\/simon-bolzinger-et-zumbao-presentent-chachacha-contra-la-guerra\\\/\",\"name\":\"Simon Bolzinger and Zumbao present \\\"Chachacha contra la guerra\\\" - VeevCom\",\"isPartOf\":{\"@id\":\"https:\\\/\\\/veevcom.com\\\/en\\\/#website\"},\"primaryImageOfPage\":{\"@id\":\"https:\\\/\\\/veevcom.com\\\/en\\\/simon-bolzinger-et-zumbao-presentent-chachacha-contra-la-guerra\\\/#primaryimage\"},\"image\":{\"@id\":\"https:\\\/\\\/veevcom.com\\\/simon-bolzinger-et-zumbao-presentent-chachacha-contra-la-guerra\\\/#primaryimage\"},\"thumbnailUrl\":\"https:\\\/\\\/veevcom.com\\\/wp-content\\\/uploads\\\/2026\\\/03\\\/Chachacha-contra-la-guerra-1\u00a9-Picante.jpg\",\"datePublished\":\"2026-03-11T15:46:54+00:00\",\"author\":{\"@id\":\"https:\\\/\\\/veevcom.com\\\/#\\\/schema\\\/person\\\/754f1f5a030d278766b52cf0e0c62e8b\"},\"breadcrumb\":{\"@id\":\"https:\\\/\\\/veevcom.com\\\/en\\\/simon-bolzinger-et-zumbao-presentent-chachacha-contra-la-guerra\\\/#breadcrumb\"},\"inLanguage\":\"en-US\",\"potentialAction\":[{\"@type\":\"ReadAction\",\"target\":[[\"https:\\\/\\\/veevcom.com\\\/en\\\/simon-bolzinger-et-zumbao-presentent-chachacha-contra-la-guerra\\\/\"]]}]},{\"@type\":\"ImageObject\",\"inLanguage\":\"en-US\",\"@id\":\"https:\\\/\\\/veevcom.com\\\/en\\\/simon-bolzinger-et-zumbao-presentent-chachacha-contra-la-guerra\\\/#primaryimage\",\"url\":\"https:\\\/\\\/veevcom.com\\\/wp-content\\\/uploads\\\/2026\\\/03\\\/Chachacha-contra-la-guerra-1\u00a9-Picante.jpg\",\"contentUrl\":\"https:\\\/\\\/veevcom.com\\\/wp-content\\\/uploads\\\/2026\\\/03\\\/Chachacha-contra-la-guerra-1\u00a9-Picante.jpg\",\"width\":1440,\"height\":1440},{\"@type\":\"BreadcrumbList\",\"@id\":\"https:\\\/\\\/veevcom.com\\\/en\\\/simon-bolzinger-et-zumbao-presentent-chachacha-contra-la-guerra\\\/#breadcrumb\",\"itemListElement\":[{\"@type\":\"ListItem\",\"position\":1,\"name\":\"Accueil\",\"item\":\"https:\\\/\\\/veevcom.com\\\/en\\\/\"},{\"@type\":\"ListItem\",\"position\":2,\"name\":\"Simon Bolzinger et Zumbao pr\u00e9sentent \u00ab\u00a0Chachacha contra la guerra\u00a0\u00bb\"}]},{\"@type\":\"WebSite\",\"@id\":\"https:\\\/\\\/veevcom.com\\\/en\\\/#website\",\"url\":\"https:\\\/\\\/veevcom.com\\\/en\\\/\",\"name\":\"VeevCom\",\"description\":\"Public Relations and Communication in the Music Industry\",\"potentialAction\":[{\"@type\":\"SearchAction\",\"target\":{\"@type\":\"EntryPoint\",\"urlTemplate\":\"https:\\\/\\\/veevcom.com\\\/en\\\/?s={search_term_string}\"},\"query-input\":{\"@type\":\"PropertyValueSpecification\",\"valueRequired\":true,\"valueName\":\"search_term_string\"}}],\"inLanguage\":\"en-US\"},{\"@type\":\"Person\",\"@id\":\"https:\\\/\\\/veevcom.com\\\/#\\\/schema\\\/person\\\/754f1f5a030d278766b52cf0e0c62e8b\",\"name\":\"severine\",\"image\":{\"@type\":\"ImageObject\",\"inLanguage\":\"en-US\",\"@id\":\"https:\\\/\\\/secure.gravatar.com\\\/avatar\\\/ba307ed472519f403589981b25bf62b4089c1f82b837eaae855dd05633adf22c?s=96&d=mm&r=g\",\"url\":\"https:\\\/\\\/secure.gravatar.com\\\/avatar\\\/ba307ed472519f403589981b25bf62b4089c1f82b837eaae855dd05633adf22c?s=96&d=mm&r=g\",\"contentUrl\":\"https:\\\/\\\/secure.gravatar.com\\\/avatar\\\/ba307ed472519f403589981b25bf62b4089c1f82b837eaae855dd05633adf22c?s=96&d=mm&r=g\",\"caption\":\"severine\"}}]}<\/script>\n<!-- \/ Yoast SEO plugin. -->","yoast_head_json":{"title":"Simon Bolzinger and Zumbao present \"Chachacha contra la guerra\" - VeevCom","robots":{"index":"index","follow":"follow","max-snippet":"max-snippet:-1","max-image-preview":"max-image-preview:large","max-video-preview":"max-video-preview:-1"},"canonical":"https:\/\/veevcom.com\/en\/simon-bolzinger-et-zumbao-presentent-chachacha-contra-la-guerra\/","og_locale":"en_US","og_type":"article","og_title":"Simon Bolzinger and Zumbao present \"Chachacha contra la guerra\" - VeevCom","og_description":"Sorry, this entry is only available in FR.Le groupe Zumbao, sous la direction du pianiste, compositeur et arrangeur SimonBolzinger r\u00e9v\u00e8lera le 13 mars 2026 chez Picante \/ Socadisc &#8220;Chachacha contra la guerra&#8221;, un single engag\u00e9 et vibrant d&#8217;actualit\u00e9, en hommage \u00e0 Rafael Quintero (d\u00e9c\u00e9d\u00e9 en 2024) chanteur et compositeur du groupe. Le single &#8220;Chachacha contra [&hellip;]","og_url":"https:\/\/veevcom.com\/en\/simon-bolzinger-et-zumbao-presentent-chachacha-contra-la-guerra\/","og_site_name":"VeevCom","article_published_time":"2026-03-11T15:46:54+00:00","og_image":[{"width":1440,"height":1440,"url":"http:\/\/veevcom.com\/wp-content\/uploads\/2026\/03\/Chachacha-contra-la-guerra-1\u00a9-Picante.jpg","type":"image\/jpeg"}],"author":"severine","twitter_card":"summary_large_image","twitter_misc":{"Written by":"severine","Est. reading time":"6 minutes"},"schema":{"@context":"https:\/\/schema.org","@graph":[{"@type":"Article","@id":"https:\/\/veevcom.com\/simon-bolzinger-et-zumbao-presentent-chachacha-contra-la-guerra\/#article","isPartOf":{"@id":"https:\/\/veevcom.com\/simon-bolzinger-et-zumbao-presentent-chachacha-contra-la-guerra\/"},"author":{"name":"severine","@id":"https:\/\/veevcom.com\/#\/schema\/person\/754f1f5a030d278766b52cf0e0c62e8b"},"headline":"Simon Bolzinger and Zumbao present &#8220;Chachacha contra la guerra&#8221;","datePublished":"2026-03-11T15:46:54+00:00","mainEntityOfPage":{"@id":"https:\/\/veevcom.com\/simon-bolzinger-et-zumbao-presentent-chachacha-contra-la-guerra\/"},"wordCount":1076,"image":{"@id":"https:\/\/veevcom.com\/simon-bolzinger-et-zumbao-presentent-chachacha-contra-la-guerra\/#primaryimage"},"thumbnailUrl":"https:\/\/veevcom.com\/wp-content\/uploads\/2026\/03\/Chachacha-contra-la-guerra-1\u00a9-Picante.jpg","articleSection":["News"],"inLanguage":"en-US"},{"@type":"WebPage","@id":"https:\/\/veevcom.com\/en\/simon-bolzinger-et-zumbao-presentent-chachacha-contra-la-guerra\/","url":"https:\/\/veevcom.com\/en\/simon-bolzinger-et-zumbao-presentent-chachacha-contra-la-guerra\/","name":"Simon Bolzinger and Zumbao present \"Chachacha contra la guerra\" - VeevCom","isPartOf":{"@id":"https:\/\/veevcom.com\/en\/#website"},"primaryImageOfPage":{"@id":"https:\/\/veevcom.com\/en\/simon-bolzinger-et-zumbao-presentent-chachacha-contra-la-guerra\/#primaryimage"},"image":{"@id":"https:\/\/veevcom.com\/simon-bolzinger-et-zumbao-presentent-chachacha-contra-la-guerra\/#primaryimage"},"thumbnailUrl":"https:\/\/veevcom.com\/wp-content\/uploads\/2026\/03\/Chachacha-contra-la-guerra-1\u00a9-Picante.jpg","datePublished":"2026-03-11T15:46:54+00:00","author":{"@id":"https:\/\/veevcom.com\/#\/schema\/person\/754f1f5a030d278766b52cf0e0c62e8b"},"breadcrumb":{"@id":"https:\/\/veevcom.com\/en\/simon-bolzinger-et-zumbao-presentent-chachacha-contra-la-guerra\/#breadcrumb"},"inLanguage":"en-US","potentialAction":[{"@type":"ReadAction","target":[["https:\/\/veevcom.com\/en\/simon-bolzinger-et-zumbao-presentent-chachacha-contra-la-guerra\/"]]}]},{"@type":"ImageObject","inLanguage":"en-US","@id":"https:\/\/veevcom.com\/en\/simon-bolzinger-et-zumbao-presentent-chachacha-contra-la-guerra\/#primaryimage","url":"https:\/\/veevcom.com\/wp-content\/uploads\/2026\/03\/Chachacha-contra-la-guerra-1\u00a9-Picante.jpg","contentUrl":"https:\/\/veevcom.com\/wp-content\/uploads\/2026\/03\/Chachacha-contra-la-guerra-1\u00a9-Picante.jpg","width":1440,"height":1440},{"@type":"BreadcrumbList","@id":"https:\/\/veevcom.com\/en\/simon-bolzinger-et-zumbao-presentent-chachacha-contra-la-guerra\/#breadcrumb","itemListElement":[{"@type":"ListItem","position":1,"name":"Accueil","item":"https:\/\/veevcom.com\/en\/"},{"@type":"ListItem","position":2,"name":"Simon Bolzinger et Zumbao pr\u00e9sentent \u00ab\u00a0Chachacha contra la guerra\u00a0\u00bb"}]},{"@type":"WebSite","@id":"https:\/\/veevcom.com\/en\/#website","url":"https:\/\/veevcom.com\/en\/","name":"VeevCom","description":"Public Relations and Communication in the Music Industry","potentialAction":[{"@type":"SearchAction","target":{"@type":"EntryPoint","urlTemplate":"https:\/\/veevcom.com\/en\/?s={search_term_string}"},"query-input":{"@type":"PropertyValueSpecification","valueRequired":true,"valueName":"search_term_string"}}],"inLanguage":"en-US"},{"@type":"Person","@id":"https:\/\/veevcom.com\/#\/schema\/person\/754f1f5a030d278766b52cf0e0c62e8b","name":"severine","image":{"@type":"ImageObject","inLanguage":"en-US","@id":"https:\/\/secure.gravatar.com\/avatar\/ba307ed472519f403589981b25bf62b4089c1f82b837eaae855dd05633adf22c?s=96&d=mm&r=g","url":"https:\/\/secure.gravatar.com\/avatar\/ba307ed472519f403589981b25bf62b4089c1f82b837eaae855dd05633adf22c?s=96&d=mm&r=g","contentUrl":"https:\/\/secure.gravatar.com\/avatar\/ba307ed472519f403589981b25bf62b4089c1f82b837eaae855dd05633adf22c?s=96&d=mm&r=g","caption":"severine"}}]}},"_links":{"self":[{"href":"https:\/\/veevcom.com\/en\/wp-json\/wp\/v2\/posts\/70436","targetHints":{"allow":["GET"]}}],"collection":[{"href":"https:\/\/veevcom.com\/en\/wp-json\/wp\/v2\/posts"}],"about":[{"href":"https:\/\/veevcom.com\/en\/wp-json\/wp\/v2\/types\/post"}],"author":[{"embeddable":true,"href":"https:\/\/veevcom.com\/en\/wp-json\/wp\/v2\/users\/3"}],"replies":[{"embeddable":true,"href":"https:\/\/veevcom.com\/en\/wp-json\/wp\/v2\/comments?post=70436"}],"version-history":[{"count":4,"href":"https:\/\/veevcom.com\/en\/wp-json\/wp\/v2\/posts\/70436\/revisions"}],"predecessor-version":[{"id":70441,"href":"https:\/\/veevcom.com\/en\/wp-json\/wp\/v2\/posts\/70436\/revisions\/70441"}],"wp:featuredmedia":[{"embeddable":true,"href":"https:\/\/veevcom.com\/en\/wp-json\/wp\/v2\/media\/70438"}],"wp:attachment":[{"href":"https:\/\/veevcom.com\/en\/wp-json\/wp\/v2\/media?parent=70436"}],"wp:term":[{"taxonomy":"category","embeddable":true,"href":"https:\/\/veevcom.com\/en\/wp-json\/wp\/v2\/categories?post=70436"},{"taxonomy":"post_tag","embeddable":true,"href":"https:\/\/veevcom.com\/en\/wp-json\/wp\/v2\/tags?post=70436"}],"curies":[{"name":"wp","href":"https:\/\/api.w.org\/{rel}","templated":true}]}}