{"id":62615,"date":"2025-09-09T17:13:43","date_gmt":"2025-09-09T15:13:43","guid":{"rendered":"https:\/\/veevcom.com\/?p=62615"},"modified":"2025-09-10T11:24:37","modified_gmt":"2025-09-10T09:24:37","slug":"radio-tarifa-presente-la-noche","status":"publish","type":"post","link":"https:\/\/veevcom.com\/en\/radio-tarifa-presente-la-noche\/","title":{"rendered":"Radio Tarifa presents &#8220;La noche&#8221;"},"content":{"rendered":"<p class=\"qtranxs-available-languages-message qtranxs-available-languages-message-en\">Sorry, this entry is only available in <a href=\"https:\/\/veevcom.com\/fr\/wp-json\/wp\/v2\/posts\/62615\" class=\"qtranxs-available-language-link qtranxs-available-language-link-fr\" title=\"FR\">FR<\/a>.<\/p><p><strong>Radio Tarifa<\/strong> le groupe franco-espagnol nomine\u0301 a\u0300 plusieurs prix de la BBC et des Latin Grammy Awards, r\u00e9v\u00e8lera &#8220;<strong>La noche<\/strong>&#8221; son tant attendu <strong>5e album<\/strong>, \u00e0 l&#8217;occasion de sa sortie le <strong>26 septembre 2025<\/strong> chez <strong>Buda Musique \/ Socadisc<\/strong>.<\/p>\n<p><strong>Radio Tarifa<\/strong> est compos\u00e9 de :<br \/>\n&#8211; <strong>Fai\u0301n Sa\u0301nchez Duen\u0303as<\/strong> : production et direction musicale, arrangements, guitare \u00e9lectrique, guitare, basse, percussions, orgue, guimbri, banjo, buzuki, palmas, koto, voix, composition et paroles<br \/>\n&#8211; <strong>Vincent Molino<\/strong> : vents (ney, arghoul, bawu, cromorne, hautbois du Poitou), claviers, piano, voix, composition et paroles.<\/p>\n<p>La voix et les paroles du titre 1 (La noche) sont de Benjam\u00edn Escoriza.<\/p>\n<p>Et leurs Invit\u00e9s :<br \/>\n&#8211; <strong>Aziz Zahriou<\/strong> : violons (titre 1)<br \/>\n&#8211; <strong>Javier Castrill\u00f3n<\/strong> : voix (titres 2, 3, 9)<br \/>\n&#8211; <strong>Eliseo Parra<\/strong> : voix (titre 4)<br \/>\n&#8211; <strong>Blanca Paloma<\/strong> : voix (titres 6, 10), choeurs (titre 6)<br \/>\n&#8211; <strong>Hames Bitar<\/strong> : oud (titre 6)<br \/>\n&#8211; <strong>Jouad Ibiks<\/strong> : violon, alto (titre 6)<br \/>\n&#8211; <strong>Wafir Sheik<\/strong> : violon, accord\u00e9on (titre 6)<br \/>\n&#8211; <strong>Jose Juan Martinez<\/strong> : basse (titre 6)<br \/>\n&#8211; <strong>Jos\u00e9 Gonz\u00e1lez &#8220;Andama&#8221;<\/strong>&nbsp;: voix (titres 7, 8)<br \/>\n&#8211; <strong>Chris White<\/strong> : violoncelle (titre 7)<br \/>\n&#8211; <strong>Merche Trujillo<\/strong> : cornemuse (titre 10)<br \/>\n&#8211; <strong>Juan Miguel Cabral<\/strong> : composition et paroles, voix, guitare, basse, guimbri (titre 11)<br \/>\n&#8211; <strong>Mizuki Wildenhahn<\/strong> : voix (titre 12)<br \/>\n&#8211; <strong>Ramiro Amusategui<\/strong> : oud (titre 13)<br \/>\n&#8211; <strong>A\u00edda Brandes-Hargrove<\/strong> : composition, piano, percussions, violoncelle, cordes, Pad Thai (titre 14)<\/p>\n<p>Voici donc le nouvel album du groupe <strong>Radio Tarifa<\/strong>, silencieux depuis le d\u00e9c\u00e8s de l\u2019un de ses co-fondateurs, <strong>Benjamin Escoriza<\/strong>.<\/p>\n<p>Radio Tarifa est n\u00e9 \u00e0 Madrid de la rencontre de trois musiciens : <strong>Fa\u00edn S\u00e1nchez Due\u00f1as<\/strong>(Valladolid), <strong>Vincent Molino<\/strong> (Montpellier) et B<strong>enjam\u00edn Escoriza<\/strong> (Grenade).<\/p>\n<p><strong>Fa\u00edn<\/strong> et <strong>Vincent<\/strong> se sont rencontr\u00e9s en 1985 alors qu&#8217;ils jouaient dans un groupe de musique m\u00e9di\u00e9vale. Ils partageaient \u00e9galement un int\u00e9r\u00eat pour la musique arabe et m\u00e9diterran\u00e9enne. Plus tard, ils rencontrent <strong>Benjam\u00edn<\/strong> dont ils appr\u00e9cient la voix, la pr\u00e9sence sur sc\u00e8ne et un sens po\u00e9tique particulier dans l\u2019\u00e9criture des textes de chansons.<\/p>\n<p>Dans la lign\u00e9e habituelle de <strong>Radio Tarifa<\/strong> : neuf chansons traditionnelles et cinq chansons originales. Comme d&#8217;habitude, <strong>Fa\u00edn<\/strong> a assur\u00e9 la production et la plupart des arrangements musicaux. Cette fois, en l&#8217;absence de <strong>Benjam\u00edn Escoriza<\/strong>, huit autres chanteurs ont particip\u00e9 \u00e0 l\u2019enregistrement, qui comprend aussi le th\u00e8me \u201cLa Noche\u201d, chant\u00e9 par <strong>Benjam\u00edn<\/strong>, sur un texte \u00e9crit par lui dans un enregistrement de 2004<\/p>\n<p>Les influences sont multiples : rock, flamenco, polyphonie m\u00e9di\u00e9vale, castillane, grecque, bretonne, japonaise et autres folklores.<\/p>","protected":false},"excerpt":{"rendered":"<p>Sorry, this entry is only available in FR.Radio Tarifa le groupe franco-espagnol nomine\u0301 a\u0300 plusieurs prix de la BBC et des Latin Grammy Awards, r\u00e9v\u00e8lera &#8220;La noche&#8221; son tant attendu 5e album, \u00e0 l&#8217;occasion de sa sortie le 26 septembre 2025 chez Buda Musique \/ Socadisc. Radio Tarifa est compos\u00e9 de : &#8211; Fai\u0301n Sa\u0301nchez [&hellip;]<\/p>\n","protected":false},"author":3,"featured_media":62616,"comment_status":"closed","ping_status":"closed","sticky":false,"template":"","format":"standard","meta":{"_acf_changed":false,"footnotes":""},"categories":[1],"tags":[],"class_list":["post-62615","post","type-post","status-publish","format-standard","has-post-thumbnail","hentry","category-non-classe"],"acf":[],"yoast_head":"<!-- This site is optimized with the Yoast SEO plugin v27.4 - https:\/\/yoast.com\/product\/yoast-seo-wordpress\/ -->\n<title>Radio Tarifa presents &quot;La noche&quot;  - VeevCom<\/title>\n<meta name=\"robots\" content=\"index, follow, max-snippet:-1, max-image-preview:large, max-video-preview:-1\" \/>\n<link rel=\"canonical\" href=\"https:\/\/veevcom.com\/en\/radio-tarifa-presente-la-noche\/\" \/>\n<meta property=\"og:locale\" content=\"en_US\" \/>\n<meta property=\"og:type\" content=\"article\" \/>\n<meta property=\"og:title\" content=\"Radio Tarifa presents &quot;La noche&quot;  - VeevCom\" \/>\n<meta property=\"og:description\" content=\"Sorry, this entry is only available in FR.Radio Tarifa le groupe franco-espagnol nomine\u0301 a\u0300 plusieurs prix de la BBC et des Latin Grammy Awards, r\u00e9v\u00e8lera &#8220;La noche&#8221; son tant attendu 5e album, \u00e0 l&#8217;occasion de sa sortie le 26 septembre 2025 chez Buda Musique \/ Socadisc. Radio Tarifa est compos\u00e9 de : &#8211; Fai\u0301n Sa\u0301nchez [&hellip;]\" \/>\n<meta property=\"og:url\" content=\"https:\/\/veevcom.com\/en\/radio-tarifa-presente-la-noche\/\" \/>\n<meta property=\"og:site_name\" content=\"VeevCom\" \/>\n<meta property=\"article:published_time\" content=\"2025-09-09T15:13:43+00:00\" \/>\n<meta property=\"article:modified_time\" content=\"2025-09-10T09:24:37+00:00\" \/>\n<meta property=\"og:image\" content=\"https:\/\/veevcom.com\/wp-content\/uploads\/2025\/09\/BUDA860406.jpg\" \/>\n\t<meta property=\"og:image:width\" content=\"1440\" \/>\n\t<meta property=\"og:image:height\" content=\"1440\" \/>\n\t<meta property=\"og:image:type\" content=\"image\/jpeg\" \/>\n<meta name=\"author\" content=\"severine\" \/>\n<meta name=\"twitter:card\" content=\"summary_large_image\" \/>\n<meta name=\"twitter:label1\" content=\"Written by\" \/>\n\t<meta name=\"twitter:data1\" content=\"severine\" \/>\n\t<meta name=\"twitter:label2\" content=\"Est. reading time\" \/>\n\t<meta name=\"twitter:data2\" content=\"2 minutes\" \/>\n<script type=\"application\/ld+json\" class=\"yoast-schema-graph\">{\"@context\":\"https:\\\/\\\/schema.org\",\"@graph\":[{\"@type\":\"Article\",\"@id\":\"https:\\\/\\\/veevcom.com\\\/en\\\/radio-tarifa-presente-la-noche\\\/#article\",\"isPartOf\":{\"@id\":\"https:\\\/\\\/veevcom.com\\\/en\\\/radio-tarifa-presente-la-noche\\\/\"},\"author\":{\"name\":\"severine\",\"@id\":\"https:\\\/\\\/veevcom.com\\\/#\\\/schema\\\/person\\\/754f1f5a030d278766b52cf0e0c62e8b\"},\"headline\":\"Radio Tarifa presents &#8220;La noche&#8221;\",\"datePublished\":\"2025-09-09T15:13:43+00:00\",\"dateModified\":\"2025-09-10T09:24:37+00:00\",\"mainEntityOfPage\":{\"@id\":\"https:\\\/\\\/veevcom.com\\\/en\\\/radio-tarifa-presente-la-noche\\\/\"},\"wordCount\":425,\"image\":{\"@id\":\"https:\\\/\\\/veevcom.com\\\/en\\\/radio-tarifa-presente-la-noche\\\/#primaryimage\"},\"thumbnailUrl\":\"https:\\\/\\\/veevcom.com\\\/wp-content\\\/uploads\\\/2025\\\/09\\\/BUDA860406.jpg\",\"articleSection\":[\"News\"],\"inLanguage\":\"en-US\"},{\"@type\":\"WebPage\",\"@id\":\"https:\\\/\\\/veevcom.com\\\/en\\\/radio-tarifa-presente-la-noche\\\/\",\"url\":\"https:\\\/\\\/veevcom.com\\\/en\\\/radio-tarifa-presente-la-noche\\\/\",\"name\":\"Radio Tarifa presents \\\"La noche\\\"  - VeevCom\",\"isPartOf\":{\"@id\":\"https:\\\/\\\/veevcom.com\\\/en\\\/#website\"},\"primaryImageOfPage\":{\"@id\":\"https:\\\/\\\/veevcom.com\\\/en\\\/radio-tarifa-presente-la-noche\\\/#primaryimage\"},\"image\":{\"@id\":\"https:\\\/\\\/veevcom.com\\\/en\\\/radio-tarifa-presente-la-noche\\\/#primaryimage\"},\"thumbnailUrl\":\"https:\\\/\\\/veevcom.com\\\/wp-content\\\/uploads\\\/2025\\\/09\\\/BUDA860406.jpg\",\"datePublished\":\"2025-09-09T15:13:43+00:00\",\"dateModified\":\"2025-09-10T09:24:37+00:00\",\"author\":{\"@id\":\"https:\\\/\\\/veevcom.com\\\/#\\\/schema\\\/person\\\/754f1f5a030d278766b52cf0e0c62e8b\"},\"breadcrumb\":{\"@id\":\"https:\\\/\\\/veevcom.com\\\/en\\\/radio-tarifa-presente-la-noche\\\/#breadcrumb\"},\"inLanguage\":\"en-US\",\"potentialAction\":[{\"@type\":\"ReadAction\",\"target\":[[\"https:\\\/\\\/veevcom.com\\\/en\\\/radio-tarifa-presente-la-noche\\\/\"]]}]},{\"@type\":\"ImageObject\",\"inLanguage\":\"en-US\",\"@id\":\"https:\\\/\\\/veevcom.com\\\/en\\\/radio-tarifa-presente-la-noche\\\/#primaryimage\",\"url\":\"https:\\\/\\\/veevcom.com\\\/wp-content\\\/uploads\\\/2025\\\/09\\\/BUDA860406.jpg\",\"contentUrl\":\"https:\\\/\\\/veevcom.com\\\/wp-content\\\/uploads\\\/2025\\\/09\\\/BUDA860406.jpg\",\"width\":1440,\"height\":1440,\"caption\":\"Pochette album Radio Tarifa - La Noche\"},{\"@type\":\"BreadcrumbList\",\"@id\":\"https:\\\/\\\/veevcom.com\\\/en\\\/radio-tarifa-presente-la-noche\\\/#breadcrumb\",\"itemListElement\":[{\"@type\":\"ListItem\",\"position\":1,\"name\":\"Accueil\",\"item\":\"https:\\\/\\\/veevcom.com\\\/en\\\/\"},{\"@type\":\"ListItem\",\"position\":2,\"name\":\"Radio Tarifa presents &#8220;La noche&#8221;\"}]},{\"@type\":\"WebSite\",\"@id\":\"https:\\\/\\\/veevcom.com\\\/en\\\/#website\",\"url\":\"https:\\\/\\\/veevcom.com\\\/en\\\/\",\"name\":\"VeevCom\",\"description\":\"Public Relations and Communication in the Music Industry\",\"potentialAction\":[{\"@type\":\"SearchAction\",\"target\":{\"@type\":\"EntryPoint\",\"urlTemplate\":\"https:\\\/\\\/veevcom.com\\\/en\\\/?s={search_term_string}\"},\"query-input\":{\"@type\":\"PropertyValueSpecification\",\"valueRequired\":true,\"valueName\":\"search_term_string\"}}],\"inLanguage\":\"en-US\"},{\"@type\":\"Person\",\"@id\":\"https:\\\/\\\/veevcom.com\\\/#\\\/schema\\\/person\\\/754f1f5a030d278766b52cf0e0c62e8b\",\"name\":\"severine\",\"image\":{\"@type\":\"ImageObject\",\"inLanguage\":\"en-US\",\"@id\":\"https:\\\/\\\/secure.gravatar.com\\\/avatar\\\/ba307ed472519f403589981b25bf62b4089c1f82b837eaae855dd05633adf22c?s=96&d=mm&r=g\",\"url\":\"https:\\\/\\\/secure.gravatar.com\\\/avatar\\\/ba307ed472519f403589981b25bf62b4089c1f82b837eaae855dd05633adf22c?s=96&d=mm&r=g\",\"contentUrl\":\"https:\\\/\\\/secure.gravatar.com\\\/avatar\\\/ba307ed472519f403589981b25bf62b4089c1f82b837eaae855dd05633adf22c?s=96&d=mm&r=g\",\"caption\":\"severine\"}}]}<\/script>\n<!-- \/ Yoast SEO plugin. -->","yoast_head_json":{"title":"Radio Tarifa presents \"La noche\"  - VeevCom","robots":{"index":"index","follow":"follow","max-snippet":"max-snippet:-1","max-image-preview":"max-image-preview:large","max-video-preview":"max-video-preview:-1"},"canonical":"https:\/\/veevcom.com\/en\/radio-tarifa-presente-la-noche\/","og_locale":"en_US","og_type":"article","og_title":"Radio Tarifa presents \"La noche\"  - VeevCom","og_description":"Sorry, this entry is only available in FR.Radio Tarifa le groupe franco-espagnol nomine\u0301 a\u0300 plusieurs prix de la BBC et des Latin Grammy Awards, r\u00e9v\u00e8lera &#8220;La noche&#8221; son tant attendu 5e album, \u00e0 l&#8217;occasion de sa sortie le 26 septembre 2025 chez Buda Musique \/ Socadisc. Radio Tarifa est compos\u00e9 de : &#8211; Fai\u0301n Sa\u0301nchez [&hellip;]","og_url":"https:\/\/veevcom.com\/en\/radio-tarifa-presente-la-noche\/","og_site_name":"VeevCom","article_published_time":"2025-09-09T15:13:43+00:00","article_modified_time":"2025-09-10T09:24:37+00:00","og_image":[{"width":1440,"height":1440,"url":"https:\/\/veevcom.com\/wp-content\/uploads\/2025\/09\/BUDA860406.jpg","type":"image\/jpeg"}],"author":"severine","twitter_card":"summary_large_image","twitter_misc":{"Written by":"severine","Est. reading time":"2 minutes"},"schema":{"@context":"https:\/\/schema.org","@graph":[{"@type":"Article","@id":"https:\/\/veevcom.com\/en\/radio-tarifa-presente-la-noche\/#article","isPartOf":{"@id":"https:\/\/veevcom.com\/en\/radio-tarifa-presente-la-noche\/"},"author":{"name":"severine","@id":"https:\/\/veevcom.com\/#\/schema\/person\/754f1f5a030d278766b52cf0e0c62e8b"},"headline":"Radio Tarifa presents &#8220;La noche&#8221;","datePublished":"2025-09-09T15:13:43+00:00","dateModified":"2025-09-10T09:24:37+00:00","mainEntityOfPage":{"@id":"https:\/\/veevcom.com\/en\/radio-tarifa-presente-la-noche\/"},"wordCount":425,"image":{"@id":"https:\/\/veevcom.com\/en\/radio-tarifa-presente-la-noche\/#primaryimage"},"thumbnailUrl":"https:\/\/veevcom.com\/wp-content\/uploads\/2025\/09\/BUDA860406.jpg","articleSection":["News"],"inLanguage":"en-US"},{"@type":"WebPage","@id":"https:\/\/veevcom.com\/en\/radio-tarifa-presente-la-noche\/","url":"https:\/\/veevcom.com\/en\/radio-tarifa-presente-la-noche\/","name":"Radio Tarifa presents \"La noche\"  - VeevCom","isPartOf":{"@id":"https:\/\/veevcom.com\/en\/#website"},"primaryImageOfPage":{"@id":"https:\/\/veevcom.com\/en\/radio-tarifa-presente-la-noche\/#primaryimage"},"image":{"@id":"https:\/\/veevcom.com\/en\/radio-tarifa-presente-la-noche\/#primaryimage"},"thumbnailUrl":"https:\/\/veevcom.com\/wp-content\/uploads\/2025\/09\/BUDA860406.jpg","datePublished":"2025-09-09T15:13:43+00:00","dateModified":"2025-09-10T09:24:37+00:00","author":{"@id":"https:\/\/veevcom.com\/#\/schema\/person\/754f1f5a030d278766b52cf0e0c62e8b"},"breadcrumb":{"@id":"https:\/\/veevcom.com\/en\/radio-tarifa-presente-la-noche\/#breadcrumb"},"inLanguage":"en-US","potentialAction":[{"@type":"ReadAction","target":[["https:\/\/veevcom.com\/en\/radio-tarifa-presente-la-noche\/"]]}]},{"@type":"ImageObject","inLanguage":"en-US","@id":"https:\/\/veevcom.com\/en\/radio-tarifa-presente-la-noche\/#primaryimage","url":"https:\/\/veevcom.com\/wp-content\/uploads\/2025\/09\/BUDA860406.jpg","contentUrl":"https:\/\/veevcom.com\/wp-content\/uploads\/2025\/09\/BUDA860406.jpg","width":1440,"height":1440,"caption":"Pochette album Radio Tarifa - La Noche"},{"@type":"BreadcrumbList","@id":"https:\/\/veevcom.com\/en\/radio-tarifa-presente-la-noche\/#breadcrumb","itemListElement":[{"@type":"ListItem","position":1,"name":"Accueil","item":"https:\/\/veevcom.com\/en\/"},{"@type":"ListItem","position":2,"name":"Radio Tarifa presents &#8220;La noche&#8221;"}]},{"@type":"WebSite","@id":"https:\/\/veevcom.com\/en\/#website","url":"https:\/\/veevcom.com\/en\/","name":"VeevCom","description":"Public Relations and Communication in the Music Industry","potentialAction":[{"@type":"SearchAction","target":{"@type":"EntryPoint","urlTemplate":"https:\/\/veevcom.com\/en\/?s={search_term_string}"},"query-input":{"@type":"PropertyValueSpecification","valueRequired":true,"valueName":"search_term_string"}}],"inLanguage":"en-US"},{"@type":"Person","@id":"https:\/\/veevcom.com\/#\/schema\/person\/754f1f5a030d278766b52cf0e0c62e8b","name":"severine","image":{"@type":"ImageObject","inLanguage":"en-US","@id":"https:\/\/secure.gravatar.com\/avatar\/ba307ed472519f403589981b25bf62b4089c1f82b837eaae855dd05633adf22c?s=96&d=mm&r=g","url":"https:\/\/secure.gravatar.com\/avatar\/ba307ed472519f403589981b25bf62b4089c1f82b837eaae855dd05633adf22c?s=96&d=mm&r=g","contentUrl":"https:\/\/secure.gravatar.com\/avatar\/ba307ed472519f403589981b25bf62b4089c1f82b837eaae855dd05633adf22c?s=96&d=mm&r=g","caption":"severine"}}]}},"_links":{"self":[{"href":"https:\/\/veevcom.com\/en\/wp-json\/wp\/v2\/posts\/62615","targetHints":{"allow":["GET"]}}],"collection":[{"href":"https:\/\/veevcom.com\/en\/wp-json\/wp\/v2\/posts"}],"about":[{"href":"https:\/\/veevcom.com\/en\/wp-json\/wp\/v2\/types\/post"}],"author":[{"embeddable":true,"href":"https:\/\/veevcom.com\/en\/wp-json\/wp\/v2\/users\/3"}],"replies":[{"embeddable":true,"href":"https:\/\/veevcom.com\/en\/wp-json\/wp\/v2\/comments?post=62615"}],"version-history":[{"count":2,"href":"https:\/\/veevcom.com\/en\/wp-json\/wp\/v2\/posts\/62615\/revisions"}],"predecessor-version":[{"id":62621,"href":"https:\/\/veevcom.com\/en\/wp-json\/wp\/v2\/posts\/62615\/revisions\/62621"}],"wp:featuredmedia":[{"embeddable":true,"href":"https:\/\/veevcom.com\/en\/wp-json\/wp\/v2\/media\/62616"}],"wp:attachment":[{"href":"https:\/\/veevcom.com\/en\/wp-json\/wp\/v2\/media?parent=62615"}],"wp:term":[{"taxonomy":"category","embeddable":true,"href":"https:\/\/veevcom.com\/en\/wp-json\/wp\/v2\/categories?post=62615"},{"taxonomy":"post_tag","embeddable":true,"href":"https:\/\/veevcom.com\/en\/wp-json\/wp\/v2\/tags?post=62615"}],"curies":[{"name":"wp","href":"https:\/\/api.w.org\/{rel}","templated":true}]}}