{"id":62595,"date":"2025-09-04T16:24:28","date_gmt":"2025-09-04T14:24:28","guid":{"rendered":"https:\/\/veevcom.com\/?p=62595"},"modified":"2025-09-04T16:24:28","modified_gmt":"2025-09-04T14:24:28","slug":"balkan-taksim-presente-acide-balkanique","status":"publish","type":"post","link":"https:\/\/veevcom.com\/en\/balkan-taksim-presente-acide-balkanique\/","title":{"rendered":"Balkan Taksim presents &#8220;Acide balkanique&#8221;"},"content":{"rendered":"<p class=\"qtranxs-available-languages-message qtranxs-available-languages-message-en\">Sorry, this entry is only available in <a href=\"https:\/\/veevcom.com\/fr\/wp-json\/wp\/v2\/posts\/62595\" class=\"qtranxs-available-language-link qtranxs-available-language-link-fr\" title=\"FR\">FR<\/a>.<\/p><p><strong>Balkan Taksim<\/strong> le duo explosif des Balkans, r\u00e9v\u00e8lera &#8220;<strong>Acide balkanique<\/strong>&#8221; son deuxi\u00e8me album, \u00e0 l&#8217;occasion de sa sortie le <strong>19 septembre 2025<\/strong> chez <strong>Buda Musique<\/strong> \/ <strong>Socadisc<\/strong>.<\/p>\n<p>Tout en s\u2019interrogeant constamment sur son obsession pour les Balkans, cette r\u00e9gion quasi mythique qui a connu tant de souffrances, mais qui a aussi apport\u00e9 tant de beaut\u00e9 au monde, le groupe poursuit ici un voyage musical \u00e0 travers des endroits r\u00e9els et imaginaires. Cet album contient <strong>huit titres<\/strong>, certains sont des <strong>morceaux purement instrumentaux<\/strong>, d\u2019autres sont des <strong>chansons interpr\u00e9t\u00e9es <\/strong>en<strong> roumain<\/strong> et en <strong>serbo-croate<\/strong>.<\/p>\n<p><strong>Balkan Taksim<\/strong> est compos\u00e9 de :<br \/>\n&#8211; <strong>Sa\u0219a-Liviu Stoianovici<\/strong> : tanbur ottoman, \u00e9lectro-saz, tamburitza, synth\u00e9tiseurs,<br \/>\ntheremin, cobza, guimbarde, voix, mix<br \/>\n&#8211; <strong>Alin Z\u00e3br\u00e3u\u021beanu<\/strong> : basse \u00e9lectrique, synth\u00e9tiseurs, sampling, mix<\/p>\n<p>Les deux chansons traditionnelles enregistr\u00e9es ici viennent pour l\u2019une du nord-est de la Roumanie (titre n\u00b0 3) et pour l\u2019autre de Turquie, mais pass\u00e9e par le prisme de l\u2019ex-Yougoslavie, plus pr\u00e9cis\u00e9ment la Bosnie (titre n\u00b0 8). Fid\u00e8le \u00e0 ses racines musicales et \u00e0 ses exp\u00e9riences personnelles, le groupe joue de plusieurs instruments \u00e0 cordes traditionnels : le tanbur ottoman classique se m\u00eale au luth folklorique roumain \u2013 la cobza \u2013 et, entre les deux, on peut entendre les voix de deux membres de la famille des tamburica (luths \u00e0 long manche), le prim et le dangubica (appel\u00e9 \u00e9galement samica). Comme \u00e0 son habitude, le groupe utilise ces sons traditionnels parfois filtr\u00e9s et distordus. En guise de signature sonore, <strong>Balkan Taksim<\/strong> incorpore les textures acides de l\u2019\u00e9lectro-saz turc satur\u00e9, une de leurs sonorit\u00e9s pr\u00e9f\u00e9r\u00e9es.<\/p>\n<p>On y croise \u00e9galement des lignes de guitare basse, des synth\u00e9tiseurs analogiques et num\u00e9riques, du th\u00e9r\u00e9mine et divers \u00e9chantillonnages ethniques. D\u2019autres \u00e9l\u00e9ments sonores, tels que des bruits \u00e9lectroniques et des craquements apportent une touche post-industrielle \u00e0 l\u2019ensemble. Tous ces moyens techniques sont mis en \u0153uvre pour cr\u00e9er un espace \u00e0 la fois brut et r\u00e9el, mais aussi onirique. Dans cet album, l\u2019auditeur retrouvera des \u00e9l\u00e9ments \u00e0 la fois imaginaires et authentiques propres \u00e0 la culture populaire des Balkans et des Carpates, entrem\u00eal\u00e9s \u00e0 des m\u00e9lodies d\u2019inspiration ottomane ainsi qu\u2019\u00e0 des citations de musique populaire urbaine occidentale de ces derni\u00e8res ann\u00e9es. <strong>Acide balkanique<\/strong> est le fruit d\u2019une rencontre hypnotique entre plusieurs espaces g\u00e9ographiques et culturels : interpr\u00e9t\u00e9es par les sons \u00e9lectroniques contemporains, les voix des musiciens paysans des Carpates rencontrent les m\u00e9lodies rythm\u00e9es des troubadours des Balkans, dans une v\u00e9ritable qu\u00eate d\u2019unit\u00e9.<\/p>\n<p>&nbsp;<\/p>","protected":false},"excerpt":{"rendered":"<p>Sorry, this entry is only available in FR.Balkan Taksim le duo explosif des Balkans, r\u00e9v\u00e8lera &#8220;Acide balkanique&#8221; son deuxi\u00e8me album, \u00e0 l&#8217;occasion de sa sortie le 19 septembre 2025 chez Buda Musique \/ Socadisc. Tout en s\u2019interrogeant constamment sur son obsession pour les Balkans, cette r\u00e9gion quasi mythique qui a connu tant de souffrances, mais [&hellip;]<\/p>\n","protected":false},"author":3,"featured_media":62596,"comment_status":"closed","ping_status":"closed","sticky":false,"template":"","format":"standard","meta":{"_acf_changed":false,"footnotes":""},"categories":[1],"tags":[],"class_list":["post-62595","post","type-post","status-publish","format-standard","has-post-thumbnail","hentry","category-non-classe"],"acf":[],"yoast_head":"<!-- This site is optimized with the Yoast SEO plugin v27.4 - https:\/\/yoast.com\/product\/yoast-seo-wordpress\/ -->\n<title>Balkan Taksim presents &quot;Acide balkanique&quot; - VeevCom<\/title>\n<meta name=\"robots\" content=\"index, follow, max-snippet:-1, max-image-preview:large, max-video-preview:-1\" \/>\n<link rel=\"canonical\" href=\"https:\/\/veevcom.com\/en\/balkan-taksim-presente-acide-balkanique\/\" \/>\n<meta property=\"og:locale\" content=\"en_US\" \/>\n<meta property=\"og:type\" content=\"article\" \/>\n<meta property=\"og:title\" content=\"Balkan Taksim presents &quot;Acide balkanique&quot; - VeevCom\" \/>\n<meta property=\"og:description\" content=\"Sorry, this entry is only available in FR.Balkan Taksim le duo explosif des Balkans, r\u00e9v\u00e8lera &#8220;Acide balkanique&#8221; son deuxi\u00e8me album, \u00e0 l&#8217;occasion de sa sortie le 19 septembre 2025 chez Buda Musique \/ Socadisc. Tout en s\u2019interrogeant constamment sur son obsession pour les Balkans, cette r\u00e9gion quasi mythique qui a connu tant de souffrances, mais [&hellip;]\" \/>\n<meta property=\"og:url\" content=\"https:\/\/veevcom.com\/en\/balkan-taksim-presente-acide-balkanique\/\" \/>\n<meta property=\"og:site_name\" content=\"VeevCom\" \/>\n<meta property=\"article:published_time\" content=\"2025-09-04T14:24:28+00:00\" \/>\n<meta property=\"og:image\" content=\"https:\/\/veevcom.com\/wp-content\/uploads\/2025\/09\/Balkan-Taksim-cover-album-RGB-compresse.jpg\" \/>\n\t<meta property=\"og:image:width\" content=\"1647\" \/>\n\t<meta property=\"og:image:height\" content=\"1482\" \/>\n\t<meta property=\"og:image:type\" content=\"image\/jpeg\" \/>\n<meta name=\"author\" content=\"severine\" \/>\n<meta name=\"twitter:card\" content=\"summary_large_image\" \/>\n<meta name=\"twitter:label1\" content=\"Written by\" \/>\n\t<meta name=\"twitter:data1\" content=\"severine\" \/>\n\t<meta name=\"twitter:label2\" content=\"Est. reading time\" \/>\n\t<meta name=\"twitter:data2\" content=\"2 minutes\" \/>\n<script type=\"application\/ld+json\" class=\"yoast-schema-graph\">{\"@context\":\"https:\\\/\\\/schema.org\",\"@graph\":[{\"@type\":\"Article\",\"@id\":\"https:\\\/\\\/veevcom.com\\\/en\\\/balkan-taksim-presente-acide-balkanique\\\/#article\",\"isPartOf\":{\"@id\":\"https:\\\/\\\/veevcom.com\\\/en\\\/balkan-taksim-presente-acide-balkanique\\\/\"},\"author\":{\"name\":\"severine\",\"@id\":\"https:\\\/\\\/veevcom.com\\\/#\\\/schema\\\/person\\\/754f1f5a030d278766b52cf0e0c62e8b\"},\"headline\":\"Balkan Taksim presents &#8220;Acide balkanique&#8221;\",\"datePublished\":\"2025-09-04T14:24:28+00:00\",\"mainEntityOfPage\":{\"@id\":\"https:\\\/\\\/veevcom.com\\\/en\\\/balkan-taksim-presente-acide-balkanique\\\/\"},\"wordCount\":450,\"image\":{\"@id\":\"https:\\\/\\\/veevcom.com\\\/en\\\/balkan-taksim-presente-acide-balkanique\\\/#primaryimage\"},\"thumbnailUrl\":\"https:\\\/\\\/veevcom.com\\\/wp-content\\\/uploads\\\/2025\\\/09\\\/Balkan-Taksim-cover-album-RGB-compresse.jpg\",\"articleSection\":[\"News\"],\"inLanguage\":\"en-US\"},{\"@type\":\"WebPage\",\"@id\":\"https:\\\/\\\/veevcom.com\\\/en\\\/balkan-taksim-presente-acide-balkanique\\\/\",\"url\":\"https:\\\/\\\/veevcom.com\\\/en\\\/balkan-taksim-presente-acide-balkanique\\\/\",\"name\":\"Balkan Taksim presents \\\"Acide balkanique\\\" - VeevCom\",\"isPartOf\":{\"@id\":\"https:\\\/\\\/veevcom.com\\\/en\\\/#website\"},\"primaryImageOfPage\":{\"@id\":\"https:\\\/\\\/veevcom.com\\\/en\\\/balkan-taksim-presente-acide-balkanique\\\/#primaryimage\"},\"image\":{\"@id\":\"https:\\\/\\\/veevcom.com\\\/en\\\/balkan-taksim-presente-acide-balkanique\\\/#primaryimage\"},\"thumbnailUrl\":\"https:\\\/\\\/veevcom.com\\\/wp-content\\\/uploads\\\/2025\\\/09\\\/Balkan-Taksim-cover-album-RGB-compresse.jpg\",\"datePublished\":\"2025-09-04T14:24:28+00:00\",\"author\":{\"@id\":\"https:\\\/\\\/veevcom.com\\\/#\\\/schema\\\/person\\\/754f1f5a030d278766b52cf0e0c62e8b\"},\"breadcrumb\":{\"@id\":\"https:\\\/\\\/veevcom.com\\\/en\\\/balkan-taksim-presente-acide-balkanique\\\/#breadcrumb\"},\"inLanguage\":\"en-US\",\"potentialAction\":[{\"@type\":\"ReadAction\",\"target\":[[\"https:\\\/\\\/veevcom.com\\\/en\\\/balkan-taksim-presente-acide-balkanique\\\/\"]]}]},{\"@type\":\"ImageObject\",\"inLanguage\":\"en-US\",\"@id\":\"https:\\\/\\\/veevcom.com\\\/en\\\/balkan-taksim-presente-acide-balkanique\\\/#primaryimage\",\"url\":\"https:\\\/\\\/veevcom.com\\\/wp-content\\\/uploads\\\/2025\\\/09\\\/Balkan-Taksim-cover-album-RGB-compresse.jpg\",\"contentUrl\":\"https:\\\/\\\/veevcom.com\\\/wp-content\\\/uploads\\\/2025\\\/09\\\/Balkan-Taksim-cover-album-RGB-compresse.jpg\",\"width\":1647,\"height\":1482},{\"@type\":\"BreadcrumbList\",\"@id\":\"https:\\\/\\\/veevcom.com\\\/en\\\/balkan-taksim-presente-acide-balkanique\\\/#breadcrumb\",\"itemListElement\":[{\"@type\":\"ListItem\",\"position\":1,\"name\":\"Accueil\",\"item\":\"https:\\\/\\\/veevcom.com\\\/en\\\/\"},{\"@type\":\"ListItem\",\"position\":2,\"name\":\"Balkan Taksim presents &#8220;Acide balkanique&#8221;\"}]},{\"@type\":\"WebSite\",\"@id\":\"https:\\\/\\\/veevcom.com\\\/en\\\/#website\",\"url\":\"https:\\\/\\\/veevcom.com\\\/en\\\/\",\"name\":\"VeevCom\",\"description\":\"Public Relations and Communication in the Music Industry\",\"potentialAction\":[{\"@type\":\"SearchAction\",\"target\":{\"@type\":\"EntryPoint\",\"urlTemplate\":\"https:\\\/\\\/veevcom.com\\\/en\\\/?s={search_term_string}\"},\"query-input\":{\"@type\":\"PropertyValueSpecification\",\"valueRequired\":true,\"valueName\":\"search_term_string\"}}],\"inLanguage\":\"en-US\"},{\"@type\":\"Person\",\"@id\":\"https:\\\/\\\/veevcom.com\\\/#\\\/schema\\\/person\\\/754f1f5a030d278766b52cf0e0c62e8b\",\"name\":\"severine\",\"image\":{\"@type\":\"ImageObject\",\"inLanguage\":\"en-US\",\"@id\":\"https:\\\/\\\/secure.gravatar.com\\\/avatar\\\/ba307ed472519f403589981b25bf62b4089c1f82b837eaae855dd05633adf22c?s=96&d=mm&r=g\",\"url\":\"https:\\\/\\\/secure.gravatar.com\\\/avatar\\\/ba307ed472519f403589981b25bf62b4089c1f82b837eaae855dd05633adf22c?s=96&d=mm&r=g\",\"contentUrl\":\"https:\\\/\\\/secure.gravatar.com\\\/avatar\\\/ba307ed472519f403589981b25bf62b4089c1f82b837eaae855dd05633adf22c?s=96&d=mm&r=g\",\"caption\":\"severine\"}}]}<\/script>\n<!-- \/ Yoast SEO plugin. -->","yoast_head_json":{"title":"Balkan Taksim presents \"Acide balkanique\" - VeevCom","robots":{"index":"index","follow":"follow","max-snippet":"max-snippet:-1","max-image-preview":"max-image-preview:large","max-video-preview":"max-video-preview:-1"},"canonical":"https:\/\/veevcom.com\/en\/balkan-taksim-presente-acide-balkanique\/","og_locale":"en_US","og_type":"article","og_title":"Balkan Taksim presents \"Acide balkanique\" - VeevCom","og_description":"Sorry, this entry is only available in FR.Balkan Taksim le duo explosif des Balkans, r\u00e9v\u00e8lera &#8220;Acide balkanique&#8221; son deuxi\u00e8me album, \u00e0 l&#8217;occasion de sa sortie le 19 septembre 2025 chez Buda Musique \/ Socadisc. Tout en s\u2019interrogeant constamment sur son obsession pour les Balkans, cette r\u00e9gion quasi mythique qui a connu tant de souffrances, mais [&hellip;]","og_url":"https:\/\/veevcom.com\/en\/balkan-taksim-presente-acide-balkanique\/","og_site_name":"VeevCom","article_published_time":"2025-09-04T14:24:28+00:00","og_image":[{"width":1647,"height":1482,"url":"https:\/\/veevcom.com\/wp-content\/uploads\/2025\/09\/Balkan-Taksim-cover-album-RGB-compresse.jpg","type":"image\/jpeg"}],"author":"severine","twitter_card":"summary_large_image","twitter_misc":{"Written by":"severine","Est. reading time":"2 minutes"},"schema":{"@context":"https:\/\/schema.org","@graph":[{"@type":"Article","@id":"https:\/\/veevcom.com\/en\/balkan-taksim-presente-acide-balkanique\/#article","isPartOf":{"@id":"https:\/\/veevcom.com\/en\/balkan-taksim-presente-acide-balkanique\/"},"author":{"name":"severine","@id":"https:\/\/veevcom.com\/#\/schema\/person\/754f1f5a030d278766b52cf0e0c62e8b"},"headline":"Balkan Taksim presents &#8220;Acide balkanique&#8221;","datePublished":"2025-09-04T14:24:28+00:00","mainEntityOfPage":{"@id":"https:\/\/veevcom.com\/en\/balkan-taksim-presente-acide-balkanique\/"},"wordCount":450,"image":{"@id":"https:\/\/veevcom.com\/en\/balkan-taksim-presente-acide-balkanique\/#primaryimage"},"thumbnailUrl":"https:\/\/veevcom.com\/wp-content\/uploads\/2025\/09\/Balkan-Taksim-cover-album-RGB-compresse.jpg","articleSection":["News"],"inLanguage":"en-US"},{"@type":"WebPage","@id":"https:\/\/veevcom.com\/en\/balkan-taksim-presente-acide-balkanique\/","url":"https:\/\/veevcom.com\/en\/balkan-taksim-presente-acide-balkanique\/","name":"Balkan Taksim presents \"Acide balkanique\" - VeevCom","isPartOf":{"@id":"https:\/\/veevcom.com\/en\/#website"},"primaryImageOfPage":{"@id":"https:\/\/veevcom.com\/en\/balkan-taksim-presente-acide-balkanique\/#primaryimage"},"image":{"@id":"https:\/\/veevcom.com\/en\/balkan-taksim-presente-acide-balkanique\/#primaryimage"},"thumbnailUrl":"https:\/\/veevcom.com\/wp-content\/uploads\/2025\/09\/Balkan-Taksim-cover-album-RGB-compresse.jpg","datePublished":"2025-09-04T14:24:28+00:00","author":{"@id":"https:\/\/veevcom.com\/#\/schema\/person\/754f1f5a030d278766b52cf0e0c62e8b"},"breadcrumb":{"@id":"https:\/\/veevcom.com\/en\/balkan-taksim-presente-acide-balkanique\/#breadcrumb"},"inLanguage":"en-US","potentialAction":[{"@type":"ReadAction","target":[["https:\/\/veevcom.com\/en\/balkan-taksim-presente-acide-balkanique\/"]]}]},{"@type":"ImageObject","inLanguage":"en-US","@id":"https:\/\/veevcom.com\/en\/balkan-taksim-presente-acide-balkanique\/#primaryimage","url":"https:\/\/veevcom.com\/wp-content\/uploads\/2025\/09\/Balkan-Taksim-cover-album-RGB-compresse.jpg","contentUrl":"https:\/\/veevcom.com\/wp-content\/uploads\/2025\/09\/Balkan-Taksim-cover-album-RGB-compresse.jpg","width":1647,"height":1482},{"@type":"BreadcrumbList","@id":"https:\/\/veevcom.com\/en\/balkan-taksim-presente-acide-balkanique\/#breadcrumb","itemListElement":[{"@type":"ListItem","position":1,"name":"Accueil","item":"https:\/\/veevcom.com\/en\/"},{"@type":"ListItem","position":2,"name":"Balkan Taksim presents &#8220;Acide balkanique&#8221;"}]},{"@type":"WebSite","@id":"https:\/\/veevcom.com\/en\/#website","url":"https:\/\/veevcom.com\/en\/","name":"VeevCom","description":"Public Relations and Communication in the Music Industry","potentialAction":[{"@type":"SearchAction","target":{"@type":"EntryPoint","urlTemplate":"https:\/\/veevcom.com\/en\/?s={search_term_string}"},"query-input":{"@type":"PropertyValueSpecification","valueRequired":true,"valueName":"search_term_string"}}],"inLanguage":"en-US"},{"@type":"Person","@id":"https:\/\/veevcom.com\/#\/schema\/person\/754f1f5a030d278766b52cf0e0c62e8b","name":"severine","image":{"@type":"ImageObject","inLanguage":"en-US","@id":"https:\/\/secure.gravatar.com\/avatar\/ba307ed472519f403589981b25bf62b4089c1f82b837eaae855dd05633adf22c?s=96&d=mm&r=g","url":"https:\/\/secure.gravatar.com\/avatar\/ba307ed472519f403589981b25bf62b4089c1f82b837eaae855dd05633adf22c?s=96&d=mm&r=g","contentUrl":"https:\/\/secure.gravatar.com\/avatar\/ba307ed472519f403589981b25bf62b4089c1f82b837eaae855dd05633adf22c?s=96&d=mm&r=g","caption":"severine"}}]}},"_links":{"self":[{"href":"https:\/\/veevcom.com\/en\/wp-json\/wp\/v2\/posts\/62595","targetHints":{"allow":["GET"]}}],"collection":[{"href":"https:\/\/veevcom.com\/en\/wp-json\/wp\/v2\/posts"}],"about":[{"href":"https:\/\/veevcom.com\/en\/wp-json\/wp\/v2\/types\/post"}],"author":[{"embeddable":true,"href":"https:\/\/veevcom.com\/en\/wp-json\/wp\/v2\/users\/3"}],"replies":[{"embeddable":true,"href":"https:\/\/veevcom.com\/en\/wp-json\/wp\/v2\/comments?post=62595"}],"version-history":[{"count":2,"href":"https:\/\/veevcom.com\/en\/wp-json\/wp\/v2\/posts\/62595\/revisions"}],"predecessor-version":[{"id":62598,"href":"https:\/\/veevcom.com\/en\/wp-json\/wp\/v2\/posts\/62595\/revisions\/62598"}],"wp:featuredmedia":[{"embeddable":true,"href":"https:\/\/veevcom.com\/en\/wp-json\/wp\/v2\/media\/62596"}],"wp:attachment":[{"href":"https:\/\/veevcom.com\/en\/wp-json\/wp\/v2\/media?parent=62595"}],"wp:term":[{"taxonomy":"category","embeddable":true,"href":"https:\/\/veevcom.com\/en\/wp-json\/wp\/v2\/categories?post=62595"},{"taxonomy":"post_tag","embeddable":true,"href":"https:\/\/veevcom.com\/en\/wp-json\/wp\/v2\/tags?post=62595"}],"curies":[{"name":"wp","href":"https:\/\/api.w.org\/{rel}","templated":true}]}}