{"id":62431,"date":"2025-06-26T15:06:01","date_gmt":"2025-06-26T13:06:01","guid":{"rendered":"http:\/\/veevcom.com\/?p=62431"},"modified":"2025-07-22T15:30:12","modified_gmt":"2025-07-22T13:30:12","slug":"matje-presente-le-single-mal-a-la-mer","status":"publish","type":"post","link":"https:\/\/veevcom.com\/en\/matje-presente-le-single-mal-a-la-mer\/","title":{"rendered":"Matj\u00e9 presents the single &#8220;Mal \u00e0 la mer&#8221;"},"content":{"rendered":"<p class=\"qtranxs-available-languages-message qtranxs-available-languages-message-en\">Sorry, this entry is only available in <a href=\"https:\/\/veevcom.com\/fr\/wp-json\/wp\/v2\/posts\/62431\" class=\"qtranxs-available-language-link qtranxs-available-language-link-fr\" title=\"FR\">FR<\/a>.<\/p><p>L&#8217;auteur-compositeur <strong>Matj\u00e9<\/strong> vient de r\u00e9v\u00e9ler son nouveau single <strong>&#8220;Mal \u00e0 la mer&#8221;<\/strong> le<strong> 11 juin 2025<\/strong> chez <strong>Label d&#8217;\u00e0 C\u00f4t\u00e9 \/ Wiseband<\/strong>, en collaboration avec, entre autres : <strong>Guiz de Tryo<\/strong>, <strong>Renaud<\/strong>, <strong>Les Ogres de Barback<\/strong>, <strong>Guillaume Meurice<\/strong>, <strong>Alee <\/strong>&amp;<strong> Mourad <\/strong>de<strong> La Rue K\u00e9tanou<\/strong>, <strong>Didier Wampas<\/strong>, <strong>Lamya Essemlali<\/strong> (Pr\u00e9sidente de See Shepherd France), <strong>Mariaa Siga<\/strong>, <strong>Fred de Karpatt<\/strong>, <strong>G\u00e9rome de MAGO<\/strong>, <strong>Eyo &#8216;Nl\u00e9<\/strong> et <strong>Karimouche<\/strong>&#8230;<\/p>\n<p>Le journal <strong>Fakir<\/strong> s&#8217;est associ\u00e9 au projet en contribuant au financement du clip, r\u00e9alis\u00e9 par <strong>C\u00e9cilien Dj\u00e9rad<\/strong>.<\/p>\n<p>D\u00e9but juin, arr\u00eatez tout et sortez les cir\u00e9s jaunes ! <strong>\u00ab Mal \u00e0 la mer \u00bb<\/strong>, c\u2019est bien plus qu\u2019un single : c\u2019est une barricade musicale contre le saccage des oc\u00e9ans. Entre chanson fran\u00e7aise rageuse, hip-hop et rythmes afro-latins, <strong>Matj\u00e9<\/strong> nous a concoct\u00e9 un titre \u00e0 danser mais aussi \u00e0 manifester. Le tout en soutien \u00e0 l\u2019<strong>ONG Sea Shepherd France<\/strong>.<\/p>\n<p><strong>Sea Shepherd<\/strong> <strong>?<\/strong> Ce sont ces romantiques qui d\u00e9fendent la vie dans les oc\u00e9ans et vont au bout du monde d\u00e9fier les baleiniers.<\/p>\n<p><strong>Paul Watson<\/strong>, son fondateur, s\u2019est fait emprisonner au Danemark fin 2024. R\u00e9ponse imm\u00e9diate : <strong>76 artistes<\/strong> envoient des messages de soutien sur les r\u00e9seaux de <strong>Sea Shepherd Breizh<\/strong> suite \u00e0 un appel de <strong>Guiz<\/strong> (Tryo) et <strong>K\u00e9vin Houget<\/strong> \u00e0 la man\u0153uvre. Parmi eux, <strong>Matj\u00e9<\/strong> balance <strong>une minute de chanson<\/strong> puis invite, avec K\u00e9vin, d&#8217;autres artistes contact\u00e9s \u00e0 chanter ses paroles ou pr\u00eater leur plume pour la bonne cause. 12 artistes, groupes ou personnalit\u00e9s r\u00e9pondent pr\u00e9sents et embarquent pour cette belle aventure&#8230;<\/p>\n<p>La sortie, qui avait \u00e9t\u00e9 pr\u00e9vue le <strong>11 juin<\/strong> sur le<strong> Label d&#8217;\u00e0 C\u00f4t\u00e9<\/strong>, lors de l\u2019inauguration du <strong>Sommet de l&#8217;ONU<\/strong> <strong>sur les oc\u00e9ans<\/strong>, n\u2019est pas un hasard. Pendant que les dirigeants politiques se gargarisent de &#8220;d\u00e9veloppement durable&#8221;, <strong>la chanson leur balance la r\u00e9alit\u00e9 en face<\/strong> : la mer cr\u00e8ve, et c&#8217;est maintenant qu&#8217;il faut agir. <strong>Le clip est sorti le 18 juin quant \u00e0 lui.<\/strong><\/p>\n<p>Enfin, l\u2019int\u00e9gralit\u00e9 des b\u00e9n\u00e9fices sera directement revers\u00e9e \u00e0 <strong>Sea Shepherd France<\/strong>.<\/p>\n<p><span style=\"text-decoration: underline;\">Ceux qui ont \u00e9crit et chant\u00e9 :<\/span><br \/>\n&#8211; <strong>Matj\u00e9<\/strong> paroles\/musique)<br \/>\n&#8211; <strong>Guiz<\/strong> de <strong>Tryo<\/strong><br \/>\n&#8211; <strong>La Fanfare Eyo\u2019nl\u00e9<\/strong> (texte et cuivres)<br \/>\n&#8211; <strong>G\u00e9r\u00f4me<\/strong> (Mago) et <strong>Alee<\/strong><\/p>\n<p><span style=\"text-decoration: underline;\">Ceux qui ont chant\u00e9 :<\/span><br \/>\n&#8211; <strong>Renaud<\/strong><br \/>\n&#8211; <strong>Les Ogres de Barback<\/strong><br \/>\n&#8211; <strong>Didier Wampas<\/strong><br \/>\n&#8211; <strong>Guillaume Meurice<\/strong><br \/>\n&#8211; <strong>Lamya Essemlali<\/strong> (Pr\u00e9sidente de Sea Shepherd France)<br \/>\n&#8211; <strong>Fred de Karpatt<\/strong><br \/>\n&#8211; <strong>Karimouche<\/strong><br \/>\n&#8211; <strong>Mourad<\/strong> de <strong>La Rue K\u00e9tanou<\/strong><br \/>\n&#8211; <strong>Mariaa Siga<\/strong><\/p>\n<p>Une bonne partie des voix a \u00e9t\u00e9 enregistr\u00e9e au <strong>studio breton La Chouette \u00e0 Quebriac<\/strong> (35).<\/p>","protected":false},"excerpt":{"rendered":"<p>Sorry, this entry is only available in FR.L&#8217;auteur-compositeur Matj\u00e9 vient de r\u00e9v\u00e9ler son nouveau single &#8220;Mal \u00e0 la mer&#8221; le 11 juin 2025 chez Label d&#8217;\u00e0 C\u00f4t\u00e9 \/ Wiseband, en collaboration avec, entre autres : Guiz de Tryo, Renaud, Les Ogres de Barback, Guillaume Meurice, Alee &amp; Mourad de La Rue K\u00e9tanou, Didier Wampas, Lamya [&hellip;]<\/p>\n","protected":false},"author":3,"featured_media":62430,"comment_status":"closed","ping_status":"closed","sticky":false,"template":"","format":"standard","meta":{"_acf_changed":false,"footnotes":""},"categories":[1],"tags":[],"class_list":["post-62431","post","type-post","status-publish","format-standard","has-post-thumbnail","hentry","category-non-classe"],"acf":[],"yoast_head":"<!-- This site is optimized with the Yoast SEO plugin v27.4 - https:\/\/yoast.com\/product\/yoast-seo-wordpress\/ -->\n<title>Matj\u00e9 presents the single &quot;Mal \u00e0 la mer&quot;  - VeevCom<\/title>\n<meta name=\"robots\" content=\"index, follow, max-snippet:-1, max-image-preview:large, max-video-preview:-1\" \/>\n<link rel=\"canonical\" href=\"https:\/\/veevcom.com\/en\/matje-presente-le-single-mal-a-la-mer\/\" \/>\n<meta property=\"og:locale\" content=\"en_US\" \/>\n<meta property=\"og:type\" content=\"article\" \/>\n<meta property=\"og:title\" content=\"Matj\u00e9 presents the single &quot;Mal \u00e0 la mer&quot;  - VeevCom\" \/>\n<meta property=\"og:description\" content=\"Sorry, this entry is only available in FR.L&#8217;auteur-compositeur Matj\u00e9 vient de r\u00e9v\u00e9ler son nouveau single &#8220;Mal \u00e0 la mer&#8221; le 11 juin 2025 chez Label d&#8217;\u00e0 C\u00f4t\u00e9 \/ Wiseband, en collaboration avec, entre autres : Guiz de Tryo, Renaud, Les Ogres de Barback, Guillaume Meurice, Alee &amp; Mourad de La Rue K\u00e9tanou, Didier Wampas, Lamya [&hellip;]\" \/>\n<meta property=\"og:url\" content=\"https:\/\/veevcom.com\/en\/matje-presente-le-single-mal-a-la-mer\/\" \/>\n<meta property=\"og:site_name\" content=\"VeevCom\" \/>\n<meta property=\"article:published_time\" content=\"2025-06-26T13:06:01+00:00\" \/>\n<meta property=\"article:modified_time\" content=\"2025-07-22T13:30:12+00:00\" \/>\n<meta property=\"og:image\" content=\"https:\/\/veevcom.com\/wp-content\/uploads\/2025\/06\/Single-Matje.jpg\" \/>\n\t<meta property=\"og:image:width\" content=\"1000\" \/>\n\t<meta property=\"og:image:height\" content=\"1000\" \/>\n\t<meta property=\"og:image:type\" content=\"image\/jpeg\" \/>\n<meta name=\"author\" content=\"severine\" \/>\n<meta name=\"twitter:card\" content=\"summary_large_image\" \/>\n<meta name=\"twitter:label1\" content=\"Written by\" \/>\n\t<meta name=\"twitter:data1\" content=\"severine\" \/>\n\t<meta name=\"twitter:label2\" content=\"Est. reading time\" \/>\n\t<meta name=\"twitter:data2\" content=\"2 minutes\" \/>\n<script type=\"application\/ld+json\" class=\"yoast-schema-graph\">{\"@context\":\"https:\\\/\\\/schema.org\",\"@graph\":[{\"@type\":\"Article\",\"@id\":\"https:\\\/\\\/veevcom.com\\\/en\\\/matje-presente-le-single-mal-a-la-mer\\\/#article\",\"isPartOf\":{\"@id\":\"https:\\\/\\\/veevcom.com\\\/en\\\/matje-presente-le-single-mal-a-la-mer\\\/\"},\"author\":{\"name\":\"severine\",\"@id\":\"https:\\\/\\\/veevcom.com\\\/#\\\/schema\\\/person\\\/754f1f5a030d278766b52cf0e0c62e8b\"},\"headline\":\"Matj\u00e9 presents the single &#8220;Mal \u00e0 la mer&#8221;\",\"datePublished\":\"2025-06-26T13:06:01+00:00\",\"dateModified\":\"2025-07-22T13:30:12+00:00\",\"mainEntityOfPage\":{\"@id\":\"https:\\\/\\\/veevcom.com\\\/en\\\/matje-presente-le-single-mal-a-la-mer\\\/\"},\"wordCount\":462,\"image\":{\"@id\":\"https:\\\/\\\/veevcom.com\\\/en\\\/matje-presente-le-single-mal-a-la-mer\\\/#primaryimage\"},\"thumbnailUrl\":\"https:\\\/\\\/veevcom.com\\\/wp-content\\\/uploads\\\/2025\\\/06\\\/Single-Matje.jpg\",\"articleSection\":[\"News\"],\"inLanguage\":\"en-US\"},{\"@type\":\"WebPage\",\"@id\":\"https:\\\/\\\/veevcom.com\\\/en\\\/matje-presente-le-single-mal-a-la-mer\\\/\",\"url\":\"https:\\\/\\\/veevcom.com\\\/en\\\/matje-presente-le-single-mal-a-la-mer\\\/\",\"name\":\"Matj\u00e9 presents the single \\\"Mal \u00e0 la mer\\\"  - VeevCom\",\"isPartOf\":{\"@id\":\"https:\\\/\\\/veevcom.com\\\/en\\\/#website\"},\"primaryImageOfPage\":{\"@id\":\"https:\\\/\\\/veevcom.com\\\/en\\\/matje-presente-le-single-mal-a-la-mer\\\/#primaryimage\"},\"image\":{\"@id\":\"https:\\\/\\\/veevcom.com\\\/en\\\/matje-presente-le-single-mal-a-la-mer\\\/#primaryimage\"},\"thumbnailUrl\":\"https:\\\/\\\/veevcom.com\\\/wp-content\\\/uploads\\\/2025\\\/06\\\/Single-Matje.jpg\",\"datePublished\":\"2025-06-26T13:06:01+00:00\",\"dateModified\":\"2025-07-22T13:30:12+00:00\",\"author\":{\"@id\":\"https:\\\/\\\/veevcom.com\\\/#\\\/schema\\\/person\\\/754f1f5a030d278766b52cf0e0c62e8b\"},\"breadcrumb\":{\"@id\":\"https:\\\/\\\/veevcom.com\\\/en\\\/matje-presente-le-single-mal-a-la-mer\\\/#breadcrumb\"},\"inLanguage\":\"en-US\",\"potentialAction\":[{\"@type\":\"ReadAction\",\"target\":[[\"https:\\\/\\\/veevcom.com\\\/en\\\/matje-presente-le-single-mal-a-la-mer\\\/\"]]}]},{\"@type\":\"ImageObject\",\"inLanguage\":\"en-US\",\"@id\":\"https:\\\/\\\/veevcom.com\\\/en\\\/matje-presente-le-single-mal-a-la-mer\\\/#primaryimage\",\"url\":\"https:\\\/\\\/veevcom.com\\\/wp-content\\\/uploads\\\/2025\\\/06\\\/Single-Matje.jpg\",\"contentUrl\":\"https:\\\/\\\/veevcom.com\\\/wp-content\\\/uploads\\\/2025\\\/06\\\/Single-Matje.jpg\",\"width\":1000,\"height\":1000},{\"@type\":\"BreadcrumbList\",\"@id\":\"https:\\\/\\\/veevcom.com\\\/en\\\/matje-presente-le-single-mal-a-la-mer\\\/#breadcrumb\",\"itemListElement\":[{\"@type\":\"ListItem\",\"position\":1,\"name\":\"Accueil\",\"item\":\"https:\\\/\\\/veevcom.com\\\/en\\\/\"},{\"@type\":\"ListItem\",\"position\":2,\"name\":\"Matj\u00e9 presents the single &#8220;Mal \u00e0 la mer&#8221;\"}]},{\"@type\":\"WebSite\",\"@id\":\"https:\\\/\\\/veevcom.com\\\/en\\\/#website\",\"url\":\"https:\\\/\\\/veevcom.com\\\/en\\\/\",\"name\":\"VeevCom\",\"description\":\"Public Relations and Communication in the Music Industry\",\"potentialAction\":[{\"@type\":\"SearchAction\",\"target\":{\"@type\":\"EntryPoint\",\"urlTemplate\":\"https:\\\/\\\/veevcom.com\\\/en\\\/?s={search_term_string}\"},\"query-input\":{\"@type\":\"PropertyValueSpecification\",\"valueRequired\":true,\"valueName\":\"search_term_string\"}}],\"inLanguage\":\"en-US\"},{\"@type\":\"Person\",\"@id\":\"https:\\\/\\\/veevcom.com\\\/#\\\/schema\\\/person\\\/754f1f5a030d278766b52cf0e0c62e8b\",\"name\":\"severine\",\"image\":{\"@type\":\"ImageObject\",\"inLanguage\":\"en-US\",\"@id\":\"https:\\\/\\\/secure.gravatar.com\\\/avatar\\\/ba307ed472519f403589981b25bf62b4089c1f82b837eaae855dd05633adf22c?s=96&d=mm&r=g\",\"url\":\"https:\\\/\\\/secure.gravatar.com\\\/avatar\\\/ba307ed472519f403589981b25bf62b4089c1f82b837eaae855dd05633adf22c?s=96&d=mm&r=g\",\"contentUrl\":\"https:\\\/\\\/secure.gravatar.com\\\/avatar\\\/ba307ed472519f403589981b25bf62b4089c1f82b837eaae855dd05633adf22c?s=96&d=mm&r=g\",\"caption\":\"severine\"}}]}<\/script>\n<!-- \/ Yoast SEO plugin. -->","yoast_head_json":{"title":"Matj\u00e9 presents the single \"Mal \u00e0 la mer\"  - VeevCom","robots":{"index":"index","follow":"follow","max-snippet":"max-snippet:-1","max-image-preview":"max-image-preview:large","max-video-preview":"max-video-preview:-1"},"canonical":"https:\/\/veevcom.com\/en\/matje-presente-le-single-mal-a-la-mer\/","og_locale":"en_US","og_type":"article","og_title":"Matj\u00e9 presents the single \"Mal \u00e0 la mer\"  - VeevCom","og_description":"Sorry, this entry is only available in FR.L&#8217;auteur-compositeur Matj\u00e9 vient de r\u00e9v\u00e9ler son nouveau single &#8220;Mal \u00e0 la mer&#8221; le 11 juin 2025 chez Label d&#8217;\u00e0 C\u00f4t\u00e9 \/ Wiseband, en collaboration avec, entre autres : Guiz de Tryo, Renaud, Les Ogres de Barback, Guillaume Meurice, Alee &amp; Mourad de La Rue K\u00e9tanou, Didier Wampas, Lamya [&hellip;]","og_url":"https:\/\/veevcom.com\/en\/matje-presente-le-single-mal-a-la-mer\/","og_site_name":"VeevCom","article_published_time":"2025-06-26T13:06:01+00:00","article_modified_time":"2025-07-22T13:30:12+00:00","og_image":[{"width":1000,"height":1000,"url":"https:\/\/veevcom.com\/wp-content\/uploads\/2025\/06\/Single-Matje.jpg","type":"image\/jpeg"}],"author":"severine","twitter_card":"summary_large_image","twitter_misc":{"Written by":"severine","Est. reading time":"2 minutes"},"schema":{"@context":"https:\/\/schema.org","@graph":[{"@type":"Article","@id":"https:\/\/veevcom.com\/en\/matje-presente-le-single-mal-a-la-mer\/#article","isPartOf":{"@id":"https:\/\/veevcom.com\/en\/matje-presente-le-single-mal-a-la-mer\/"},"author":{"name":"severine","@id":"https:\/\/veevcom.com\/#\/schema\/person\/754f1f5a030d278766b52cf0e0c62e8b"},"headline":"Matj\u00e9 presents the single &#8220;Mal \u00e0 la mer&#8221;","datePublished":"2025-06-26T13:06:01+00:00","dateModified":"2025-07-22T13:30:12+00:00","mainEntityOfPage":{"@id":"https:\/\/veevcom.com\/en\/matje-presente-le-single-mal-a-la-mer\/"},"wordCount":462,"image":{"@id":"https:\/\/veevcom.com\/en\/matje-presente-le-single-mal-a-la-mer\/#primaryimage"},"thumbnailUrl":"https:\/\/veevcom.com\/wp-content\/uploads\/2025\/06\/Single-Matje.jpg","articleSection":["News"],"inLanguage":"en-US"},{"@type":"WebPage","@id":"https:\/\/veevcom.com\/en\/matje-presente-le-single-mal-a-la-mer\/","url":"https:\/\/veevcom.com\/en\/matje-presente-le-single-mal-a-la-mer\/","name":"Matj\u00e9 presents the single \"Mal \u00e0 la mer\"  - VeevCom","isPartOf":{"@id":"https:\/\/veevcom.com\/en\/#website"},"primaryImageOfPage":{"@id":"https:\/\/veevcom.com\/en\/matje-presente-le-single-mal-a-la-mer\/#primaryimage"},"image":{"@id":"https:\/\/veevcom.com\/en\/matje-presente-le-single-mal-a-la-mer\/#primaryimage"},"thumbnailUrl":"https:\/\/veevcom.com\/wp-content\/uploads\/2025\/06\/Single-Matje.jpg","datePublished":"2025-06-26T13:06:01+00:00","dateModified":"2025-07-22T13:30:12+00:00","author":{"@id":"https:\/\/veevcom.com\/#\/schema\/person\/754f1f5a030d278766b52cf0e0c62e8b"},"breadcrumb":{"@id":"https:\/\/veevcom.com\/en\/matje-presente-le-single-mal-a-la-mer\/#breadcrumb"},"inLanguage":"en-US","potentialAction":[{"@type":"ReadAction","target":[["https:\/\/veevcom.com\/en\/matje-presente-le-single-mal-a-la-mer\/"]]}]},{"@type":"ImageObject","inLanguage":"en-US","@id":"https:\/\/veevcom.com\/en\/matje-presente-le-single-mal-a-la-mer\/#primaryimage","url":"https:\/\/veevcom.com\/wp-content\/uploads\/2025\/06\/Single-Matje.jpg","contentUrl":"https:\/\/veevcom.com\/wp-content\/uploads\/2025\/06\/Single-Matje.jpg","width":1000,"height":1000},{"@type":"BreadcrumbList","@id":"https:\/\/veevcom.com\/en\/matje-presente-le-single-mal-a-la-mer\/#breadcrumb","itemListElement":[{"@type":"ListItem","position":1,"name":"Accueil","item":"https:\/\/veevcom.com\/en\/"},{"@type":"ListItem","position":2,"name":"Matj\u00e9 presents the single &#8220;Mal \u00e0 la mer&#8221;"}]},{"@type":"WebSite","@id":"https:\/\/veevcom.com\/en\/#website","url":"https:\/\/veevcom.com\/en\/","name":"VeevCom","description":"Public Relations and Communication in the Music Industry","potentialAction":[{"@type":"SearchAction","target":{"@type":"EntryPoint","urlTemplate":"https:\/\/veevcom.com\/en\/?s={search_term_string}"},"query-input":{"@type":"PropertyValueSpecification","valueRequired":true,"valueName":"search_term_string"}}],"inLanguage":"en-US"},{"@type":"Person","@id":"https:\/\/veevcom.com\/#\/schema\/person\/754f1f5a030d278766b52cf0e0c62e8b","name":"severine","image":{"@type":"ImageObject","inLanguage":"en-US","@id":"https:\/\/secure.gravatar.com\/avatar\/ba307ed472519f403589981b25bf62b4089c1f82b837eaae855dd05633adf22c?s=96&d=mm&r=g","url":"https:\/\/secure.gravatar.com\/avatar\/ba307ed472519f403589981b25bf62b4089c1f82b837eaae855dd05633adf22c?s=96&d=mm&r=g","contentUrl":"https:\/\/secure.gravatar.com\/avatar\/ba307ed472519f403589981b25bf62b4089c1f82b837eaae855dd05633adf22c?s=96&d=mm&r=g","caption":"severine"}}]}},"_links":{"self":[{"href":"https:\/\/veevcom.com\/en\/wp-json\/wp\/v2\/posts\/62431","targetHints":{"allow":["GET"]}}],"collection":[{"href":"https:\/\/veevcom.com\/en\/wp-json\/wp\/v2\/posts"}],"about":[{"href":"https:\/\/veevcom.com\/en\/wp-json\/wp\/v2\/types\/post"}],"author":[{"embeddable":true,"href":"https:\/\/veevcom.com\/en\/wp-json\/wp\/v2\/users\/3"}],"replies":[{"embeddable":true,"href":"https:\/\/veevcom.com\/en\/wp-json\/wp\/v2\/comments?post=62431"}],"version-history":[{"count":6,"href":"https:\/\/veevcom.com\/en\/wp-json\/wp\/v2\/posts\/62431\/revisions"}],"predecessor-version":[{"id":62565,"href":"https:\/\/veevcom.com\/en\/wp-json\/wp\/v2\/posts\/62431\/revisions\/62565"}],"wp:featuredmedia":[{"embeddable":true,"href":"https:\/\/veevcom.com\/en\/wp-json\/wp\/v2\/media\/62430"}],"wp:attachment":[{"href":"https:\/\/veevcom.com\/en\/wp-json\/wp\/v2\/media?parent=62431"}],"wp:term":[{"taxonomy":"category","embeddable":true,"href":"https:\/\/veevcom.com\/en\/wp-json\/wp\/v2\/categories?post=62431"},{"taxonomy":"post_tag","embeddable":true,"href":"https:\/\/veevcom.com\/en\/wp-json\/wp\/v2\/tags?post=62431"}],"curies":[{"name":"wp","href":"https:\/\/api.w.org\/{rel}","templated":true}]}}