{"id":62226,"date":"2025-04-23T15:57:39","date_gmt":"2025-04-23T13:57:39","guid":{"rendered":"http:\/\/veevcom.com\/?p=62226"},"modified":"2025-04-23T15:57:39","modified_gmt":"2025-04-23T13:57:39","slug":"spontus-presente-ar-lagad-bleiz","status":"publish","type":"post","link":"https:\/\/veevcom.com\/en\/spontus-presente-ar-lagad-bleiz\/","title":{"rendered":"Spontus present \u2018\u2019 Ar Lagad &#8211; Bleiz\u2019\u2019"},"content":{"rendered":"<p><strong>Spontus<\/strong> will unveil \u201c<strong>Ar Lagad &#8211; Bleiz<\/strong>\u201d, their 9th album, on its release, <strong>June 27, 2025<\/strong>, on <strong>Klam<\/strong><br \/>\n<strong>Records \/ L\u2019Autre Distribution.<\/strong><\/p>\n<p>The <strong>quartet<\/strong> is composed of :<br \/>\n<strong>Alan Parantho\u00ebn<\/strong>: Violin, vocals<br \/>\n<strong>Thomas Hurtel<\/strong>: Bass, vocals<br \/>\n<strong>Erwan B\u00e9renguer<\/strong>: Guitar, vocals<br \/>\n<strong>Youen Parantho\u00ebn<\/strong>: Accordion, vocals<\/p>\n<p>With their feet in the round and their heads in the stars, the &#8221;plijadur&#8221; has been moving between stage and floor for thirty years. With La Rid\u00e9e du petit Ren\u00e9 and La Pourlet de la valise vol\u00e9e, the rural groove of <strong>Spontus<\/strong> gives pride of place to the communicative energy of the song. With a repertoire of 2 hrs 30 mins, the musicians draw on their thirty years&#8217; experience as dance leaders to offer a wide variety of dances from Lower and Upper Brittany, both sung and instrumental.<\/p>\n<p>\u2018\u2019 Recreating the energy of singing in dance and bringing it back to instrumental music, that\u2019s where we were when we decided to put down our instruments to renew the repertoire. And then memory kicked in, we remembered the \u201cbedjon\u201d of a capella singing on the parquet floor at the end of the evening, we remembered the power of singing back &#8230; We started listening again to our primary sources of inspiration, traditional singers. We soon started tapping our feet and singing in response, then picked up our instruments again. After a few months of rehearsals, the decision was made. We had to start singing.<br \/>\nLyrics sung by the old-timers to new music and new lyrics. This was the new direction we were going to take to entertain the dancers, and bring them into the dance. So we sing. We sing as we talk to people, we tell them beautiful stories in French or Breton, and we set our songs to instruments that illustrate, complete and feed the imagination.<br \/>\nWe escape, we fly away with this man who captures the colors of the world and finally succeeds in making the rainbow dance.<br \/>\nWe leave the world of humans to join the insects\u2019 revolt to claim their freedom, and find out why Baltazar and Barbara dance without discord. \u2018\u2019<\/p>\n<p><strong>Spontus<\/strong><\/p>","protected":false},"excerpt":{"rendered":"<p>Spontus will unveil \u201cAr Lagad &#8211; Bleiz\u201d, their 9th album, on its release, June 27, 2025, on Klam Records \/ L\u2019Autre Distribution. The quartet is composed of : Alan Parantho\u00ebn: Violin, vocals Thomas Hurtel: Bass, vocals Erwan B\u00e9renguer: Guitar, vocals Youen Parantho\u00ebn: Accordion, vocals With their feet in the round and their heads in the [&hellip;]<\/p>\n","protected":false},"author":3,"featured_media":62235,"comment_status":"closed","ping_status":"closed","sticky":false,"template":"","format":"standard","meta":{"_acf_changed":false,"footnotes":""},"categories":[1],"tags":[],"class_list":["post-62226","post","type-post","status-publish","format-standard","has-post-thumbnail","hentry","category-non-classe"],"acf":[],"yoast_head":"<!-- This site is optimized with the Yoast SEO plugin v27.4 - https:\/\/yoast.com\/product\/yoast-seo-wordpress\/ -->\n<title>Spontus present \u2018\u2019 Ar Lagad - Bleiz\u2019\u2019 - VeevCom<\/title>\n<meta name=\"robots\" content=\"index, follow, max-snippet:-1, max-image-preview:large, max-video-preview:-1\" \/>\n<link rel=\"canonical\" href=\"https:\/\/veevcom.com\/en\/spontus-presente-ar-lagad-bleiz\/\" \/>\n<meta property=\"og:locale\" content=\"en_US\" \/>\n<meta property=\"og:type\" content=\"article\" \/>\n<meta property=\"og:title\" content=\"Spontus present \u2018\u2019 Ar Lagad - Bleiz\u2019\u2019 - VeevCom\" \/>\n<meta property=\"og:description\" content=\"Spontus will unveil \u201cAr Lagad &#8211; Bleiz\u201d, their 9th album, on its release, June 27, 2025, on Klam Records \/ L\u2019Autre Distribution. The quartet is composed of : Alan Parantho\u00ebn: Violin, vocals Thomas Hurtel: Bass, vocals Erwan B\u00e9renguer: Guitar, vocals Youen Parantho\u00ebn: Accordion, vocals With their feet in the round and their heads in the [&hellip;]\" \/>\n<meta property=\"og:url\" content=\"https:\/\/veevcom.com\/en\/spontus-presente-ar-lagad-bleiz\/\" \/>\n<meta property=\"og:site_name\" content=\"VeevCom\" \/>\n<meta property=\"article:published_time\" content=\"2025-04-23T13:57:39+00:00\" \/>\n<meta property=\"og:image\" content=\"https:\/\/veevcom.com\/wp-content\/uploads\/2025\/04\/1_COVER-_-SP4-_-KR17-\u00a9-Nicolas-Bocquel-LA-PHOTO-DU-MARDI-1024x928.jpg\" \/>\n\t<meta property=\"og:image:width\" content=\"1024\" \/>\n\t<meta property=\"og:image:height\" content=\"928\" \/>\n\t<meta property=\"og:image:type\" content=\"image\/jpeg\" \/>\n<meta name=\"author\" content=\"severine\" \/>\n<meta name=\"twitter:card\" content=\"summary_large_image\" \/>\n<meta name=\"twitter:label1\" content=\"Written by\" \/>\n\t<meta name=\"twitter:data1\" content=\"severine\" \/>\n\t<meta name=\"twitter:label2\" content=\"Est. reading time\" \/>\n\t<meta name=\"twitter:data2\" content=\"4 minutes\" \/>\n<script type=\"application\/ld+json\" class=\"yoast-schema-graph\">{\"@context\":\"https:\\\/\\\/schema.org\",\"@graph\":[{\"@type\":\"Article\",\"@id\":\"https:\\\/\\\/veevcom.com\\\/en\\\/spontus-presente-ar-lagad-bleiz\\\/#article\",\"isPartOf\":{\"@id\":\"https:\\\/\\\/veevcom.com\\\/en\\\/spontus-presente-ar-lagad-bleiz\\\/\"},\"author\":{\"name\":\"severine\",\"@id\":\"https:\\\/\\\/veevcom.com\\\/#\\\/schema\\\/person\\\/754f1f5a030d278766b52cf0e0c62e8b\"},\"headline\":\"Spontus present \u2018\u2019 Ar Lagad &#8211; Bleiz\u2019\u2019\",\"datePublished\":\"2025-04-23T13:57:39+00:00\",\"mainEntityOfPage\":{\"@id\":\"https:\\\/\\\/veevcom.com\\\/en\\\/spontus-presente-ar-lagad-bleiz\\\/\"},\"wordCount\":810,\"image\":{\"@id\":\"https:\\\/\\\/veevcom.com\\\/en\\\/spontus-presente-ar-lagad-bleiz\\\/#primaryimage\"},\"thumbnailUrl\":\"https:\\\/\\\/veevcom.com\\\/wp-content\\\/uploads\\\/2025\\\/04\\\/1_COVER-_-SP4-_-KR17-\u00a9-Nicolas-Bocquel-LA-PHOTO-DU-MARDI.jpg\",\"articleSection\":[\"News\"],\"inLanguage\":\"en-US\"},{\"@type\":\"WebPage\",\"@id\":\"https:\\\/\\\/veevcom.com\\\/en\\\/spontus-presente-ar-lagad-bleiz\\\/\",\"url\":\"https:\\\/\\\/veevcom.com\\\/en\\\/spontus-presente-ar-lagad-bleiz\\\/\",\"name\":\"Spontus present \u2018\u2019 Ar Lagad - Bleiz\u2019\u2019 - VeevCom\",\"isPartOf\":{\"@id\":\"https:\\\/\\\/veevcom.com\\\/en\\\/#website\"},\"primaryImageOfPage\":{\"@id\":\"https:\\\/\\\/veevcom.com\\\/en\\\/spontus-presente-ar-lagad-bleiz\\\/#primaryimage\"},\"image\":{\"@id\":\"https:\\\/\\\/veevcom.com\\\/en\\\/spontus-presente-ar-lagad-bleiz\\\/#primaryimage\"},\"thumbnailUrl\":\"https:\\\/\\\/veevcom.com\\\/wp-content\\\/uploads\\\/2025\\\/04\\\/1_COVER-_-SP4-_-KR17-\u00a9-Nicolas-Bocquel-LA-PHOTO-DU-MARDI.jpg\",\"datePublished\":\"2025-04-23T13:57:39+00:00\",\"author\":{\"@id\":\"https:\\\/\\\/veevcom.com\\\/#\\\/schema\\\/person\\\/754f1f5a030d278766b52cf0e0c62e8b\"},\"breadcrumb\":{\"@id\":\"https:\\\/\\\/veevcom.com\\\/en\\\/spontus-presente-ar-lagad-bleiz\\\/#breadcrumb\"},\"inLanguage\":\"en-US\",\"potentialAction\":[{\"@type\":\"ReadAction\",\"target\":[[\"https:\\\/\\\/veevcom.com\\\/en\\\/spontus-presente-ar-lagad-bleiz\\\/\"]]}]},{\"@type\":\"ImageObject\",\"inLanguage\":\"en-US\",\"@id\":\"https:\\\/\\\/veevcom.com\\\/en\\\/spontus-presente-ar-lagad-bleiz\\\/#primaryimage\",\"url\":\"https:\\\/\\\/veevcom.com\\\/wp-content\\\/uploads\\\/2025\\\/04\\\/1_COVER-_-SP4-_-KR17-\u00a9-Nicolas-Bocquel-LA-PHOTO-DU-MARDI.jpg\",\"contentUrl\":\"https:\\\/\\\/veevcom.com\\\/wp-content\\\/uploads\\\/2025\\\/04\\\/1_COVER-_-SP4-_-KR17-\u00a9-Nicolas-Bocquel-LA-PHOTO-DU-MARDI.jpg\",\"width\":1630,\"height\":1477},{\"@type\":\"BreadcrumbList\",\"@id\":\"https:\\\/\\\/veevcom.com\\\/en\\\/spontus-presente-ar-lagad-bleiz\\\/#breadcrumb\",\"itemListElement\":[{\"@type\":\"ListItem\",\"position\":1,\"name\":\"Accueil\",\"item\":\"https:\\\/\\\/veevcom.com\\\/en\\\/\"},{\"@type\":\"ListItem\",\"position\":2,\"name\":\"Spontus present \u2018\u2019 Ar Lagad &#8211; Bleiz\u2019\u2019\"}]},{\"@type\":\"WebSite\",\"@id\":\"https:\\\/\\\/veevcom.com\\\/en\\\/#website\",\"url\":\"https:\\\/\\\/veevcom.com\\\/en\\\/\",\"name\":\"VeevCom\",\"description\":\"Public Relations and Communication in the Music Industry\",\"potentialAction\":[{\"@type\":\"SearchAction\",\"target\":{\"@type\":\"EntryPoint\",\"urlTemplate\":\"https:\\\/\\\/veevcom.com\\\/en\\\/?s={search_term_string}\"},\"query-input\":{\"@type\":\"PropertyValueSpecification\",\"valueRequired\":true,\"valueName\":\"search_term_string\"}}],\"inLanguage\":\"en-US\"},{\"@type\":\"Person\",\"@id\":\"https:\\\/\\\/veevcom.com\\\/#\\\/schema\\\/person\\\/754f1f5a030d278766b52cf0e0c62e8b\",\"name\":\"severine\",\"image\":{\"@type\":\"ImageObject\",\"inLanguage\":\"en-US\",\"@id\":\"https:\\\/\\\/secure.gravatar.com\\\/avatar\\\/ba307ed472519f403589981b25bf62b4089c1f82b837eaae855dd05633adf22c?s=96&d=mm&r=g\",\"url\":\"https:\\\/\\\/secure.gravatar.com\\\/avatar\\\/ba307ed472519f403589981b25bf62b4089c1f82b837eaae855dd05633adf22c?s=96&d=mm&r=g\",\"contentUrl\":\"https:\\\/\\\/secure.gravatar.com\\\/avatar\\\/ba307ed472519f403589981b25bf62b4089c1f82b837eaae855dd05633adf22c?s=96&d=mm&r=g\",\"caption\":\"severine\"}}]}<\/script>\n<!-- \/ Yoast SEO plugin. -->","yoast_head_json":{"title":"Spontus present \u2018\u2019 Ar Lagad - Bleiz\u2019\u2019 - VeevCom","robots":{"index":"index","follow":"follow","max-snippet":"max-snippet:-1","max-image-preview":"max-image-preview:large","max-video-preview":"max-video-preview:-1"},"canonical":"https:\/\/veevcom.com\/en\/spontus-presente-ar-lagad-bleiz\/","og_locale":"en_US","og_type":"article","og_title":"Spontus present \u2018\u2019 Ar Lagad - Bleiz\u2019\u2019 - VeevCom","og_description":"Spontus will unveil \u201cAr Lagad &#8211; Bleiz\u201d, their 9th album, on its release, June 27, 2025, on Klam Records \/ L\u2019Autre Distribution. The quartet is composed of : Alan Parantho\u00ebn: Violin, vocals Thomas Hurtel: Bass, vocals Erwan B\u00e9renguer: Guitar, vocals Youen Parantho\u00ebn: Accordion, vocals With their feet in the round and their heads in the [&hellip;]","og_url":"https:\/\/veevcom.com\/en\/spontus-presente-ar-lagad-bleiz\/","og_site_name":"VeevCom","article_published_time":"2025-04-23T13:57:39+00:00","og_image":[{"width":1024,"height":928,"url":"https:\/\/veevcom.com\/wp-content\/uploads\/2025\/04\/1_COVER-_-SP4-_-KR17-\u00a9-Nicolas-Bocquel-LA-PHOTO-DU-MARDI-1024x928.jpg","type":"image\/jpeg"}],"author":"severine","twitter_card":"summary_large_image","twitter_misc":{"Written by":"severine","Est. reading time":"4 minutes"},"schema":{"@context":"https:\/\/schema.org","@graph":[{"@type":"Article","@id":"https:\/\/veevcom.com\/en\/spontus-presente-ar-lagad-bleiz\/#article","isPartOf":{"@id":"https:\/\/veevcom.com\/en\/spontus-presente-ar-lagad-bleiz\/"},"author":{"name":"severine","@id":"https:\/\/veevcom.com\/#\/schema\/person\/754f1f5a030d278766b52cf0e0c62e8b"},"headline":"Spontus present \u2018\u2019 Ar Lagad &#8211; Bleiz\u2019\u2019","datePublished":"2025-04-23T13:57:39+00:00","mainEntityOfPage":{"@id":"https:\/\/veevcom.com\/en\/spontus-presente-ar-lagad-bleiz\/"},"wordCount":810,"image":{"@id":"https:\/\/veevcom.com\/en\/spontus-presente-ar-lagad-bleiz\/#primaryimage"},"thumbnailUrl":"https:\/\/veevcom.com\/wp-content\/uploads\/2025\/04\/1_COVER-_-SP4-_-KR17-\u00a9-Nicolas-Bocquel-LA-PHOTO-DU-MARDI.jpg","articleSection":["News"],"inLanguage":"en-US"},{"@type":"WebPage","@id":"https:\/\/veevcom.com\/en\/spontus-presente-ar-lagad-bleiz\/","url":"https:\/\/veevcom.com\/en\/spontus-presente-ar-lagad-bleiz\/","name":"Spontus present \u2018\u2019 Ar Lagad - Bleiz\u2019\u2019 - VeevCom","isPartOf":{"@id":"https:\/\/veevcom.com\/en\/#website"},"primaryImageOfPage":{"@id":"https:\/\/veevcom.com\/en\/spontus-presente-ar-lagad-bleiz\/#primaryimage"},"image":{"@id":"https:\/\/veevcom.com\/en\/spontus-presente-ar-lagad-bleiz\/#primaryimage"},"thumbnailUrl":"https:\/\/veevcom.com\/wp-content\/uploads\/2025\/04\/1_COVER-_-SP4-_-KR17-\u00a9-Nicolas-Bocquel-LA-PHOTO-DU-MARDI.jpg","datePublished":"2025-04-23T13:57:39+00:00","author":{"@id":"https:\/\/veevcom.com\/#\/schema\/person\/754f1f5a030d278766b52cf0e0c62e8b"},"breadcrumb":{"@id":"https:\/\/veevcom.com\/en\/spontus-presente-ar-lagad-bleiz\/#breadcrumb"},"inLanguage":"en-US","potentialAction":[{"@type":"ReadAction","target":[["https:\/\/veevcom.com\/en\/spontus-presente-ar-lagad-bleiz\/"]]}]},{"@type":"ImageObject","inLanguage":"en-US","@id":"https:\/\/veevcom.com\/en\/spontus-presente-ar-lagad-bleiz\/#primaryimage","url":"https:\/\/veevcom.com\/wp-content\/uploads\/2025\/04\/1_COVER-_-SP4-_-KR17-\u00a9-Nicolas-Bocquel-LA-PHOTO-DU-MARDI.jpg","contentUrl":"https:\/\/veevcom.com\/wp-content\/uploads\/2025\/04\/1_COVER-_-SP4-_-KR17-\u00a9-Nicolas-Bocquel-LA-PHOTO-DU-MARDI.jpg","width":1630,"height":1477},{"@type":"BreadcrumbList","@id":"https:\/\/veevcom.com\/en\/spontus-presente-ar-lagad-bleiz\/#breadcrumb","itemListElement":[{"@type":"ListItem","position":1,"name":"Accueil","item":"https:\/\/veevcom.com\/en\/"},{"@type":"ListItem","position":2,"name":"Spontus present \u2018\u2019 Ar Lagad &#8211; Bleiz\u2019\u2019"}]},{"@type":"WebSite","@id":"https:\/\/veevcom.com\/en\/#website","url":"https:\/\/veevcom.com\/en\/","name":"VeevCom","description":"Public Relations and Communication in the Music Industry","potentialAction":[{"@type":"SearchAction","target":{"@type":"EntryPoint","urlTemplate":"https:\/\/veevcom.com\/en\/?s={search_term_string}"},"query-input":{"@type":"PropertyValueSpecification","valueRequired":true,"valueName":"search_term_string"}}],"inLanguage":"en-US"},{"@type":"Person","@id":"https:\/\/veevcom.com\/#\/schema\/person\/754f1f5a030d278766b52cf0e0c62e8b","name":"severine","image":{"@type":"ImageObject","inLanguage":"en-US","@id":"https:\/\/secure.gravatar.com\/avatar\/ba307ed472519f403589981b25bf62b4089c1f82b837eaae855dd05633adf22c?s=96&d=mm&r=g","url":"https:\/\/secure.gravatar.com\/avatar\/ba307ed472519f403589981b25bf62b4089c1f82b837eaae855dd05633adf22c?s=96&d=mm&r=g","contentUrl":"https:\/\/secure.gravatar.com\/avatar\/ba307ed472519f403589981b25bf62b4089c1f82b837eaae855dd05633adf22c?s=96&d=mm&r=g","caption":"severine"}}]}},"_links":{"self":[{"href":"https:\/\/veevcom.com\/en\/wp-json\/wp\/v2\/posts\/62226","targetHints":{"allow":["GET"]}}],"collection":[{"href":"https:\/\/veevcom.com\/en\/wp-json\/wp\/v2\/posts"}],"about":[{"href":"https:\/\/veevcom.com\/en\/wp-json\/wp\/v2\/types\/post"}],"author":[{"embeddable":true,"href":"https:\/\/veevcom.com\/en\/wp-json\/wp\/v2\/users\/3"}],"replies":[{"embeddable":true,"href":"https:\/\/veevcom.com\/en\/wp-json\/wp\/v2\/comments?post=62226"}],"version-history":[{"count":9,"href":"https:\/\/veevcom.com\/en\/wp-json\/wp\/v2\/posts\/62226\/revisions"}],"predecessor-version":[{"id":62234,"href":"https:\/\/veevcom.com\/en\/wp-json\/wp\/v2\/posts\/62226\/revisions\/62234"}],"wp:featuredmedia":[{"embeddable":true,"href":"https:\/\/veevcom.com\/en\/wp-json\/wp\/v2\/media\/62235"}],"wp:attachment":[{"href":"https:\/\/veevcom.com\/en\/wp-json\/wp\/v2\/media?parent=62226"}],"wp:term":[{"taxonomy":"category","embeddable":true,"href":"https:\/\/veevcom.com\/en\/wp-json\/wp\/v2\/categories?post=62226"},{"taxonomy":"post_tag","embeddable":true,"href":"https:\/\/veevcom.com\/en\/wp-json\/wp\/v2\/tags?post=62226"}],"curies":[{"name":"wp","href":"https:\/\/api.w.org\/{rel}","templated":true}]}}