{"id":62203,"date":"2025-04-18T12:28:37","date_gmt":"2025-04-18T10:28:37","guid":{"rendered":"http:\/\/veevcom.com\/?p=62203"},"modified":"2025-04-18T12:28:37","modified_gmt":"2025-04-18T10:28:37","slug":"cesaria-evora-orchestra-en-tournee-en-france","status":"publish","type":"post","link":"https:\/\/veevcom.com\/en\/cesaria-evora-orchestra-en-tournee-en-france\/","title":{"rendered":"Cesaria Evora Orchestra on tour in France"},"content":{"rendered":"<p>Currently on tour in North America, the <strong>Cesaria Evora Orchestra<\/strong> will kick off its French tour with a concert at <strong>La Marbrerie (Montreuil)<\/strong> on <strong>June 06, 2025<\/strong>. The current line-up features the very best of today&#8217;s Cape Verdean scene: <strong>Ceuzany, Elida Almeida, Lucibela <\/strong>and<strong> Teofilo Chantre.<\/strong><\/p>\n<p>Here are all the upcoming tour dates:<\/p>\n<ul>\n<li>06\/06\/2025: <strong>Musiques M\u00e9tisses<\/strong> festival, Angoul\u00eame (16)<\/li>\n<li>12\/05\/2025: <strong>Africolor<\/strong> festival, Th\u00e9\u00e2tre Sarah Bernard, Goussainville (95)<\/li>\n<li>12\/06\/2025: <strong>Africolor<\/strong> festival, Th\u00e9\u00e2tre des Bergeries, Noisy-le-Sec (93)<\/li>\n<li>12\/13\/2025: <strong>Salle Jacques Brel<\/strong>, Fontenay-sous-Bois (94)<\/li>\n<li>03\/18\/2026: <strong>Le Colis\u00e9e<\/strong>, Lens (62)<\/li>\n<li>03\/19\/2026: <strong>Rocher de Palmer<\/strong>, Cenon (33)<\/li>\n<li>03\/20\/2026: <strong>D\u00e9tours de Babel<\/strong> festival, L&#8217;Heure Bleue, Saint-Martin d&#8217;H\u00e8res (38)<\/li>\n<li>03\/21\/2026: <strong>L&#8217;Arsena<\/strong>l, Metz (57)<\/li>\n<\/ul>\n<p><strong>Cesaria Evora<\/strong>&#8216;s sudden death on December 17, 2011 was a source of great emotion for her fans, who gathered in thousands in 2012 to honor her memory at memorable concerts in Toulouse, Lisbon, Amsterdam and Paris.<\/p>\n<p>Around the musicians who usually accompanied the singer, the greatest voices of world music came to pay a final tribute to the one nicknamed La Diva aux pieds nus (The Barefoot Diva) &#8211; among them Bonga, Ang\u00e9lique Kidjo, Lura, Isma\u00ebl L\u00f4, Mayra Andrade, Bernard Lavilliers and Tito Paris, to name but a few.<br \/>\nAfter these great masses, the musicians had only one desire: to keep Cesaria&#8217;s repertoire alive, which had enchanted audiences on stages all over the world. That&#8217;s how they came together under the name Cesaria Evora Orchestra for their first concert, in 2014 at the Kriol Jazz Festival in Praia (Cape Verde), in tribute to the world music icon and her work, notably as an Ambassador of Cape Verdean music.<br \/>\nSince then, the <strong>Cesaria Evora Orchestra<\/strong> has performed regularly around the world to celebrate <strong>Cesaria Evora<\/strong>.<\/p>","protected":false},"excerpt":{"rendered":"<p>Currently on tour in North America, the Cesaria Evora Orchestra will kick off its French tour with a concert at La Marbrerie (Montreuil) on June 06, 2025. The current line-up features the very best of today&#8217;s Cape Verdean scene: Ceuzany, Elida Almeida, Lucibela and Teofilo Chantre. Here are all the upcoming tour dates: 06\/06\/2025: Musiques [&hellip;]<\/p>\n","protected":false},"author":3,"featured_media":62209,"comment_status":"closed","ping_status":"closed","sticky":false,"template":"","format":"standard","meta":{"_acf_changed":false,"footnotes":""},"categories":[1],"tags":[],"class_list":["post-62203","post","type-post","status-publish","format-standard","has-post-thumbnail","hentry","category-non-classe"],"acf":[],"yoast_head":"<!-- This site is optimized with the Yoast SEO plugin v27.4 - https:\/\/yoast.com\/product\/yoast-seo-wordpress\/ -->\n<title>Cesaria Evora Orchestra on tour in France - VeevCom<\/title>\n<meta name=\"robots\" content=\"index, follow, max-snippet:-1, max-image-preview:large, max-video-preview:-1\" \/>\n<link rel=\"canonical\" href=\"https:\/\/veevcom.com\/en\/cesaria-evora-orchestra-en-tournee-en-france\/\" \/>\n<meta property=\"og:locale\" content=\"en_US\" \/>\n<meta property=\"og:type\" content=\"article\" \/>\n<meta property=\"og:title\" content=\"Cesaria Evora Orchestra on tour in France - VeevCom\" \/>\n<meta property=\"og:description\" content=\"Currently on tour in North America, the Cesaria Evora Orchestra will kick off its French tour with a concert at La Marbrerie (Montreuil) on June 06, 2025. The current line-up features the very best of today&#8217;s Cape Verdean scene: Ceuzany, Elida Almeida, Lucibela and Teofilo Chantre. Here are all the upcoming tour dates: 06\/06\/2025: Musiques [&hellip;]\" \/>\n<meta property=\"og:url\" content=\"https:\/\/veevcom.com\/en\/cesaria-evora-orchestra-en-tournee-en-france\/\" \/>\n<meta property=\"og:site_name\" content=\"VeevCom\" \/>\n<meta property=\"article:published_time\" content=\"2025-04-18T10:28:37+00:00\" \/>\n<meta property=\"og:image\" content=\"https:\/\/veevcom.com\/wp-content\/uploads\/2025\/04\/Visuel_hommage_Cesaria_HD\u00a9Photo-Joe-Wuerfel-_-Lusafrica-951x1024.jpg\" \/>\n\t<meta property=\"og:image:width\" content=\"951\" \/>\n\t<meta property=\"og:image:height\" content=\"1024\" \/>\n\t<meta property=\"og:image:type\" content=\"image\/jpeg\" \/>\n<meta name=\"author\" content=\"severine\" \/>\n<meta name=\"twitter:card\" content=\"summary_large_image\" \/>\n<meta name=\"twitter:label1\" content=\"Written by\" \/>\n\t<meta name=\"twitter:data1\" content=\"severine\" \/>\n\t<meta name=\"twitter:label2\" content=\"Est. reading time\" \/>\n\t<meta name=\"twitter:data2\" content=\"3 minutes\" \/>\n<script type=\"application\/ld+json\" class=\"yoast-schema-graph\">{\"@context\":\"https:\\\/\\\/schema.org\",\"@graph\":[{\"@type\":\"Article\",\"@id\":\"https:\\\/\\\/veevcom.com\\\/en\\\/cesaria-evora-orchestra-en-tournee-en-france\\\/#article\",\"isPartOf\":{\"@id\":\"https:\\\/\\\/veevcom.com\\\/en\\\/cesaria-evora-orchestra-en-tournee-en-france\\\/\"},\"author\":{\"name\":\"severine\",\"@id\":\"https:\\\/\\\/veevcom.com\\\/#\\\/schema\\\/person\\\/754f1f5a030d278766b52cf0e0c62e8b\"},\"headline\":\"Cesaria Evora Orchestra on tour in France\",\"datePublished\":\"2025-04-18T10:28:37+00:00\",\"mainEntityOfPage\":{\"@id\":\"https:\\\/\\\/veevcom.com\\\/en\\\/cesaria-evora-orchestra-en-tournee-en-france\\\/\"},\"wordCount\":627,\"image\":{\"@id\":\"https:\\\/\\\/veevcom.com\\\/en\\\/cesaria-evora-orchestra-en-tournee-en-france\\\/#primaryimage\"},\"thumbnailUrl\":\"https:\\\/\\\/veevcom.com\\\/wp-content\\\/uploads\\\/2025\\\/04\\\/Visuel_hommage_Cesaria_HD\u00a9Photo-Joe-Wuerfel-_-Lusafrica.jpg\",\"articleSection\":[\"News\"],\"inLanguage\":\"en-US\"},{\"@type\":\"WebPage\",\"@id\":\"https:\\\/\\\/veevcom.com\\\/en\\\/cesaria-evora-orchestra-en-tournee-en-france\\\/\",\"url\":\"https:\\\/\\\/veevcom.com\\\/en\\\/cesaria-evora-orchestra-en-tournee-en-france\\\/\",\"name\":\"Cesaria Evora Orchestra on tour in France - VeevCom\",\"isPartOf\":{\"@id\":\"https:\\\/\\\/veevcom.com\\\/en\\\/#website\"},\"primaryImageOfPage\":{\"@id\":\"https:\\\/\\\/veevcom.com\\\/en\\\/cesaria-evora-orchestra-en-tournee-en-france\\\/#primaryimage\"},\"image\":{\"@id\":\"https:\\\/\\\/veevcom.com\\\/en\\\/cesaria-evora-orchestra-en-tournee-en-france\\\/#primaryimage\"},\"thumbnailUrl\":\"https:\\\/\\\/veevcom.com\\\/wp-content\\\/uploads\\\/2025\\\/04\\\/Visuel_hommage_Cesaria_HD\u00a9Photo-Joe-Wuerfel-_-Lusafrica.jpg\",\"datePublished\":\"2025-04-18T10:28:37+00:00\",\"author\":{\"@id\":\"https:\\\/\\\/veevcom.com\\\/#\\\/schema\\\/person\\\/754f1f5a030d278766b52cf0e0c62e8b\"},\"breadcrumb\":{\"@id\":\"https:\\\/\\\/veevcom.com\\\/en\\\/cesaria-evora-orchestra-en-tournee-en-france\\\/#breadcrumb\"},\"inLanguage\":\"en-US\",\"potentialAction\":[{\"@type\":\"ReadAction\",\"target\":[[\"https:\\\/\\\/veevcom.com\\\/en\\\/cesaria-evora-orchestra-en-tournee-en-france\\\/\"]]}]},{\"@type\":\"ImageObject\",\"inLanguage\":\"en-US\",\"@id\":\"https:\\\/\\\/veevcom.com\\\/en\\\/cesaria-evora-orchestra-en-tournee-en-france\\\/#primaryimage\",\"url\":\"https:\\\/\\\/veevcom.com\\\/wp-content\\\/uploads\\\/2025\\\/04\\\/Visuel_hommage_Cesaria_HD\u00a9Photo-Joe-Wuerfel-_-Lusafrica.jpg\",\"contentUrl\":\"https:\\\/\\\/veevcom.com\\\/wp-content\\\/uploads\\\/2025\\\/04\\\/Visuel_hommage_Cesaria_HD\u00a9Photo-Joe-Wuerfel-_-Lusafrica.jpg\",\"width\":2362,\"height\":2544},{\"@type\":\"BreadcrumbList\",\"@id\":\"https:\\\/\\\/veevcom.com\\\/en\\\/cesaria-evora-orchestra-en-tournee-en-france\\\/#breadcrumb\",\"itemListElement\":[{\"@type\":\"ListItem\",\"position\":1,\"name\":\"Accueil\",\"item\":\"https:\\\/\\\/veevcom.com\\\/en\\\/\"},{\"@type\":\"ListItem\",\"position\":2,\"name\":\"Cesaria Evora Orchestra on tour in France\"}]},{\"@type\":\"WebSite\",\"@id\":\"https:\\\/\\\/veevcom.com\\\/en\\\/#website\",\"url\":\"https:\\\/\\\/veevcom.com\\\/en\\\/\",\"name\":\"VeevCom\",\"description\":\"Public Relations and Communication in the Music Industry\",\"potentialAction\":[{\"@type\":\"SearchAction\",\"target\":{\"@type\":\"EntryPoint\",\"urlTemplate\":\"https:\\\/\\\/veevcom.com\\\/en\\\/?s={search_term_string}\"},\"query-input\":{\"@type\":\"PropertyValueSpecification\",\"valueRequired\":true,\"valueName\":\"search_term_string\"}}],\"inLanguage\":\"en-US\"},{\"@type\":\"Person\",\"@id\":\"https:\\\/\\\/veevcom.com\\\/#\\\/schema\\\/person\\\/754f1f5a030d278766b52cf0e0c62e8b\",\"name\":\"severine\",\"image\":{\"@type\":\"ImageObject\",\"inLanguage\":\"en-US\",\"@id\":\"https:\\\/\\\/secure.gravatar.com\\\/avatar\\\/ba307ed472519f403589981b25bf62b4089c1f82b837eaae855dd05633adf22c?s=96&d=mm&r=g\",\"url\":\"https:\\\/\\\/secure.gravatar.com\\\/avatar\\\/ba307ed472519f403589981b25bf62b4089c1f82b837eaae855dd05633adf22c?s=96&d=mm&r=g\",\"contentUrl\":\"https:\\\/\\\/secure.gravatar.com\\\/avatar\\\/ba307ed472519f403589981b25bf62b4089c1f82b837eaae855dd05633adf22c?s=96&d=mm&r=g\",\"caption\":\"severine\"}}]}<\/script>\n<!-- \/ Yoast SEO plugin. -->","yoast_head_json":{"title":"Cesaria Evora Orchestra on tour in France - VeevCom","robots":{"index":"index","follow":"follow","max-snippet":"max-snippet:-1","max-image-preview":"max-image-preview:large","max-video-preview":"max-video-preview:-1"},"canonical":"https:\/\/veevcom.com\/en\/cesaria-evora-orchestra-en-tournee-en-france\/","og_locale":"en_US","og_type":"article","og_title":"Cesaria Evora Orchestra on tour in France - VeevCom","og_description":"Currently on tour in North America, the Cesaria Evora Orchestra will kick off its French tour with a concert at La Marbrerie (Montreuil) on June 06, 2025. The current line-up features the very best of today&#8217;s Cape Verdean scene: Ceuzany, Elida Almeida, Lucibela and Teofilo Chantre. Here are all the upcoming tour dates: 06\/06\/2025: Musiques [&hellip;]","og_url":"https:\/\/veevcom.com\/en\/cesaria-evora-orchestra-en-tournee-en-france\/","og_site_name":"VeevCom","article_published_time":"2025-04-18T10:28:37+00:00","og_image":[{"width":951,"height":1024,"url":"https:\/\/veevcom.com\/wp-content\/uploads\/2025\/04\/Visuel_hommage_Cesaria_HD\u00a9Photo-Joe-Wuerfel-_-Lusafrica-951x1024.jpg","type":"image\/jpeg"}],"author":"severine","twitter_card":"summary_large_image","twitter_misc":{"Written by":"severine","Est. reading time":"3 minutes"},"schema":{"@context":"https:\/\/schema.org","@graph":[{"@type":"Article","@id":"https:\/\/veevcom.com\/en\/cesaria-evora-orchestra-en-tournee-en-france\/#article","isPartOf":{"@id":"https:\/\/veevcom.com\/en\/cesaria-evora-orchestra-en-tournee-en-france\/"},"author":{"name":"severine","@id":"https:\/\/veevcom.com\/#\/schema\/person\/754f1f5a030d278766b52cf0e0c62e8b"},"headline":"Cesaria Evora Orchestra on tour in France","datePublished":"2025-04-18T10:28:37+00:00","mainEntityOfPage":{"@id":"https:\/\/veevcom.com\/en\/cesaria-evora-orchestra-en-tournee-en-france\/"},"wordCount":627,"image":{"@id":"https:\/\/veevcom.com\/en\/cesaria-evora-orchestra-en-tournee-en-france\/#primaryimage"},"thumbnailUrl":"https:\/\/veevcom.com\/wp-content\/uploads\/2025\/04\/Visuel_hommage_Cesaria_HD\u00a9Photo-Joe-Wuerfel-_-Lusafrica.jpg","articleSection":["News"],"inLanguage":"en-US"},{"@type":"WebPage","@id":"https:\/\/veevcom.com\/en\/cesaria-evora-orchestra-en-tournee-en-france\/","url":"https:\/\/veevcom.com\/en\/cesaria-evora-orchestra-en-tournee-en-france\/","name":"Cesaria Evora Orchestra on tour in France - VeevCom","isPartOf":{"@id":"https:\/\/veevcom.com\/en\/#website"},"primaryImageOfPage":{"@id":"https:\/\/veevcom.com\/en\/cesaria-evora-orchestra-en-tournee-en-france\/#primaryimage"},"image":{"@id":"https:\/\/veevcom.com\/en\/cesaria-evora-orchestra-en-tournee-en-france\/#primaryimage"},"thumbnailUrl":"https:\/\/veevcom.com\/wp-content\/uploads\/2025\/04\/Visuel_hommage_Cesaria_HD\u00a9Photo-Joe-Wuerfel-_-Lusafrica.jpg","datePublished":"2025-04-18T10:28:37+00:00","author":{"@id":"https:\/\/veevcom.com\/#\/schema\/person\/754f1f5a030d278766b52cf0e0c62e8b"},"breadcrumb":{"@id":"https:\/\/veevcom.com\/en\/cesaria-evora-orchestra-en-tournee-en-france\/#breadcrumb"},"inLanguage":"en-US","potentialAction":[{"@type":"ReadAction","target":[["https:\/\/veevcom.com\/en\/cesaria-evora-orchestra-en-tournee-en-france\/"]]}]},{"@type":"ImageObject","inLanguage":"en-US","@id":"https:\/\/veevcom.com\/en\/cesaria-evora-orchestra-en-tournee-en-france\/#primaryimage","url":"https:\/\/veevcom.com\/wp-content\/uploads\/2025\/04\/Visuel_hommage_Cesaria_HD\u00a9Photo-Joe-Wuerfel-_-Lusafrica.jpg","contentUrl":"https:\/\/veevcom.com\/wp-content\/uploads\/2025\/04\/Visuel_hommage_Cesaria_HD\u00a9Photo-Joe-Wuerfel-_-Lusafrica.jpg","width":2362,"height":2544},{"@type":"BreadcrumbList","@id":"https:\/\/veevcom.com\/en\/cesaria-evora-orchestra-en-tournee-en-france\/#breadcrumb","itemListElement":[{"@type":"ListItem","position":1,"name":"Accueil","item":"https:\/\/veevcom.com\/en\/"},{"@type":"ListItem","position":2,"name":"Cesaria Evora Orchestra on tour in France"}]},{"@type":"WebSite","@id":"https:\/\/veevcom.com\/en\/#website","url":"https:\/\/veevcom.com\/en\/","name":"VeevCom","description":"Public Relations and Communication in the Music Industry","potentialAction":[{"@type":"SearchAction","target":{"@type":"EntryPoint","urlTemplate":"https:\/\/veevcom.com\/en\/?s={search_term_string}"},"query-input":{"@type":"PropertyValueSpecification","valueRequired":true,"valueName":"search_term_string"}}],"inLanguage":"en-US"},{"@type":"Person","@id":"https:\/\/veevcom.com\/#\/schema\/person\/754f1f5a030d278766b52cf0e0c62e8b","name":"severine","image":{"@type":"ImageObject","inLanguage":"en-US","@id":"https:\/\/secure.gravatar.com\/avatar\/ba307ed472519f403589981b25bf62b4089c1f82b837eaae855dd05633adf22c?s=96&d=mm&r=g","url":"https:\/\/secure.gravatar.com\/avatar\/ba307ed472519f403589981b25bf62b4089c1f82b837eaae855dd05633adf22c?s=96&d=mm&r=g","contentUrl":"https:\/\/secure.gravatar.com\/avatar\/ba307ed472519f403589981b25bf62b4089c1f82b837eaae855dd05633adf22c?s=96&d=mm&r=g","caption":"severine"}}]}},"_links":{"self":[{"href":"https:\/\/veevcom.com\/en\/wp-json\/wp\/v2\/posts\/62203","targetHints":{"allow":["GET"]}}],"collection":[{"href":"https:\/\/veevcom.com\/en\/wp-json\/wp\/v2\/posts"}],"about":[{"href":"https:\/\/veevcom.com\/en\/wp-json\/wp\/v2\/types\/post"}],"author":[{"embeddable":true,"href":"https:\/\/veevcom.com\/en\/wp-json\/wp\/v2\/users\/3"}],"replies":[{"embeddable":true,"href":"https:\/\/veevcom.com\/en\/wp-json\/wp\/v2\/comments?post=62203"}],"version-history":[{"count":4,"href":"https:\/\/veevcom.com\/en\/wp-json\/wp\/v2\/posts\/62203\/revisions"}],"predecessor-version":[{"id":62223,"href":"https:\/\/veevcom.com\/en\/wp-json\/wp\/v2\/posts\/62203\/revisions\/62223"}],"wp:featuredmedia":[{"embeddable":true,"href":"https:\/\/veevcom.com\/en\/wp-json\/wp\/v2\/media\/62209"}],"wp:attachment":[{"href":"https:\/\/veevcom.com\/en\/wp-json\/wp\/v2\/media?parent=62203"}],"wp:term":[{"taxonomy":"category","embeddable":true,"href":"https:\/\/veevcom.com\/en\/wp-json\/wp\/v2\/categories?post=62203"},{"taxonomy":"post_tag","embeddable":true,"href":"https:\/\/veevcom.com\/en\/wp-json\/wp\/v2\/tags?post=62203"}],"curies":[{"name":"wp","href":"https:\/\/api.w.org\/{rel}","templated":true}]}}