{"id":54215,"date":"2024-11-28T11:28:50","date_gmt":"2024-11-28T10:28:50","guid":{"rendered":"http:\/\/veevcom.com\/?p=54215"},"modified":"2024-11-28T11:28:50","modified_gmt":"2024-11-28T10:28:50","slug":"remi-geffroy-presente-carrefour-des-anges","status":"publish","type":"post","link":"https:\/\/veevcom.com\/en\/remi-geffroy-presente-carrefour-des-anges\/","title":{"rendered":"R\u00e9mi Geffroy presents \u2018\u2019Carrefour des anges\u2019\u2019"},"content":{"rendered":"<p><strong>R\u00e9mi Geffroy<\/strong> will unveil <strong>\u201cCarrefour des anges\u201d<\/strong>, his new album, on its release, <strong>February 07, 2025<\/strong>, on <strong>CVE Prod \/ Modulor Music<\/strong>. This opus will be presented on <strong>Thursday, March 06, 2025<\/strong>, on the stage of <strong>Point \u00c9ph\u00e9m\u00e8re<\/strong> during an exceptional launch concert.<\/p>\n<p>\u27a1 The single <strong>\u201cRosa Alba\u201d<\/strong> was released on all platforms on <strong>November 15, 2024.<\/strong> \u2b05<\/p>\n<p>Accordionist and composer, <strong>R\u00e9mi Geffroy<\/strong> is a curious musician with many facets. Rich in diverse influences, he creates his own style by blending traditional music, classical, and jazz.<\/p>\n<p>The <strong>\u2018Carrefour des anges\u2019<\/strong> team is made up of:<br \/>\n<strong>R\u00e9mi Geffroy<\/strong>: compositions, accordion<br \/>\n<strong>Estelle Besingrand<\/strong>: cello<br \/>\n<strong>M\u00e9lanie Brelaud<\/strong>: violin<br \/>\n<strong>Julien Casanovas<\/strong>: violin<br \/>\n<strong>Alix Habert<\/strong>: alto violin<br \/>\n<strong>Julien Lameiras<\/strong>: drums<br \/>\n<strong>Antoine Petit<\/strong>: guitar<br \/>\n<strong>Laure Yates Nuzzi<\/strong> : bodhran (guest on tracks 4, 6 and 12)<br \/>\n<strong>Bert Yates<\/strong>: guitar, voice (guest on track 12)<\/p>\n<p><strong>R\u00e9mi Geffroy<\/strong> loves blending genres. With each album, he offers a new path to explore. His music, full of emotions, takes us on a journey where genres cross paths. His multiple influences and unique songwriting transform his compositions into true stories, with universes that are both epic and poetic.<strong> Carrefour des Anges<\/strong> can be seen as a special place, but also one of meetings, perhaps even reunions&#8230; The album is experienced as a journey in search of this place, whether distant or simply buried deep within us. This sixth album presents a musical direction and a distinctive sound, where the diatonic accordion shines, supported by a string quartet, drums, and guitar, all woven together in arrangements that are both surprising and powerful. <strong>Carrefour des Anges<\/strong> invites us on an introspective journey, both intimate and universal, where the music becomes the mirror of our soul, reflecting our joys and sorrows, our hopes and disillusions. Listening to this album is an immersive experience, where we allow ourselves to be carried away by melodic currents, navigating between reverie and reality, in search of that crossroads where angels meet and where, perhaps, we will find a part of ourselves.<\/p>","protected":false},"excerpt":{"rendered":"<p>R\u00e9mi Geffroy will unveil \u201cCarrefour des anges\u201d, his new album, on its release, February 07, 2025, on CVE Prod \/ Modulor Music. This opus will be presented on Thursday, March 06, 2025, on the stage of Point \u00c9ph\u00e9m\u00e8re during an exceptional launch concert. \u27a1 The single \u201cRosa Alba\u201d was released on all platforms on November [&hellip;]<\/p>\n","protected":false},"author":3,"featured_media":54216,"comment_status":"closed","ping_status":"closed","sticky":false,"template":"","format":"standard","meta":{"_acf_changed":false,"footnotes":""},"categories":[1],"tags":[],"class_list":["post-54215","post","type-post","status-publish","format-standard","has-post-thumbnail","hentry","category-non-classe"],"acf":[],"yoast_head":"<!-- This site is optimized with the Yoast SEO plugin v27.4 - https:\/\/yoast.com\/product\/yoast-seo-wordpress\/ -->\n<title>R\u00e9mi Geffroy presents \u2018\u2019Carrefour des anges\u2019\u2019 - VeevCom<\/title>\n<meta name=\"robots\" content=\"index, follow, max-snippet:-1, max-image-preview:large, max-video-preview:-1\" \/>\n<link rel=\"canonical\" href=\"https:\/\/veevcom.com\/en\/remi-geffroy-presente-carrefour-des-anges\/\" \/>\n<meta property=\"og:locale\" content=\"en_US\" \/>\n<meta property=\"og:type\" content=\"article\" \/>\n<meta property=\"og:title\" content=\"R\u00e9mi Geffroy presents \u2018\u2019Carrefour des anges\u2019\u2019 - VeevCom\" \/>\n<meta property=\"og:description\" content=\"R\u00e9mi Geffroy will unveil \u201cCarrefour des anges\u201d, his new album, on its release, February 07, 2025, on CVE Prod \/ Modulor Music. This opus will be presented on Thursday, March 06, 2025, on the stage of Point \u00c9ph\u00e9m\u00e8re during an exceptional launch concert. \u27a1 The single \u201cRosa Alba\u201d was released on all platforms on November [&hellip;]\" \/>\n<meta property=\"og:url\" content=\"https:\/\/veevcom.com\/en\/remi-geffroy-presente-carrefour-des-anges\/\" \/>\n<meta property=\"og:site_name\" content=\"VeevCom\" \/>\n<meta property=\"article:published_time\" content=\"2024-11-28T10:28:50+00:00\" \/>\n<meta property=\"og:image\" content=\"https:\/\/veevcom.com\/wp-content\/uploads\/2024\/11\/Remy-Geffroy-scaled.jpg\" \/>\n\t<meta property=\"og:image:width\" content=\"2560\" \/>\n\t<meta property=\"og:image:height\" content=\"2560\" \/>\n\t<meta property=\"og:image:type\" content=\"image\/jpeg\" \/>\n<meta name=\"author\" content=\"severine\" \/>\n<meta name=\"twitter:card\" content=\"summary_large_image\" \/>\n<meta name=\"twitter:label1\" content=\"Written by\" \/>\n\t<meta name=\"twitter:data1\" content=\"severine\" \/>\n\t<meta name=\"twitter:label2\" content=\"Est. reading time\" \/>\n\t<meta name=\"twitter:data2\" content=\"3 minutes\" \/>\n<script type=\"application\/ld+json\" class=\"yoast-schema-graph\">{\"@context\":\"https:\\\/\\\/schema.org\",\"@graph\":[{\"@type\":\"Article\",\"@id\":\"https:\\\/\\\/veevcom.com\\\/en\\\/remi-geffroy-presente-carrefour-des-anges\\\/#article\",\"isPartOf\":{\"@id\":\"https:\\\/\\\/veevcom.com\\\/en\\\/remi-geffroy-presente-carrefour-des-anges\\\/\"},\"author\":{\"name\":\"severine\",\"@id\":\"https:\\\/\\\/veevcom.com\\\/#\\\/schema\\\/person\\\/754f1f5a030d278766b52cf0e0c62e8b\"},\"headline\":\"R\u00e9mi Geffroy presents \u2018\u2019Carrefour des anges\u2019\u2019\",\"datePublished\":\"2024-11-28T10:28:50+00:00\",\"mainEntityOfPage\":{\"@id\":\"https:\\\/\\\/veevcom.com\\\/en\\\/remi-geffroy-presente-carrefour-des-anges\\\/\"},\"wordCount\":724,\"image\":{\"@id\":\"https:\\\/\\\/veevcom.com\\\/en\\\/remi-geffroy-presente-carrefour-des-anges\\\/#primaryimage\"},\"thumbnailUrl\":\"https:\\\/\\\/veevcom.com\\\/wp-content\\\/uploads\\\/2024\\\/11\\\/Remy-Geffroy-scaled.jpg\",\"articleSection\":[\"News\"],\"inLanguage\":\"en-US\"},{\"@type\":\"WebPage\",\"@id\":\"https:\\\/\\\/veevcom.com\\\/en\\\/remi-geffroy-presente-carrefour-des-anges\\\/\",\"url\":\"https:\\\/\\\/veevcom.com\\\/en\\\/remi-geffroy-presente-carrefour-des-anges\\\/\",\"name\":\"R\u00e9mi Geffroy presents \u2018\u2019Carrefour des anges\u2019\u2019 - VeevCom\",\"isPartOf\":{\"@id\":\"https:\\\/\\\/veevcom.com\\\/en\\\/#website\"},\"primaryImageOfPage\":{\"@id\":\"https:\\\/\\\/veevcom.com\\\/en\\\/remi-geffroy-presente-carrefour-des-anges\\\/#primaryimage\"},\"image\":{\"@id\":\"https:\\\/\\\/veevcom.com\\\/en\\\/remi-geffroy-presente-carrefour-des-anges\\\/#primaryimage\"},\"thumbnailUrl\":\"https:\\\/\\\/veevcom.com\\\/wp-content\\\/uploads\\\/2024\\\/11\\\/Remy-Geffroy-scaled.jpg\",\"datePublished\":\"2024-11-28T10:28:50+00:00\",\"author\":{\"@id\":\"https:\\\/\\\/veevcom.com\\\/#\\\/schema\\\/person\\\/754f1f5a030d278766b52cf0e0c62e8b\"},\"breadcrumb\":{\"@id\":\"https:\\\/\\\/veevcom.com\\\/en\\\/remi-geffroy-presente-carrefour-des-anges\\\/#breadcrumb\"},\"inLanguage\":\"en-US\",\"potentialAction\":[{\"@type\":\"ReadAction\",\"target\":[[\"https:\\\/\\\/veevcom.com\\\/en\\\/remi-geffroy-presente-carrefour-des-anges\\\/\"]]}]},{\"@type\":\"ImageObject\",\"inLanguage\":\"en-US\",\"@id\":\"https:\\\/\\\/veevcom.com\\\/en\\\/remi-geffroy-presente-carrefour-des-anges\\\/#primaryimage\",\"url\":\"https:\\\/\\\/veevcom.com\\\/wp-content\\\/uploads\\\/2024\\\/11\\\/Remy-Geffroy-scaled.jpg\",\"contentUrl\":\"https:\\\/\\\/veevcom.com\\\/wp-content\\\/uploads\\\/2024\\\/11\\\/Remy-Geffroy-scaled.jpg\",\"width\":2560,\"height\":2560},{\"@type\":\"BreadcrumbList\",\"@id\":\"https:\\\/\\\/veevcom.com\\\/en\\\/remi-geffroy-presente-carrefour-des-anges\\\/#breadcrumb\",\"itemListElement\":[{\"@type\":\"ListItem\",\"position\":1,\"name\":\"Accueil\",\"item\":\"https:\\\/\\\/veevcom.com\\\/en\\\/\"},{\"@type\":\"ListItem\",\"position\":2,\"name\":\"R\u00e9mi Geffroy presents \u2018\u2019Carrefour des anges\u2019\u2019\"}]},{\"@type\":\"WebSite\",\"@id\":\"https:\\\/\\\/veevcom.com\\\/en\\\/#website\",\"url\":\"https:\\\/\\\/veevcom.com\\\/en\\\/\",\"name\":\"VeevCom\",\"description\":\"Public Relations and Communication in the Music Industry\",\"potentialAction\":[{\"@type\":\"SearchAction\",\"target\":{\"@type\":\"EntryPoint\",\"urlTemplate\":\"https:\\\/\\\/veevcom.com\\\/en\\\/?s={search_term_string}\"},\"query-input\":{\"@type\":\"PropertyValueSpecification\",\"valueRequired\":true,\"valueName\":\"search_term_string\"}}],\"inLanguage\":\"en-US\"},{\"@type\":\"Person\",\"@id\":\"https:\\\/\\\/veevcom.com\\\/#\\\/schema\\\/person\\\/754f1f5a030d278766b52cf0e0c62e8b\",\"name\":\"severine\",\"image\":{\"@type\":\"ImageObject\",\"inLanguage\":\"en-US\",\"@id\":\"https:\\\/\\\/secure.gravatar.com\\\/avatar\\\/ba307ed472519f403589981b25bf62b4089c1f82b837eaae855dd05633adf22c?s=96&d=mm&r=g\",\"url\":\"https:\\\/\\\/secure.gravatar.com\\\/avatar\\\/ba307ed472519f403589981b25bf62b4089c1f82b837eaae855dd05633adf22c?s=96&d=mm&r=g\",\"contentUrl\":\"https:\\\/\\\/secure.gravatar.com\\\/avatar\\\/ba307ed472519f403589981b25bf62b4089c1f82b837eaae855dd05633adf22c?s=96&d=mm&r=g\",\"caption\":\"severine\"}}]}<\/script>\n<!-- \/ Yoast SEO plugin. -->","yoast_head_json":{"title":"R\u00e9mi Geffroy presents \u2018\u2019Carrefour des anges\u2019\u2019 - VeevCom","robots":{"index":"index","follow":"follow","max-snippet":"max-snippet:-1","max-image-preview":"max-image-preview:large","max-video-preview":"max-video-preview:-1"},"canonical":"https:\/\/veevcom.com\/en\/remi-geffroy-presente-carrefour-des-anges\/","og_locale":"en_US","og_type":"article","og_title":"R\u00e9mi Geffroy presents \u2018\u2019Carrefour des anges\u2019\u2019 - VeevCom","og_description":"R\u00e9mi Geffroy will unveil \u201cCarrefour des anges\u201d, his new album, on its release, February 07, 2025, on CVE Prod \/ Modulor Music. This opus will be presented on Thursday, March 06, 2025, on the stage of Point \u00c9ph\u00e9m\u00e8re during an exceptional launch concert. \u27a1 The single \u201cRosa Alba\u201d was released on all platforms on November [&hellip;]","og_url":"https:\/\/veevcom.com\/en\/remi-geffroy-presente-carrefour-des-anges\/","og_site_name":"VeevCom","article_published_time":"2024-11-28T10:28:50+00:00","og_image":[{"width":2560,"height":2560,"url":"https:\/\/veevcom.com\/wp-content\/uploads\/2024\/11\/Remy-Geffroy-scaled.jpg","type":"image\/jpeg"}],"author":"severine","twitter_card":"summary_large_image","twitter_misc":{"Written by":"severine","Est. reading time":"3 minutes"},"schema":{"@context":"https:\/\/schema.org","@graph":[{"@type":"Article","@id":"https:\/\/veevcom.com\/en\/remi-geffroy-presente-carrefour-des-anges\/#article","isPartOf":{"@id":"https:\/\/veevcom.com\/en\/remi-geffroy-presente-carrefour-des-anges\/"},"author":{"name":"severine","@id":"https:\/\/veevcom.com\/#\/schema\/person\/754f1f5a030d278766b52cf0e0c62e8b"},"headline":"R\u00e9mi Geffroy presents \u2018\u2019Carrefour des anges\u2019\u2019","datePublished":"2024-11-28T10:28:50+00:00","mainEntityOfPage":{"@id":"https:\/\/veevcom.com\/en\/remi-geffroy-presente-carrefour-des-anges\/"},"wordCount":724,"image":{"@id":"https:\/\/veevcom.com\/en\/remi-geffroy-presente-carrefour-des-anges\/#primaryimage"},"thumbnailUrl":"https:\/\/veevcom.com\/wp-content\/uploads\/2024\/11\/Remy-Geffroy-scaled.jpg","articleSection":["News"],"inLanguage":"en-US"},{"@type":"WebPage","@id":"https:\/\/veevcom.com\/en\/remi-geffroy-presente-carrefour-des-anges\/","url":"https:\/\/veevcom.com\/en\/remi-geffroy-presente-carrefour-des-anges\/","name":"R\u00e9mi Geffroy presents \u2018\u2019Carrefour des anges\u2019\u2019 - VeevCom","isPartOf":{"@id":"https:\/\/veevcom.com\/en\/#website"},"primaryImageOfPage":{"@id":"https:\/\/veevcom.com\/en\/remi-geffroy-presente-carrefour-des-anges\/#primaryimage"},"image":{"@id":"https:\/\/veevcom.com\/en\/remi-geffroy-presente-carrefour-des-anges\/#primaryimage"},"thumbnailUrl":"https:\/\/veevcom.com\/wp-content\/uploads\/2024\/11\/Remy-Geffroy-scaled.jpg","datePublished":"2024-11-28T10:28:50+00:00","author":{"@id":"https:\/\/veevcom.com\/#\/schema\/person\/754f1f5a030d278766b52cf0e0c62e8b"},"breadcrumb":{"@id":"https:\/\/veevcom.com\/en\/remi-geffroy-presente-carrefour-des-anges\/#breadcrumb"},"inLanguage":"en-US","potentialAction":[{"@type":"ReadAction","target":[["https:\/\/veevcom.com\/en\/remi-geffroy-presente-carrefour-des-anges\/"]]}]},{"@type":"ImageObject","inLanguage":"en-US","@id":"https:\/\/veevcom.com\/en\/remi-geffroy-presente-carrefour-des-anges\/#primaryimage","url":"https:\/\/veevcom.com\/wp-content\/uploads\/2024\/11\/Remy-Geffroy-scaled.jpg","contentUrl":"https:\/\/veevcom.com\/wp-content\/uploads\/2024\/11\/Remy-Geffroy-scaled.jpg","width":2560,"height":2560},{"@type":"BreadcrumbList","@id":"https:\/\/veevcom.com\/en\/remi-geffroy-presente-carrefour-des-anges\/#breadcrumb","itemListElement":[{"@type":"ListItem","position":1,"name":"Accueil","item":"https:\/\/veevcom.com\/en\/"},{"@type":"ListItem","position":2,"name":"R\u00e9mi Geffroy presents \u2018\u2019Carrefour des anges\u2019\u2019"}]},{"@type":"WebSite","@id":"https:\/\/veevcom.com\/en\/#website","url":"https:\/\/veevcom.com\/en\/","name":"VeevCom","description":"Public Relations and Communication in the Music Industry","potentialAction":[{"@type":"SearchAction","target":{"@type":"EntryPoint","urlTemplate":"https:\/\/veevcom.com\/en\/?s={search_term_string}"},"query-input":{"@type":"PropertyValueSpecification","valueRequired":true,"valueName":"search_term_string"}}],"inLanguage":"en-US"},{"@type":"Person","@id":"https:\/\/veevcom.com\/#\/schema\/person\/754f1f5a030d278766b52cf0e0c62e8b","name":"severine","image":{"@type":"ImageObject","inLanguage":"en-US","@id":"https:\/\/secure.gravatar.com\/avatar\/ba307ed472519f403589981b25bf62b4089c1f82b837eaae855dd05633adf22c?s=96&d=mm&r=g","url":"https:\/\/secure.gravatar.com\/avatar\/ba307ed472519f403589981b25bf62b4089c1f82b837eaae855dd05633adf22c?s=96&d=mm&r=g","contentUrl":"https:\/\/secure.gravatar.com\/avatar\/ba307ed472519f403589981b25bf62b4089c1f82b837eaae855dd05633adf22c?s=96&d=mm&r=g","caption":"severine"}}]}},"_links":{"self":[{"href":"https:\/\/veevcom.com\/en\/wp-json\/wp\/v2\/posts\/54215","targetHints":{"allow":["GET"]}}],"collection":[{"href":"https:\/\/veevcom.com\/en\/wp-json\/wp\/v2\/posts"}],"about":[{"href":"https:\/\/veevcom.com\/en\/wp-json\/wp\/v2\/types\/post"}],"author":[{"embeddable":true,"href":"https:\/\/veevcom.com\/en\/wp-json\/wp\/v2\/users\/3"}],"replies":[{"embeddable":true,"href":"https:\/\/veevcom.com\/en\/wp-json\/wp\/v2\/comments?post=54215"}],"version-history":[{"count":2,"href":"https:\/\/veevcom.com\/en\/wp-json\/wp\/v2\/posts\/54215\/revisions"}],"predecessor-version":[{"id":54218,"href":"https:\/\/veevcom.com\/en\/wp-json\/wp\/v2\/posts\/54215\/revisions\/54218"}],"wp:featuredmedia":[{"embeddable":true,"href":"https:\/\/veevcom.com\/en\/wp-json\/wp\/v2\/media\/54216"}],"wp:attachment":[{"href":"https:\/\/veevcom.com\/en\/wp-json\/wp\/v2\/media?parent=54215"}],"wp:term":[{"taxonomy":"category","embeddable":true,"href":"https:\/\/veevcom.com\/en\/wp-json\/wp\/v2\/categories?post=54215"},{"taxonomy":"post_tag","embeddable":true,"href":"https:\/\/veevcom.com\/en\/wp-json\/wp\/v2\/tags?post=54215"}],"curies":[{"name":"wp","href":"https:\/\/api.w.org\/{rel}","templated":true}]}}