{"id":47337,"date":"2024-04-12T17:06:22","date_gmt":"2024-04-12T15:06:22","guid":{"rendered":"http:\/\/veevcom.com\/?p=47337"},"modified":"2024-05-13T17:48:54","modified_gmt":"2024-05-13T15:48:54","slug":"paco-el-lobo-sangitananda-presentent-memoria-de-los-cantes-flamencos-vol-1","status":"publish","type":"post","link":"https:\/\/veevcom.com\/en\/paco-el-lobo-sangitananda-presentent-memoria-de-los-cantes-flamencos-vol-1\/","title":{"rendered":"PACO EL LOBO &#038; SANGITANANDA present &#8220;Memoria de los Cantes Flamencos. Vol.1&#8243;"},"content":{"rendered":"<p><strong>Paco el Lobo <\/strong> will unveil their new album <strong>Memoria de los Cantes Flamencos <\/strong>on&nbsp;its release <strong>April 19, 2024<\/strong>, <strong>on Buda Musique<\/strong>. This new work will be presented live on stage on&nbsp;<strong>Wednesday June 05, 2024<\/strong>&nbsp;at&nbsp;<strong>Studio de L\u2019Ermitage<\/strong>&nbsp;(Paris).<\/p>\n<p>This first volume of <strong>Memoria de los Cantes Flamencos<\/strong> is an important event. On one hand because it is the first project of this order, in Spain as in France, for a quarter of a century. On the other hand, and above all, because it is undertaken, not without courage, by two French musicians, <strong>Sangitananda<\/strong> and <strong>Paco el Lobo<\/strong>. No one better than the latter could face such a challenge, after half a century of learning and professional practice of cante punctuated by four albums. There are few cantaores, Andalusian, Spanish or not, whose flamenco memory goes back to Pepe de la Matrona, Rafael Romero and Juan Varea (among others), from whom he received the magisterium and with whom he shared the stage. Even rarer are those who have managed to blend into a personal style the legacy of these masters and the subsequent innovations of Enrique Morente above all, but also of Camar\u00f3n de la Isla or the last two generations of Jerez\u2019s artists for whom, according to their age, he is a &#8220;primo&#8221; or a &#8220;tito&#8221; of reference.<br \/>\nThis first volume demonstrates that, contrary to a widespread prejudice, there are no \u201csmall\u201d and \u201clarge\u201d cantes, as long as they are all interpreted with respect and musicality. Revising your classics, discovering the richness of the cante repertoire or simply enjoying a beautiful musical work, aficionados and music lovers will find ample material to nourish their passion. We are waiting for the next volumes&#8230; (Claude Worms)<\/p>\n<p><strong>Guests:<\/strong><br \/>\nJuan Manuel Cortes (palmas and percussions)<br \/>\nM\u00e9d\u00e9ric Collignon (trompet)<br \/>\n\u00c9douard Coquard (bass)<br \/>\nCristina Rodr\u00edguez de Tovar (back vocals)<br \/>\nDani Bonilla (palmas and back vocals)<\/p>\n<p><strong>Tracklist:<\/strong><br \/>\n1. Mi ni\u00f1a Churri (Bambera)<br \/>\n2. Oye mi voz (Colombiana)<br \/>\n3. Agua pa\u2019l molino (Buler\u00eda de Jerez)<br \/>\n4. El Rey de los cielos (Campanilleros)<br \/>\n5. Duros como el acero (Cartagenera)<br \/>\n6. Muero por ti (Alegr\u00edas)<br \/>\n7. Reinando (Malague\u00f1a de Chac\u00f3n y jabera)<br \/>\n8. Perd\u00ed mi centro (Sole\u00e1 de la Serneta y \u00c1lcala)<br \/>\n9. Cort\u00e9 una rosa (Liviana y serrana)<br \/>\n10.\u00c1rbol del para\u00edso (Ton\u00e1)<br \/>\n11.Flores del campo (Tangos extreme\u00f1os)<br \/>\n12.Una farruca lloraba (Farruca)<\/p>","protected":false},"excerpt":{"rendered":"<p>Paco el Lobo will unveil their new album Memoria de los Cantes Flamencos on&nbsp;its release April 19, 2024, on Buda Musique. This new work will be presented live on stage on&nbsp;Wednesday June 05, 2024&nbsp;at&nbsp;Studio de L\u2019Ermitage&nbsp;(Paris). This first volume of Memoria de los Cantes Flamencos is an important event. On one hand because it is [&hellip;]<\/p>\n","protected":false},"author":3,"featured_media":47339,"comment_status":"closed","ping_status":"closed","sticky":false,"template":"","format":"standard","meta":{"_acf_changed":false,"footnotes":""},"categories":[1],"tags":[],"class_list":["post-47337","post","type-post","status-publish","format-standard","has-post-thumbnail","hentry","category-non-classe"],"acf":[],"yoast_head":"<!-- This site is optimized with the Yoast SEO plugin v27.4 - https:\/\/yoast.com\/product\/yoast-seo-wordpress\/ -->\n<title>PACO EL LOBO &amp; SANGITANANDA present &quot;Memoria de los Cantes Flamencos. Vol.1&quot; - VeevCom<\/title>\n<meta name=\"robots\" content=\"index, follow, max-snippet:-1, max-image-preview:large, max-video-preview:-1\" \/>\n<link rel=\"canonical\" href=\"https:\/\/veevcom.com\/en\/paco-el-lobo-sangitananda-presentent-memoria-de-los-cantes-flamencos-vol-1\/\" \/>\n<meta property=\"og:locale\" content=\"en_US\" \/>\n<meta property=\"og:type\" content=\"article\" \/>\n<meta property=\"og:title\" content=\"PACO EL LOBO &amp; SANGITANANDA present &quot;Memoria de los Cantes Flamencos. Vol.1&quot; - VeevCom\" \/>\n<meta property=\"og:description\" content=\"Paco el Lobo will unveil their new album Memoria de los Cantes Flamencos on&nbsp;its release April 19, 2024, on Buda Musique. This new work will be presented live on stage on&nbsp;Wednesday June 05, 2024&nbsp;at&nbsp;Studio de L\u2019Ermitage&nbsp;(Paris). This first volume of Memoria de los Cantes Flamencos is an important event. On one hand because it is [&hellip;]\" \/>\n<meta property=\"og:url\" content=\"https:\/\/veevcom.com\/en\/paco-el-lobo-sangitananda-presentent-memoria-de-los-cantes-flamencos-vol-1\/\" \/>\n<meta property=\"og:site_name\" content=\"VeevCom\" \/>\n<meta property=\"article:published_time\" content=\"2024-04-12T15:06:22+00:00\" \/>\n<meta property=\"article:modified_time\" content=\"2024-05-13T15:48:54+00:00\" \/>\n<meta property=\"og:image\" content=\"https:\/\/veevcom.com\/wp-content\/uploads\/2024\/04\/BUDA860395\u00a9-Cyrille-Buffet-_-Antoine-Boyer.jpg\" \/>\n\t<meta property=\"og:image:width\" content=\"1440\" \/>\n\t<meta property=\"og:image:height\" content=\"1440\" \/>\n\t<meta property=\"og:image:type\" content=\"image\/jpeg\" \/>\n<meta name=\"author\" content=\"severine\" \/>\n<meta name=\"twitter:card\" content=\"summary_large_image\" \/>\n<meta name=\"twitter:label1\" content=\"Written by\" \/>\n\t<meta name=\"twitter:data1\" content=\"severine\" \/>\n\t<meta name=\"twitter:label2\" content=\"Est. reading time\" \/>\n\t<meta name=\"twitter:data2\" content=\"4 minutes\" \/>\n<script type=\"application\/ld+json\" class=\"yoast-schema-graph\">{\"@context\":\"https:\\\/\\\/schema.org\",\"@graph\":[{\"@type\":\"Article\",\"@id\":\"https:\\\/\\\/veevcom.com\\\/en\\\/paco-el-lobo-sangitananda-presentent-memoria-de-los-cantes-flamencos-vol-1\\\/#article\",\"isPartOf\":{\"@id\":\"https:\\\/\\\/veevcom.com\\\/en\\\/paco-el-lobo-sangitananda-presentent-memoria-de-los-cantes-flamencos-vol-1\\\/\"},\"author\":{\"name\":\"severine\",\"@id\":\"https:\\\/\\\/veevcom.com\\\/#\\\/schema\\\/person\\\/754f1f5a030d278766b52cf0e0c62e8b\"},\"headline\":\"PACO EL LOBO &#038; SANGITANANDA present &#8220;Memoria de los Cantes Flamencos. Vol.1&#8243;\",\"datePublished\":\"2024-04-12T15:06:22+00:00\",\"dateModified\":\"2024-05-13T15:48:54+00:00\",\"mainEntityOfPage\":{\"@id\":\"https:\\\/\\\/veevcom.com\\\/en\\\/paco-el-lobo-sangitananda-presentent-memoria-de-los-cantes-flamencos-vol-1\\\/\"},\"wordCount\":861,\"image\":{\"@id\":\"https:\\\/\\\/veevcom.com\\\/en\\\/paco-el-lobo-sangitananda-presentent-memoria-de-los-cantes-flamencos-vol-1\\\/#primaryimage\"},\"thumbnailUrl\":\"https:\\\/\\\/veevcom.com\\\/wp-content\\\/uploads\\\/2024\\\/04\\\/BUDA860395\u00a9-Cyrille-Buffet-_-Antoine-Boyer.jpg\",\"articleSection\":[\"News\"],\"inLanguage\":\"en-US\"},{\"@type\":\"WebPage\",\"@id\":\"https:\\\/\\\/veevcom.com\\\/en\\\/paco-el-lobo-sangitananda-presentent-memoria-de-los-cantes-flamencos-vol-1\\\/\",\"url\":\"https:\\\/\\\/veevcom.com\\\/en\\\/paco-el-lobo-sangitananda-presentent-memoria-de-los-cantes-flamencos-vol-1\\\/\",\"name\":\"PACO EL LOBO & SANGITANANDA present \\\"Memoria de los Cantes Flamencos. Vol.1\\\" - VeevCom\",\"isPartOf\":{\"@id\":\"https:\\\/\\\/veevcom.com\\\/en\\\/#website\"},\"primaryImageOfPage\":{\"@id\":\"https:\\\/\\\/veevcom.com\\\/en\\\/paco-el-lobo-sangitananda-presentent-memoria-de-los-cantes-flamencos-vol-1\\\/#primaryimage\"},\"image\":{\"@id\":\"https:\\\/\\\/veevcom.com\\\/en\\\/paco-el-lobo-sangitananda-presentent-memoria-de-los-cantes-flamencos-vol-1\\\/#primaryimage\"},\"thumbnailUrl\":\"https:\\\/\\\/veevcom.com\\\/wp-content\\\/uploads\\\/2024\\\/04\\\/BUDA860395\u00a9-Cyrille-Buffet-_-Antoine-Boyer.jpg\",\"datePublished\":\"2024-04-12T15:06:22+00:00\",\"dateModified\":\"2024-05-13T15:48:54+00:00\",\"author\":{\"@id\":\"https:\\\/\\\/veevcom.com\\\/#\\\/schema\\\/person\\\/754f1f5a030d278766b52cf0e0c62e8b\"},\"breadcrumb\":{\"@id\":\"https:\\\/\\\/veevcom.com\\\/en\\\/paco-el-lobo-sangitananda-presentent-memoria-de-los-cantes-flamencos-vol-1\\\/#breadcrumb\"},\"inLanguage\":\"en-US\",\"potentialAction\":[{\"@type\":\"ReadAction\",\"target\":[[\"https:\\\/\\\/veevcom.com\\\/en\\\/paco-el-lobo-sangitananda-presentent-memoria-de-los-cantes-flamencos-vol-1\\\/\"]]}]},{\"@type\":\"ImageObject\",\"inLanguage\":\"en-US\",\"@id\":\"https:\\\/\\\/veevcom.com\\\/en\\\/paco-el-lobo-sangitananda-presentent-memoria-de-los-cantes-flamencos-vol-1\\\/#primaryimage\",\"url\":\"https:\\\/\\\/veevcom.com\\\/wp-content\\\/uploads\\\/2024\\\/04\\\/BUDA860395\u00a9-Cyrille-Buffet-_-Antoine-Boyer.jpg\",\"contentUrl\":\"https:\\\/\\\/veevcom.com\\\/wp-content\\\/uploads\\\/2024\\\/04\\\/BUDA860395\u00a9-Cyrille-Buffet-_-Antoine-Boyer.jpg\",\"width\":1440,\"height\":1440},{\"@type\":\"BreadcrumbList\",\"@id\":\"https:\\\/\\\/veevcom.com\\\/en\\\/paco-el-lobo-sangitananda-presentent-memoria-de-los-cantes-flamencos-vol-1\\\/#breadcrumb\",\"itemListElement\":[{\"@type\":\"ListItem\",\"position\":1,\"name\":\"Accueil\",\"item\":\"https:\\\/\\\/veevcom.com\\\/en\\\/\"},{\"@type\":\"ListItem\",\"position\":2,\"name\":\"PACO EL LOBO &#038; SANGITANANDA present &#8220;Memoria de los Cantes Flamencos. Vol.1&#8243;\"}]},{\"@type\":\"WebSite\",\"@id\":\"https:\\\/\\\/veevcom.com\\\/en\\\/#website\",\"url\":\"https:\\\/\\\/veevcom.com\\\/en\\\/\",\"name\":\"VeevCom\",\"description\":\"Public Relations and Communication in the Music Industry\",\"potentialAction\":[{\"@type\":\"SearchAction\",\"target\":{\"@type\":\"EntryPoint\",\"urlTemplate\":\"https:\\\/\\\/veevcom.com\\\/en\\\/?s={search_term_string}\"},\"query-input\":{\"@type\":\"PropertyValueSpecification\",\"valueRequired\":true,\"valueName\":\"search_term_string\"}}],\"inLanguage\":\"en-US\"},{\"@type\":\"Person\",\"@id\":\"https:\\\/\\\/veevcom.com\\\/#\\\/schema\\\/person\\\/754f1f5a030d278766b52cf0e0c62e8b\",\"name\":\"severine\",\"image\":{\"@type\":\"ImageObject\",\"inLanguage\":\"en-US\",\"@id\":\"https:\\\/\\\/secure.gravatar.com\\\/avatar\\\/ba307ed472519f403589981b25bf62b4089c1f82b837eaae855dd05633adf22c?s=96&d=mm&r=g\",\"url\":\"https:\\\/\\\/secure.gravatar.com\\\/avatar\\\/ba307ed472519f403589981b25bf62b4089c1f82b837eaae855dd05633adf22c?s=96&d=mm&r=g\",\"contentUrl\":\"https:\\\/\\\/secure.gravatar.com\\\/avatar\\\/ba307ed472519f403589981b25bf62b4089c1f82b837eaae855dd05633adf22c?s=96&d=mm&r=g\",\"caption\":\"severine\"}}]}<\/script>\n<!-- \/ Yoast SEO plugin. -->","yoast_head_json":{"title":"PACO EL LOBO & SANGITANANDA present \"Memoria de los Cantes Flamencos. Vol.1\" - VeevCom","robots":{"index":"index","follow":"follow","max-snippet":"max-snippet:-1","max-image-preview":"max-image-preview:large","max-video-preview":"max-video-preview:-1"},"canonical":"https:\/\/veevcom.com\/en\/paco-el-lobo-sangitananda-presentent-memoria-de-los-cantes-flamencos-vol-1\/","og_locale":"en_US","og_type":"article","og_title":"PACO EL LOBO & SANGITANANDA present \"Memoria de los Cantes Flamencos. Vol.1\" - VeevCom","og_description":"Paco el Lobo will unveil their new album Memoria de los Cantes Flamencos on&nbsp;its release April 19, 2024, on Buda Musique. This new work will be presented live on stage on&nbsp;Wednesday June 05, 2024&nbsp;at&nbsp;Studio de L\u2019Ermitage&nbsp;(Paris). This first volume of Memoria de los Cantes Flamencos is an important event. On one hand because it is [&hellip;]","og_url":"https:\/\/veevcom.com\/en\/paco-el-lobo-sangitananda-presentent-memoria-de-los-cantes-flamencos-vol-1\/","og_site_name":"VeevCom","article_published_time":"2024-04-12T15:06:22+00:00","article_modified_time":"2024-05-13T15:48:54+00:00","og_image":[{"width":1440,"height":1440,"url":"https:\/\/veevcom.com\/wp-content\/uploads\/2024\/04\/BUDA860395\u00a9-Cyrille-Buffet-_-Antoine-Boyer.jpg","type":"image\/jpeg"}],"author":"severine","twitter_card":"summary_large_image","twitter_misc":{"Written by":"severine","Est. reading time":"4 minutes"},"schema":{"@context":"https:\/\/schema.org","@graph":[{"@type":"Article","@id":"https:\/\/veevcom.com\/en\/paco-el-lobo-sangitananda-presentent-memoria-de-los-cantes-flamencos-vol-1\/#article","isPartOf":{"@id":"https:\/\/veevcom.com\/en\/paco-el-lobo-sangitananda-presentent-memoria-de-los-cantes-flamencos-vol-1\/"},"author":{"name":"severine","@id":"https:\/\/veevcom.com\/#\/schema\/person\/754f1f5a030d278766b52cf0e0c62e8b"},"headline":"PACO EL LOBO &#038; SANGITANANDA present &#8220;Memoria de los Cantes Flamencos. Vol.1&#8243;","datePublished":"2024-04-12T15:06:22+00:00","dateModified":"2024-05-13T15:48:54+00:00","mainEntityOfPage":{"@id":"https:\/\/veevcom.com\/en\/paco-el-lobo-sangitananda-presentent-memoria-de-los-cantes-flamencos-vol-1\/"},"wordCount":861,"image":{"@id":"https:\/\/veevcom.com\/en\/paco-el-lobo-sangitananda-presentent-memoria-de-los-cantes-flamencos-vol-1\/#primaryimage"},"thumbnailUrl":"https:\/\/veevcom.com\/wp-content\/uploads\/2024\/04\/BUDA860395\u00a9-Cyrille-Buffet-_-Antoine-Boyer.jpg","articleSection":["News"],"inLanguage":"en-US"},{"@type":"WebPage","@id":"https:\/\/veevcom.com\/en\/paco-el-lobo-sangitananda-presentent-memoria-de-los-cantes-flamencos-vol-1\/","url":"https:\/\/veevcom.com\/en\/paco-el-lobo-sangitananda-presentent-memoria-de-los-cantes-flamencos-vol-1\/","name":"PACO EL LOBO & SANGITANANDA present \"Memoria de los Cantes Flamencos. Vol.1\" - VeevCom","isPartOf":{"@id":"https:\/\/veevcom.com\/en\/#website"},"primaryImageOfPage":{"@id":"https:\/\/veevcom.com\/en\/paco-el-lobo-sangitananda-presentent-memoria-de-los-cantes-flamencos-vol-1\/#primaryimage"},"image":{"@id":"https:\/\/veevcom.com\/en\/paco-el-lobo-sangitananda-presentent-memoria-de-los-cantes-flamencos-vol-1\/#primaryimage"},"thumbnailUrl":"https:\/\/veevcom.com\/wp-content\/uploads\/2024\/04\/BUDA860395\u00a9-Cyrille-Buffet-_-Antoine-Boyer.jpg","datePublished":"2024-04-12T15:06:22+00:00","dateModified":"2024-05-13T15:48:54+00:00","author":{"@id":"https:\/\/veevcom.com\/#\/schema\/person\/754f1f5a030d278766b52cf0e0c62e8b"},"breadcrumb":{"@id":"https:\/\/veevcom.com\/en\/paco-el-lobo-sangitananda-presentent-memoria-de-los-cantes-flamencos-vol-1\/#breadcrumb"},"inLanguage":"en-US","potentialAction":[{"@type":"ReadAction","target":[["https:\/\/veevcom.com\/en\/paco-el-lobo-sangitananda-presentent-memoria-de-los-cantes-flamencos-vol-1\/"]]}]},{"@type":"ImageObject","inLanguage":"en-US","@id":"https:\/\/veevcom.com\/en\/paco-el-lobo-sangitananda-presentent-memoria-de-los-cantes-flamencos-vol-1\/#primaryimage","url":"https:\/\/veevcom.com\/wp-content\/uploads\/2024\/04\/BUDA860395\u00a9-Cyrille-Buffet-_-Antoine-Boyer.jpg","contentUrl":"https:\/\/veevcom.com\/wp-content\/uploads\/2024\/04\/BUDA860395\u00a9-Cyrille-Buffet-_-Antoine-Boyer.jpg","width":1440,"height":1440},{"@type":"BreadcrumbList","@id":"https:\/\/veevcom.com\/en\/paco-el-lobo-sangitananda-presentent-memoria-de-los-cantes-flamencos-vol-1\/#breadcrumb","itemListElement":[{"@type":"ListItem","position":1,"name":"Accueil","item":"https:\/\/veevcom.com\/en\/"},{"@type":"ListItem","position":2,"name":"PACO EL LOBO &#038; SANGITANANDA present &#8220;Memoria de los Cantes Flamencos. Vol.1&#8243;"}]},{"@type":"WebSite","@id":"https:\/\/veevcom.com\/en\/#website","url":"https:\/\/veevcom.com\/en\/","name":"VeevCom","description":"Public Relations and Communication in the Music Industry","potentialAction":[{"@type":"SearchAction","target":{"@type":"EntryPoint","urlTemplate":"https:\/\/veevcom.com\/en\/?s={search_term_string}"},"query-input":{"@type":"PropertyValueSpecification","valueRequired":true,"valueName":"search_term_string"}}],"inLanguage":"en-US"},{"@type":"Person","@id":"https:\/\/veevcom.com\/#\/schema\/person\/754f1f5a030d278766b52cf0e0c62e8b","name":"severine","image":{"@type":"ImageObject","inLanguage":"en-US","@id":"https:\/\/secure.gravatar.com\/avatar\/ba307ed472519f403589981b25bf62b4089c1f82b837eaae855dd05633adf22c?s=96&d=mm&r=g","url":"https:\/\/secure.gravatar.com\/avatar\/ba307ed472519f403589981b25bf62b4089c1f82b837eaae855dd05633adf22c?s=96&d=mm&r=g","contentUrl":"https:\/\/secure.gravatar.com\/avatar\/ba307ed472519f403589981b25bf62b4089c1f82b837eaae855dd05633adf22c?s=96&d=mm&r=g","caption":"severine"}}]}},"_links":{"self":[{"href":"https:\/\/veevcom.com\/en\/wp-json\/wp\/v2\/posts\/47337","targetHints":{"allow":["GET"]}}],"collection":[{"href":"https:\/\/veevcom.com\/en\/wp-json\/wp\/v2\/posts"}],"about":[{"href":"https:\/\/veevcom.com\/en\/wp-json\/wp\/v2\/types\/post"}],"author":[{"embeddable":true,"href":"https:\/\/veevcom.com\/en\/wp-json\/wp\/v2\/users\/3"}],"replies":[{"embeddable":true,"href":"https:\/\/veevcom.com\/en\/wp-json\/wp\/v2\/comments?post=47337"}],"version-history":[{"count":4,"href":"https:\/\/veevcom.com\/en\/wp-json\/wp\/v2\/posts\/47337\/revisions"}],"predecessor-version":[{"id":53938,"href":"https:\/\/veevcom.com\/en\/wp-json\/wp\/v2\/posts\/47337\/revisions\/53938"}],"wp:featuredmedia":[{"embeddable":true,"href":"https:\/\/veevcom.com\/en\/wp-json\/wp\/v2\/media\/47339"}],"wp:attachment":[{"href":"https:\/\/veevcom.com\/en\/wp-json\/wp\/v2\/media?parent=47337"}],"wp:term":[{"taxonomy":"category","embeddable":true,"href":"https:\/\/veevcom.com\/en\/wp-json\/wp\/v2\/categories?post=47337"},{"taxonomy":"post_tag","embeddable":true,"href":"https:\/\/veevcom.com\/en\/wp-json\/wp\/v2\/tags?post=47337"}],"curies":[{"name":"wp","href":"https:\/\/api.w.org\/{rel}","templated":true}]}}