{"id":26236,"date":"2023-06-30T14:02:24","date_gmt":"2023-06-30T12:02:24","guid":{"rendered":"https:\/\/veevcom.com\/?p=26236"},"modified":"2023-06-30T14:03:12","modified_gmt":"2023-06-30T12:03:12","slug":"matje-presente-sur-mon-dos","status":"publish","type":"post","link":"https:\/\/veevcom.com\/en\/matje-presente-sur-mon-dos\/","title":{"rendered":"Matj\u00e9 presents &#8220;Sur mon dos&#8221;"},"content":{"rendered":"<p><\/p>\n<p class=\"p1\"><span class=\"s1\"><strong>Matj\u00e9<\/strong> will unveil his new album &#8220;<strong>Sur mon dos<\/strong>&#8221; on its physical and digital release <strong>September 22, <\/strong><\/span><span class=\"s1\"><strong>2023<\/strong>, and vinyl release on <strong>November 9, 2023<\/strong> on <strong>Label d&#8217;\u00c0 c\u00f4t\u00e9 \/ InOu\u00efe Distributio<\/strong>n. This new <\/span><span class=\"s1\">work will be presented live on stage on <strong>Thursday November 16, 2023<\/strong> at <strong>360 Paris Music <\/strong><\/span><span class=\"s1\"><strong>Factory<\/strong> (Paris).<\/span><\/p>\n<p class=\"p1\"><span class=\"s1\">At the crossroads between French song and World music with Afro-Latin influences, <strong>Matj\u00e9<\/strong> puts a <\/span><span class=\"s1\">poetic pen, on a warm and catchy music combining tradition and modernity.<\/span><\/p>\n<p class=\"p1\"><span class=\"s1\">On this album, <strong>Matj\u00e9<\/strong> is surrounded by prestigious guests such as:<\/span><\/p>\n<ul>\n<li class=\"p1\"><span class=\"s1\"><strong>Mourad Musset<\/strong> (La Rue K\u00e9tanou) : vocals (&#8220;Palabres&#8221;)<\/span><\/li>\n<li class=\"p1\"><span class=\"s1\"><strong>Bi.Ba<\/strong> : vocals (&#8221;Mitsio&#8221;)<\/span><\/li>\n<li class=\"p1\"><span class=\"s1\"><strong>Isla<\/strong> : vocals (&#8220;Sur mon dos&#8221;)<\/span><\/li>\n<li class=\"p1\"><span class=\"s1\"><strong>Alain Debiossat<\/strong> (Sixun) : saxophones (&#8221; Palabres&#8221; et &#8220;Cumbia Fan\u00e9e&#8221;)<\/span><\/li>\n<li class=\"p1\"><span class=\"s1\"><strong>Fran\u00e7ois Causse<\/strong> (Zoufris Maracas) : drums and percussions<\/span><\/li>\n<\/ul>\n<p><span class=\"s1\">And also by the following musicians:<\/span><\/p>\n<ul>\n<li class=\"p1\"><span class=\"s1\"><strong>S\u00e9bastien Gloriod<\/strong> : accordion<\/span><\/li>\n<li class=\"p1\"><span class=\"s1\"><strong>Ludovic Hellet<\/strong> : doublebass<\/span><\/li>\n<li class=\"p1\"><span class=\"s1\"><strong>Yoann Grenouilleau<\/strong> : drums<\/span><\/li>\n<li class=\"p1\"><span class=\"s1\"><strong>Charles Giraud<\/strong> : keyboards, clarinet, choirs and percussions<\/span><\/li>\n<\/ul>\n<p>&nbsp;<\/p>\n<p class=\"p1\"><span class=\"s1\"><strong>Biography Matj\u00e9<\/strong>:<\/span><\/p>\n<p class=\"p1\"><span class=\"s1\">Having grown up in the world of sea travels in the town of Saint-Malo, Matj\u00e9 has been dreaming <\/span><span class=\"s1\">from an early age of distant and sunny countries. As a teenager, he met the writer Rapha\u00ebl <\/span><span class=\"s1\">Confiant at the festival &#8220;Etonnants Voyageurs&#8221; and discovered &#8220;creolity&#8221;. Later on, living in <\/span><span class=\"s1\">Montreuil (93), he appropriated this concept with the meaning that Aim\u00e9 C\u00e9saire would give to it. <\/span><span class=\"s1\">Like a &#8220;kelp hanging on the rock&#8221; of French songs, he likes to be carried away, various musical <\/span><span class=\"s1\">currents he has discovered abroad, and in a France still open to the world, thanks to the <\/span><span class=\"s1\">welcoming of many cultures since its origins. He chose the artist name &#8220;Matj\u00e9&#8221; when he <\/span><span class=\"s1\">discovered that this contraction of his first and last names meant &#8220;to write&#8221; in Creole. <\/span><span class=\"s1\">Living today close to the Atlantic Ocean, he mixes his songs with memories from his travels to <\/span><span class=\"s1\">Brazil, the West Indies, Madagascar, Cape Verde, Reunion&#8230; <\/span><\/p>\n<p>&nbsp;<\/p>\n<p class=\"p1\"><span class=\"s1\"><strong>&#8220;Sur mon dos&#8221;:<\/strong> <\/span><\/p>\n<p class=\"p1\"><span class=\"s1\">In this new album, the pseudonym of this singer, author and composer takes on its full meaning <\/span><span class=\"s1\">through his stories sung or rapped in French on tropical music. His light and poetic words but full <\/span><span class=\"s1\">of meaning mingle, for instance, with&nbsp; Colombian Cumbia, Brazilian Forro, African Soukous, <\/span><span class=\"s1\">Reunion Maloya, Malagasy Salegy&#8230; Although getting its inspiration from traditional music, this <\/span><span class=\"s1\">new opus is anchored in modernity and we sometimes feel Hip hop influences in the flow or <\/span><span class=\"s1\">production of some tracks. His solar and catchy music exudes a positive energy inviting to dance <\/span><span class=\"s1\">while the careful and poetic writing leads us to take a step back and encourages thinking. <\/span><span class=\"s1\">4 tracks of the album &#8220;Sur mon dos&#8221; were first made at Batiskaf in Nantes (44).<\/span><\/p>\n<p class=\"p1\"><span class=\"s1\">Then, following his meeting with his manager Julio Rodrigues (who revealed the Zoufris Maracas <\/span><span class=\"s1\">and accompanied La Rue Ketanou), he met Fran\u00e7ois Causse (director, among other things, of <\/span><span class=\"s1\">Zoufris Maracas albums). He achieved with him 6 new tracks in Massy (91). Julio also introduced <\/span><span class=\"s1\">him to Mourad Musset from La Rue K\u00e9tanou (feat. on &#8220;Palabres&#8221;) during an opening part at the <\/span><span class=\"s1\">Cabaret Sauvage (Paris, 19th) and made it possible to release the album on the Label d&#8217;\u00e0 C\u00f4t\u00e9.<\/span><\/p>\n<p><\/p>","protected":false},"excerpt":{"rendered":"<p>Matj\u00e9 will unveil his new album &#8220;Sur mon dos&#8221; on its physical and digital release September 22, 2023, and vinyl release on November 9, 2023 on Label d&#8217;\u00c0 c\u00f4t\u00e9 \/ InOu\u00efe Distribution. This new work will be presented live on stage on Thursday November 16, 2023 at 360 Paris Music Factory (Paris). At the crossroads [&hellip;]<\/p>\n","protected":false},"author":3,"featured_media":26237,"comment_status":"closed","ping_status":"closed","sticky":false,"template":"","format":"standard","meta":{"_acf_changed":false,"footnotes":""},"categories":[1],"tags":[],"class_list":["post-26236","post","type-post","status-publish","format-standard","has-post-thumbnail","hentry","category-non-classe"],"acf":[],"yoast_head":"<!-- This site is optimized with the Yoast SEO plugin v27.4 - https:\/\/yoast.com\/product\/yoast-seo-wordpress\/ -->\n<title>Matj\u00e9 presents &quot;Sur mon dos&quot; - VeevCom<\/title>\n<meta name=\"robots\" content=\"index, follow, max-snippet:-1, max-image-preview:large, max-video-preview:-1\" \/>\n<link rel=\"canonical\" href=\"https:\/\/veevcom.com\/en\/matje-presente-sur-mon-dos\/\" \/>\n<meta property=\"og:locale\" content=\"en_US\" \/>\n<meta property=\"og:type\" content=\"article\" \/>\n<meta property=\"og:title\" content=\"Matj\u00e9 presents &quot;Sur mon dos&quot; - VeevCom\" \/>\n<meta property=\"og:description\" content=\"Matj\u00e9 will unveil his new album &#8220;Sur mon dos&#8221; on its physical and digital release September 22, 2023, and vinyl release on November 9, 2023 on Label d&#8217;\u00c0 c\u00f4t\u00e9 \/ InOu\u00efe Distribution. This new work will be presented live on stage on Thursday November 16, 2023 at 360 Paris Music Factory (Paris). At the crossroads [&hellip;]\" \/>\n<meta property=\"og:url\" content=\"https:\/\/veevcom.com\/en\/matje-presente-sur-mon-dos\/\" \/>\n<meta property=\"og:site_name\" content=\"VeevCom\" \/>\n<meta property=\"article:published_time\" content=\"2023-06-30T12:02:24+00:00\" \/>\n<meta property=\"article:modified_time\" content=\"2023-06-30T12:03:12+00:00\" \/>\n<meta property=\"og:image\" content=\"https:\/\/veevcom.com\/wp-content\/uploads\/2023\/06\/ALB-2023-FACE-fin8-gris-RVB\u00a9Matje-scaled.jpg\" \/>\n\t<meta property=\"og:image:width\" content=\"2560\" \/>\n\t<meta property=\"og:image:height\" content=\"2560\" \/>\n\t<meta property=\"og:image:type\" content=\"image\/jpeg\" \/>\n<meta name=\"author\" content=\"severine\" \/>\n<meta name=\"twitter:card\" content=\"summary_large_image\" \/>\n<meta name=\"twitter:label1\" content=\"Written by\" \/>\n\t<meta name=\"twitter:data1\" content=\"severine\" \/>\n\t<meta name=\"twitter:label2\" content=\"Est. reading time\" \/>\n\t<meta name=\"twitter:data2\" content=\"6 minutes\" \/>\n<script type=\"application\/ld+json\" class=\"yoast-schema-graph\">{\"@context\":\"https:\\\/\\\/schema.org\",\"@graph\":[{\"@type\":\"Article\",\"@id\":\"https:\\\/\\\/veevcom.com\\\/en\\\/matje-presente-sur-mon-dos\\\/#article\",\"isPartOf\":{\"@id\":\"https:\\\/\\\/veevcom.com\\\/en\\\/matje-presente-sur-mon-dos\\\/\"},\"author\":{\"name\":\"severine\",\"@id\":\"https:\\\/\\\/veevcom.com\\\/#\\\/schema\\\/person\\\/754f1f5a030d278766b52cf0e0c62e8b\"},\"headline\":\"Matj\u00e9 presents &#8220;Sur mon dos&#8221;\",\"datePublished\":\"2023-06-30T12:02:24+00:00\",\"dateModified\":\"2023-06-30T12:03:12+00:00\",\"mainEntityOfPage\":{\"@id\":\"https:\\\/\\\/veevcom.com\\\/en\\\/matje-presente-sur-mon-dos\\\/\"},\"wordCount\":1233,\"image\":{\"@id\":\"https:\\\/\\\/veevcom.com\\\/en\\\/matje-presente-sur-mon-dos\\\/#primaryimage\"},\"thumbnailUrl\":\"https:\\\/\\\/veevcom.com\\\/wp-content\\\/uploads\\\/2023\\\/06\\\/ALB-2023-FACE-fin8-gris-RVB\u00a9Matje-scaled.jpg\",\"articleSection\":[\"News\"],\"inLanguage\":\"en-US\"},{\"@type\":\"WebPage\",\"@id\":\"https:\\\/\\\/veevcom.com\\\/en\\\/matje-presente-sur-mon-dos\\\/\",\"url\":\"https:\\\/\\\/veevcom.com\\\/en\\\/matje-presente-sur-mon-dos\\\/\",\"name\":\"Matj\u00e9 presents \\\"Sur mon dos\\\" - VeevCom\",\"isPartOf\":{\"@id\":\"https:\\\/\\\/veevcom.com\\\/en\\\/#website\"},\"primaryImageOfPage\":{\"@id\":\"https:\\\/\\\/veevcom.com\\\/en\\\/matje-presente-sur-mon-dos\\\/#primaryimage\"},\"image\":{\"@id\":\"https:\\\/\\\/veevcom.com\\\/en\\\/matje-presente-sur-mon-dos\\\/#primaryimage\"},\"thumbnailUrl\":\"https:\\\/\\\/veevcom.com\\\/wp-content\\\/uploads\\\/2023\\\/06\\\/ALB-2023-FACE-fin8-gris-RVB\u00a9Matje-scaled.jpg\",\"datePublished\":\"2023-06-30T12:02:24+00:00\",\"dateModified\":\"2023-06-30T12:03:12+00:00\",\"author\":{\"@id\":\"https:\\\/\\\/veevcom.com\\\/#\\\/schema\\\/person\\\/754f1f5a030d278766b52cf0e0c62e8b\"},\"breadcrumb\":{\"@id\":\"https:\\\/\\\/veevcom.com\\\/en\\\/matje-presente-sur-mon-dos\\\/#breadcrumb\"},\"inLanguage\":\"en-US\",\"potentialAction\":[{\"@type\":\"ReadAction\",\"target\":[[\"https:\\\/\\\/veevcom.com\\\/en\\\/matje-presente-sur-mon-dos\\\/\"]]}]},{\"@type\":\"ImageObject\",\"inLanguage\":\"en-US\",\"@id\":\"https:\\\/\\\/veevcom.com\\\/en\\\/matje-presente-sur-mon-dos\\\/#primaryimage\",\"url\":\"https:\\\/\\\/veevcom.com\\\/wp-content\\\/uploads\\\/2023\\\/06\\\/ALB-2023-FACE-fin8-gris-RVB\u00a9Matje-scaled.jpg\",\"contentUrl\":\"https:\\\/\\\/veevcom.com\\\/wp-content\\\/uploads\\\/2023\\\/06\\\/ALB-2023-FACE-fin8-gris-RVB\u00a9Matje-scaled.jpg\",\"width\":2560,\"height\":2560},{\"@type\":\"BreadcrumbList\",\"@id\":\"https:\\\/\\\/veevcom.com\\\/en\\\/matje-presente-sur-mon-dos\\\/#breadcrumb\",\"itemListElement\":[{\"@type\":\"ListItem\",\"position\":1,\"name\":\"Accueil\",\"item\":\"https:\\\/\\\/veevcom.com\\\/en\\\/\"},{\"@type\":\"ListItem\",\"position\":2,\"name\":\"Matj\u00e9 presents &#8220;Sur mon dos&#8221;\"}]},{\"@type\":\"WebSite\",\"@id\":\"https:\\\/\\\/veevcom.com\\\/en\\\/#website\",\"url\":\"https:\\\/\\\/veevcom.com\\\/en\\\/\",\"name\":\"VeevCom\",\"description\":\"Public Relations and Communication in the Music Industry\",\"potentialAction\":[{\"@type\":\"SearchAction\",\"target\":{\"@type\":\"EntryPoint\",\"urlTemplate\":\"https:\\\/\\\/veevcom.com\\\/en\\\/?s={search_term_string}\"},\"query-input\":{\"@type\":\"PropertyValueSpecification\",\"valueRequired\":true,\"valueName\":\"search_term_string\"}}],\"inLanguage\":\"en-US\"},{\"@type\":\"Person\",\"@id\":\"https:\\\/\\\/veevcom.com\\\/#\\\/schema\\\/person\\\/754f1f5a030d278766b52cf0e0c62e8b\",\"name\":\"severine\",\"image\":{\"@type\":\"ImageObject\",\"inLanguage\":\"en-US\",\"@id\":\"https:\\\/\\\/secure.gravatar.com\\\/avatar\\\/ba307ed472519f403589981b25bf62b4089c1f82b837eaae855dd05633adf22c?s=96&d=mm&r=g\",\"url\":\"https:\\\/\\\/secure.gravatar.com\\\/avatar\\\/ba307ed472519f403589981b25bf62b4089c1f82b837eaae855dd05633adf22c?s=96&d=mm&r=g\",\"contentUrl\":\"https:\\\/\\\/secure.gravatar.com\\\/avatar\\\/ba307ed472519f403589981b25bf62b4089c1f82b837eaae855dd05633adf22c?s=96&d=mm&r=g\",\"caption\":\"severine\"}}]}<\/script>\n<!-- \/ Yoast SEO plugin. -->","yoast_head_json":{"title":"Matj\u00e9 presents \"Sur mon dos\" - VeevCom","robots":{"index":"index","follow":"follow","max-snippet":"max-snippet:-1","max-image-preview":"max-image-preview:large","max-video-preview":"max-video-preview:-1"},"canonical":"https:\/\/veevcom.com\/en\/matje-presente-sur-mon-dos\/","og_locale":"en_US","og_type":"article","og_title":"Matj\u00e9 presents \"Sur mon dos\" - VeevCom","og_description":"Matj\u00e9 will unveil his new album &#8220;Sur mon dos&#8221; on its physical and digital release September 22, 2023, and vinyl release on November 9, 2023 on Label d&#8217;\u00c0 c\u00f4t\u00e9 \/ InOu\u00efe Distribution. This new work will be presented live on stage on Thursday November 16, 2023 at 360 Paris Music Factory (Paris). At the crossroads [&hellip;]","og_url":"https:\/\/veevcom.com\/en\/matje-presente-sur-mon-dos\/","og_site_name":"VeevCom","article_published_time":"2023-06-30T12:02:24+00:00","article_modified_time":"2023-06-30T12:03:12+00:00","og_image":[{"width":2560,"height":2560,"url":"https:\/\/veevcom.com\/wp-content\/uploads\/2023\/06\/ALB-2023-FACE-fin8-gris-RVB\u00a9Matje-scaled.jpg","type":"image\/jpeg"}],"author":"severine","twitter_card":"summary_large_image","twitter_misc":{"Written by":"severine","Est. reading time":"6 minutes"},"schema":{"@context":"https:\/\/schema.org","@graph":[{"@type":"Article","@id":"https:\/\/veevcom.com\/en\/matje-presente-sur-mon-dos\/#article","isPartOf":{"@id":"https:\/\/veevcom.com\/en\/matje-presente-sur-mon-dos\/"},"author":{"name":"severine","@id":"https:\/\/veevcom.com\/#\/schema\/person\/754f1f5a030d278766b52cf0e0c62e8b"},"headline":"Matj\u00e9 presents &#8220;Sur mon dos&#8221;","datePublished":"2023-06-30T12:02:24+00:00","dateModified":"2023-06-30T12:03:12+00:00","mainEntityOfPage":{"@id":"https:\/\/veevcom.com\/en\/matje-presente-sur-mon-dos\/"},"wordCount":1233,"image":{"@id":"https:\/\/veevcom.com\/en\/matje-presente-sur-mon-dos\/#primaryimage"},"thumbnailUrl":"https:\/\/veevcom.com\/wp-content\/uploads\/2023\/06\/ALB-2023-FACE-fin8-gris-RVB\u00a9Matje-scaled.jpg","articleSection":["News"],"inLanguage":"en-US"},{"@type":"WebPage","@id":"https:\/\/veevcom.com\/en\/matje-presente-sur-mon-dos\/","url":"https:\/\/veevcom.com\/en\/matje-presente-sur-mon-dos\/","name":"Matj\u00e9 presents \"Sur mon dos\" - VeevCom","isPartOf":{"@id":"https:\/\/veevcom.com\/en\/#website"},"primaryImageOfPage":{"@id":"https:\/\/veevcom.com\/en\/matje-presente-sur-mon-dos\/#primaryimage"},"image":{"@id":"https:\/\/veevcom.com\/en\/matje-presente-sur-mon-dos\/#primaryimage"},"thumbnailUrl":"https:\/\/veevcom.com\/wp-content\/uploads\/2023\/06\/ALB-2023-FACE-fin8-gris-RVB\u00a9Matje-scaled.jpg","datePublished":"2023-06-30T12:02:24+00:00","dateModified":"2023-06-30T12:03:12+00:00","author":{"@id":"https:\/\/veevcom.com\/#\/schema\/person\/754f1f5a030d278766b52cf0e0c62e8b"},"breadcrumb":{"@id":"https:\/\/veevcom.com\/en\/matje-presente-sur-mon-dos\/#breadcrumb"},"inLanguage":"en-US","potentialAction":[{"@type":"ReadAction","target":[["https:\/\/veevcom.com\/en\/matje-presente-sur-mon-dos\/"]]}]},{"@type":"ImageObject","inLanguage":"en-US","@id":"https:\/\/veevcom.com\/en\/matje-presente-sur-mon-dos\/#primaryimage","url":"https:\/\/veevcom.com\/wp-content\/uploads\/2023\/06\/ALB-2023-FACE-fin8-gris-RVB\u00a9Matje-scaled.jpg","contentUrl":"https:\/\/veevcom.com\/wp-content\/uploads\/2023\/06\/ALB-2023-FACE-fin8-gris-RVB\u00a9Matje-scaled.jpg","width":2560,"height":2560},{"@type":"BreadcrumbList","@id":"https:\/\/veevcom.com\/en\/matje-presente-sur-mon-dos\/#breadcrumb","itemListElement":[{"@type":"ListItem","position":1,"name":"Accueil","item":"https:\/\/veevcom.com\/en\/"},{"@type":"ListItem","position":2,"name":"Matj\u00e9 presents &#8220;Sur mon dos&#8221;"}]},{"@type":"WebSite","@id":"https:\/\/veevcom.com\/en\/#website","url":"https:\/\/veevcom.com\/en\/","name":"VeevCom","description":"Public Relations and Communication in the Music Industry","potentialAction":[{"@type":"SearchAction","target":{"@type":"EntryPoint","urlTemplate":"https:\/\/veevcom.com\/en\/?s={search_term_string}"},"query-input":{"@type":"PropertyValueSpecification","valueRequired":true,"valueName":"search_term_string"}}],"inLanguage":"en-US"},{"@type":"Person","@id":"https:\/\/veevcom.com\/#\/schema\/person\/754f1f5a030d278766b52cf0e0c62e8b","name":"severine","image":{"@type":"ImageObject","inLanguage":"en-US","@id":"https:\/\/secure.gravatar.com\/avatar\/ba307ed472519f403589981b25bf62b4089c1f82b837eaae855dd05633adf22c?s=96&d=mm&r=g","url":"https:\/\/secure.gravatar.com\/avatar\/ba307ed472519f403589981b25bf62b4089c1f82b837eaae855dd05633adf22c?s=96&d=mm&r=g","contentUrl":"https:\/\/secure.gravatar.com\/avatar\/ba307ed472519f403589981b25bf62b4089c1f82b837eaae855dd05633adf22c?s=96&d=mm&r=g","caption":"severine"}}]}},"_links":{"self":[{"href":"https:\/\/veevcom.com\/en\/wp-json\/wp\/v2\/posts\/26236","targetHints":{"allow":["GET"]}}],"collection":[{"href":"https:\/\/veevcom.com\/en\/wp-json\/wp\/v2\/posts"}],"about":[{"href":"https:\/\/veevcom.com\/en\/wp-json\/wp\/v2\/types\/post"}],"author":[{"embeddable":true,"href":"https:\/\/veevcom.com\/en\/wp-json\/wp\/v2\/users\/3"}],"replies":[{"embeddable":true,"href":"https:\/\/veevcom.com\/en\/wp-json\/wp\/v2\/comments?post=26236"}],"version-history":[{"count":2,"href":"https:\/\/veevcom.com\/en\/wp-json\/wp\/v2\/posts\/26236\/revisions"}],"predecessor-version":[{"id":26239,"href":"https:\/\/veevcom.com\/en\/wp-json\/wp\/v2\/posts\/26236\/revisions\/26239"}],"wp:featuredmedia":[{"embeddable":true,"href":"https:\/\/veevcom.com\/en\/wp-json\/wp\/v2\/media\/26237"}],"wp:attachment":[{"href":"https:\/\/veevcom.com\/en\/wp-json\/wp\/v2\/media?parent=26236"}],"wp:term":[{"taxonomy":"category","embeddable":true,"href":"https:\/\/veevcom.com\/en\/wp-json\/wp\/v2\/categories?post=26236"},{"taxonomy":"post_tag","embeddable":true,"href":"https:\/\/veevcom.com\/en\/wp-json\/wp\/v2\/tags?post=26236"}],"curies":[{"name":"wp","href":"https:\/\/api.w.org\/{rel}","templated":true}]}}